{"id":699261,"date":"2022-11-02T10:00:11","date_gmt":"2022-11-02T13:00:11","guid":{"rendered":"https:\/\/bahiaeconomica.com.br\/wp\/beta\/?p=699261"},"modified":"2022-11-02T12:04:08","modified_gmt":"2022-11-02T15:04:08","slug":"ministro-do-stf-critica-postura-de-bolsonaro-apos-derrota","status":"publish","type":"post","link":"https:\/\/bahiaeconomica.com.br\/wp\/2022\/11\/02\/ministro-do-stf-critica-postura-de-bolsonaro-apos-derrota\/","title":{"rendered":"MINISTRO DO STF CRITICA POSTURA DE BOLSONARO AP\u00d3S DERROTA"},"content":{"rendered":"\n<p>A postura do presidente Jair Bolsonaro (PL) diante da onda de protestos ap\u00f3s a vit\u00f3ria de Luiz In\u00e1cio Lula da Silva (PT) foi alvo de cr\u00edticas do Judici\u00e1rio. <\/p>\n\n\n\n<!--more-->\n\n\n\n<p>\u201cEstamos lidando com um moleque\u201d, disse um ministro do Supremo Tribunal Federal (STF) \u00e0 coluna de M\u00f4nica Bergamo, na Folha de S. Paulo. Para o magistrado, o sil\u00eancio e a recusa do mandat\u00e1rio de admitir a derrota estimula manifesta\u00e7\u00f5es golpistas no pa\u00eds.<\/p>\n\n\n\n<p>Outro integrante de tribunal de Bras\u00edlia disse \u00e0 publica\u00e7\u00e3o que \u201ca democracia pressup\u00f5e que voc\u00ea lide com gente que tem consci\u00eancia de sua responsabilidade\u201d, o que n\u00e3o seria o caso de Bolsonaro. O comportamento do presidente tem sido reprovado at\u00e9 mesmo para membros do judici\u00e1rios alinhados ao bolsonarismo. Um desses magistrados disse \u00e0 coluna que \u201cpelo seu jeito de ser\u201d, Bolsonaro conseguiu \u201cuma rejei\u00e7\u00e3o maior que a do PT\u201d e defendeu a necessidade de pacificar o Brasil, sem \u201cradicaliza\u00e7\u00e3o de nenhum dos lados\u201d.<\/p>\n\n\n\n<p>Ainda de acordo com a publica\u00e7\u00e3o, a omiss\u00e3o da Pol\u00edcia Rodovi\u00e1ria Federal (PRF) para dissipar os protestos e desbloquear as estradas refor\u00e7am a certeza de que o presidente estimula e tenta inflar os atos, mesmo ap\u00f3s o STF determinar que o governo federal adote imediatamente \u201ctodas as medidas necess\u00e1rias e suficientes\u201d para desobstruir rodovias. A corte estabeleceu uma multa de R$ 100 mil por hora em caso de descumprimento da decis\u00e3o. Al\u00e9m disso, o diretor-geral da PRF Silvinei Vasques pode ser afastado e preso em flagrante pelo crime de desobedi\u00eancia.<\/p>\n\n\n\n<p>Foto: C\u00e1ssio Motta\/bahia.ba<\/p>\n","protected":false},"excerpt":{"rendered":"<p>A postura do presidente Jair Bolsonaro (PL) diante da onda de protestos ap\u00f3s a vit\u00f3ria de Luiz In\u00e1cio Lula da Silva (PT) foi alvo de cr\u00edticas do Judici\u00e1rio.<\/p>\n","protected":false},"author":1,"featured_media":699262,"comment_status":"closed","ping_status":"closed","sticky":false,"template":"","format":"standard","meta":[],"categories":[14,3],"tags":[],"acf":[],"yoast_head":"<!-- This site is optimized with the Yoast SEO plugin v20.8 - https:\/\/yoast.com\/wordpress\/plugins\/seo\/ -->\n<title>MINISTRO DO STF CRITICA POSTURA DE BOLSONARO AP\u00d3S DERROTA - Bahia Economica<\/title>\n<meta name=\"description\" content=\"O maior portal de Economia da Bahia DESTAQUE DO DIA, ECONOMIA \/ POL\u00cdTICA Bahia Economica\" \/>\n<meta name=\"robots\" content=\"index, follow, max-snippet:-1, max-image-preview:large, max-video-preview:-1\" \/>\n<link rel=\"canonical\" href=\"https:\/\/bahiaeconomica.com.br\/wp\/2022\/11\/02\/ministro-do-stf-critica-postura-de-bolsonaro-apos-derrota\/\" \/>\n<meta property=\"og:locale\" content=\"pt_BR\" \/>\n<meta property=\"og:type\" content=\"article\" \/>\n<meta property=\"og:title\" content=\"MINISTRO DO STF CRITICA POSTURA DE BOLSONARO AP\u00d3S DERROTA - Bahia Economica\" \/>\n<meta property=\"og:description\" content=\"O maior portal de Economia da Bahia DESTAQUE DO DIA, ECONOMIA \/ POL\u00cdTICA Bahia Economica\" \/>\n<meta property=\"og:url\" content=\"https:\/\/bahiaeconomica.com.br\/wp\/2022\/11\/02\/ministro-do-stf-critica-postura-de-bolsonaro-apos-derrota\/\" \/>\n<meta property=\"og:site_name\" content=\"Bahia Economica\" \/>\n<meta property=\"article:publisher\" content=\"https:\/\/www.facebook.com\/bahiaeconomica\" \/>\n<meta property=\"article:published_time\" content=\"2022-11-02T13:00:11+00:00\" \/>\n<meta property=\"article:modified_time\" content=\"2022-11-02T15:04:08+00:00\" \/>\n<meta property=\"og:image\" content=\"https:\/\/bahiaeconomica.com.br\/wp\/wp-content\/uploads\/2022\/11\/bolsonaro.jpeg\" \/>\n\t<meta property=\"og:image:width\" content=\"600\" \/>\n\t<meta property=\"og:image:height\" content=\"420\" \/>\n\t<meta property=\"og:image:type\" content=\"image\/jpeg\" \/>\n<meta name=\"author\" content=\"admin\" \/>\n<meta name=\"twitter:card\" content=\"summary_large_image\" \/>\n<meta name=\"twitter:label1\" content=\"Escrito por\" \/>\n\t<meta name=\"twitter:data1\" content=\"admin\" \/>\n\t<meta name=\"twitter:label2\" content=\"Est. tempo de leitura\" \/>\n\t<meta name=\"twitter:data2\" content=\"2 minutos\" \/>\n<script type=\"application\/ld+json\" class=\"yoast-schema-graph\">{\"@context\":\"https:\/\/schema.org\",\"@graph\":[{\"@type\":\"Article\",\"@id\":\"https:\/\/bahiaeconomica.com.br\/wp\/2022\/11\/02\/ministro-do-stf-critica-postura-de-bolsonaro-apos-derrota\/#article\",\"isPartOf\":{\"@id\":\"https:\/\/bahiaeconomica.com.br\/wp\/2022\/11\/02\/ministro-do-stf-critica-postura-de-bolsonaro-apos-derrota\/\"},\"author\":{\"name\":\"admin\",\"@id\":\"https:\/\/bahiaeconomica.com.br\/wp\/#\/schema\/person\/cb1ab5ba96ad3d9390805381c76284ec\"},\"headline\":\"MINISTRO DO STF CRITICA POSTURA DE BOLSONARO AP\u00d3S DERROTA\",\"datePublished\":\"2022-11-02T13:00:11+00:00\",\"dateModified\":\"2022-11-02T15:04:08+00:00\",\"mainEntityOfPage\":{\"@id\":\"https:\/\/bahiaeconomica.com.br\/wp\/2022\/11\/02\/ministro-do-stf-critica-postura-de-bolsonaro-apos-derrota\/\"},\"wordCount\":283,\"publisher\":{\"@id\":\"https:\/\/bahiaeconomica.com.br\/wp\/#organization\"},\"articleSection\":[\"DESTAQUE DO DIA\",\"ECONOMIA \/ POL\u00cdTICA\"],\"inLanguage\":\"pt-BR\"},{\"@type\":\"WebPage\",\"@id\":\"https:\/\/bahiaeconomica.com.br\/wp\/2022\/11\/02\/ministro-do-stf-critica-postura-de-bolsonaro-apos-derrota\/\",\"url\":\"https:\/\/bahiaeconomica.com.br\/wp\/2022\/11\/02\/ministro-do-stf-critica-postura-de-bolsonaro-apos-derrota\/\",\"name\":\"MINISTRO DO STF CRITICA POSTURA DE BOLSONARO AP\u00d3S DERROTA - Bahia Economica\",\"isPartOf\":{\"@id\":\"https:\/\/bahiaeconomica.com.br\/wp\/#website\"},\"datePublished\":\"2022-11-02T13:00:11+00:00\",\"dateModified\":\"2022-11-02T15:04:08+00:00\",\"description\":\"O maior portal de Economia da Bahia DESTAQUE DO DIA, ECONOMIA \/ POL\u00cdTICA Bahia Economica\",\"breadcrumb\":{\"@id\":\"https:\/\/bahiaeconomica.com.br\/wp\/2022\/11\/02\/ministro-do-stf-critica-postura-de-bolsonaro-apos-derrota\/#breadcrumb\"},\"inLanguage\":\"pt-BR\",\"potentialAction\":[{\"@type\":\"ReadAction\",\"target\":[\"https:\/\/bahiaeconomica.com.br\/wp\/2022\/11\/02\/ministro-do-stf-critica-postura-de-bolsonaro-apos-derrota\/\"]}]},{\"@type\":\"BreadcrumbList\",\"@id\":\"https:\/\/bahiaeconomica.com.br\/wp\/2022\/11\/02\/ministro-do-stf-critica-postura-de-bolsonaro-apos-derrota\/#breadcrumb\",\"itemListElement\":[{\"@type\":\"ListItem\",\"position\":1,\"name\":\"In\u00edcio\",\"item\":\"https:\/\/bahiaeconomica.com.br\/wp\/\"},{\"@type\":\"ListItem\",\"position\":2,\"name\":\"MINISTRO DO STF CRITICA POSTURA DE BOLSONARO AP\u00d3S DERROTA\"}]},{\"@type\":\"WebSite\",\"@id\":\"https:\/\/bahiaeconomica.com.br\/wp\/#website\",\"url\":\"https:\/\/bahiaeconomica.com.br\/wp\/\",\"name\":\"Bahia Economica\",\"description\":\"O maior portal de Economia da Bahia\",\"publisher\":{\"@id\":\"https:\/\/bahiaeconomica.com.br\/wp\/#organization\"},\"potentialAction\":[{\"@type\":\"SearchAction\",\"target\":{\"@type\":\"EntryPoint\",\"urlTemplate\":\"https:\/\/bahiaeconomica.com.br\/wp\/?s={search_term_string}\"},\"query-input\":\"required name=search_term_string\"}],\"inLanguage\":\"pt-BR\"},{\"@type\":\"Organization\",\"@id\":\"https:\/\/bahiaeconomica.com.br\/wp\/#organization\",\"name\":\"Bahia Econ\u00f4mica\",\"url\":\"https:\/\/bahiaeconomica.com.br\/wp\/\",\"logo\":{\"@type\":\"ImageObject\",\"inLanguage\":\"pt-BR\",\"@id\":\"https:\/\/bahiaeconomica.com.br\/wp\/#\/schema\/logo\/image\/\",\"url\":\"https:\/\/bahiaeconomica.com.br\/wp\/wp-content\/uploads\/2020\/12\/cropped-BE.png\",\"contentUrl\":\"https:\/\/bahiaeconomica.com.br\/wp\/wp-content\/uploads\/2020\/12\/cropped-BE.png\",\"width\":512,\"height\":512,\"caption\":\"Bahia Econ\u00f4mica\"},\"image\":{\"@id\":\"https:\/\/bahiaeconomica.com.br\/wp\/#\/schema\/logo\/image\/\"},\"sameAs\":[\"https:\/\/www.facebook.com\/bahiaeconomica\"]},{\"@type\":\"Person\",\"@id\":\"https:\/\/bahiaeconomica.com.br\/wp\/#\/schema\/person\/cb1ab5ba96ad3d9390805381c76284ec\",\"name\":\"admin\",\"url\":\"https:\/\/bahiaeconomica.com.br\/wp\/author\/admin\/\"}]}<\/script>\n<!-- \/ Yoast SEO plugin. -->","yoast_head_json":{"title":"MINISTRO DO STF CRITICA POSTURA DE BOLSONARO AP\u00d3S DERROTA - Bahia Economica","description":"O maior portal de Economia da Bahia DESTAQUE DO DIA, ECONOMIA \/ POL\u00cdTICA Bahia Economica","robots":{"index":"index","follow":"follow","max-snippet":"max-snippet:-1","max-image-preview":"max-image-preview:large","max-video-preview":"max-video-preview:-1"},"canonical":"https:\/\/bahiaeconomica.com.br\/wp\/2022\/11\/02\/ministro-do-stf-critica-postura-de-bolsonaro-apos-derrota\/","og_locale":"pt_BR","og_type":"article","og_title":"MINISTRO DO STF CRITICA POSTURA DE BOLSONARO AP\u00d3S DERROTA - Bahia Economica","og_description":"O maior portal de Economia da Bahia DESTAQUE DO DIA, ECONOMIA \/ POL\u00cdTICA Bahia Economica","og_url":"https:\/\/bahiaeconomica.com.br\/wp\/2022\/11\/02\/ministro-do-stf-critica-postura-de-bolsonaro-apos-derrota\/","og_site_name":"Bahia Economica","article_publisher":"https:\/\/www.facebook.com\/bahiaeconomica","article_published_time":"2022-11-02T13:00:11+00:00","article_modified_time":"2022-11-02T15:04:08+00:00","og_image":[{"width":600,"height":420,"url":"https:\/\/bahiaeconomica.com.br\/wp\/wp-content\/uploads\/2022\/11\/bolsonaro.jpeg","type":"image\/jpeg"}],"author":"admin","twitter_card":"summary_large_image","twitter_misc":{"Escrito por":"admin","Est. tempo de leitura":"2 minutos"},"schema":{"@context":"https:\/\/schema.org","@graph":[{"@type":"Article","@id":"https:\/\/bahiaeconomica.com.br\/wp\/2022\/11\/02\/ministro-do-stf-critica-postura-de-bolsonaro-apos-derrota\/#article","isPartOf":{"@id":"https:\/\/bahiaeconomica.com.br\/wp\/2022\/11\/02\/ministro-do-stf-critica-postura-de-bolsonaro-apos-derrota\/"},"author":{"name":"admin","@id":"https:\/\/bahiaeconomica.com.br\/wp\/#\/schema\/person\/cb1ab5ba96ad3d9390805381c76284ec"},"headline":"MINISTRO DO STF CRITICA POSTURA DE BOLSONARO AP\u00d3S DERROTA","datePublished":"2022-11-02T13:00:11+00:00","dateModified":"2022-11-02T15:04:08+00:00","mainEntityOfPage":{"@id":"https:\/\/bahiaeconomica.com.br\/wp\/2022\/11\/02\/ministro-do-stf-critica-postura-de-bolsonaro-apos-derrota\/"},"wordCount":283,"publisher":{"@id":"https:\/\/bahiaeconomica.com.br\/wp\/#organization"},"articleSection":["DESTAQUE DO DIA","ECONOMIA \/ POL\u00cdTICA"],"inLanguage":"pt-BR"},{"@type":"WebPage","@id":"https:\/\/bahiaeconomica.com.br\/wp\/2022\/11\/02\/ministro-do-stf-critica-postura-de-bolsonaro-apos-derrota\/","url":"https:\/\/bahiaeconomica.com.br\/wp\/2022\/11\/02\/ministro-do-stf-critica-postura-de-bolsonaro-apos-derrota\/","name":"MINISTRO DO STF CRITICA POSTURA DE BOLSONARO AP\u00d3S DERROTA - Bahia Economica","isPartOf":{"@id":"https:\/\/bahiaeconomica.com.br\/wp\/#website"},"datePublished":"2022-11-02T13:00:11+00:00","dateModified":"2022-11-02T15:04:08+00:00","description":"O maior portal de Economia da Bahia DESTAQUE DO DIA, ECONOMIA \/ POL\u00cdTICA Bahia Economica","breadcrumb":{"@id":"https:\/\/bahiaeconomica.com.br\/wp\/2022\/11\/02\/ministro-do-stf-critica-postura-de-bolsonaro-apos-derrota\/#breadcrumb"},"inLanguage":"pt-BR","potentialAction":[{"@type":"ReadAction","target":["https:\/\/bahiaeconomica.com.br\/wp\/2022\/11\/02\/ministro-do-stf-critica-postura-de-bolsonaro-apos-derrota\/"]}]},{"@type":"BreadcrumbList","@id":"https:\/\/bahiaeconomica.com.br\/wp\/2022\/11\/02\/ministro-do-stf-critica-postura-de-bolsonaro-apos-derrota\/#breadcrumb","itemListElement":[{"@type":"ListItem","position":1,"name":"In\u00edcio","item":"https:\/\/bahiaeconomica.com.br\/wp\/"},{"@type":"ListItem","position":2,"name":"MINISTRO DO STF CRITICA POSTURA DE BOLSONARO AP\u00d3S DERROTA"}]},{"@type":"WebSite","@id":"https:\/\/bahiaeconomica.com.br\/wp\/#website","url":"https:\/\/bahiaeconomica.com.br\/wp\/","name":"Bahia Economica","description":"O maior portal de Economia da Bahia","publisher":{"@id":"https:\/\/bahiaeconomica.com.br\/wp\/#organization"},"potentialAction":[{"@type":"SearchAction","target":{"@type":"EntryPoint","urlTemplate":"https:\/\/bahiaeconomica.com.br\/wp\/?s={search_term_string}"},"query-input":"required name=search_term_string"}],"inLanguage":"pt-BR"},{"@type":"Organization","@id":"https:\/\/bahiaeconomica.com.br\/wp\/#organization","name":"Bahia Econ\u00f4mica","url":"https:\/\/bahiaeconomica.com.br\/wp\/","logo":{"@type":"ImageObject","inLanguage":"pt-BR","@id":"https:\/\/bahiaeconomica.com.br\/wp\/#\/schema\/logo\/image\/","url":"https:\/\/bahiaeconomica.com.br\/wp\/wp-content\/uploads\/2020\/12\/cropped-BE.png","contentUrl":"https:\/\/bahiaeconomica.com.br\/wp\/wp-content\/uploads\/2020\/12\/cropped-BE.png","width":512,"height":512,"caption":"Bahia Econ\u00f4mica"},"image":{"@id":"https:\/\/bahiaeconomica.com.br\/wp\/#\/schema\/logo\/image\/"},"sameAs":["https:\/\/www.facebook.com\/bahiaeconomica"]},{"@type":"Person","@id":"https:\/\/bahiaeconomica.com.br\/wp\/#\/schema\/person\/cb1ab5ba96ad3d9390805381c76284ec","name":"admin","url":"https:\/\/bahiaeconomica.com.br\/wp\/author\/admin\/"}]}},"views":8,"_links":{"self":[{"href":"https:\/\/bahiaeconomica.com.br\/wp\/wp-json\/wp\/v2\/posts\/699261"}],"collection":[{"href":"https:\/\/bahiaeconomica.com.br\/wp\/wp-json\/wp\/v2\/posts"}],"about":[{"href":"https:\/\/bahiaeconomica.com.br\/wp\/wp-json\/wp\/v2\/types\/post"}],"author":[{"embeddable":true,"href":"https:\/\/bahiaeconomica.com.br\/wp\/wp-json\/wp\/v2\/users\/1"}],"replies":[{"embeddable":true,"href":"https:\/\/bahiaeconomica.com.br\/wp\/wp-json\/wp\/v2\/comments?post=699261"}],"version-history":[{"count":1,"href":"https:\/\/bahiaeconomica.com.br\/wp\/wp-json\/wp\/v2\/posts\/699261\/revisions"}],"predecessor-version":[{"id":699263,"href":"https:\/\/bahiaeconomica.com.br\/wp\/wp-json\/wp\/v2\/posts\/699261\/revisions\/699263"}],"wp:featuredmedia":[{"embeddable":true,"href":"https:\/\/bahiaeconomica.com.br\/wp\/wp-json\/wp\/v2\/media\/699262"}],"wp:attachment":[{"href":"https:\/\/bahiaeconomica.com.br\/wp\/wp-json\/wp\/v2\/media?parent=699261"}],"wp:term":[{"taxonomy":"category","embeddable":true,"href":"https:\/\/bahiaeconomica.com.br\/wp\/wp-json\/wp\/v2\/categories?post=699261"},{"taxonomy":"post_tag","embeddable":true,"href":"https:\/\/bahiaeconomica.com.br\/wp\/wp-json\/wp\/v2\/tags?post=699261"}],"curies":[{"name":"wp","href":"https:\/\/api.w.org\/{rel}","templated":true}]}}