{"id":698132,"date":"2022-10-27T07:28:47","date_gmt":"2022-10-27T10:28:47","guid":{"rendered":"https:\/\/bahiaeconomica.com.br\/wp\/beta\/?p=698132"},"modified":"2022-10-27T07:28:49","modified_gmt":"2022-10-27T10:28:49","slug":"academia-de-letras-divulga-nota-contra-deslocamento-de-acervo-do-arquivo-publico","status":"publish","type":"post","link":"https:\/\/bahiaeconomica.com.br\/wp\/2022\/10\/27\/academia-de-letras-divulga-nota-contra-deslocamento-de-acervo-do-arquivo-publico\/","title":{"rendered":"ACADEMIA DE LETRAS DIVULGA NOTA CONTRA DESLOCAMENTO DE ACERVO DO ARQUIVO P\u00daBLICO"},"content":{"rendered":"\n<p>A Academia de Letras da Bahia manifestou publicamente, nesta quarta-feira (26), sua preocupa\u00e7\u00e3o com as amea\u00e7as de deslocamento do acervo do Arquivo P\u00fablico do Estado (Apeb). <\/p>\n\n\n\n<!--more-->\n\n\n\n<p>A entidade liter\u00e1ria defende a perman\u00eancia do Apeb no Solar da Quinta dos Padres, em Salvador. &#8220;Lembramos que o acervo contido nesse arquivo foi produzido ao longo de duzentos e catorze anos e a pretendida remo\u00e7\u00e3o danificaria documentos da maior import\u00e2ncia para a hist\u00f3ria da Bahia e do Brasil. Remov\u00ea-lo colocando em risco valiosos testemunhos hist\u00f3ricos cuja perda n\u00e3o se pode admitir seria um crime imperdo\u00e1vel atingindo a mem\u00f3ria do pa\u00eds e um valioso patrim\u00f4nio p\u00fablico&#8221;, declarou a Academia.<\/p>\n\n\n\n<p>A fala \u00e9 referente ao leil\u00e3o realizado pelo Governo do Estado, que chegou a ser realizado, mas o autor do lance \u00fanico desistiu do arremate. Segundo a Academia, a conclus\u00e3o do leil\u00e3o acarretaria a remo\u00e7\u00e3o do acervo do pr\u00e9dio. &#8220;Confiamos em que o Governo do Estado da Bahia tudo far\u00e1 para evit\u00e1-lo. Declaramos assim nossa solidariedade com os arquivistas e historiadores que j\u00e1 se manifestaram contra este absurdo&#8221;, concluiu. A reportagem procurou o Governo do Estado, mas n\u00e3o obteve resposta at\u00e9 o momento desta publica\u00e7\u00e3o.<\/p>\n\n\n\n<p>Leil\u00e3o<\/p>\n\n\n\n<p>O im\u00f3vel \u00e9 avaliado em R$ 12.575.829,62, segundo o site da casa de leil\u00f5es. O im\u00f3vel, chamado de Solar da Quinta dos Padres ou Quinta do Tanque, \u00e9 tombado pelo Patrim\u00f4nio Hist\u00f3rico e Art\u00edstico Nacional (Iphan) desde 1949. Desde 1980, o Apeb est\u00e1 sediado no endere\u00e7o.<\/p>\n\n\n\n<p>A not\u00edcia do leil\u00e3o logo provocou uma enxurrada de notas de rep\u00fadio emitidas por entidades de arquitetos e arquivistas ligados ao patrim\u00f4nio e \u00e0 Universidade Federal da Bahia (Ufba). O presidente do Conselho de Arquitetura e Urbanismo da Bahia (CAU), Neilton D\u00f3rea, afirmou que &#8220;a edifica\u00e7\u00e3o \u00e9 tombada e n\u00e3o pode ser vendida nem ter outro tipo de mudan\u00e7a, s\u00f3 para outro ente federal, estadual ou municipal&#8221;. O Instituto de Arquitetos do Brasil, departamento da Bahia, e o Instituto de Ci\u00eancia da Informa\u00e7\u00e3o da Ufba tamb\u00e9m repudiaram a venda.<\/p>\n\n\n\n<p>&#8220;\u00c9 impressionante o descuido e desrespeito com o patrim\u00f4nio p\u00fablico. N\u00e3o abrem di\u00e1logo com a sociedade&#8221;, afirma D\u00f3rea. A legisla\u00e7\u00e3o pro\u00edbe a venda de pr\u00e9dios tombados, exceto se forem repassados para outros \u00f3rg\u00e3os p\u00fablicos.<\/p>\n","protected":false},"excerpt":{"rendered":"<p>A Academia de Letras da Bahia manifestou publicamente, nesta quarta-feira (26), sua preocupa\u00e7\u00e3o com as amea\u00e7as de deslocamento do acervo do Arquivo P\u00fablico do Estado (Apeb).<\/p>\n","protected":false},"author":1,"featured_media":698133,"comment_status":"closed","ping_status":"closed","sticky":false,"template":"","format":"standard","meta":[],"categories":[3],"tags":[],"acf":[],"yoast_head":"<!-- This site is optimized with the Yoast SEO plugin v20.8 - https:\/\/yoast.com\/wordpress\/plugins\/seo\/ -->\n<title>ACADEMIA DE LETRAS DIVULGA NOTA CONTRA DESLOCAMENTO DE ACERVO DO ARQUIVO P\u00daBLICO - Bahia Economica<\/title>\n<meta name=\"description\" content=\"O maior portal de Economia da Bahia ECONOMIA \/ POL\u00cdTICA Bahia Economica\" \/>\n<meta name=\"robots\" content=\"index, follow, max-snippet:-1, max-image-preview:large, max-video-preview:-1\" \/>\n<link rel=\"canonical\" href=\"https:\/\/bahiaeconomica.com.br\/wp\/2022\/10\/27\/academia-de-letras-divulga-nota-contra-deslocamento-de-acervo-do-arquivo-publico\/\" \/>\n<meta property=\"og:locale\" content=\"pt_BR\" \/>\n<meta property=\"og:type\" content=\"article\" \/>\n<meta property=\"og:title\" content=\"ACADEMIA DE LETRAS DIVULGA NOTA CONTRA DESLOCAMENTO DE ACERVO DO ARQUIVO P\u00daBLICO - Bahia Economica\" \/>\n<meta property=\"og:description\" content=\"O maior portal de Economia da Bahia ECONOMIA \/ POL\u00cdTICA Bahia Economica\" \/>\n<meta property=\"og:url\" content=\"https:\/\/bahiaeconomica.com.br\/wp\/2022\/10\/27\/academia-de-letras-divulga-nota-contra-deslocamento-de-acervo-do-arquivo-publico\/\" \/>\n<meta property=\"og:site_name\" content=\"Bahia Economica\" \/>\n<meta property=\"article:publisher\" content=\"https:\/\/www.facebook.com\/bahiaeconomica\" \/>\n<meta property=\"article:published_time\" content=\"2022-10-27T10:28:47+00:00\" \/>\n<meta property=\"article:modified_time\" content=\"2022-10-27T10:28:49+00:00\" \/>\n<meta property=\"og:image\" content=\"https:\/\/bahiaeconomica.com.br\/wp\/wp-content\/uploads\/2022\/10\/csm_csm_arquivo_marina_silva_8a3a3ab384_3528670d9a.jpeg\" \/>\n\t<meta property=\"og:image:width\" content=\"940\" \/>\n\t<meta property=\"og:image:height\" content=\"627\" \/>\n\t<meta property=\"og:image:type\" content=\"image\/jpeg\" \/>\n<meta name=\"author\" content=\"admin\" \/>\n<meta name=\"twitter:card\" content=\"summary_large_image\" \/>\n<meta name=\"twitter:label1\" content=\"Escrito por\" \/>\n\t<meta name=\"twitter:data1\" content=\"admin\" \/>\n\t<meta name=\"twitter:label2\" content=\"Est. tempo de leitura\" \/>\n\t<meta name=\"twitter:data2\" content=\"2 minutos\" \/>\n<script type=\"application\/ld+json\" class=\"yoast-schema-graph\">{\"@context\":\"https:\/\/schema.org\",\"@graph\":[{\"@type\":\"Article\",\"@id\":\"https:\/\/bahiaeconomica.com.br\/wp\/2022\/10\/27\/academia-de-letras-divulga-nota-contra-deslocamento-de-acervo-do-arquivo-publico\/#article\",\"isPartOf\":{\"@id\":\"https:\/\/bahiaeconomica.com.br\/wp\/2022\/10\/27\/academia-de-letras-divulga-nota-contra-deslocamento-de-acervo-do-arquivo-publico\/\"},\"author\":{\"name\":\"admin\",\"@id\":\"https:\/\/bahiaeconomica.com.br\/wp\/#\/schema\/person\/cb1ab5ba96ad3d9390805381c76284ec\"},\"headline\":\"ACADEMIA DE LETRAS DIVULGA NOTA CONTRA DESLOCAMENTO DE ACERVO DO ARQUIVO P\u00daBLICO\",\"datePublished\":\"2022-10-27T10:28:47+00:00\",\"dateModified\":\"2022-10-27T10:28:49+00:00\",\"mainEntityOfPage\":{\"@id\":\"https:\/\/bahiaeconomica.com.br\/wp\/2022\/10\/27\/academia-de-letras-divulga-nota-contra-deslocamento-de-acervo-do-arquivo-publico\/\"},\"wordCount\":416,\"publisher\":{\"@id\":\"https:\/\/bahiaeconomica.com.br\/wp\/#organization\"},\"articleSection\":[\"ECONOMIA \/ POL\u00cdTICA\"],\"inLanguage\":\"pt-BR\"},{\"@type\":\"WebPage\",\"@id\":\"https:\/\/bahiaeconomica.com.br\/wp\/2022\/10\/27\/academia-de-letras-divulga-nota-contra-deslocamento-de-acervo-do-arquivo-publico\/\",\"url\":\"https:\/\/bahiaeconomica.com.br\/wp\/2022\/10\/27\/academia-de-letras-divulga-nota-contra-deslocamento-de-acervo-do-arquivo-publico\/\",\"name\":\"ACADEMIA DE LETRAS DIVULGA NOTA CONTRA DESLOCAMENTO DE ACERVO DO ARQUIVO P\u00daBLICO - Bahia Economica\",\"isPartOf\":{\"@id\":\"https:\/\/bahiaeconomica.com.br\/wp\/#website\"},\"datePublished\":\"2022-10-27T10:28:47+00:00\",\"dateModified\":\"2022-10-27T10:28:49+00:00\",\"description\":\"O maior portal de Economia da Bahia ECONOMIA \/ POL\u00cdTICA Bahia Economica\",\"breadcrumb\":{\"@id\":\"https:\/\/bahiaeconomica.com.br\/wp\/2022\/10\/27\/academia-de-letras-divulga-nota-contra-deslocamento-de-acervo-do-arquivo-publico\/#breadcrumb\"},\"inLanguage\":\"pt-BR\",\"potentialAction\":[{\"@type\":\"ReadAction\",\"target\":[\"https:\/\/bahiaeconomica.com.br\/wp\/2022\/10\/27\/academia-de-letras-divulga-nota-contra-deslocamento-de-acervo-do-arquivo-publico\/\"]}]},{\"@type\":\"BreadcrumbList\",\"@id\":\"https:\/\/bahiaeconomica.com.br\/wp\/2022\/10\/27\/academia-de-letras-divulga-nota-contra-deslocamento-de-acervo-do-arquivo-publico\/#breadcrumb\",\"itemListElement\":[{\"@type\":\"ListItem\",\"position\":1,\"name\":\"In\u00edcio\",\"item\":\"https:\/\/bahiaeconomica.com.br\/wp\/\"},{\"@type\":\"ListItem\",\"position\":2,\"name\":\"ACADEMIA DE LETRAS DIVULGA NOTA CONTRA DESLOCAMENTO DE ACERVO DO ARQUIVO P\u00daBLICO\"}]},{\"@type\":\"WebSite\",\"@id\":\"https:\/\/bahiaeconomica.com.br\/wp\/#website\",\"url\":\"https:\/\/bahiaeconomica.com.br\/wp\/\",\"name\":\"Bahia Economica\",\"description\":\"O maior portal de Economia da Bahia\",\"publisher\":{\"@id\":\"https:\/\/bahiaeconomica.com.br\/wp\/#organization\"},\"potentialAction\":[{\"@type\":\"SearchAction\",\"target\":{\"@type\":\"EntryPoint\",\"urlTemplate\":\"https:\/\/bahiaeconomica.com.br\/wp\/?s={search_term_string}\"},\"query-input\":\"required name=search_term_string\"}],\"inLanguage\":\"pt-BR\"},{\"@type\":\"Organization\",\"@id\":\"https:\/\/bahiaeconomica.com.br\/wp\/#organization\",\"name\":\"Bahia Econ\u00f4mica\",\"url\":\"https:\/\/bahiaeconomica.com.br\/wp\/\",\"logo\":{\"@type\":\"ImageObject\",\"inLanguage\":\"pt-BR\",\"@id\":\"https:\/\/bahiaeconomica.com.br\/wp\/#\/schema\/logo\/image\/\",\"url\":\"https:\/\/bahiaeconomica.com.br\/wp\/wp-content\/uploads\/2020\/12\/cropped-BE.png\",\"contentUrl\":\"https:\/\/bahiaeconomica.com.br\/wp\/wp-content\/uploads\/2020\/12\/cropped-BE.png\",\"width\":512,\"height\":512,\"caption\":\"Bahia Econ\u00f4mica\"},\"image\":{\"@id\":\"https:\/\/bahiaeconomica.com.br\/wp\/#\/schema\/logo\/image\/\"},\"sameAs\":[\"https:\/\/www.facebook.com\/bahiaeconomica\"]},{\"@type\":\"Person\",\"@id\":\"https:\/\/bahiaeconomica.com.br\/wp\/#\/schema\/person\/cb1ab5ba96ad3d9390805381c76284ec\",\"name\":\"admin\",\"url\":\"https:\/\/bahiaeconomica.com.br\/wp\/author\/admin\/\"}]}<\/script>\n<!-- \/ Yoast SEO plugin. -->","yoast_head_json":{"title":"ACADEMIA DE LETRAS DIVULGA NOTA CONTRA DESLOCAMENTO DE ACERVO DO ARQUIVO P\u00daBLICO - Bahia Economica","description":"O maior portal de Economia da Bahia ECONOMIA \/ POL\u00cdTICA Bahia Economica","robots":{"index":"index","follow":"follow","max-snippet":"max-snippet:-1","max-image-preview":"max-image-preview:large","max-video-preview":"max-video-preview:-1"},"canonical":"https:\/\/bahiaeconomica.com.br\/wp\/2022\/10\/27\/academia-de-letras-divulga-nota-contra-deslocamento-de-acervo-do-arquivo-publico\/","og_locale":"pt_BR","og_type":"article","og_title":"ACADEMIA DE LETRAS DIVULGA NOTA CONTRA DESLOCAMENTO DE ACERVO DO ARQUIVO P\u00daBLICO - Bahia Economica","og_description":"O maior portal de Economia da Bahia ECONOMIA \/ POL\u00cdTICA Bahia Economica","og_url":"https:\/\/bahiaeconomica.com.br\/wp\/2022\/10\/27\/academia-de-letras-divulga-nota-contra-deslocamento-de-acervo-do-arquivo-publico\/","og_site_name":"Bahia Economica","article_publisher":"https:\/\/www.facebook.com\/bahiaeconomica","article_published_time":"2022-10-27T10:28:47+00:00","article_modified_time":"2022-10-27T10:28:49+00:00","og_image":[{"width":940,"height":627,"url":"https:\/\/bahiaeconomica.com.br\/wp\/wp-content\/uploads\/2022\/10\/csm_csm_arquivo_marina_silva_8a3a3ab384_3528670d9a.jpeg","type":"image\/jpeg"}],"author":"admin","twitter_card":"summary_large_image","twitter_misc":{"Escrito por":"admin","Est. tempo de leitura":"2 minutos"},"schema":{"@context":"https:\/\/schema.org","@graph":[{"@type":"Article","@id":"https:\/\/bahiaeconomica.com.br\/wp\/2022\/10\/27\/academia-de-letras-divulga-nota-contra-deslocamento-de-acervo-do-arquivo-publico\/#article","isPartOf":{"@id":"https:\/\/bahiaeconomica.com.br\/wp\/2022\/10\/27\/academia-de-letras-divulga-nota-contra-deslocamento-de-acervo-do-arquivo-publico\/"},"author":{"name":"admin","@id":"https:\/\/bahiaeconomica.com.br\/wp\/#\/schema\/person\/cb1ab5ba96ad3d9390805381c76284ec"},"headline":"ACADEMIA DE LETRAS DIVULGA NOTA CONTRA DESLOCAMENTO DE ACERVO DO ARQUIVO P\u00daBLICO","datePublished":"2022-10-27T10:28:47+00:00","dateModified":"2022-10-27T10:28:49+00:00","mainEntityOfPage":{"@id":"https:\/\/bahiaeconomica.com.br\/wp\/2022\/10\/27\/academia-de-letras-divulga-nota-contra-deslocamento-de-acervo-do-arquivo-publico\/"},"wordCount":416,"publisher":{"@id":"https:\/\/bahiaeconomica.com.br\/wp\/#organization"},"articleSection":["ECONOMIA \/ POL\u00cdTICA"],"inLanguage":"pt-BR"},{"@type":"WebPage","@id":"https:\/\/bahiaeconomica.com.br\/wp\/2022\/10\/27\/academia-de-letras-divulga-nota-contra-deslocamento-de-acervo-do-arquivo-publico\/","url":"https:\/\/bahiaeconomica.com.br\/wp\/2022\/10\/27\/academia-de-letras-divulga-nota-contra-deslocamento-de-acervo-do-arquivo-publico\/","name":"ACADEMIA DE LETRAS DIVULGA NOTA CONTRA DESLOCAMENTO DE ACERVO DO ARQUIVO P\u00daBLICO - Bahia Economica","isPartOf":{"@id":"https:\/\/bahiaeconomica.com.br\/wp\/#website"},"datePublished":"2022-10-27T10:28:47+00:00","dateModified":"2022-10-27T10:28:49+00:00","description":"O maior portal de Economia da Bahia ECONOMIA \/ POL\u00cdTICA Bahia Economica","breadcrumb":{"@id":"https:\/\/bahiaeconomica.com.br\/wp\/2022\/10\/27\/academia-de-letras-divulga-nota-contra-deslocamento-de-acervo-do-arquivo-publico\/#breadcrumb"},"inLanguage":"pt-BR","potentialAction":[{"@type":"ReadAction","target":["https:\/\/bahiaeconomica.com.br\/wp\/2022\/10\/27\/academia-de-letras-divulga-nota-contra-deslocamento-de-acervo-do-arquivo-publico\/"]}]},{"@type":"BreadcrumbList","@id":"https:\/\/bahiaeconomica.com.br\/wp\/2022\/10\/27\/academia-de-letras-divulga-nota-contra-deslocamento-de-acervo-do-arquivo-publico\/#breadcrumb","itemListElement":[{"@type":"ListItem","position":1,"name":"In\u00edcio","item":"https:\/\/bahiaeconomica.com.br\/wp\/"},{"@type":"ListItem","position":2,"name":"ACADEMIA DE LETRAS DIVULGA NOTA CONTRA DESLOCAMENTO DE ACERVO DO ARQUIVO P\u00daBLICO"}]},{"@type":"WebSite","@id":"https:\/\/bahiaeconomica.com.br\/wp\/#website","url":"https:\/\/bahiaeconomica.com.br\/wp\/","name":"Bahia Economica","description":"O maior portal de Economia da Bahia","publisher":{"@id":"https:\/\/bahiaeconomica.com.br\/wp\/#organization"},"potentialAction":[{"@type":"SearchAction","target":{"@type":"EntryPoint","urlTemplate":"https:\/\/bahiaeconomica.com.br\/wp\/?s={search_term_string}"},"query-input":"required name=search_term_string"}],"inLanguage":"pt-BR"},{"@type":"Organization","@id":"https:\/\/bahiaeconomica.com.br\/wp\/#organization","name":"Bahia Econ\u00f4mica","url":"https:\/\/bahiaeconomica.com.br\/wp\/","logo":{"@type":"ImageObject","inLanguage":"pt-BR","@id":"https:\/\/bahiaeconomica.com.br\/wp\/#\/schema\/logo\/image\/","url":"https:\/\/bahiaeconomica.com.br\/wp\/wp-content\/uploads\/2020\/12\/cropped-BE.png","contentUrl":"https:\/\/bahiaeconomica.com.br\/wp\/wp-content\/uploads\/2020\/12\/cropped-BE.png","width":512,"height":512,"caption":"Bahia Econ\u00f4mica"},"image":{"@id":"https:\/\/bahiaeconomica.com.br\/wp\/#\/schema\/logo\/image\/"},"sameAs":["https:\/\/www.facebook.com\/bahiaeconomica"]},{"@type":"Person","@id":"https:\/\/bahiaeconomica.com.br\/wp\/#\/schema\/person\/cb1ab5ba96ad3d9390805381c76284ec","name":"admin","url":"https:\/\/bahiaeconomica.com.br\/wp\/author\/admin\/"}]}},"views":1,"_links":{"self":[{"href":"https:\/\/bahiaeconomica.com.br\/wp\/wp-json\/wp\/v2\/posts\/698132"}],"collection":[{"href":"https:\/\/bahiaeconomica.com.br\/wp\/wp-json\/wp\/v2\/posts"}],"about":[{"href":"https:\/\/bahiaeconomica.com.br\/wp\/wp-json\/wp\/v2\/types\/post"}],"author":[{"embeddable":true,"href":"https:\/\/bahiaeconomica.com.br\/wp\/wp-json\/wp\/v2\/users\/1"}],"replies":[{"embeddable":true,"href":"https:\/\/bahiaeconomica.com.br\/wp\/wp-json\/wp\/v2\/comments?post=698132"}],"version-history":[{"count":1,"href":"https:\/\/bahiaeconomica.com.br\/wp\/wp-json\/wp\/v2\/posts\/698132\/revisions"}],"predecessor-version":[{"id":698134,"href":"https:\/\/bahiaeconomica.com.br\/wp\/wp-json\/wp\/v2\/posts\/698132\/revisions\/698134"}],"wp:featuredmedia":[{"embeddable":true,"href":"https:\/\/bahiaeconomica.com.br\/wp\/wp-json\/wp\/v2\/media\/698133"}],"wp:attachment":[{"href":"https:\/\/bahiaeconomica.com.br\/wp\/wp-json\/wp\/v2\/media?parent=698132"}],"wp:term":[{"taxonomy":"category","embeddable":true,"href":"https:\/\/bahiaeconomica.com.br\/wp\/wp-json\/wp\/v2\/categories?post=698132"},{"taxonomy":"post_tag","embeddable":true,"href":"https:\/\/bahiaeconomica.com.br\/wp\/wp-json\/wp\/v2\/tags?post=698132"}],"curies":[{"name":"wp","href":"https:\/\/api.w.org\/{rel}","templated":true}]}}