{"id":697962,"date":"2022-10-26T10:10:54","date_gmt":"2022-10-26T13:10:54","guid":{"rendered":"https:\/\/bahiaeconomica.com.br\/wp\/beta\/?p=697962"},"modified":"2022-10-26T10:11:54","modified_gmt":"2022-10-26T13:11:54","slug":"mercadao-da-bahia-promove-bailinho-de-halloween-neste-sabado","status":"publish","type":"post","link":"https:\/\/bahiaeconomica.com.br\/wp\/2022\/10\/26\/mercadao-da-bahia-promove-bailinho-de-halloween-neste-sabado\/","title":{"rendered":"MERCAD\u00c3O DA BAHIA PROMOVE \u2018BAILINHO DE HALLOWEEN\u2019 NESTE S\u00c1BADO"},"content":{"rendered":"\n<p>Este s\u00e1bado, 29, ser\u00e1 de muita divers\u00e3o e travessuras no Mercad\u00e3o da Bahia, que promover\u00e1 a primeira edi\u00e7\u00e3o do \u201cBailinho de Halloween\u201d para a crian\u00e7ada brincar com os pais\/ respons\u00e1veis. <\/p>\n\n\n\n<!--more-->\n\n\n\n<p>Os pequenos poder\u00e3o ir fantasiados ou com adere\u00e7os que remetam \u00e0 celebra\u00e7\u00e3o.<\/p>\n\n\n\n<p>O evento, aberto ao p\u00fablico, acontecer\u00e1 das 10h \u00e0s 12h, na entrada lateral do empreendimento, e contar\u00e1 com a anima\u00e7\u00e3o da Tia Leide e os personagens da Turma Vem Brincar. Acha que acabou? No dia, haver\u00e1 ainda distribui\u00e7\u00e3o de bal\u00f5es e pirulitos, pintura tem\u00e1tica de rosto e muitas brincadeiras para deixar o dia mais especial.&nbsp;&nbsp; &nbsp;<\/p>\n\n\n\n<p>Hor\u00e1rio de funcionamento<\/p>\n\n\n\n<p>Com acesso pela rua Maria Isabel dos Santos, pr\u00f3ximo ao Parque Shopping da Bahia, o Mercad\u00e3o da Bahia funciona de segunda a s\u00e1bado, das 8h \u00e0s 19h, e aos domingos e feriados, das 8h \u00e0s 15h. J\u00e1 a pra\u00e7a de alimenta\u00e7\u00e3o opera das 8h \u00e0s 22h, de segunda a s\u00e1bado, e das 8h \u00e0s 18h, aos domingos e feriados. O empreendimento tem uma \u00e1rea de mais de 18 mil m\u00b2, com 200 boxes, nesta primeira fase, e um amplo estacionamento, com 400 vagas.<\/p>\n\n\n\n<p>Enashopp<\/p>\n\n\n\n<p>\u00a0A comercializa\u00e7\u00e3o e gest\u00e3o do Mercad\u00e3o da Bahia est\u00e3o a cargo da Enashopp, empresa que tem sua expertise voltada para o desenvolvimento, implanta\u00e7\u00e3o, comercializa\u00e7\u00e3o e gest\u00e3o de shopping centers. Com mais de 30 anos no mercado, a empresa desenvolveu projetos na \u00c1frica e em todo o Brasil. S\u00e3o mais de 1.500 profissionais administrando mais de 1 milh\u00e3o de m\u00b2 de \u00e1rea constru\u00edda, com uma m\u00e9dia de 30 milh\u00f5es de pessoas\/ano trafegando nos empreendimentos, 5 mil unidades gerenciadas e mais de 300 mil m\u00b2 de \u00e1rea bruta loc\u00e1vel (ABL).<\/p>\n\n\n\n<p>Foto: divulga\u00e7\u00e3o<\/p>\n","protected":false},"excerpt":{"rendered":"<p>Este s\u00e1bado, 29, ser\u00e1 de muita divers\u00e3o e travessuras no Mercad\u00e3o da Bahia, que promover\u00e1 a primeira edi\u00e7\u00e3o do \u201cBailinho de Halloween\u201d para a crian\u00e7ada brincar com os pais\/ respons\u00e1veis.<\/p>\n","protected":false},"author":1,"featured_media":697963,"comment_status":"closed","ping_status":"closed","sticky":false,"template":"","format":"standard","meta":[],"categories":[3],"tags":[],"acf":[],"yoast_head":"<!-- This site is optimized with the Yoast SEO plugin v20.8 - https:\/\/yoast.com\/wordpress\/plugins\/seo\/ -->\n<title>MERCAD\u00c3O DA BAHIA PROMOVE \u2018BAILINHO DE HALLOWEEN\u2019 NESTE S\u00c1BADO - Bahia Economica<\/title>\n<meta name=\"description\" content=\"O maior portal de Economia da Bahia ECONOMIA \/ POL\u00cdTICA Bahia Economica\" \/>\n<meta name=\"robots\" content=\"index, follow, max-snippet:-1, max-image-preview:large, max-video-preview:-1\" \/>\n<link rel=\"canonical\" href=\"https:\/\/bahiaeconomica.com.br\/wp\/2022\/10\/26\/mercadao-da-bahia-promove-bailinho-de-halloween-neste-sabado\/\" \/>\n<meta property=\"og:locale\" content=\"pt_BR\" \/>\n<meta property=\"og:type\" content=\"article\" \/>\n<meta property=\"og:title\" content=\"MERCAD\u00c3O DA BAHIA PROMOVE \u2018BAILINHO DE HALLOWEEN\u2019 NESTE S\u00c1BADO - Bahia Economica\" \/>\n<meta property=\"og:description\" content=\"O maior portal de Economia da Bahia ECONOMIA \/ POL\u00cdTICA Bahia Economica\" \/>\n<meta property=\"og:url\" content=\"https:\/\/bahiaeconomica.com.br\/wp\/2022\/10\/26\/mercadao-da-bahia-promove-bailinho-de-halloween-neste-sabado\/\" \/>\n<meta property=\"og:site_name\" content=\"Bahia Economica\" \/>\n<meta property=\"article:publisher\" content=\"https:\/\/www.facebook.com\/bahiaeconomica\" \/>\n<meta property=\"article:published_time\" content=\"2022-10-26T13:10:54+00:00\" \/>\n<meta property=\"article:modified_time\" content=\"2022-10-26T13:11:54+00:00\" \/>\n<meta property=\"og:image\" content=\"https:\/\/bahiaeconomica.com.br\/wp\/wp-content\/uploads\/2022\/10\/WhatsApp-Image-2022-10-26-at-10.00.46.jpeg\" \/>\n\t<meta property=\"og:image:width\" content=\"1066\" \/>\n\t<meta property=\"og:image:height\" content=\"1051\" \/>\n\t<meta property=\"og:image:type\" content=\"image\/jpeg\" \/>\n<meta name=\"author\" content=\"admin\" \/>\n<meta name=\"twitter:card\" content=\"summary_large_image\" \/>\n<meta name=\"twitter:label1\" content=\"Escrito por\" \/>\n\t<meta name=\"twitter:data1\" content=\"admin\" \/>\n\t<meta name=\"twitter:label2\" content=\"Est. tempo de leitura\" \/>\n\t<meta name=\"twitter:data2\" content=\"2 minutos\" \/>\n<script type=\"application\/ld+json\" class=\"yoast-schema-graph\">{\"@context\":\"https:\/\/schema.org\",\"@graph\":[{\"@type\":\"Article\",\"@id\":\"https:\/\/bahiaeconomica.com.br\/wp\/2022\/10\/26\/mercadao-da-bahia-promove-bailinho-de-halloween-neste-sabado\/#article\",\"isPartOf\":{\"@id\":\"https:\/\/bahiaeconomica.com.br\/wp\/2022\/10\/26\/mercadao-da-bahia-promove-bailinho-de-halloween-neste-sabado\/\"},\"author\":{\"name\":\"admin\",\"@id\":\"https:\/\/bahiaeconomica.com.br\/wp\/#\/schema\/person\/cb1ab5ba96ad3d9390805381c76284ec\"},\"headline\":\"MERCAD\u00c3O DA BAHIA PROMOVE \u2018BAILINHO DE HALLOWEEN\u2019 NESTE S\u00c1BADO\",\"datePublished\":\"2022-10-26T13:10:54+00:00\",\"dateModified\":\"2022-10-26T13:11:54+00:00\",\"mainEntityOfPage\":{\"@id\":\"https:\/\/bahiaeconomica.com.br\/wp\/2022\/10\/26\/mercadao-da-bahia-promove-bailinho-de-halloween-neste-sabado\/\"},\"wordCount\":313,\"publisher\":{\"@id\":\"https:\/\/bahiaeconomica.com.br\/wp\/#organization\"},\"articleSection\":[\"ECONOMIA \/ POL\u00cdTICA\"],\"inLanguage\":\"pt-BR\"},{\"@type\":\"WebPage\",\"@id\":\"https:\/\/bahiaeconomica.com.br\/wp\/2022\/10\/26\/mercadao-da-bahia-promove-bailinho-de-halloween-neste-sabado\/\",\"url\":\"https:\/\/bahiaeconomica.com.br\/wp\/2022\/10\/26\/mercadao-da-bahia-promove-bailinho-de-halloween-neste-sabado\/\",\"name\":\"MERCAD\u00c3O DA BAHIA PROMOVE \u2018BAILINHO DE HALLOWEEN\u2019 NESTE S\u00c1BADO - Bahia Economica\",\"isPartOf\":{\"@id\":\"https:\/\/bahiaeconomica.com.br\/wp\/#website\"},\"datePublished\":\"2022-10-26T13:10:54+00:00\",\"dateModified\":\"2022-10-26T13:11:54+00:00\",\"description\":\"O maior portal de Economia da Bahia ECONOMIA \/ POL\u00cdTICA Bahia Economica\",\"breadcrumb\":{\"@id\":\"https:\/\/bahiaeconomica.com.br\/wp\/2022\/10\/26\/mercadao-da-bahia-promove-bailinho-de-halloween-neste-sabado\/#breadcrumb\"},\"inLanguage\":\"pt-BR\",\"potentialAction\":[{\"@type\":\"ReadAction\",\"target\":[\"https:\/\/bahiaeconomica.com.br\/wp\/2022\/10\/26\/mercadao-da-bahia-promove-bailinho-de-halloween-neste-sabado\/\"]}]},{\"@type\":\"BreadcrumbList\",\"@id\":\"https:\/\/bahiaeconomica.com.br\/wp\/2022\/10\/26\/mercadao-da-bahia-promove-bailinho-de-halloween-neste-sabado\/#breadcrumb\",\"itemListElement\":[{\"@type\":\"ListItem\",\"position\":1,\"name\":\"In\u00edcio\",\"item\":\"https:\/\/bahiaeconomica.com.br\/wp\/\"},{\"@type\":\"ListItem\",\"position\":2,\"name\":\"MERCAD\u00c3O DA BAHIA PROMOVE \u2018BAILINHO DE HALLOWEEN\u2019 NESTE S\u00c1BADO\"}]},{\"@type\":\"WebSite\",\"@id\":\"https:\/\/bahiaeconomica.com.br\/wp\/#website\",\"url\":\"https:\/\/bahiaeconomica.com.br\/wp\/\",\"name\":\"Bahia Economica\",\"description\":\"O maior portal de Economia da Bahia\",\"publisher\":{\"@id\":\"https:\/\/bahiaeconomica.com.br\/wp\/#organization\"},\"potentialAction\":[{\"@type\":\"SearchAction\",\"target\":{\"@type\":\"EntryPoint\",\"urlTemplate\":\"https:\/\/bahiaeconomica.com.br\/wp\/?s={search_term_string}\"},\"query-input\":\"required name=search_term_string\"}],\"inLanguage\":\"pt-BR\"},{\"@type\":\"Organization\",\"@id\":\"https:\/\/bahiaeconomica.com.br\/wp\/#organization\",\"name\":\"Bahia Econ\u00f4mica\",\"url\":\"https:\/\/bahiaeconomica.com.br\/wp\/\",\"logo\":{\"@type\":\"ImageObject\",\"inLanguage\":\"pt-BR\",\"@id\":\"https:\/\/bahiaeconomica.com.br\/wp\/#\/schema\/logo\/image\/\",\"url\":\"https:\/\/bahiaeconomica.com.br\/wp\/wp-content\/uploads\/2020\/12\/cropped-BE.png\",\"contentUrl\":\"https:\/\/bahiaeconomica.com.br\/wp\/wp-content\/uploads\/2020\/12\/cropped-BE.png\",\"width\":512,\"height\":512,\"caption\":\"Bahia Econ\u00f4mica\"},\"image\":{\"@id\":\"https:\/\/bahiaeconomica.com.br\/wp\/#\/schema\/logo\/image\/\"},\"sameAs\":[\"https:\/\/www.facebook.com\/bahiaeconomica\"]},{\"@type\":\"Person\",\"@id\":\"https:\/\/bahiaeconomica.com.br\/wp\/#\/schema\/person\/cb1ab5ba96ad3d9390805381c76284ec\",\"name\":\"admin\",\"url\":\"https:\/\/bahiaeconomica.com.br\/wp\/author\/admin\/\"}]}<\/script>\n<!-- \/ Yoast SEO plugin. -->","yoast_head_json":{"title":"MERCAD\u00c3O DA BAHIA PROMOVE \u2018BAILINHO DE HALLOWEEN\u2019 NESTE S\u00c1BADO - Bahia Economica","description":"O maior portal de Economia da Bahia ECONOMIA \/ POL\u00cdTICA Bahia Economica","robots":{"index":"index","follow":"follow","max-snippet":"max-snippet:-1","max-image-preview":"max-image-preview:large","max-video-preview":"max-video-preview:-1"},"canonical":"https:\/\/bahiaeconomica.com.br\/wp\/2022\/10\/26\/mercadao-da-bahia-promove-bailinho-de-halloween-neste-sabado\/","og_locale":"pt_BR","og_type":"article","og_title":"MERCAD\u00c3O DA BAHIA PROMOVE \u2018BAILINHO DE HALLOWEEN\u2019 NESTE S\u00c1BADO - Bahia Economica","og_description":"O maior portal de Economia da Bahia ECONOMIA \/ POL\u00cdTICA Bahia Economica","og_url":"https:\/\/bahiaeconomica.com.br\/wp\/2022\/10\/26\/mercadao-da-bahia-promove-bailinho-de-halloween-neste-sabado\/","og_site_name":"Bahia Economica","article_publisher":"https:\/\/www.facebook.com\/bahiaeconomica","article_published_time":"2022-10-26T13:10:54+00:00","article_modified_time":"2022-10-26T13:11:54+00:00","og_image":[{"width":1066,"height":1051,"url":"https:\/\/bahiaeconomica.com.br\/wp\/wp-content\/uploads\/2022\/10\/WhatsApp-Image-2022-10-26-at-10.00.46.jpeg","type":"image\/jpeg"}],"author":"admin","twitter_card":"summary_large_image","twitter_misc":{"Escrito por":"admin","Est. tempo de leitura":"2 minutos"},"schema":{"@context":"https:\/\/schema.org","@graph":[{"@type":"Article","@id":"https:\/\/bahiaeconomica.com.br\/wp\/2022\/10\/26\/mercadao-da-bahia-promove-bailinho-de-halloween-neste-sabado\/#article","isPartOf":{"@id":"https:\/\/bahiaeconomica.com.br\/wp\/2022\/10\/26\/mercadao-da-bahia-promove-bailinho-de-halloween-neste-sabado\/"},"author":{"name":"admin","@id":"https:\/\/bahiaeconomica.com.br\/wp\/#\/schema\/person\/cb1ab5ba96ad3d9390805381c76284ec"},"headline":"MERCAD\u00c3O DA BAHIA PROMOVE \u2018BAILINHO DE HALLOWEEN\u2019 NESTE S\u00c1BADO","datePublished":"2022-10-26T13:10:54+00:00","dateModified":"2022-10-26T13:11:54+00:00","mainEntityOfPage":{"@id":"https:\/\/bahiaeconomica.com.br\/wp\/2022\/10\/26\/mercadao-da-bahia-promove-bailinho-de-halloween-neste-sabado\/"},"wordCount":313,"publisher":{"@id":"https:\/\/bahiaeconomica.com.br\/wp\/#organization"},"articleSection":["ECONOMIA \/ POL\u00cdTICA"],"inLanguage":"pt-BR"},{"@type":"WebPage","@id":"https:\/\/bahiaeconomica.com.br\/wp\/2022\/10\/26\/mercadao-da-bahia-promove-bailinho-de-halloween-neste-sabado\/","url":"https:\/\/bahiaeconomica.com.br\/wp\/2022\/10\/26\/mercadao-da-bahia-promove-bailinho-de-halloween-neste-sabado\/","name":"MERCAD\u00c3O DA BAHIA PROMOVE \u2018BAILINHO DE HALLOWEEN\u2019 NESTE S\u00c1BADO - Bahia Economica","isPartOf":{"@id":"https:\/\/bahiaeconomica.com.br\/wp\/#website"},"datePublished":"2022-10-26T13:10:54+00:00","dateModified":"2022-10-26T13:11:54+00:00","description":"O maior portal de Economia da Bahia ECONOMIA \/ POL\u00cdTICA Bahia Economica","breadcrumb":{"@id":"https:\/\/bahiaeconomica.com.br\/wp\/2022\/10\/26\/mercadao-da-bahia-promove-bailinho-de-halloween-neste-sabado\/#breadcrumb"},"inLanguage":"pt-BR","potentialAction":[{"@type":"ReadAction","target":["https:\/\/bahiaeconomica.com.br\/wp\/2022\/10\/26\/mercadao-da-bahia-promove-bailinho-de-halloween-neste-sabado\/"]}]},{"@type":"BreadcrumbList","@id":"https:\/\/bahiaeconomica.com.br\/wp\/2022\/10\/26\/mercadao-da-bahia-promove-bailinho-de-halloween-neste-sabado\/#breadcrumb","itemListElement":[{"@type":"ListItem","position":1,"name":"In\u00edcio","item":"https:\/\/bahiaeconomica.com.br\/wp\/"},{"@type":"ListItem","position":2,"name":"MERCAD\u00c3O DA BAHIA PROMOVE \u2018BAILINHO DE HALLOWEEN\u2019 NESTE S\u00c1BADO"}]},{"@type":"WebSite","@id":"https:\/\/bahiaeconomica.com.br\/wp\/#website","url":"https:\/\/bahiaeconomica.com.br\/wp\/","name":"Bahia Economica","description":"O maior portal de Economia da Bahia","publisher":{"@id":"https:\/\/bahiaeconomica.com.br\/wp\/#organization"},"potentialAction":[{"@type":"SearchAction","target":{"@type":"EntryPoint","urlTemplate":"https:\/\/bahiaeconomica.com.br\/wp\/?s={search_term_string}"},"query-input":"required name=search_term_string"}],"inLanguage":"pt-BR"},{"@type":"Organization","@id":"https:\/\/bahiaeconomica.com.br\/wp\/#organization","name":"Bahia Econ\u00f4mica","url":"https:\/\/bahiaeconomica.com.br\/wp\/","logo":{"@type":"ImageObject","inLanguage":"pt-BR","@id":"https:\/\/bahiaeconomica.com.br\/wp\/#\/schema\/logo\/image\/","url":"https:\/\/bahiaeconomica.com.br\/wp\/wp-content\/uploads\/2020\/12\/cropped-BE.png","contentUrl":"https:\/\/bahiaeconomica.com.br\/wp\/wp-content\/uploads\/2020\/12\/cropped-BE.png","width":512,"height":512,"caption":"Bahia Econ\u00f4mica"},"image":{"@id":"https:\/\/bahiaeconomica.com.br\/wp\/#\/schema\/logo\/image\/"},"sameAs":["https:\/\/www.facebook.com\/bahiaeconomica"]},{"@type":"Person","@id":"https:\/\/bahiaeconomica.com.br\/wp\/#\/schema\/person\/cb1ab5ba96ad3d9390805381c76284ec","name":"admin","url":"https:\/\/bahiaeconomica.com.br\/wp\/author\/admin\/"}]}},"views":3,"_links":{"self":[{"href":"https:\/\/bahiaeconomica.com.br\/wp\/wp-json\/wp\/v2\/posts\/697962"}],"collection":[{"href":"https:\/\/bahiaeconomica.com.br\/wp\/wp-json\/wp\/v2\/posts"}],"about":[{"href":"https:\/\/bahiaeconomica.com.br\/wp\/wp-json\/wp\/v2\/types\/post"}],"author":[{"embeddable":true,"href":"https:\/\/bahiaeconomica.com.br\/wp\/wp-json\/wp\/v2\/users\/1"}],"replies":[{"embeddable":true,"href":"https:\/\/bahiaeconomica.com.br\/wp\/wp-json\/wp\/v2\/comments?post=697962"}],"version-history":[{"count":1,"href":"https:\/\/bahiaeconomica.com.br\/wp\/wp-json\/wp\/v2\/posts\/697962\/revisions"}],"predecessor-version":[{"id":697964,"href":"https:\/\/bahiaeconomica.com.br\/wp\/wp-json\/wp\/v2\/posts\/697962\/revisions\/697964"}],"wp:featuredmedia":[{"embeddable":true,"href":"https:\/\/bahiaeconomica.com.br\/wp\/wp-json\/wp\/v2\/media\/697963"}],"wp:attachment":[{"href":"https:\/\/bahiaeconomica.com.br\/wp\/wp-json\/wp\/v2\/media?parent=697962"}],"wp:term":[{"taxonomy":"category","embeddable":true,"href":"https:\/\/bahiaeconomica.com.br\/wp\/wp-json\/wp\/v2\/categories?post=697962"},{"taxonomy":"post_tag","embeddable":true,"href":"https:\/\/bahiaeconomica.com.br\/wp\/wp-json\/wp\/v2\/tags?post=697962"}],"curies":[{"name":"wp","href":"https:\/\/api.w.org\/{rel}","templated":true}]}}