{"id":697892,"date":"2022-10-26T08:28:22","date_gmt":"2022-10-26T11:28:22","guid":{"rendered":"https:\/\/bahiaeconomica.com.br\/wp\/beta\/?p=697892"},"modified":"2022-10-26T08:28:25","modified_gmt":"2022-10-26T11:28:25","slug":"confira-os-postos-de-vacinacao-contra-covid-19-nesta-quarta-26","status":"publish","type":"post","link":"https:\/\/bahiaeconomica.com.br\/wp\/2022\/10\/26\/confira-os-postos-de-vacinacao-contra-covid-19-nesta-quarta-26\/","title":{"rendered":"CONFIRA OS POSTOS DE VACINA\u00c7\u00c3O CONTRA COVID-19 NESTA QUARTA (26)"},"content":{"rendered":"\n<p>A vacina\u00e7\u00e3o contra a Covid-19 em Salvador segue com pontos fixos e drive-thrus nesta quarta-feira (26), das 8h \u00e0s 16h. A estrat\u00e9gia contempla o \u201cLiberou Geral\u201d para a aplica\u00e7\u00e3o da 1\u00aa \u00e0 4\u00aa dose para pessoas a partir de 18 anos, residente em qualquer cidade da Bahia. <\/p>\n\n\n\n<!--more-->\n\n\n\n<p>O \u00fanico requisito \u00e9 ter o Cart\u00e3o SUS vinculado a algum munic\u00edpio baiano. A 4\u00aa dose para imunossupressos com 12 anos ou mais segue exclusivamente para os cidad\u00e3os que estejam com nome na lista da Secretaria Municipal da Sa\u00fade (SMS), dispon\u00edvel no site www. saude. salvador. ba. gov. br .<\/p>\n\n\n\n<p>Tamb\u00e9m devem estar com o nome na lista todos aqueles pertencentes aos grupos n\u00e3o inclu\u00eddos na estrat\u00e9gia \u201cLiberou Geral\u201d. A vacina\u00e7\u00e3o prossegue para crian\u00e7as entre 3 e 12 anos em institui\u00e7\u00f5es de ensino da capital. A imuniza\u00e7\u00e3o tamb\u00e9m segue para os indiv\u00edduos com 18 anos ou mais vacinados com a Janssen no esquema prim\u00e1rio. Ou seja, de acordo com a determina\u00e7\u00e3o prevista pela Nota T\u00e9cnica N\u00ba 177\/2022 &#8211; Minist\u00e9rio da Sa\u00fade, as pessoas que tomaram a segunda dose do imunizante da Johnson &amp; Johnson no intervalo de quatro meses est\u00e3o aptas a receber a 3\u00aa dose do imunizante. A recomenda\u00e7\u00e3o do Minist\u00e9rio da Sa\u00fade \u00e9 que sejam usadas as vacinas AstraZeneca, Pfizer ou Janssen como segundo refor\u00e7o (3\u00aa dose).<\/p>\n\n\n\n<p>DOCUMENTOS:<\/p>\n\n\n\n<p>Pessoas com 18 anos ou mais \u2013 \u201cLiberou Geral\u201d: Ter o Cart\u00e3o SUS vinculado a algum munic\u00edpio do estado e apresentar o cart\u00e3o de vacina f\u00edsico ou digital (ConectSUS) atualizado, al\u00e9m de original e c\u00f3pia do documento de identifica\u00e7\u00e3o com foto e do comprovante de resid\u00eancia.<\/p>\n\n\n\n<p>Pessoas com 18 anos ou mais residentes em Salvador: Apresentar o cart\u00e3o de vacina e um documento de identidade com foto.<\/p>\n\n\n\n<p>Crian\u00e7a ou adolescente acompanhado pelo pai ou m\u00e3e: \u00c9 necess\u00e1rio estar com nome no site da SMS e, no ato da vacina\u00e7\u00e3o, apresentar original e c\u00f3pia do documento de identifica\u00e7\u00e3o com foto do pai ou da m\u00e3e que estiver presente, original e c\u00f3pia do documento de identifica\u00e7\u00e3o da crian\u00e7a\/adolescente, e originais da caderneta de vacina e Cart\u00e3o SUS de Salvador da crian\u00e7a\/adolescente.<\/p>\n\n\n\n<p>Crian\u00e7a ou adolescente desacompanhado do pai ou da m\u00e3e: \u00c9 necess\u00e1rio estar com o nome no site e, no ato da vacina\u00e7\u00e3o, estar acompanhada por outra pessoa maior de 18 anos. Al\u00e9m disso, dever\u00e1 ser apresentado o Formul\u00e1rio de Vacina\u00e7\u00e3o preenchido e assinado pelo genitor da crian\u00e7a (pai ou m\u00e3e), c\u00f3pia do documento de identifica\u00e7\u00e3o com foto do respons\u00e1vel pela assinatura no documento, mais original e c\u00f3pia do documento de identifica\u00e7\u00e3o da crian\u00e7a\/adolescente, al\u00e9m dos originais da caderneta de vacina e do Cart\u00e3o SUS de Salvador da crian\u00e7a\/adolescente. O Formul\u00e1rio de Vacina est\u00e1 dispon\u00edvel para impress\u00e3o no site da SMS.<\/p>\n\n\n\n<p>Os casos excepcionais relacionados \u00e0 falta de apresenta\u00e7\u00e3o da documenta\u00e7\u00e3o completa ser\u00e3o tratados individualmente no pr\u00f3prio ato\/local da vacina\u00e7\u00e3o, como vem ocorrendo desde o in\u00edcio da estrat\u00e9gia.<\/p>\n\n\n\n<p>APRAZAMENTOS DESTA QUARTA (26):<\/p>\n\n\n\n<p>*2\u00aa DOSE \u2013 CORONAVAC: CRIAN\u00c7AS E ADOLESCENTES DE 3 A 17 ANOS \u2013 QUE TOMARAM A 1\u00aa DOSE AT\u00c9 O DIA 29\/9\/2022<\/p>\n\n\n\n<p>*2\u00aa DOSE \u2013 PFIZER PEDI\u00c1TRICA: CRIAN\u00c7AS DE 5 A 11 ANOS QUE TOMARAM A 1\u00aa DOSE AT\u00c9 O DIA 1\u00ba\/9\/2022<\/p>\n\n\n\n<p>*2\u00aa DOSE \u2013 CORONAVAC: APRAZADOS AT\u00c9 26\/10\/2022 \u2013 LIBEROU GERAL<\/p>\n\n\n\n<p>*2\u00aa DOSE \u2013 JANSSEN: PARA QUEM TOMOU A 1\u00aa DOSE\/DOSE \u00daNICA DA JANSSEN AT\u00c9 A DATA DE 25\/8\/2022<\/p>\n\n\n\n<p>*2\u00aa DOSE \u2013 OXFORD: APRAZADOS AT\u00c9 21\/11\/2022<\/p>\n\n\n\n<p>*2\u00aa DOSE &#8211; PFIZER: PESSOAS DE 12 ANOS OU MAIS APRAZADAS AT\u00c9 21\/11\/2022 \u2013 LIBEROU GERAL<\/p>\n\n\n\n<p>*2\u00aa DOSE: GESTANTES E PU\u00c9RPERAS APRAZADAS AT\u00c9 21\/11\/2022<\/p>\n\n\n\n<p>*3\u00aa DOSE: PESSOAS DE 12 A 17 ANOS QUE TOMARAM A 2\u00aa DOSE AT\u00c9 O DIA 27\/6\/2022<\/p>\n\n\n\n<p>*3\u00aa DOSE: PESSOAS DE 18 ANOS OU MAIS QUE TOMARAM A 2\u00aa DOSE AT\u00c9 O DIA 27\/6\/2022 \u2013 LIBEROU GERAL<\/p>\n\n\n\n<p>*3\u00aa DOSE &#8211; PFIZER: IMUNOSSUPRIMIDOS COM 12 ANOS OU MAIS QUE TOMARAM A 2\u00aa DOSE AT\u00c9 O DIA 30\/8\/2022<\/p>\n\n\n\n<p>*3\u00aa DOSE: GESTANTES E PU\u00c9RPERAS QUE TOMARAM A 2\u00aa DOSE AT\u00c9 O DIA 24\/5\/2022<\/p>\n\n\n\n<p>*4\u00aa DOSE: PESSOAS COM 18 ANOS OU MAIS QUE TOMARAM A 3\u00aa DOSE AT\u00c9 O DIA 28\/6\/2022 &#8211; LIBEROU GERAL<\/p>\n\n\n\n<p>*4\u00aa DOSE \u2013 IMUNOSSUPRIMIDOS COM 12 ANOS OU MAIS QUE TOMARAM A 3\u00aa DOSE AT\u00c9 O DIA 28\/6\/2022<\/p>\n\n\n\n<p>POSTOS:<\/p>\n\n\n\n<p>1\u00aa DOSE DE CRIAN\u00c7AS DE 5 A 11 ANOS E 2\u00aa DOSE DA PFIZER PEDI\u00c1TRICA DE CRIAN\u00c7AS DE 5 A 11 ANOS (INCLUINDO IMUNOSSUPRIMIDAS)<\/p>\n\n\n\n<p>Fotos: UBS P\u00e9ricles Cardoso (Barbalho), USF Gamboa, UBS Virg\u00edlio Carvalho (Bonfim), USF Capelinha, USF Lealdina Barros (Vale da Muri\u00e7oca), USF Menino Joel (Nordeste de Amaralina), UBS Pires da Veiga (Pau da Lima), UBS Cecy Andrade (Castelo Branco), USF Jo\u00e3o Roma Filho (Jardim Nova Esperan\u00e7a), USF Cajazeiras IV, UBS Jos\u00e9 Mariane (Itapu\u00e3), CSU Pernambu\u00e9s, Multicentro Liberdade, USF Curralinho, UBS Manoel Victorino (Brotas), UBS S\u00e9rgio Arouca (Paripe), USF Bom Jesus dos Passos, USF Ilha de Mar\u00e9 e USF Paramana.<\/p>\n\n\n\n<p>OBS: De acordo com a Nota T\u00e9cnica N\u00ba 2\/2022-SECOVID\/GAB\/SECOVID\/MS, as crian\u00e7as com 11 anos que iniciaram o esquema vacinal com a vacina Pfizer pedi\u00e1trica, mas que, entre a primeira e a segunda dose, completaram 12 anos, dever\u00e3o completar o esquema com o imunizante da Pfizer pedi\u00e1trica.<\/p>\n\n\n\n<p>1\u00aa DOSE &#8211; CORONAVAC PEDI\u00c1TRICA: CRIAN\u00c7AS DE 3 E 4 ANOS (INCLUINDO IMUNOSSUPRIMIDAS)<\/p>\n\n\n\n<p>Postos fixos: USF Lealdina Barros (Vale da Muri\u00e7oca), CSU Pernambu\u00e9s, UBS Sergio Arouca (Paripe), USF Bom Jesus dos Passos, USF Ilha de Mar\u00e9 e USF Paramana.<\/p>\n\n\n\n<p>2\u00aa DOSE \u2013 CORONAVAC PEDI\u00c1TRICA: CRIAN\u00c7AS DE 3 A 11 ANOS (INCLUINDO IMUNOSSUPRIMIDAS)<\/p>\n\n\n\n<p>Postos fixos: USF Lealdina Barros (Vale da Muri\u00e7oca), USF Menino Joel (Nordeste de Amaralina), USF Curralinho, UBS Cosme de Farias, UBS Manoel Victorino (Brotas), CSU Pernambu\u00e9s, USF Cajazeiras V, USF Cajazeiras XI, UBS P\u00e9ricles Cardoso (Barbalho), USF Gamboa, UBS Virg\u00edlio Carvalho (Bonfim), USF Joanes Centro Oeste, UBS Jos\u00e9 Mariane (Itapu\u00e3), USF Mussurunga I, UBS Maria Concei\u00e7\u00e3o Imbassahy (Pau Mi\u00fado), Multicentro Liberdade, UBS Cecy Andrade (Castelo Branco), USF Jo\u00e3o Roma Filho (Jardim Nova Esperan\u00e7a), USF Luiz Braga (Piraj\u00e1), UBS Sergio Arouca (Paripe), USF S\u00e3o Tom\u00e9 de Paripe, USF Colinas de Periperi, USF Alto da Terezinha, USF Beira Mangue, USF Bom Jesus dos Passos, USF Ilha de Mar\u00e9 e USF Paramana.<\/p>\n\n\n\n<p>2\u00aa DOSE \u2013 CORONAVAC PEDI\u00c1TRICA: CRIAN\u00c7AS DE 3 A 11 ANOS (INCLUINDO IMUNOSSUPRIMIDAS)<\/p>\n\n\n\n<p>Postos fixos: USF Lealdina Barros (Vale da Muri\u00e7oca), USF Curralinho, UBS Cosme de Farias, CSU Pernambu\u00e9s, USF Cajazeiras V, UBS P\u00e9ricles Esteves Cardoso (Barbalho), UBS Virg\u00edlio Carvalho (Bonfim), USF Mussurunga I, UBS Maria Concei\u00e7\u00e3o Santiago Imbassahy (Pau Mi\u00fado), USF Jo\u00e3o Roma Filho (Jardim Nova Esperan\u00e7a), USF Deputado Luiz Braga (Piraj\u00e1) e UBS S\u00e9rgio Arouca (Paripe).<\/p>\n\n\n\n<p>VACINA\u00c7\u00c3O ADULTO \u2013 1\u00aa, 2\u00aa, 3\u00aa E 4\u00aa DOSES (EXCETO 2\u00aa DOSE DA CORONAVAC E DA JANSSEN)<\/p>\n\n\n\n<p>Drive-thrus: 5\u00ba Centro de Sa\u00fade (Barris), Shopping Bela Vista (9h \u00e0s 16h), Vila Militar (Dendezeiros) e Atakad\u00e3o Atakarejo (Fazenda Coutos).<\/p>\n\n\n\n<p>Ponto fixo: Shopping Bela Vista (9h \u00e0s 16h).<\/p>\n\n\n\n<p>Pontos exclusivos 3\u00aa e 4\u00aa doses: Home Center Ferreira Costa (Paralela) e Esta\u00e7\u00e3o Mussurunga.<\/p>\n\n\n\n<p>Postos fixos: 5\u00ba Centro de Sa\u00fade (Barris), UBS Santa Cruz (8h \u00e0s 14h30), USF Federa\u00e7\u00e3o, USF Menino Joel (Nordeste de Amaralina), USF Alto das Pombas, USF Sabino Silva (Nordeste de Amaralina), USF Lealdina Barros (Vale da Muri\u00e7oca), USF Imbu\u00ed, USF Curralinho, USF M\u00e1rio Andr\u00e9a (Sete Portas), USF Santa Luzia (Engenho Velho de Brotas), USF Vale do Matatu, USF Sussuarana I, USF Nova Sussuarana, USF Cajazeiras X, USF Boca da Mata, USF Yolanda Pires, USF Cajazeiras V, USF Cajazeiras XI, USF Jardim das Mangabeiras, UBS Ramiro de Azevedo (Campo da P\u00f3lvora), USF Terreiro de Jesus, UBS Ministro Alkimin (Massaranduba), USF Joanes Leste, USF Joanes Centro Oeste, USF Alto do Coqueirinho, USF Km 17, UBS Eduardo Mamede (Mussurunga), USF Parque S\u00e3o Crist\u00f3v\u00e3o, USF Jardim Campo Verde, USF Cora\u00e7\u00e3o de Maria, USF Aristides Maltez, USF Ceasa I e II, USF Itapu\u00e3, USF Jardim das Margaridas, UBS Orlando Imbassahy (Bairro da Paz), USF Vila Verde, USF S\u00e3o Crist\u00f3v\u00e3o, USF Mussurunga I, UBS S\u00e3o Crist\u00f3v\u00e3o, USF Nova Esperan\u00e7a, USF IAPI, USF San Martim I,\u00a0 USF San Martim III, UBS Cecy Andrade (Castelo Branco), USF Vila Nova de Pitua\u00e7u, USF Nova Bras\u00edlia, USF Dom Avelar, UBS Vale dos Lagos, USF Boa Vista de S\u00e3o Caetano, USF Alto do Peru, USF Recanto da Lagoa II, USF San Martim II, USF Antonio Lazzarotto (Plataforma), USF Alto do Cabrito, UBS P\u00e9ricles Laranjeiras (Fazenda Grande do Retiro), USF Vista Alegre, USF Itacaranha, USF Alto de Coutos II, USF Plataforma, USF Tubar\u00e3o, USF Alto do Cruzeiro, USF Nova Constituinte, USF Congo, USF Fazenda Coutos III, UBS Periperi, USF Bom Jesus dos Passos, USF Ilha de Mar\u00e9 e USF Paramana.<\/p>\n\n\n\n<p>Foto: Valter Pontes\/Secom<\/p>\n","protected":false},"excerpt":{"rendered":"<p>A vacina\u00e7\u00e3o contra a Covid-19 em Salvador segue com pontos fixos e drive-thrus nesta quarta-feira (26), das 8h \u00e0s 16h. A estrat\u00e9gia contempla o \u201cLiberou Geral\u201d para a aplica\u00e7\u00e3o da 1\u00aa \u00e0 4\u00aa dose para pessoas a partir de 18 anos, residente em qualquer cidade da Bahia.<\/p>\n","protected":false},"author":1,"featured_media":688442,"comment_status":"closed","ping_status":"closed","sticky":false,"template":"","format":"standard","meta":[],"categories":[14,3],"tags":[],"acf":[],"yoast_head":"<!-- This site is optimized with the Yoast SEO plugin v20.8 - https:\/\/yoast.com\/wordpress\/plugins\/seo\/ -->\n<title>CONFIRA OS POSTOS DE VACINA\u00c7\u00c3O CONTRA COVID-19 NESTA QUARTA (26) - Bahia Economica<\/title>\n<meta name=\"description\" content=\"O maior portal de Economia da Bahia DESTAQUE DO DIA, ECONOMIA \/ POL\u00cdTICA Bahia Economica\" \/>\n<meta name=\"robots\" content=\"index, follow, max-snippet:-1, max-image-preview:large, max-video-preview:-1\" \/>\n<link rel=\"canonical\" href=\"https:\/\/bahiaeconomica.com.br\/wp\/2022\/10\/26\/confira-os-postos-de-vacinacao-contra-covid-19-nesta-quarta-26\/\" \/>\n<meta property=\"og:locale\" content=\"pt_BR\" \/>\n<meta property=\"og:type\" content=\"article\" \/>\n<meta property=\"og:title\" content=\"CONFIRA OS POSTOS DE VACINA\u00c7\u00c3O CONTRA COVID-19 NESTA QUARTA (26) - Bahia Economica\" \/>\n<meta property=\"og:description\" content=\"O maior portal de Economia da Bahia DESTAQUE DO DIA, ECONOMIA \/ POL\u00cdTICA Bahia Economica\" \/>\n<meta property=\"og:url\" content=\"https:\/\/bahiaeconomica.com.br\/wp\/2022\/10\/26\/confira-os-postos-de-vacinacao-contra-covid-19-nesta-quarta-26\/\" \/>\n<meta property=\"og:site_name\" content=\"Bahia Economica\" \/>\n<meta property=\"article:publisher\" content=\"https:\/\/www.facebook.com\/bahiaeconomica\" \/>\n<meta property=\"article:published_time\" content=\"2022-10-26T11:28:22+00:00\" \/>\n<meta property=\"article:modified_time\" content=\"2022-10-26T11:28:25+00:00\" \/>\n<meta property=\"og:image\" content=\"https:\/\/bahiaeconomica.com.br\/wp\/wp-content\/uploads\/2022\/08\/vacinacao.jpg\" \/>\n\t<meta property=\"og:image:width\" content=\"600\" \/>\n\t<meta property=\"og:image:height\" content=\"420\" \/>\n\t<meta property=\"og:image:type\" content=\"image\/jpeg\" \/>\n<meta name=\"author\" content=\"admin\" \/>\n<meta name=\"twitter:card\" content=\"summary_large_image\" \/>\n<meta name=\"twitter:label1\" content=\"Escrito por\" \/>\n\t<meta name=\"twitter:data1\" content=\"admin\" \/>\n\t<meta name=\"twitter:label2\" content=\"Est. tempo de leitura\" \/>\n\t<meta name=\"twitter:data2\" content=\"8 minutos\" \/>\n<script type=\"application\/ld+json\" class=\"yoast-schema-graph\">{\"@context\":\"https:\/\/schema.org\",\"@graph\":[{\"@type\":\"Article\",\"@id\":\"https:\/\/bahiaeconomica.com.br\/wp\/2022\/10\/26\/confira-os-postos-de-vacinacao-contra-covid-19-nesta-quarta-26\/#article\",\"isPartOf\":{\"@id\":\"https:\/\/bahiaeconomica.com.br\/wp\/2022\/10\/26\/confira-os-postos-de-vacinacao-contra-covid-19-nesta-quarta-26\/\"},\"author\":{\"name\":\"admin\",\"@id\":\"https:\/\/bahiaeconomica.com.br\/wp\/#\/schema\/person\/cb1ab5ba96ad3d9390805381c76284ec\"},\"headline\":\"CONFIRA OS POSTOS DE VACINA\u00c7\u00c3O CONTRA COVID-19 NESTA QUARTA (26)\",\"datePublished\":\"2022-10-26T11:28:22+00:00\",\"dateModified\":\"2022-10-26T11:28:25+00:00\",\"mainEntityOfPage\":{\"@id\":\"https:\/\/bahiaeconomica.com.br\/wp\/2022\/10\/26\/confira-os-postos-de-vacinacao-contra-covid-19-nesta-quarta-26\/\"},\"wordCount\":1452,\"publisher\":{\"@id\":\"https:\/\/bahiaeconomica.com.br\/wp\/#organization\"},\"articleSection\":[\"DESTAQUE DO DIA\",\"ECONOMIA \/ POL\u00cdTICA\"],\"inLanguage\":\"pt-BR\"},{\"@type\":\"WebPage\",\"@id\":\"https:\/\/bahiaeconomica.com.br\/wp\/2022\/10\/26\/confira-os-postos-de-vacinacao-contra-covid-19-nesta-quarta-26\/\",\"url\":\"https:\/\/bahiaeconomica.com.br\/wp\/2022\/10\/26\/confira-os-postos-de-vacinacao-contra-covid-19-nesta-quarta-26\/\",\"name\":\"CONFIRA OS POSTOS DE VACINA\u00c7\u00c3O CONTRA COVID-19 NESTA QUARTA (26) - Bahia Economica\",\"isPartOf\":{\"@id\":\"https:\/\/bahiaeconomica.com.br\/wp\/#website\"},\"datePublished\":\"2022-10-26T11:28:22+00:00\",\"dateModified\":\"2022-10-26T11:28:25+00:00\",\"description\":\"O maior portal de Economia da Bahia DESTAQUE DO DIA, ECONOMIA \/ POL\u00cdTICA Bahia Economica\",\"breadcrumb\":{\"@id\":\"https:\/\/bahiaeconomica.com.br\/wp\/2022\/10\/26\/confira-os-postos-de-vacinacao-contra-covid-19-nesta-quarta-26\/#breadcrumb\"},\"inLanguage\":\"pt-BR\",\"potentialAction\":[{\"@type\":\"ReadAction\",\"target\":[\"https:\/\/bahiaeconomica.com.br\/wp\/2022\/10\/26\/confira-os-postos-de-vacinacao-contra-covid-19-nesta-quarta-26\/\"]}]},{\"@type\":\"BreadcrumbList\",\"@id\":\"https:\/\/bahiaeconomica.com.br\/wp\/2022\/10\/26\/confira-os-postos-de-vacinacao-contra-covid-19-nesta-quarta-26\/#breadcrumb\",\"itemListElement\":[{\"@type\":\"ListItem\",\"position\":1,\"name\":\"In\u00edcio\",\"item\":\"https:\/\/bahiaeconomica.com.br\/wp\/\"},{\"@type\":\"ListItem\",\"position\":2,\"name\":\"CONFIRA OS POSTOS DE VACINA\u00c7\u00c3O CONTRA COVID-19 NESTA QUARTA (26)\"}]},{\"@type\":\"WebSite\",\"@id\":\"https:\/\/bahiaeconomica.com.br\/wp\/#website\",\"url\":\"https:\/\/bahiaeconomica.com.br\/wp\/\",\"name\":\"Bahia Economica\",\"description\":\"O maior portal de Economia da Bahia\",\"publisher\":{\"@id\":\"https:\/\/bahiaeconomica.com.br\/wp\/#organization\"},\"potentialAction\":[{\"@type\":\"SearchAction\",\"target\":{\"@type\":\"EntryPoint\",\"urlTemplate\":\"https:\/\/bahiaeconomica.com.br\/wp\/?s={search_term_string}\"},\"query-input\":\"required name=search_term_string\"}],\"inLanguage\":\"pt-BR\"},{\"@type\":\"Organization\",\"@id\":\"https:\/\/bahiaeconomica.com.br\/wp\/#organization\",\"name\":\"Bahia Econ\u00f4mica\",\"url\":\"https:\/\/bahiaeconomica.com.br\/wp\/\",\"logo\":{\"@type\":\"ImageObject\",\"inLanguage\":\"pt-BR\",\"@id\":\"https:\/\/bahiaeconomica.com.br\/wp\/#\/schema\/logo\/image\/\",\"url\":\"https:\/\/bahiaeconomica.com.br\/wp\/wp-content\/uploads\/2020\/12\/cropped-BE.png\",\"contentUrl\":\"https:\/\/bahiaeconomica.com.br\/wp\/wp-content\/uploads\/2020\/12\/cropped-BE.png\",\"width\":512,\"height\":512,\"caption\":\"Bahia Econ\u00f4mica\"},\"image\":{\"@id\":\"https:\/\/bahiaeconomica.com.br\/wp\/#\/schema\/logo\/image\/\"},\"sameAs\":[\"https:\/\/www.facebook.com\/bahiaeconomica\"]},{\"@type\":\"Person\",\"@id\":\"https:\/\/bahiaeconomica.com.br\/wp\/#\/schema\/person\/cb1ab5ba96ad3d9390805381c76284ec\",\"name\":\"admin\",\"url\":\"https:\/\/bahiaeconomica.com.br\/wp\/author\/admin\/\"}]}<\/script>\n<!-- \/ Yoast SEO plugin. -->","yoast_head_json":{"title":"CONFIRA OS POSTOS DE VACINA\u00c7\u00c3O CONTRA COVID-19 NESTA QUARTA (26) - Bahia Economica","description":"O maior portal de Economia da Bahia DESTAQUE DO DIA, ECONOMIA \/ POL\u00cdTICA Bahia Economica","robots":{"index":"index","follow":"follow","max-snippet":"max-snippet:-1","max-image-preview":"max-image-preview:large","max-video-preview":"max-video-preview:-1"},"canonical":"https:\/\/bahiaeconomica.com.br\/wp\/2022\/10\/26\/confira-os-postos-de-vacinacao-contra-covid-19-nesta-quarta-26\/","og_locale":"pt_BR","og_type":"article","og_title":"CONFIRA OS POSTOS DE VACINA\u00c7\u00c3O CONTRA COVID-19 NESTA QUARTA (26) - Bahia Economica","og_description":"O maior portal de Economia da Bahia DESTAQUE DO DIA, ECONOMIA \/ POL\u00cdTICA Bahia Economica","og_url":"https:\/\/bahiaeconomica.com.br\/wp\/2022\/10\/26\/confira-os-postos-de-vacinacao-contra-covid-19-nesta-quarta-26\/","og_site_name":"Bahia Economica","article_publisher":"https:\/\/www.facebook.com\/bahiaeconomica","article_published_time":"2022-10-26T11:28:22+00:00","article_modified_time":"2022-10-26T11:28:25+00:00","og_image":[{"width":600,"height":420,"url":"https:\/\/bahiaeconomica.com.br\/wp\/wp-content\/uploads\/2022\/08\/vacinacao.jpg","type":"image\/jpeg"}],"author":"admin","twitter_card":"summary_large_image","twitter_misc":{"Escrito por":"admin","Est. tempo de leitura":"8 minutos"},"schema":{"@context":"https:\/\/schema.org","@graph":[{"@type":"Article","@id":"https:\/\/bahiaeconomica.com.br\/wp\/2022\/10\/26\/confira-os-postos-de-vacinacao-contra-covid-19-nesta-quarta-26\/#article","isPartOf":{"@id":"https:\/\/bahiaeconomica.com.br\/wp\/2022\/10\/26\/confira-os-postos-de-vacinacao-contra-covid-19-nesta-quarta-26\/"},"author":{"name":"admin","@id":"https:\/\/bahiaeconomica.com.br\/wp\/#\/schema\/person\/cb1ab5ba96ad3d9390805381c76284ec"},"headline":"CONFIRA OS POSTOS DE VACINA\u00c7\u00c3O CONTRA COVID-19 NESTA QUARTA (26)","datePublished":"2022-10-26T11:28:22+00:00","dateModified":"2022-10-26T11:28:25+00:00","mainEntityOfPage":{"@id":"https:\/\/bahiaeconomica.com.br\/wp\/2022\/10\/26\/confira-os-postos-de-vacinacao-contra-covid-19-nesta-quarta-26\/"},"wordCount":1452,"publisher":{"@id":"https:\/\/bahiaeconomica.com.br\/wp\/#organization"},"articleSection":["DESTAQUE DO DIA","ECONOMIA \/ POL\u00cdTICA"],"inLanguage":"pt-BR"},{"@type":"WebPage","@id":"https:\/\/bahiaeconomica.com.br\/wp\/2022\/10\/26\/confira-os-postos-de-vacinacao-contra-covid-19-nesta-quarta-26\/","url":"https:\/\/bahiaeconomica.com.br\/wp\/2022\/10\/26\/confira-os-postos-de-vacinacao-contra-covid-19-nesta-quarta-26\/","name":"CONFIRA OS POSTOS DE VACINA\u00c7\u00c3O CONTRA COVID-19 NESTA QUARTA (26) - Bahia Economica","isPartOf":{"@id":"https:\/\/bahiaeconomica.com.br\/wp\/#website"},"datePublished":"2022-10-26T11:28:22+00:00","dateModified":"2022-10-26T11:28:25+00:00","description":"O maior portal de Economia da Bahia DESTAQUE DO DIA, ECONOMIA \/ POL\u00cdTICA Bahia Economica","breadcrumb":{"@id":"https:\/\/bahiaeconomica.com.br\/wp\/2022\/10\/26\/confira-os-postos-de-vacinacao-contra-covid-19-nesta-quarta-26\/#breadcrumb"},"inLanguage":"pt-BR","potentialAction":[{"@type":"ReadAction","target":["https:\/\/bahiaeconomica.com.br\/wp\/2022\/10\/26\/confira-os-postos-de-vacinacao-contra-covid-19-nesta-quarta-26\/"]}]},{"@type":"BreadcrumbList","@id":"https:\/\/bahiaeconomica.com.br\/wp\/2022\/10\/26\/confira-os-postos-de-vacinacao-contra-covid-19-nesta-quarta-26\/#breadcrumb","itemListElement":[{"@type":"ListItem","position":1,"name":"In\u00edcio","item":"https:\/\/bahiaeconomica.com.br\/wp\/"},{"@type":"ListItem","position":2,"name":"CONFIRA OS POSTOS DE VACINA\u00c7\u00c3O CONTRA COVID-19 NESTA QUARTA (26)"}]},{"@type":"WebSite","@id":"https:\/\/bahiaeconomica.com.br\/wp\/#website","url":"https:\/\/bahiaeconomica.com.br\/wp\/","name":"Bahia Economica","description":"O maior portal de Economia da Bahia","publisher":{"@id":"https:\/\/bahiaeconomica.com.br\/wp\/#organization"},"potentialAction":[{"@type":"SearchAction","target":{"@type":"EntryPoint","urlTemplate":"https:\/\/bahiaeconomica.com.br\/wp\/?s={search_term_string}"},"query-input":"required name=search_term_string"}],"inLanguage":"pt-BR"},{"@type":"Organization","@id":"https:\/\/bahiaeconomica.com.br\/wp\/#organization","name":"Bahia Econ\u00f4mica","url":"https:\/\/bahiaeconomica.com.br\/wp\/","logo":{"@type":"ImageObject","inLanguage":"pt-BR","@id":"https:\/\/bahiaeconomica.com.br\/wp\/#\/schema\/logo\/image\/","url":"https:\/\/bahiaeconomica.com.br\/wp\/wp-content\/uploads\/2020\/12\/cropped-BE.png","contentUrl":"https:\/\/bahiaeconomica.com.br\/wp\/wp-content\/uploads\/2020\/12\/cropped-BE.png","width":512,"height":512,"caption":"Bahia Econ\u00f4mica"},"image":{"@id":"https:\/\/bahiaeconomica.com.br\/wp\/#\/schema\/logo\/image\/"},"sameAs":["https:\/\/www.facebook.com\/bahiaeconomica"]},{"@type":"Person","@id":"https:\/\/bahiaeconomica.com.br\/wp\/#\/schema\/person\/cb1ab5ba96ad3d9390805381c76284ec","name":"admin","url":"https:\/\/bahiaeconomica.com.br\/wp\/author\/admin\/"}]}},"views":0,"_links":{"self":[{"href":"https:\/\/bahiaeconomica.com.br\/wp\/wp-json\/wp\/v2\/posts\/697892"}],"collection":[{"href":"https:\/\/bahiaeconomica.com.br\/wp\/wp-json\/wp\/v2\/posts"}],"about":[{"href":"https:\/\/bahiaeconomica.com.br\/wp\/wp-json\/wp\/v2\/types\/post"}],"author":[{"embeddable":true,"href":"https:\/\/bahiaeconomica.com.br\/wp\/wp-json\/wp\/v2\/users\/1"}],"replies":[{"embeddable":true,"href":"https:\/\/bahiaeconomica.com.br\/wp\/wp-json\/wp\/v2\/comments?post=697892"}],"version-history":[{"count":1,"href":"https:\/\/bahiaeconomica.com.br\/wp\/wp-json\/wp\/v2\/posts\/697892\/revisions"}],"predecessor-version":[{"id":697893,"href":"https:\/\/bahiaeconomica.com.br\/wp\/wp-json\/wp\/v2\/posts\/697892\/revisions\/697893"}],"wp:featuredmedia":[{"embeddable":true,"href":"https:\/\/bahiaeconomica.com.br\/wp\/wp-json\/wp\/v2\/media\/688442"}],"wp:attachment":[{"href":"https:\/\/bahiaeconomica.com.br\/wp\/wp-json\/wp\/v2\/media?parent=697892"}],"wp:term":[{"taxonomy":"category","embeddable":true,"href":"https:\/\/bahiaeconomica.com.br\/wp\/wp-json\/wp\/v2\/categories?post=697892"},{"taxonomy":"post_tag","embeddable":true,"href":"https:\/\/bahiaeconomica.com.br\/wp\/wp-json\/wp\/v2\/tags?post=697892"}],"curies":[{"name":"wp","href":"https:\/\/api.w.org\/{rel}","templated":true}]}}