{"id":697467,"date":"2022-10-24T10:11:45","date_gmt":"2022-10-24T13:11:45","guid":{"rendered":"https:\/\/bahiaeconomica.com.br\/wp\/beta\/?p=697467"},"modified":"2022-10-24T10:23:08","modified_gmt":"2022-10-24T13:23:08","slug":"projeto-colorindo-pelo-leva-marcia-freire-nessa-e-joy-mattos-para-o-pelourinho","status":"publish","type":"post","link":"https:\/\/bahiaeconomica.com.br\/wp\/2022\/10\/24\/projeto-colorindo-pelo-leva-marcia-freire-nessa-e-joy-mattos-para-o-pelourinho\/","title":{"rendered":"PROJETO COLORINDO PEL\u00d4 LEVA M\u00c1RCIA FREIRE, N\u00caSSA E JOY MATTOS PARA O PELOURINHO"},"content":{"rendered":"\n<p>Conhecido pelo p\u00fablico como Projeto Colorindo Pel\u00f4, um dos principais eventos da agenda LGBTQIAPN+ da capital baiana volta ao Pelourinho, em sua terceira edi\u00e7\u00e3o, com a proposta de abranger novos espa\u00e7os culturais da cidade. O evento ser\u00e1 realizado no dia 28\/10, \u00e0s 19h, no Largo Quincas Berro D&#8217;\u00e1gua, com entrada gratuita, e contar\u00e1 com uma grade de atra\u00e7\u00f5es diversas.<\/p>\n\n\n\n<!--more-->\n\n\n\n<p>Com apresenta\u00e7\u00e3o das drag queens Valerie O&#8217;rarah e Rainha Loulou, o Projeto Colorindo Pel\u00f4 ter\u00e1 abertura do DJ Sales, e apresenta\u00e7\u00f5es de N\u00eassa, da cantora e ex-dan\u00e7arina do grupo \u00c9 O Tchan, Joy Mattos, e de uma das maiores representantes feminina da Ax\u00e9 Music, M\u00e1rcia Freire.<\/p>\n\n\n\n<p>Assim como nas outras edi\u00e7\u00f5es, as apresenta\u00e7\u00f5es principais ser\u00e3o intercaladas com performances de diversos artistas da cena queer soteropolitana, entre as quais est\u00e3o a drag Tereza Skyper e o coletivo Afrobapho. O projeto ainda homenagear\u00e1 a drag queen Shay Rizzo, que faleceu no dia 1\u00ba de outubro, menos de um m\u00eas ap\u00f3s sua apresenta\u00e7\u00e3o na segunda edi\u00e7\u00e3o do evento.<\/p>\n\n\n\n<p>O Projeto Colorindo Pel\u00f4 \u00e9 uma realiza\u00e7\u00e3o da Mafu\u00e1 Produ\u00e7\u00f5es com apoio do Governo do Estado e tem entrada gratuita.<\/p>\n\n\n\n<p><\/p>\n\n\n\n<p>SERVI\u00c7O: 3\u00aa edi\u00e7\u00e3o do Projeto Colorindo Pel\u00f4<br>Quando: 28 de outubro<br>Hor\u00e1rio: A partir das 19h<br>Onde: Largo Quincas Berro D&#8217;\u00e1gua, Pelourinho, Salvador\/BA<br>Entrada: Gratuita<\/p>\n","protected":false},"excerpt":{"rendered":"<p>Conhecido pelo p\u00fablico como Projeto Colorindo Pel\u00f4, um dos principais eventos da agenda LGBTQIAPN+ da capital baiana volta ao Pelourinho, em sua terceira edi\u00e7\u00e3o, com a proposta de abranger novos espa\u00e7os culturais da cidade. O evento ser\u00e1 realizado no dia 28\/10, \u00e0s 19h, no Largo Quincas Berro D&#8217;\u00e1gua, com entrada gratuita, e contar\u00e1 com uma [&hellip;]<\/p>\n","protected":false},"author":1,"featured_media":697471,"comment_status":"closed","ping_status":"closed","sticky":false,"template":"","format":"standard","meta":[],"categories":[689],"tags":[],"acf":[],"yoast_head":"<!-- This site is optimized with the Yoast SEO plugin v20.8 - https:\/\/yoast.com\/wordpress\/plugins\/seo\/ -->\n<title>PROJETO COLORINDO PEL\u00d4 LEVA M\u00c1RCIA FREIRE, N\u00caSSA E JOY MATTOS PARA O PELOURINHO - Bahia Economica<\/title>\n<meta name=\"description\" content=\"O maior portal de Economia da Bahia CULTURA E ARTE Bahia Economica\" \/>\n<meta name=\"robots\" content=\"index, follow, max-snippet:-1, max-image-preview:large, max-video-preview:-1\" \/>\n<link rel=\"canonical\" href=\"https:\/\/bahiaeconomica.com.br\/wp\/2022\/10\/24\/projeto-colorindo-pelo-leva-marcia-freire-nessa-e-joy-mattos-para-o-pelourinho\/\" \/>\n<meta property=\"og:locale\" content=\"pt_BR\" \/>\n<meta property=\"og:type\" content=\"article\" \/>\n<meta property=\"og:title\" content=\"PROJETO COLORINDO PEL\u00d4 LEVA M\u00c1RCIA FREIRE, N\u00caSSA E JOY MATTOS PARA O PELOURINHO - Bahia Economica\" \/>\n<meta property=\"og:description\" content=\"O maior portal de Economia da Bahia CULTURA E ARTE Bahia Economica\" \/>\n<meta property=\"og:url\" content=\"https:\/\/bahiaeconomica.com.br\/wp\/2022\/10\/24\/projeto-colorindo-pelo-leva-marcia-freire-nessa-e-joy-mattos-para-o-pelourinho\/\" \/>\n<meta property=\"og:site_name\" content=\"Bahia Economica\" \/>\n<meta property=\"article:publisher\" content=\"https:\/\/www.facebook.com\/bahiaeconomica\" \/>\n<meta property=\"article:published_time\" content=\"2022-10-24T13:11:45+00:00\" \/>\n<meta property=\"article:modified_time\" content=\"2022-10-24T13:23:08+00:00\" \/>\n<meta property=\"og:image\" content=\"https:\/\/bahiaeconomica.com.br\/wp\/wp-content\/uploads\/2022\/10\/image_6483441-1-e1666617778871.png\" \/>\n\t<meta property=\"og:image:width\" content=\"500\" \/>\n\t<meta property=\"og:image:height\" content=\"350\" \/>\n\t<meta property=\"og:image:type\" content=\"image\/png\" \/>\n<meta name=\"author\" content=\"admin\" \/>\n<meta name=\"twitter:card\" content=\"summary_large_image\" \/>\n<meta name=\"twitter:label1\" content=\"Escrito por\" \/>\n\t<meta name=\"twitter:data1\" content=\"admin\" \/>\n\t<meta name=\"twitter:label2\" content=\"Est. tempo de leitura\" \/>\n\t<meta name=\"twitter:data2\" content=\"2 minutos\" \/>\n<script type=\"application\/ld+json\" class=\"yoast-schema-graph\">{\"@context\":\"https:\/\/schema.org\",\"@graph\":[{\"@type\":\"Article\",\"@id\":\"https:\/\/bahiaeconomica.com.br\/wp\/2022\/10\/24\/projeto-colorindo-pelo-leva-marcia-freire-nessa-e-joy-mattos-para-o-pelourinho\/#article\",\"isPartOf\":{\"@id\":\"https:\/\/bahiaeconomica.com.br\/wp\/2022\/10\/24\/projeto-colorindo-pelo-leva-marcia-freire-nessa-e-joy-mattos-para-o-pelourinho\/\"},\"author\":{\"name\":\"admin\",\"@id\":\"https:\/\/bahiaeconomica.com.br\/wp\/#\/schema\/person\/cb1ab5ba96ad3d9390805381c76284ec\"},\"headline\":\"PROJETO COLORINDO PEL\u00d4 LEVA M\u00c1RCIA FREIRE, N\u00caSSA E JOY MATTOS PARA O PELOURINHO\",\"datePublished\":\"2022-10-24T13:11:45+00:00\",\"dateModified\":\"2022-10-24T13:23:08+00:00\",\"mainEntityOfPage\":{\"@id\":\"https:\/\/bahiaeconomica.com.br\/wp\/2022\/10\/24\/projeto-colorindo-pelo-leva-marcia-freire-nessa-e-joy-mattos-para-o-pelourinho\/\"},\"wordCount\":241,\"publisher\":{\"@id\":\"https:\/\/bahiaeconomica.com.br\/wp\/#organization\"},\"articleSection\":[\"CULTURA E ARTE\"],\"inLanguage\":\"pt-BR\"},{\"@type\":\"WebPage\",\"@id\":\"https:\/\/bahiaeconomica.com.br\/wp\/2022\/10\/24\/projeto-colorindo-pelo-leva-marcia-freire-nessa-e-joy-mattos-para-o-pelourinho\/\",\"url\":\"https:\/\/bahiaeconomica.com.br\/wp\/2022\/10\/24\/projeto-colorindo-pelo-leva-marcia-freire-nessa-e-joy-mattos-para-o-pelourinho\/\",\"name\":\"PROJETO COLORINDO PEL\u00d4 LEVA M\u00c1RCIA FREIRE, N\u00caSSA E JOY MATTOS PARA O PELOURINHO - Bahia Economica\",\"isPartOf\":{\"@id\":\"https:\/\/bahiaeconomica.com.br\/wp\/#website\"},\"datePublished\":\"2022-10-24T13:11:45+00:00\",\"dateModified\":\"2022-10-24T13:23:08+00:00\",\"description\":\"O maior portal de Economia da Bahia CULTURA E ARTE Bahia Economica\",\"breadcrumb\":{\"@id\":\"https:\/\/bahiaeconomica.com.br\/wp\/2022\/10\/24\/projeto-colorindo-pelo-leva-marcia-freire-nessa-e-joy-mattos-para-o-pelourinho\/#breadcrumb\"},\"inLanguage\":\"pt-BR\",\"potentialAction\":[{\"@type\":\"ReadAction\",\"target\":[\"https:\/\/bahiaeconomica.com.br\/wp\/2022\/10\/24\/projeto-colorindo-pelo-leva-marcia-freire-nessa-e-joy-mattos-para-o-pelourinho\/\"]}]},{\"@type\":\"BreadcrumbList\",\"@id\":\"https:\/\/bahiaeconomica.com.br\/wp\/2022\/10\/24\/projeto-colorindo-pelo-leva-marcia-freire-nessa-e-joy-mattos-para-o-pelourinho\/#breadcrumb\",\"itemListElement\":[{\"@type\":\"ListItem\",\"position\":1,\"name\":\"In\u00edcio\",\"item\":\"https:\/\/bahiaeconomica.com.br\/wp\/\"},{\"@type\":\"ListItem\",\"position\":2,\"name\":\"PROJETO COLORINDO PEL\u00d4 LEVA M\u00c1RCIA FREIRE, N\u00caSSA E JOY MATTOS PARA O PELOURINHO\"}]},{\"@type\":\"WebSite\",\"@id\":\"https:\/\/bahiaeconomica.com.br\/wp\/#website\",\"url\":\"https:\/\/bahiaeconomica.com.br\/wp\/\",\"name\":\"Bahia Economica\",\"description\":\"O maior portal de Economia da Bahia\",\"publisher\":{\"@id\":\"https:\/\/bahiaeconomica.com.br\/wp\/#organization\"},\"potentialAction\":[{\"@type\":\"SearchAction\",\"target\":{\"@type\":\"EntryPoint\",\"urlTemplate\":\"https:\/\/bahiaeconomica.com.br\/wp\/?s={search_term_string}\"},\"query-input\":\"required name=search_term_string\"}],\"inLanguage\":\"pt-BR\"},{\"@type\":\"Organization\",\"@id\":\"https:\/\/bahiaeconomica.com.br\/wp\/#organization\",\"name\":\"Bahia Econ\u00f4mica\",\"url\":\"https:\/\/bahiaeconomica.com.br\/wp\/\",\"logo\":{\"@type\":\"ImageObject\",\"inLanguage\":\"pt-BR\",\"@id\":\"https:\/\/bahiaeconomica.com.br\/wp\/#\/schema\/logo\/image\/\",\"url\":\"https:\/\/bahiaeconomica.com.br\/wp\/wp-content\/uploads\/2020\/12\/cropped-BE.png\",\"contentUrl\":\"https:\/\/bahiaeconomica.com.br\/wp\/wp-content\/uploads\/2020\/12\/cropped-BE.png\",\"width\":512,\"height\":512,\"caption\":\"Bahia Econ\u00f4mica\"},\"image\":{\"@id\":\"https:\/\/bahiaeconomica.com.br\/wp\/#\/schema\/logo\/image\/\"},\"sameAs\":[\"https:\/\/www.facebook.com\/bahiaeconomica\"]},{\"@type\":\"Person\",\"@id\":\"https:\/\/bahiaeconomica.com.br\/wp\/#\/schema\/person\/cb1ab5ba96ad3d9390805381c76284ec\",\"name\":\"admin\",\"url\":\"https:\/\/bahiaeconomica.com.br\/wp\/author\/admin\/\"}]}<\/script>\n<!-- \/ Yoast SEO plugin. -->","yoast_head_json":{"title":"PROJETO COLORINDO PEL\u00d4 LEVA M\u00c1RCIA FREIRE, N\u00caSSA E JOY MATTOS PARA O PELOURINHO - Bahia Economica","description":"O maior portal de Economia da Bahia CULTURA E ARTE Bahia Economica","robots":{"index":"index","follow":"follow","max-snippet":"max-snippet:-1","max-image-preview":"max-image-preview:large","max-video-preview":"max-video-preview:-1"},"canonical":"https:\/\/bahiaeconomica.com.br\/wp\/2022\/10\/24\/projeto-colorindo-pelo-leva-marcia-freire-nessa-e-joy-mattos-para-o-pelourinho\/","og_locale":"pt_BR","og_type":"article","og_title":"PROJETO COLORINDO PEL\u00d4 LEVA M\u00c1RCIA FREIRE, N\u00caSSA E JOY MATTOS PARA O PELOURINHO - Bahia Economica","og_description":"O maior portal de Economia da Bahia CULTURA E ARTE Bahia Economica","og_url":"https:\/\/bahiaeconomica.com.br\/wp\/2022\/10\/24\/projeto-colorindo-pelo-leva-marcia-freire-nessa-e-joy-mattos-para-o-pelourinho\/","og_site_name":"Bahia Economica","article_publisher":"https:\/\/www.facebook.com\/bahiaeconomica","article_published_time":"2022-10-24T13:11:45+00:00","article_modified_time":"2022-10-24T13:23:08+00:00","og_image":[{"width":500,"height":350,"url":"https:\/\/bahiaeconomica.com.br\/wp\/wp-content\/uploads\/2022\/10\/image_6483441-1-e1666617778871.png","type":"image\/png"}],"author":"admin","twitter_card":"summary_large_image","twitter_misc":{"Escrito por":"admin","Est. tempo de leitura":"2 minutos"},"schema":{"@context":"https:\/\/schema.org","@graph":[{"@type":"Article","@id":"https:\/\/bahiaeconomica.com.br\/wp\/2022\/10\/24\/projeto-colorindo-pelo-leva-marcia-freire-nessa-e-joy-mattos-para-o-pelourinho\/#article","isPartOf":{"@id":"https:\/\/bahiaeconomica.com.br\/wp\/2022\/10\/24\/projeto-colorindo-pelo-leva-marcia-freire-nessa-e-joy-mattos-para-o-pelourinho\/"},"author":{"name":"admin","@id":"https:\/\/bahiaeconomica.com.br\/wp\/#\/schema\/person\/cb1ab5ba96ad3d9390805381c76284ec"},"headline":"PROJETO COLORINDO PEL\u00d4 LEVA M\u00c1RCIA FREIRE, N\u00caSSA E JOY MATTOS PARA O PELOURINHO","datePublished":"2022-10-24T13:11:45+00:00","dateModified":"2022-10-24T13:23:08+00:00","mainEntityOfPage":{"@id":"https:\/\/bahiaeconomica.com.br\/wp\/2022\/10\/24\/projeto-colorindo-pelo-leva-marcia-freire-nessa-e-joy-mattos-para-o-pelourinho\/"},"wordCount":241,"publisher":{"@id":"https:\/\/bahiaeconomica.com.br\/wp\/#organization"},"articleSection":["CULTURA E ARTE"],"inLanguage":"pt-BR"},{"@type":"WebPage","@id":"https:\/\/bahiaeconomica.com.br\/wp\/2022\/10\/24\/projeto-colorindo-pelo-leva-marcia-freire-nessa-e-joy-mattos-para-o-pelourinho\/","url":"https:\/\/bahiaeconomica.com.br\/wp\/2022\/10\/24\/projeto-colorindo-pelo-leva-marcia-freire-nessa-e-joy-mattos-para-o-pelourinho\/","name":"PROJETO COLORINDO PEL\u00d4 LEVA M\u00c1RCIA FREIRE, N\u00caSSA E JOY MATTOS PARA O PELOURINHO - Bahia Economica","isPartOf":{"@id":"https:\/\/bahiaeconomica.com.br\/wp\/#website"},"datePublished":"2022-10-24T13:11:45+00:00","dateModified":"2022-10-24T13:23:08+00:00","description":"O maior portal de Economia da Bahia CULTURA E ARTE Bahia Economica","breadcrumb":{"@id":"https:\/\/bahiaeconomica.com.br\/wp\/2022\/10\/24\/projeto-colorindo-pelo-leva-marcia-freire-nessa-e-joy-mattos-para-o-pelourinho\/#breadcrumb"},"inLanguage":"pt-BR","potentialAction":[{"@type":"ReadAction","target":["https:\/\/bahiaeconomica.com.br\/wp\/2022\/10\/24\/projeto-colorindo-pelo-leva-marcia-freire-nessa-e-joy-mattos-para-o-pelourinho\/"]}]},{"@type":"BreadcrumbList","@id":"https:\/\/bahiaeconomica.com.br\/wp\/2022\/10\/24\/projeto-colorindo-pelo-leva-marcia-freire-nessa-e-joy-mattos-para-o-pelourinho\/#breadcrumb","itemListElement":[{"@type":"ListItem","position":1,"name":"In\u00edcio","item":"https:\/\/bahiaeconomica.com.br\/wp\/"},{"@type":"ListItem","position":2,"name":"PROJETO COLORINDO PEL\u00d4 LEVA M\u00c1RCIA FREIRE, N\u00caSSA E JOY MATTOS PARA O PELOURINHO"}]},{"@type":"WebSite","@id":"https:\/\/bahiaeconomica.com.br\/wp\/#website","url":"https:\/\/bahiaeconomica.com.br\/wp\/","name":"Bahia Economica","description":"O maior portal de Economia da Bahia","publisher":{"@id":"https:\/\/bahiaeconomica.com.br\/wp\/#organization"},"potentialAction":[{"@type":"SearchAction","target":{"@type":"EntryPoint","urlTemplate":"https:\/\/bahiaeconomica.com.br\/wp\/?s={search_term_string}"},"query-input":"required name=search_term_string"}],"inLanguage":"pt-BR"},{"@type":"Organization","@id":"https:\/\/bahiaeconomica.com.br\/wp\/#organization","name":"Bahia Econ\u00f4mica","url":"https:\/\/bahiaeconomica.com.br\/wp\/","logo":{"@type":"ImageObject","inLanguage":"pt-BR","@id":"https:\/\/bahiaeconomica.com.br\/wp\/#\/schema\/logo\/image\/","url":"https:\/\/bahiaeconomica.com.br\/wp\/wp-content\/uploads\/2020\/12\/cropped-BE.png","contentUrl":"https:\/\/bahiaeconomica.com.br\/wp\/wp-content\/uploads\/2020\/12\/cropped-BE.png","width":512,"height":512,"caption":"Bahia Econ\u00f4mica"},"image":{"@id":"https:\/\/bahiaeconomica.com.br\/wp\/#\/schema\/logo\/image\/"},"sameAs":["https:\/\/www.facebook.com\/bahiaeconomica"]},{"@type":"Person","@id":"https:\/\/bahiaeconomica.com.br\/wp\/#\/schema\/person\/cb1ab5ba96ad3d9390805381c76284ec","name":"admin","url":"https:\/\/bahiaeconomica.com.br\/wp\/author\/admin\/"}]}},"views":8,"_links":{"self":[{"href":"https:\/\/bahiaeconomica.com.br\/wp\/wp-json\/wp\/v2\/posts\/697467"}],"collection":[{"href":"https:\/\/bahiaeconomica.com.br\/wp\/wp-json\/wp\/v2\/posts"}],"about":[{"href":"https:\/\/bahiaeconomica.com.br\/wp\/wp-json\/wp\/v2\/types\/post"}],"author":[{"embeddable":true,"href":"https:\/\/bahiaeconomica.com.br\/wp\/wp-json\/wp\/v2\/users\/1"}],"replies":[{"embeddable":true,"href":"https:\/\/bahiaeconomica.com.br\/wp\/wp-json\/wp\/v2\/comments?post=697467"}],"version-history":[{"count":1,"href":"https:\/\/bahiaeconomica.com.br\/wp\/wp-json\/wp\/v2\/posts\/697467\/revisions"}],"predecessor-version":[{"id":697470,"href":"https:\/\/bahiaeconomica.com.br\/wp\/wp-json\/wp\/v2\/posts\/697467\/revisions\/697470"}],"wp:featuredmedia":[{"embeddable":true,"href":"https:\/\/bahiaeconomica.com.br\/wp\/wp-json\/wp\/v2\/media\/697471"}],"wp:attachment":[{"href":"https:\/\/bahiaeconomica.com.br\/wp\/wp-json\/wp\/v2\/media?parent=697467"}],"wp:term":[{"taxonomy":"category","embeddable":true,"href":"https:\/\/bahiaeconomica.com.br\/wp\/wp-json\/wp\/v2\/categories?post=697467"},{"taxonomy":"post_tag","embeddable":true,"href":"https:\/\/bahiaeconomica.com.br\/wp\/wp-json\/wp\/v2\/tags?post=697467"}],"curies":[{"name":"wp","href":"https:\/\/api.w.org\/{rel}","templated":true}]}}