{"id":697444,"date":"2022-10-24T09:35:37","date_gmt":"2022-10-24T12:35:37","guid":{"rendered":"https:\/\/bahiaeconomica.com.br\/wp\/beta\/?p=697444"},"modified":"2022-10-24T09:35:39","modified_gmt":"2022-10-24T12:35:39","slug":"debate-na-tv-bahia-qual-sera-o-impacto-no-eleitorado","status":"publish","type":"post","link":"https:\/\/bahiaeconomica.com.br\/wp\/2022\/10\/24\/debate-na-tv-bahia-qual-sera-o-impacto-no-eleitorado\/","title":{"rendered":"DEBATE NA TV BAHIA: QUAL SER\u00c1 O IMPACTO NO ELEITORADO?"},"content":{"rendered":"\n<p>Est\u00e1 previsto para a pr\u00f3xima ter\u00e7a-feira na TV Bahia um debate entre os candidatos a governador. <\/p>\n\n\n\n<!--more-->\n\n\n\n<p>No cen\u00e1rio atual, ACM Neto joga tudo num embate frente a frente com o candidato do PT. J\u00e1 Jer\u00f4nimo Rodrigues, que mant\u00e9m a lideran\u00e7a de inten\u00e7\u00f5es de votos em todas as pesquisas, avalia as vantagens e desvantagens de seu comparecimento. <\/p>\n\n\n\n<p>\u00c9 uma decis\u00e3o dif\u00edcil. A princ\u00edpio o senso comum diria que Jer\u00f4nimo s\u00f3 tem a perder comparecendo ao debate, j\u00e1 que, l\u00edder nas pesquisas, iria se expor a um advers\u00e1rio cujo objetivo ser\u00e1 desconstru\u00ed-lo. Essa argumenta\u00e7\u00e3o tem seu peso, mas h\u00e1 contra ela uma s\u00e9rie de argumentos que precisam ser avaliados. Em primeiro lugar, o n\u00e3o comparecimento seria, por si s\u00f3, uma esp\u00e9cie de confiss\u00e3o de que na coordena\u00e7\u00e3o de campanha existem d\u00favidas de que Jer\u00f4nimo possa enfrentar Neto num debate. O n\u00e3o comparecimento pode levar essa d\u00favida ao eleitor. Al\u00e9m disso, \u00a0essa ideia \u00a0\u00e9 um equ\u00edvoco, especialmente levando-se em conta o bom desempenho que Jer\u00f4nimo teve no primeiro debate.<\/p>\n\n\n\n<p>Descartando-se esse argumento e aceitando que, se bem preparado, Jer\u00f4nimo poderia participar de qualquer debate, surge um outro aspecto que precisa ser avaliado. \u00c9 que, tradicionalmente, os indecisos decidem seu voto na v\u00e9spera da elei\u00e7\u00e3o e na Bahia, al\u00e9m deles,&nbsp;&nbsp;11% dos eleitores, segundo o IPEC, indicam que ainda podem mudar de candidato at\u00e9 o dia da elei\u00e7\u00e3o. Ora, num&nbsp;&nbsp;cen\u00e1rio como esse o n\u00e3o comparecimento ao debate, deixando o palco unicamente para o advers\u00e1rio colocar suas posi\u00e7\u00f5es e cr\u00edticas, seria uma postura temer\u00e1ria. E isso levando em conta que o debate ocorre logo ap\u00f3s a novela das nove,&nbsp;&nbsp;hor\u00e1rio de maior audi\u00eancia da televis\u00e3o e num momento em que o grande p\u00fablico permanece \u00e0 frente da TV pelo menos nos primeiros minutos. Ao que parece, deixar esses preciosos minutos para serem usados unicamente pelo advers\u00e1rio pode ser temer\u00e1rio.<\/p>\n\n\n\n<p>Participar ou n\u00e3o do debate ser\u00e1 uma d\u00favida shakespeariana da campanha do PT. Ir ou n\u00e3o ir ao debate, eis a quest\u00e3o! E nesse teatro o p\u00fablico \u00e9 o eleitor e ele \u00e9 soberano no seu julgamento.&nbsp;<\/p>\n","protected":false},"excerpt":{"rendered":"<p>Est\u00e1 previsto para a pr\u00f3xima ter\u00e7a-feira na TV Bahia um debate entre os candidatos a governador.<\/p>\n","protected":false},"author":1,"featured_media":691487,"comment_status":"closed","ping_status":"closed","sticky":false,"template":"","format":"standard","meta":[],"categories":[3,15],"tags":[3069,9336,1291,9095],"acf":[],"yoast_head":"<!-- This site is optimized with the Yoast SEO plugin v20.8 - https:\/\/yoast.com\/wordpress\/plugins\/seo\/ -->\n<title>DEBATE NA TV BAHIA: QUAL SER\u00c1 O IMPACTO NO ELEITORADO? - Bahia Economica<\/title>\n<meta name=\"description\" content=\"O maior portal de Economia da Bahia ECONOMIA \/ POL\u00cdTICA, SEU INVESTIMENTO Bahia Economica\" \/>\n<meta name=\"robots\" content=\"index, follow, max-snippet:-1, max-image-preview:large, max-video-preview:-1\" \/>\n<link rel=\"canonical\" href=\"https:\/\/bahiaeconomica.com.br\/wp\/2022\/10\/24\/debate-na-tv-bahia-qual-sera-o-impacto-no-eleitorado\/\" \/>\n<meta property=\"og:locale\" content=\"pt_BR\" \/>\n<meta property=\"og:type\" content=\"article\" \/>\n<meta property=\"og:title\" content=\"DEBATE NA TV BAHIA: QUAL SER\u00c1 O IMPACTO NO ELEITORADO? - Bahia Economica\" \/>\n<meta property=\"og:description\" content=\"O maior portal de Economia da Bahia ECONOMIA \/ POL\u00cdTICA, SEU INVESTIMENTO Bahia Economica\" \/>\n<meta property=\"og:url\" content=\"https:\/\/bahiaeconomica.com.br\/wp\/2022\/10\/24\/debate-na-tv-bahia-qual-sera-o-impacto-no-eleitorado\/\" \/>\n<meta property=\"og:site_name\" content=\"Bahia Economica\" \/>\n<meta property=\"article:publisher\" content=\"https:\/\/www.facebook.com\/bahiaeconomica\" \/>\n<meta property=\"article:published_time\" content=\"2022-10-24T12:35:37+00:00\" \/>\n<meta property=\"article:modified_time\" content=\"2022-10-24T12:35:39+00:00\" \/>\n<meta property=\"og:image\" content=\"https:\/\/bahiaeconomica.com.br\/wp\/wp-content\/uploads\/2022\/09\/Artigo-Destaque_01189795_00neto-e-jeronimo770360.jpg\" \/>\n\t<meta property=\"og:image:width\" content=\"360\" \/>\n\t<meta property=\"og:image:height\" content=\"220\" \/>\n\t<meta property=\"og:image:type\" content=\"image\/jpeg\" \/>\n<meta name=\"author\" content=\"admin\" \/>\n<meta name=\"twitter:card\" content=\"summary_large_image\" \/>\n<meta name=\"twitter:label1\" content=\"Escrito por\" \/>\n\t<meta name=\"twitter:data1\" content=\"admin\" \/>\n\t<meta name=\"twitter:label2\" content=\"Est. tempo de leitura\" \/>\n\t<meta name=\"twitter:data2\" content=\"2 minutos\" \/>\n<script type=\"application\/ld+json\" class=\"yoast-schema-graph\">{\"@context\":\"https:\/\/schema.org\",\"@graph\":[{\"@type\":\"Article\",\"@id\":\"https:\/\/bahiaeconomica.com.br\/wp\/2022\/10\/24\/debate-na-tv-bahia-qual-sera-o-impacto-no-eleitorado\/#article\",\"isPartOf\":{\"@id\":\"https:\/\/bahiaeconomica.com.br\/wp\/2022\/10\/24\/debate-na-tv-bahia-qual-sera-o-impacto-no-eleitorado\/\"},\"author\":{\"name\":\"admin\",\"@id\":\"https:\/\/bahiaeconomica.com.br\/wp\/#\/schema\/person\/cb1ab5ba96ad3d9390805381c76284ec\"},\"headline\":\"DEBATE NA TV BAHIA: QUAL SER\u00c1 O IMPACTO NO ELEITORADO?\",\"datePublished\":\"2022-10-24T12:35:37+00:00\",\"dateModified\":\"2022-10-24T12:35:39+00:00\",\"mainEntityOfPage\":{\"@id\":\"https:\/\/bahiaeconomica.com.br\/wp\/2022\/10\/24\/debate-na-tv-bahia-qual-sera-o-impacto-no-eleitorado\/\"},\"wordCount\":402,\"publisher\":{\"@id\":\"https:\/\/bahiaeconomica.com.br\/wp\/#organization\"},\"keywords\":[\"debate\",\"JER\u00d4NIMO\",\"NETO\",\"tv bahia\"],\"articleSection\":[\"ECONOMIA \/ POL\u00cdTICA\",\"SEU INVESTIMENTO\"],\"inLanguage\":\"pt-BR\"},{\"@type\":\"WebPage\",\"@id\":\"https:\/\/bahiaeconomica.com.br\/wp\/2022\/10\/24\/debate-na-tv-bahia-qual-sera-o-impacto-no-eleitorado\/\",\"url\":\"https:\/\/bahiaeconomica.com.br\/wp\/2022\/10\/24\/debate-na-tv-bahia-qual-sera-o-impacto-no-eleitorado\/\",\"name\":\"DEBATE NA TV BAHIA: QUAL SER\u00c1 O IMPACTO NO ELEITORADO? - Bahia Economica\",\"isPartOf\":{\"@id\":\"https:\/\/bahiaeconomica.com.br\/wp\/#website\"},\"datePublished\":\"2022-10-24T12:35:37+00:00\",\"dateModified\":\"2022-10-24T12:35:39+00:00\",\"description\":\"O maior portal de Economia da Bahia ECONOMIA \/ POL\u00cdTICA, SEU INVESTIMENTO Bahia Economica\",\"breadcrumb\":{\"@id\":\"https:\/\/bahiaeconomica.com.br\/wp\/2022\/10\/24\/debate-na-tv-bahia-qual-sera-o-impacto-no-eleitorado\/#breadcrumb\"},\"inLanguage\":\"pt-BR\",\"potentialAction\":[{\"@type\":\"ReadAction\",\"target\":[\"https:\/\/bahiaeconomica.com.br\/wp\/2022\/10\/24\/debate-na-tv-bahia-qual-sera-o-impacto-no-eleitorado\/\"]}]},{\"@type\":\"BreadcrumbList\",\"@id\":\"https:\/\/bahiaeconomica.com.br\/wp\/2022\/10\/24\/debate-na-tv-bahia-qual-sera-o-impacto-no-eleitorado\/#breadcrumb\",\"itemListElement\":[{\"@type\":\"ListItem\",\"position\":1,\"name\":\"In\u00edcio\",\"item\":\"https:\/\/bahiaeconomica.com.br\/wp\/\"},{\"@type\":\"ListItem\",\"position\":2,\"name\":\"DEBATE NA TV BAHIA: QUAL SER\u00c1 O IMPACTO NO ELEITORADO?\"}]},{\"@type\":\"WebSite\",\"@id\":\"https:\/\/bahiaeconomica.com.br\/wp\/#website\",\"url\":\"https:\/\/bahiaeconomica.com.br\/wp\/\",\"name\":\"Bahia Economica\",\"description\":\"O maior portal de Economia da Bahia\",\"publisher\":{\"@id\":\"https:\/\/bahiaeconomica.com.br\/wp\/#organization\"},\"potentialAction\":[{\"@type\":\"SearchAction\",\"target\":{\"@type\":\"EntryPoint\",\"urlTemplate\":\"https:\/\/bahiaeconomica.com.br\/wp\/?s={search_term_string}\"},\"query-input\":\"required name=search_term_string\"}],\"inLanguage\":\"pt-BR\"},{\"@type\":\"Organization\",\"@id\":\"https:\/\/bahiaeconomica.com.br\/wp\/#organization\",\"name\":\"Bahia Econ\u00f4mica\",\"url\":\"https:\/\/bahiaeconomica.com.br\/wp\/\",\"logo\":{\"@type\":\"ImageObject\",\"inLanguage\":\"pt-BR\",\"@id\":\"https:\/\/bahiaeconomica.com.br\/wp\/#\/schema\/logo\/image\/\",\"url\":\"https:\/\/bahiaeconomica.com.br\/wp\/wp-content\/uploads\/2020\/12\/cropped-BE.png\",\"contentUrl\":\"https:\/\/bahiaeconomica.com.br\/wp\/wp-content\/uploads\/2020\/12\/cropped-BE.png\",\"width\":512,\"height\":512,\"caption\":\"Bahia Econ\u00f4mica\"},\"image\":{\"@id\":\"https:\/\/bahiaeconomica.com.br\/wp\/#\/schema\/logo\/image\/\"},\"sameAs\":[\"https:\/\/www.facebook.com\/bahiaeconomica\"]},{\"@type\":\"Person\",\"@id\":\"https:\/\/bahiaeconomica.com.br\/wp\/#\/schema\/person\/cb1ab5ba96ad3d9390805381c76284ec\",\"name\":\"admin\",\"url\":\"https:\/\/bahiaeconomica.com.br\/wp\/author\/admin\/\"}]}<\/script>\n<!-- \/ Yoast SEO plugin. -->","yoast_head_json":{"title":"DEBATE NA TV BAHIA: QUAL SER\u00c1 O IMPACTO NO ELEITORADO? - Bahia Economica","description":"O maior portal de Economia da Bahia ECONOMIA \/ POL\u00cdTICA, SEU INVESTIMENTO Bahia Economica","robots":{"index":"index","follow":"follow","max-snippet":"max-snippet:-1","max-image-preview":"max-image-preview:large","max-video-preview":"max-video-preview:-1"},"canonical":"https:\/\/bahiaeconomica.com.br\/wp\/2022\/10\/24\/debate-na-tv-bahia-qual-sera-o-impacto-no-eleitorado\/","og_locale":"pt_BR","og_type":"article","og_title":"DEBATE NA TV BAHIA: QUAL SER\u00c1 O IMPACTO NO ELEITORADO? - Bahia Economica","og_description":"O maior portal de Economia da Bahia ECONOMIA \/ POL\u00cdTICA, SEU INVESTIMENTO Bahia Economica","og_url":"https:\/\/bahiaeconomica.com.br\/wp\/2022\/10\/24\/debate-na-tv-bahia-qual-sera-o-impacto-no-eleitorado\/","og_site_name":"Bahia Economica","article_publisher":"https:\/\/www.facebook.com\/bahiaeconomica","article_published_time":"2022-10-24T12:35:37+00:00","article_modified_time":"2022-10-24T12:35:39+00:00","og_image":[{"width":360,"height":220,"url":"https:\/\/bahiaeconomica.com.br\/wp\/wp-content\/uploads\/2022\/09\/Artigo-Destaque_01189795_00neto-e-jeronimo770360.jpg","type":"image\/jpeg"}],"author":"admin","twitter_card":"summary_large_image","twitter_misc":{"Escrito por":"admin","Est. tempo de leitura":"2 minutos"},"schema":{"@context":"https:\/\/schema.org","@graph":[{"@type":"Article","@id":"https:\/\/bahiaeconomica.com.br\/wp\/2022\/10\/24\/debate-na-tv-bahia-qual-sera-o-impacto-no-eleitorado\/#article","isPartOf":{"@id":"https:\/\/bahiaeconomica.com.br\/wp\/2022\/10\/24\/debate-na-tv-bahia-qual-sera-o-impacto-no-eleitorado\/"},"author":{"name":"admin","@id":"https:\/\/bahiaeconomica.com.br\/wp\/#\/schema\/person\/cb1ab5ba96ad3d9390805381c76284ec"},"headline":"DEBATE NA TV BAHIA: QUAL SER\u00c1 O IMPACTO NO ELEITORADO?","datePublished":"2022-10-24T12:35:37+00:00","dateModified":"2022-10-24T12:35:39+00:00","mainEntityOfPage":{"@id":"https:\/\/bahiaeconomica.com.br\/wp\/2022\/10\/24\/debate-na-tv-bahia-qual-sera-o-impacto-no-eleitorado\/"},"wordCount":402,"publisher":{"@id":"https:\/\/bahiaeconomica.com.br\/wp\/#organization"},"keywords":["debate","JER\u00d4NIMO","NETO","tv bahia"],"articleSection":["ECONOMIA \/ POL\u00cdTICA","SEU INVESTIMENTO"],"inLanguage":"pt-BR"},{"@type":"WebPage","@id":"https:\/\/bahiaeconomica.com.br\/wp\/2022\/10\/24\/debate-na-tv-bahia-qual-sera-o-impacto-no-eleitorado\/","url":"https:\/\/bahiaeconomica.com.br\/wp\/2022\/10\/24\/debate-na-tv-bahia-qual-sera-o-impacto-no-eleitorado\/","name":"DEBATE NA TV BAHIA: QUAL SER\u00c1 O IMPACTO NO ELEITORADO? - Bahia Economica","isPartOf":{"@id":"https:\/\/bahiaeconomica.com.br\/wp\/#website"},"datePublished":"2022-10-24T12:35:37+00:00","dateModified":"2022-10-24T12:35:39+00:00","description":"O maior portal de Economia da Bahia ECONOMIA \/ POL\u00cdTICA, SEU INVESTIMENTO Bahia Economica","breadcrumb":{"@id":"https:\/\/bahiaeconomica.com.br\/wp\/2022\/10\/24\/debate-na-tv-bahia-qual-sera-o-impacto-no-eleitorado\/#breadcrumb"},"inLanguage":"pt-BR","potentialAction":[{"@type":"ReadAction","target":["https:\/\/bahiaeconomica.com.br\/wp\/2022\/10\/24\/debate-na-tv-bahia-qual-sera-o-impacto-no-eleitorado\/"]}]},{"@type":"BreadcrumbList","@id":"https:\/\/bahiaeconomica.com.br\/wp\/2022\/10\/24\/debate-na-tv-bahia-qual-sera-o-impacto-no-eleitorado\/#breadcrumb","itemListElement":[{"@type":"ListItem","position":1,"name":"In\u00edcio","item":"https:\/\/bahiaeconomica.com.br\/wp\/"},{"@type":"ListItem","position":2,"name":"DEBATE NA TV BAHIA: QUAL SER\u00c1 O IMPACTO NO ELEITORADO?"}]},{"@type":"WebSite","@id":"https:\/\/bahiaeconomica.com.br\/wp\/#website","url":"https:\/\/bahiaeconomica.com.br\/wp\/","name":"Bahia Economica","description":"O maior portal de Economia da Bahia","publisher":{"@id":"https:\/\/bahiaeconomica.com.br\/wp\/#organization"},"potentialAction":[{"@type":"SearchAction","target":{"@type":"EntryPoint","urlTemplate":"https:\/\/bahiaeconomica.com.br\/wp\/?s={search_term_string}"},"query-input":"required name=search_term_string"}],"inLanguage":"pt-BR"},{"@type":"Organization","@id":"https:\/\/bahiaeconomica.com.br\/wp\/#organization","name":"Bahia Econ\u00f4mica","url":"https:\/\/bahiaeconomica.com.br\/wp\/","logo":{"@type":"ImageObject","inLanguage":"pt-BR","@id":"https:\/\/bahiaeconomica.com.br\/wp\/#\/schema\/logo\/image\/","url":"https:\/\/bahiaeconomica.com.br\/wp\/wp-content\/uploads\/2020\/12\/cropped-BE.png","contentUrl":"https:\/\/bahiaeconomica.com.br\/wp\/wp-content\/uploads\/2020\/12\/cropped-BE.png","width":512,"height":512,"caption":"Bahia Econ\u00f4mica"},"image":{"@id":"https:\/\/bahiaeconomica.com.br\/wp\/#\/schema\/logo\/image\/"},"sameAs":["https:\/\/www.facebook.com\/bahiaeconomica"]},{"@type":"Person","@id":"https:\/\/bahiaeconomica.com.br\/wp\/#\/schema\/person\/cb1ab5ba96ad3d9390805381c76284ec","name":"admin","url":"https:\/\/bahiaeconomica.com.br\/wp\/author\/admin\/"}]}},"views":1,"_links":{"self":[{"href":"https:\/\/bahiaeconomica.com.br\/wp\/wp-json\/wp\/v2\/posts\/697444"}],"collection":[{"href":"https:\/\/bahiaeconomica.com.br\/wp\/wp-json\/wp\/v2\/posts"}],"about":[{"href":"https:\/\/bahiaeconomica.com.br\/wp\/wp-json\/wp\/v2\/types\/post"}],"author":[{"embeddable":true,"href":"https:\/\/bahiaeconomica.com.br\/wp\/wp-json\/wp\/v2\/users\/1"}],"replies":[{"embeddable":true,"href":"https:\/\/bahiaeconomica.com.br\/wp\/wp-json\/wp\/v2\/comments?post=697444"}],"version-history":[{"count":1,"href":"https:\/\/bahiaeconomica.com.br\/wp\/wp-json\/wp\/v2\/posts\/697444\/revisions"}],"predecessor-version":[{"id":697451,"href":"https:\/\/bahiaeconomica.com.br\/wp\/wp-json\/wp\/v2\/posts\/697444\/revisions\/697451"}],"wp:featuredmedia":[{"embeddable":true,"href":"https:\/\/bahiaeconomica.com.br\/wp\/wp-json\/wp\/v2\/media\/691487"}],"wp:attachment":[{"href":"https:\/\/bahiaeconomica.com.br\/wp\/wp-json\/wp\/v2\/media?parent=697444"}],"wp:term":[{"taxonomy":"category","embeddable":true,"href":"https:\/\/bahiaeconomica.com.br\/wp\/wp-json\/wp\/v2\/categories?post=697444"},{"taxonomy":"post_tag","embeddable":true,"href":"https:\/\/bahiaeconomica.com.br\/wp\/wp-json\/wp\/v2\/tags?post=697444"}],"curies":[{"name":"wp","href":"https:\/\/api.w.org\/{rel}","templated":true}]}}