{"id":697407,"date":"2022-10-24T10:00:15","date_gmt":"2022-10-24T13:00:15","guid":{"rendered":"https:\/\/bahiaeconomica.com.br\/wp\/beta\/?p=697407"},"modified":"2022-10-24T13:39:19","modified_gmt":"2022-10-24T16:39:19","slug":"lula-explora-episodio-roberto-jefferson-na-reta-final-do-2o-turno","status":"publish","type":"post","link":"https:\/\/bahiaeconomica.com.br\/wp\/2022\/10\/24\/lula-explora-episodio-roberto-jefferson-na-reta-final-do-2o-turno\/","title":{"rendered":"LULA EXPLORA EPIS\u00d3DIO ROBERTO JEFFERSON NA RETA FINAL"},"content":{"rendered":"\n<p>A campanha do ex-presidente Luiz In\u00e1cio Lula da Silva (PT) decidiu explorar na reta final do segundo turno o epis\u00f3dio envolvendo a pris\u00e3o do ex-deputado federal Roberto Jefferson (PTB), que atacou e feriu policiais federais ao se recusar a cumprir uma ordem do Supremo Tribunal Federal (STF) por cerca de oito horas.<\/p>\n\n\n\n<!--more-->\n\n\n\n<p>Integrantes do n\u00facleo duro da campanha ouvidos reservadamente pela equipe da coluna dizem que as pe\u00e7as a serem usadas no hor\u00e1rio eleitoral v\u00e3o explorar como o caso evidencia \u201cas consequ\u00eancias do est\u00edmulo \u00e0s armas e \u00e0 viol\u00eancia\u201d por parte do presidente Jair Bolsonaro.<\/p>\n\n\n\n<p>\u201cA viol\u00eancia bolsonarista chegou a n\u00edveis alarmantes. Eles invadem igrejas, agridem padres, criam caos em lugares sagrados. Matam por causa da pol\u00edtica, matam por nada\u201d, diz o narrador em uma inser\u00e7\u00e3o da campanha do PT, enquanto s\u00e3o exibidas cenas de agress\u00f5es f\u00edsicas que se espalharam pelo pa\u00eds durante as elei\u00e7\u00f5es. Petistas apostam que o caso tem o potencial de espantar eleitores indecisos e moderados, que podem selar o desfecho da acirrada corrida pelo Pal\u00e1cio do Planalto.<\/p>\n\n\n\n<p>O PT tamb\u00e9m tem em m\u00e3os levantamentos que mostram que o discurso beligerante de Bolsonaro n\u00e3o agrada ao eleitorado feminino. \u201cRoberto Jefferson, um dos principais aliados de Bolsonaro e condenado por corrup\u00e7\u00e3o, atirou na Pol\u00edcia Federal. Precisamos acabar com o \u00f3dio e a viol\u00eancia. O Brasil precisa de paz\u201d, diz o v\u00eddeo produzido pelo PT j\u00e1 na noite de domingo. A equipe da coluna teve acesso a outros dois v\u00eddeos que est\u00e3o circulando, mostrando as falas de Roberto Jefferson dizendo que vai atirar ou que j\u00e1 atirou.<\/p>\n\n\n\n<p>Foto: Maria Isabel<\/p>\n","protected":false},"excerpt":{"rendered":"<p>A campanha do ex-presidente Luiz In\u00e1cio Lula da Silva (PT) decidiu explorar na reta final do segundo turno o epis\u00f3dio envolvendo a pris\u00e3o do ex-deputado federal Roberto Jefferson (PTB), que atacou e feriu policiais federais ao se recusar a cumprir uma ordem do Supremo Tribunal Federal (STF) por cerca de oito horas.<\/p>\n","protected":false},"author":1,"featured_media":697408,"comment_status":"closed","ping_status":"closed","sticky":false,"template":"","format":"standard","meta":[],"categories":[14,3],"tags":[],"acf":[],"yoast_head":"<!-- This site is optimized with the Yoast SEO plugin v20.8 - https:\/\/yoast.com\/wordpress\/plugins\/seo\/ -->\n<title>LULA EXPLORA EPIS\u00d3DIO ROBERTO JEFFERSON NA RETA FINAL - Bahia Economica<\/title>\n<meta name=\"description\" content=\"O maior portal de Economia da Bahia DESTAQUE DO DIA, ECONOMIA \/ POL\u00cdTICA Bahia Economica\" \/>\n<meta name=\"robots\" content=\"index, follow, max-snippet:-1, max-image-preview:large, max-video-preview:-1\" \/>\n<link rel=\"canonical\" href=\"https:\/\/bahiaeconomica.com.br\/wp\/2022\/10\/24\/lula-explora-episodio-roberto-jefferson-na-reta-final-do-2o-turno\/\" \/>\n<meta property=\"og:locale\" content=\"pt_BR\" \/>\n<meta property=\"og:type\" content=\"article\" \/>\n<meta property=\"og:title\" content=\"LULA EXPLORA EPIS\u00d3DIO ROBERTO JEFFERSON NA RETA FINAL - Bahia Economica\" \/>\n<meta property=\"og:description\" content=\"O maior portal de Economia da Bahia DESTAQUE DO DIA, ECONOMIA \/ POL\u00cdTICA Bahia Economica\" \/>\n<meta property=\"og:url\" content=\"https:\/\/bahiaeconomica.com.br\/wp\/2022\/10\/24\/lula-explora-episodio-roberto-jefferson-na-reta-final-do-2o-turno\/\" \/>\n<meta property=\"og:site_name\" content=\"Bahia Economica\" \/>\n<meta property=\"article:publisher\" content=\"https:\/\/www.facebook.com\/bahiaeconomica\" \/>\n<meta property=\"article:published_time\" content=\"2022-10-24T13:00:15+00:00\" \/>\n<meta property=\"article:modified_time\" content=\"2022-10-24T16:39:19+00:00\" \/>\n<meta property=\"og:image\" content=\"https:\/\/bahiaeconomica.com.br\/wp\/wp-content\/uploads\/2022\/10\/100870017-po-sao-paulo-sp-16-10-2022-debate-na-band-candidatos-a-presidencia-se-enfrenta.webp\" \/>\n\t<meta property=\"og:image:width\" content=\"924\" \/>\n\t<meta property=\"og:image:height\" content=\"616\" \/>\n\t<meta property=\"og:image:type\" content=\"image\/webp\" \/>\n<meta name=\"author\" content=\"admin\" \/>\n<meta name=\"twitter:card\" content=\"summary_large_image\" \/>\n<meta name=\"twitter:label1\" content=\"Escrito por\" \/>\n\t<meta name=\"twitter:data1\" content=\"admin\" \/>\n\t<meta name=\"twitter:label2\" content=\"Est. tempo de leitura\" \/>\n\t<meta name=\"twitter:data2\" content=\"2 minutos\" \/>\n<script type=\"application\/ld+json\" class=\"yoast-schema-graph\">{\"@context\":\"https:\/\/schema.org\",\"@graph\":[{\"@type\":\"Article\",\"@id\":\"https:\/\/bahiaeconomica.com.br\/wp\/2022\/10\/24\/lula-explora-episodio-roberto-jefferson-na-reta-final-do-2o-turno\/#article\",\"isPartOf\":{\"@id\":\"https:\/\/bahiaeconomica.com.br\/wp\/2022\/10\/24\/lula-explora-episodio-roberto-jefferson-na-reta-final-do-2o-turno\/\"},\"author\":{\"name\":\"admin\",\"@id\":\"https:\/\/bahiaeconomica.com.br\/wp\/#\/schema\/person\/cb1ab5ba96ad3d9390805381c76284ec\"},\"headline\":\"LULA EXPLORA EPIS\u00d3DIO ROBERTO JEFFERSON NA RETA FINAL\",\"datePublished\":\"2022-10-24T13:00:15+00:00\",\"dateModified\":\"2022-10-24T16:39:19+00:00\",\"mainEntityOfPage\":{\"@id\":\"https:\/\/bahiaeconomica.com.br\/wp\/2022\/10\/24\/lula-explora-episodio-roberto-jefferson-na-reta-final-do-2o-turno\/\"},\"wordCount\":298,\"publisher\":{\"@id\":\"https:\/\/bahiaeconomica.com.br\/wp\/#organization\"},\"articleSection\":[\"DESTAQUE DO DIA\",\"ECONOMIA \/ POL\u00cdTICA\"],\"inLanguage\":\"pt-BR\"},{\"@type\":\"WebPage\",\"@id\":\"https:\/\/bahiaeconomica.com.br\/wp\/2022\/10\/24\/lula-explora-episodio-roberto-jefferson-na-reta-final-do-2o-turno\/\",\"url\":\"https:\/\/bahiaeconomica.com.br\/wp\/2022\/10\/24\/lula-explora-episodio-roberto-jefferson-na-reta-final-do-2o-turno\/\",\"name\":\"LULA EXPLORA EPIS\u00d3DIO ROBERTO JEFFERSON NA RETA FINAL - Bahia Economica\",\"isPartOf\":{\"@id\":\"https:\/\/bahiaeconomica.com.br\/wp\/#website\"},\"datePublished\":\"2022-10-24T13:00:15+00:00\",\"dateModified\":\"2022-10-24T16:39:19+00:00\",\"description\":\"O maior portal de Economia da Bahia DESTAQUE DO DIA, ECONOMIA \/ POL\u00cdTICA Bahia Economica\",\"breadcrumb\":{\"@id\":\"https:\/\/bahiaeconomica.com.br\/wp\/2022\/10\/24\/lula-explora-episodio-roberto-jefferson-na-reta-final-do-2o-turno\/#breadcrumb\"},\"inLanguage\":\"pt-BR\",\"potentialAction\":[{\"@type\":\"ReadAction\",\"target\":[\"https:\/\/bahiaeconomica.com.br\/wp\/2022\/10\/24\/lula-explora-episodio-roberto-jefferson-na-reta-final-do-2o-turno\/\"]}]},{\"@type\":\"BreadcrumbList\",\"@id\":\"https:\/\/bahiaeconomica.com.br\/wp\/2022\/10\/24\/lula-explora-episodio-roberto-jefferson-na-reta-final-do-2o-turno\/#breadcrumb\",\"itemListElement\":[{\"@type\":\"ListItem\",\"position\":1,\"name\":\"In\u00edcio\",\"item\":\"https:\/\/bahiaeconomica.com.br\/wp\/\"},{\"@type\":\"ListItem\",\"position\":2,\"name\":\"LULA EXPLORA EPIS\u00d3DIO ROBERTO JEFFERSON NA RETA FINAL\"}]},{\"@type\":\"WebSite\",\"@id\":\"https:\/\/bahiaeconomica.com.br\/wp\/#website\",\"url\":\"https:\/\/bahiaeconomica.com.br\/wp\/\",\"name\":\"Bahia Economica\",\"description\":\"O maior portal de Economia da Bahia\",\"publisher\":{\"@id\":\"https:\/\/bahiaeconomica.com.br\/wp\/#organization\"},\"potentialAction\":[{\"@type\":\"SearchAction\",\"target\":{\"@type\":\"EntryPoint\",\"urlTemplate\":\"https:\/\/bahiaeconomica.com.br\/wp\/?s={search_term_string}\"},\"query-input\":\"required name=search_term_string\"}],\"inLanguage\":\"pt-BR\"},{\"@type\":\"Organization\",\"@id\":\"https:\/\/bahiaeconomica.com.br\/wp\/#organization\",\"name\":\"Bahia Econ\u00f4mica\",\"url\":\"https:\/\/bahiaeconomica.com.br\/wp\/\",\"logo\":{\"@type\":\"ImageObject\",\"inLanguage\":\"pt-BR\",\"@id\":\"https:\/\/bahiaeconomica.com.br\/wp\/#\/schema\/logo\/image\/\",\"url\":\"https:\/\/bahiaeconomica.com.br\/wp\/wp-content\/uploads\/2020\/12\/cropped-BE.png\",\"contentUrl\":\"https:\/\/bahiaeconomica.com.br\/wp\/wp-content\/uploads\/2020\/12\/cropped-BE.png\",\"width\":512,\"height\":512,\"caption\":\"Bahia Econ\u00f4mica\"},\"image\":{\"@id\":\"https:\/\/bahiaeconomica.com.br\/wp\/#\/schema\/logo\/image\/\"},\"sameAs\":[\"https:\/\/www.facebook.com\/bahiaeconomica\"]},{\"@type\":\"Person\",\"@id\":\"https:\/\/bahiaeconomica.com.br\/wp\/#\/schema\/person\/cb1ab5ba96ad3d9390805381c76284ec\",\"name\":\"admin\",\"url\":\"https:\/\/bahiaeconomica.com.br\/wp\/author\/admin\/\"}]}<\/script>\n<!-- \/ Yoast SEO plugin. -->","yoast_head_json":{"title":"LULA EXPLORA EPIS\u00d3DIO ROBERTO JEFFERSON NA RETA FINAL - Bahia Economica","description":"O maior portal de Economia da Bahia DESTAQUE DO DIA, ECONOMIA \/ POL\u00cdTICA Bahia Economica","robots":{"index":"index","follow":"follow","max-snippet":"max-snippet:-1","max-image-preview":"max-image-preview:large","max-video-preview":"max-video-preview:-1"},"canonical":"https:\/\/bahiaeconomica.com.br\/wp\/2022\/10\/24\/lula-explora-episodio-roberto-jefferson-na-reta-final-do-2o-turno\/","og_locale":"pt_BR","og_type":"article","og_title":"LULA EXPLORA EPIS\u00d3DIO ROBERTO JEFFERSON NA RETA FINAL - Bahia Economica","og_description":"O maior portal de Economia da Bahia DESTAQUE DO DIA, ECONOMIA \/ POL\u00cdTICA Bahia Economica","og_url":"https:\/\/bahiaeconomica.com.br\/wp\/2022\/10\/24\/lula-explora-episodio-roberto-jefferson-na-reta-final-do-2o-turno\/","og_site_name":"Bahia Economica","article_publisher":"https:\/\/www.facebook.com\/bahiaeconomica","article_published_time":"2022-10-24T13:00:15+00:00","article_modified_time":"2022-10-24T16:39:19+00:00","og_image":[{"width":924,"height":616,"url":"https:\/\/bahiaeconomica.com.br\/wp\/wp-content\/uploads\/2022\/10\/100870017-po-sao-paulo-sp-16-10-2022-debate-na-band-candidatos-a-presidencia-se-enfrenta.webp","type":"image\/webp"}],"author":"admin","twitter_card":"summary_large_image","twitter_misc":{"Escrito por":"admin","Est. tempo de leitura":"2 minutos"},"schema":{"@context":"https:\/\/schema.org","@graph":[{"@type":"Article","@id":"https:\/\/bahiaeconomica.com.br\/wp\/2022\/10\/24\/lula-explora-episodio-roberto-jefferson-na-reta-final-do-2o-turno\/#article","isPartOf":{"@id":"https:\/\/bahiaeconomica.com.br\/wp\/2022\/10\/24\/lula-explora-episodio-roberto-jefferson-na-reta-final-do-2o-turno\/"},"author":{"name":"admin","@id":"https:\/\/bahiaeconomica.com.br\/wp\/#\/schema\/person\/cb1ab5ba96ad3d9390805381c76284ec"},"headline":"LULA EXPLORA EPIS\u00d3DIO ROBERTO JEFFERSON NA RETA FINAL","datePublished":"2022-10-24T13:00:15+00:00","dateModified":"2022-10-24T16:39:19+00:00","mainEntityOfPage":{"@id":"https:\/\/bahiaeconomica.com.br\/wp\/2022\/10\/24\/lula-explora-episodio-roberto-jefferson-na-reta-final-do-2o-turno\/"},"wordCount":298,"publisher":{"@id":"https:\/\/bahiaeconomica.com.br\/wp\/#organization"},"articleSection":["DESTAQUE DO DIA","ECONOMIA \/ POL\u00cdTICA"],"inLanguage":"pt-BR"},{"@type":"WebPage","@id":"https:\/\/bahiaeconomica.com.br\/wp\/2022\/10\/24\/lula-explora-episodio-roberto-jefferson-na-reta-final-do-2o-turno\/","url":"https:\/\/bahiaeconomica.com.br\/wp\/2022\/10\/24\/lula-explora-episodio-roberto-jefferson-na-reta-final-do-2o-turno\/","name":"LULA EXPLORA EPIS\u00d3DIO ROBERTO JEFFERSON NA RETA FINAL - Bahia Economica","isPartOf":{"@id":"https:\/\/bahiaeconomica.com.br\/wp\/#website"},"datePublished":"2022-10-24T13:00:15+00:00","dateModified":"2022-10-24T16:39:19+00:00","description":"O maior portal de Economia da Bahia DESTAQUE DO DIA, ECONOMIA \/ POL\u00cdTICA Bahia Economica","breadcrumb":{"@id":"https:\/\/bahiaeconomica.com.br\/wp\/2022\/10\/24\/lula-explora-episodio-roberto-jefferson-na-reta-final-do-2o-turno\/#breadcrumb"},"inLanguage":"pt-BR","potentialAction":[{"@type":"ReadAction","target":["https:\/\/bahiaeconomica.com.br\/wp\/2022\/10\/24\/lula-explora-episodio-roberto-jefferson-na-reta-final-do-2o-turno\/"]}]},{"@type":"BreadcrumbList","@id":"https:\/\/bahiaeconomica.com.br\/wp\/2022\/10\/24\/lula-explora-episodio-roberto-jefferson-na-reta-final-do-2o-turno\/#breadcrumb","itemListElement":[{"@type":"ListItem","position":1,"name":"In\u00edcio","item":"https:\/\/bahiaeconomica.com.br\/wp\/"},{"@type":"ListItem","position":2,"name":"LULA EXPLORA EPIS\u00d3DIO ROBERTO JEFFERSON NA RETA FINAL"}]},{"@type":"WebSite","@id":"https:\/\/bahiaeconomica.com.br\/wp\/#website","url":"https:\/\/bahiaeconomica.com.br\/wp\/","name":"Bahia Economica","description":"O maior portal de Economia da Bahia","publisher":{"@id":"https:\/\/bahiaeconomica.com.br\/wp\/#organization"},"potentialAction":[{"@type":"SearchAction","target":{"@type":"EntryPoint","urlTemplate":"https:\/\/bahiaeconomica.com.br\/wp\/?s={search_term_string}"},"query-input":"required name=search_term_string"}],"inLanguage":"pt-BR"},{"@type":"Organization","@id":"https:\/\/bahiaeconomica.com.br\/wp\/#organization","name":"Bahia Econ\u00f4mica","url":"https:\/\/bahiaeconomica.com.br\/wp\/","logo":{"@type":"ImageObject","inLanguage":"pt-BR","@id":"https:\/\/bahiaeconomica.com.br\/wp\/#\/schema\/logo\/image\/","url":"https:\/\/bahiaeconomica.com.br\/wp\/wp-content\/uploads\/2020\/12\/cropped-BE.png","contentUrl":"https:\/\/bahiaeconomica.com.br\/wp\/wp-content\/uploads\/2020\/12\/cropped-BE.png","width":512,"height":512,"caption":"Bahia Econ\u00f4mica"},"image":{"@id":"https:\/\/bahiaeconomica.com.br\/wp\/#\/schema\/logo\/image\/"},"sameAs":["https:\/\/www.facebook.com\/bahiaeconomica"]},{"@type":"Person","@id":"https:\/\/bahiaeconomica.com.br\/wp\/#\/schema\/person\/cb1ab5ba96ad3d9390805381c76284ec","name":"admin","url":"https:\/\/bahiaeconomica.com.br\/wp\/author\/admin\/"}]}},"views":5,"_links":{"self":[{"href":"https:\/\/bahiaeconomica.com.br\/wp\/wp-json\/wp\/v2\/posts\/697407"}],"collection":[{"href":"https:\/\/bahiaeconomica.com.br\/wp\/wp-json\/wp\/v2\/posts"}],"about":[{"href":"https:\/\/bahiaeconomica.com.br\/wp\/wp-json\/wp\/v2\/types\/post"}],"author":[{"embeddable":true,"href":"https:\/\/bahiaeconomica.com.br\/wp\/wp-json\/wp\/v2\/users\/1"}],"replies":[{"embeddable":true,"href":"https:\/\/bahiaeconomica.com.br\/wp\/wp-json\/wp\/v2\/comments?post=697407"}],"version-history":[{"count":2,"href":"https:\/\/bahiaeconomica.com.br\/wp\/wp-json\/wp\/v2\/posts\/697407\/revisions"}],"predecessor-version":[{"id":697410,"href":"https:\/\/bahiaeconomica.com.br\/wp\/wp-json\/wp\/v2\/posts\/697407\/revisions\/697410"}],"wp:featuredmedia":[{"embeddable":true,"href":"https:\/\/bahiaeconomica.com.br\/wp\/wp-json\/wp\/v2\/media\/697408"}],"wp:attachment":[{"href":"https:\/\/bahiaeconomica.com.br\/wp\/wp-json\/wp\/v2\/media?parent=697407"}],"wp:term":[{"taxonomy":"category","embeddable":true,"href":"https:\/\/bahiaeconomica.com.br\/wp\/wp-json\/wp\/v2\/categories?post=697407"},{"taxonomy":"post_tag","embeddable":true,"href":"https:\/\/bahiaeconomica.com.br\/wp\/wp-json\/wp\/v2\/tags?post=697407"}],"curies":[{"name":"wp","href":"https:\/\/api.w.org\/{rel}","templated":true}]}}