{"id":697205,"date":"2022-10-21T15:51:10","date_gmt":"2022-10-21T18:51:10","guid":{"rendered":"https:\/\/bahiaeconomica.com.br\/wp\/beta\/?p=697205"},"modified":"2022-10-21T15:51:13","modified_gmt":"2022-10-21T18:51:13","slug":"sinebahia-divulga-nesta-sexta-feira-21-mais-de-530-vagas-de-emprego-no-interior-da-bahia","status":"publish","type":"post","link":"https:\/\/bahiaeconomica.com.br\/wp\/2022\/10\/21\/sinebahia-divulga-nesta-sexta-feira-21-mais-de-530-vagas-de-emprego-no-interior-da-bahia\/","title":{"rendered":"SINEBAHIA DIVULGA NESTA SEXTA-FEIRA (21) MAIS DE 530 VAGAS DE EMPREGO NO INTERIOR DA BAHIA"},"content":{"rendered":"\n<p>O Servi\u00e7o de Intermedia\u00e7\u00e3o para o Trabalho (SineBahia) divulgou nesta sexta-feira (21), 530 vagas de emprego abertas divididas em v\u00e1rias cidades do interior do estado. As oportunidades est\u00e3o dispon\u00edveis em Bom Jesus da Lapa, Barreiras, Cruz das Almas, Jequi\u00e9, Sobradinho, Senhor do Bonfim, Santo Ant\u00f4nio de Jesus, Paulo Afonso, Ilh\u00e9us, Itabuna, Xique-xique,Valen\u00e7a, Catu, Cama\u00e7ari e Sim\u00f5es Filho.<\/p>\n\n\n\n<p>Os benef\u00edcios e os sal\u00e1rios variam de acordo com a fun\u00e7\u00e3o e os interessados podem buscar um dos postos de atendimento em Salvador e\/ou no interior do estado com documentos pessoais para ter acesso a mais de informa\u00e7\u00f5es e se cadastrar.<\/p>\n\n\n\n<p>Os documentos necess\u00e1rios s\u00e3o Carteira de Trabalho f\u00edsica ou digital; RG; CPF; comprovantes de resid\u00eancia e escolaridade; CNH, se a vaga exigir, al\u00e9m de certificados de cursos, se assim desejar. Vale pontuar que essas vagas est\u00e3o sujeitas ao limite de encaminhamentos.<\/p>\n\n\n\n<p><strong><u>VAGAS DE CAMA\u00c7ARI<\/u><\/strong><\/p>\n\n\n\n<p><strong>AUXILIAR DE SERVI\u00c7OS GERAIS&nbsp;<\/strong><\/p>\n\n\n\n<p>Ensino Fundamental completo&nbsp;<\/p>\n\n\n\n<p>06 meses de experi\u00eancia em carteira&nbsp;<\/p>\n\n\n\n<p>Imprescind\u00edvel: Experi\u00eancia na fun\u00e7\u00e3o&nbsp;<\/p>\n\n\n\n<p>01 VAGA&nbsp;<\/p>\n\n\n\n<p><strong><u>VAGAS DE VALEN\u00c7A<\/u><\/strong><\/p>\n\n\n\n<p><strong>VENDEDOR EXTERNO&nbsp;<\/strong><\/p>\n\n\n\n<p>Ensino M\u00e9dio Completo&nbsp;<\/p>\n\n\n\n<p>Experi\u00eancia com vendas&nbsp;<\/p>\n\n\n\n<p>Moto Pr\u00f3pria&nbsp;<\/p>\n\n\n\n<p>01 VAGA&nbsp;<\/p>\n\n\n\n<p><strong><u>VAGAS DE SIM\u00d5ES FILHO<\/u><\/strong><\/p>\n\n\n\n<p><strong>TORNEIRO JUNIOR&nbsp;<\/strong><\/p>\n\n\n\n<p>Ensino M\u00e9dio Completo&nbsp;<\/p>\n\n\n\n<p>Experi\u00eancia 06 meses&nbsp;<\/p>\n\n\n\n<p>Ter curso t\u00e9cnico&nbsp;<\/p>\n\n\n\n<p>01 VAGA<\/p>\n\n\n\n<p><strong>MOTORISTA CARRETEIRO&nbsp;<\/strong><\/p>\n\n\n\n<p>Ensino M\u00e9dio completo&nbsp;<\/p>\n\n\n\n<p>Experi\u00eancia 06 meses&nbsp;<\/p>\n\n\n\n<p>Disponibilidade para viajar&nbsp;<\/p>\n\n\n\n<p>02 VAGAS<\/p>\n\n\n\n<p><strong>ASSISTENTE ADMINISTRATIVO (EST\u00c1GIO)&nbsp;<\/strong><\/p>\n\n\n\n<p>Superior Incompleto em Administra\u00e7\u00e3o ou RH&nbsp;<\/p>\n\n\n\n<p>N\u00e3o Exige Experi\u00eancia&nbsp;<\/p>\n\n\n\n<p>07 VAGAS<\/p>\n\n\n\n<p><strong>AUXILIAR GERAL DE CONSERVA\u00c7\u00c3O DE VIAS (PCD)&nbsp;<\/strong><\/p>\n\n\n\n<p>Exclusivo para Pessoas com Defici\u00eancia&nbsp;<\/p>\n\n\n\n<p>Ensino Fundamental Incompleto&nbsp;<\/p>\n\n\n\n<p>N\u00e3o exige experi\u00eancia&nbsp;<\/p>\n\n\n\n<p>01 VAGA<\/p>\n\n\n\n<p><strong>AJUDANTE DE CARGA E DESCARGA&nbsp;<\/strong><\/p>\n\n\n\n<p>Ensino M\u00e9dio Incompleto&nbsp;<\/p>\n\n\n\n<p>Experi\u00eancia 06 meses na carteira&nbsp;<\/p>\n\n\n\n<p>40 VAGAS<\/p>\n\n\n\n<p><strong>T\u00c9CNICO EM EDIFICA\u00c7\u00d5ES&nbsp;<\/strong><\/p>\n\n\n\n<p>Ensino M\u00e9dio Completo&nbsp;<\/p>\n\n\n\n<p>Experi\u00eancia 06 meses na carteira&nbsp;<\/p>\n\n\n\n<p>Curso T\u00e9cnico&nbsp;<\/p>\n\n\n\n<p>02 VAGAS<\/p>\n\n\n\n<p><strong>ALMOXARIFE&nbsp;<\/strong><\/p>\n\n\n\n<p>Ensino M\u00e9dio Completo&nbsp;<\/p>\n\n\n\n<p>Experi\u00eancia 06 meses na carteira&nbsp;<\/p>\n\n\n\n<p>02 VAGAS<\/p>\n\n\n\n<p><strong>AUXILIAR DE PRODU\u00c7\u00c3O&nbsp;<\/strong><\/p>\n\n\n\n<p>Ensino M\u00e9dio Completo&nbsp;<\/p>\n\n\n\n<p>Experi\u00eancia 06 meses na carteira&nbsp;<\/p>\n\n\n\n<p>10 VAGAS<\/p>\n\n\n\n<p><strong>AUXILIAR DE DEPARTAMENTO PESSOAL&nbsp;<\/strong><\/p>\n\n\n\n<p>Ensino M\u00e9dio Completo&nbsp;<\/p>\n\n\n\n<p>Experi\u00eancia 06 meses na carteira&nbsp;<\/p>\n\n\n\n<p>01 VAGA<\/p>\n\n\n\n<p><strong>AUXILIAR DE EXPEDI\u00c7\u00c3O&nbsp;<\/strong><\/p>\n\n\n\n<p>Ensino M\u00e9dio Completo&nbsp;<\/p>\n\n\n\n<p>Primeiro Emprego&nbsp;<\/p>\n\n\n\n<p>Conhecimento em inform\u00e1tica&nbsp;<\/p>\n\n\n\n<p>05 VAGAS<\/p>\n\n\n\n<p><strong>AUXILIAR DE LIMPEZA&nbsp;<\/strong><\/p>\n\n\n\n<p>Ensino Fundamental Completo&nbsp;<\/p>\n\n\n\n<p>Experi\u00eancia 06 meses na carteira&nbsp;<\/p>\n\n\n\n<p>02 VAGAS<\/p>\n\n\n\n<p><strong>MOTORISTA DE CAMINHAO&nbsp;<\/strong><\/p>\n\n\n\n<p>Ensino M\u00e9dio Completo&nbsp;<\/p>\n\n\n\n<p>Experi\u00eancia 06 meses na carteira&nbsp;<\/p>\n\n\n\n<p>04 VAGAS<\/p>\n\n\n\n<p><strong>SOLDADOR SERRALHEIRO&nbsp;<\/strong><\/p>\n\n\n\n<p>Ensino M\u00e9dio Completo&nbsp;<\/p>\n\n\n\n<p>Experi\u00eancia 06 meses na carteira&nbsp;<\/p>\n\n\n\n<p>02 VAGAS<\/p>\n\n\n\n<p><strong>OPERADOR DE EMPILHADEIRA&nbsp;<\/strong><\/p>\n\n\n\n<p>Ensino M\u00e9dio Completo&nbsp;<\/p>\n\n\n\n<p>Experi\u00eancia 06 meses na carteira&nbsp;<\/p>\n\n\n\n<p>Necess\u00e1ria experi\u00eancia com empilhadeira el\u00e9trica lateral e&nbsp;<\/p>\n\n\n\n<p>04 VAGAS<\/p>\n\n\n\n<p><strong>OPERADOR DE EMPILHADEIRA&nbsp;<\/strong><\/p>\n\n\n\n<p>Ensino M\u00e9dio Completo&nbsp;<\/p>\n\n\n\n<p>Experi\u00eancia 06 meses na carteira&nbsp;<\/p>\n\n\n\n<p>Experi\u00eancia com empilhadeira retr\u00e1til&nbsp;<\/p>\n\n\n\n<p>10 VAGAS<\/p>\n\n\n\n<p><strong><u>VAGA DE CATU<\/u><\/strong><\/p>\n\n\n\n<p><strong>AUX. DE SERVI\u00c7OS GERAIS (EST\u00c1GIO)<\/strong>&nbsp;<\/p>\n\n\n\n<p>Ensino Fundamental em diante (estudando a noite)&nbsp;<\/p>\n\n\n\n<p>Disponibilidade de hor\u00e1rio: manh\u00e3 e tarde&nbsp;<\/p>\n\n\n\n<p>Sal\u00e1rio a combinar&nbsp;<\/p>\n\n\n\n<p>01 VAGA&nbsp;<\/p>\n\n\n\n<p><strong><u>VAGAS DE XIQUE-XIQUE<\/u><\/strong><\/p>\n\n\n\n<p><strong>T\u00c9CNICO EM SEGURAN\u00c7A DO TRABALHO&nbsp;<\/strong><\/p>\n\n\n\n<p>Escolaridade: Ensino M\u00e9dio completo e curso T\u00e9cnico em Seguran\u00e7a do Trabalho.&nbsp;<\/p>\n\n\n\n<p>Experi\u00eancia: 06 meses na fun\u00e7\u00e3o comprovada em CTPS&nbsp;<\/p>\n\n\n\n<p>CNH: Categoria B&nbsp;<\/p>\n\n\n\n<p>05&nbsp;VAGAS<\/p>\n\n\n\n<p><strong>ANALISTA AMBIENTAL&nbsp;<\/strong><\/p>\n\n\n\n<p>Ensino Superior completo em: engenharia Florestal, Ambiental ou Agron\u00f4mica; Tecn\u00f3logo em Gest\u00e3o Ambiental; Bi\u00f3logo.&nbsp;<\/p>\n\n\n\n<p>Experi\u00eancia: 06 meses na fun\u00e7\u00e3o, comprovada em CTPS&nbsp;<\/p>\n\n\n\n<p>CNH: Categoria B&nbsp;<\/p>\n\n\n\n<p>01VAGA&nbsp;<\/p>\n\n\n\n<p><strong>T\u00c9CNICO EM MEIO AMBIENTE&nbsp;<\/strong><\/p>\n\n\n\n<p>Ensino M\u00e9dio completo e curso T\u00e9cnico em Meio Ambiente.&nbsp;<\/p>\n\n\n\n<p>Experi\u00eancia: 06 meses na fun\u00e7\u00e3o comprovada em CTPS&nbsp;<\/p>\n\n\n\n<p>CNH: Categoria B&nbsp;<\/p>\n\n\n\n<p>01&nbsp;VAGA<\/p>\n\n\n\n<p><strong><u>VAGAS DE PAULO AFONSO<\/u><\/strong><\/p>\n\n\n\n<p><strong>OPERADOR DE CAIXA<\/strong>&nbsp;<\/p>\n\n\n\n<p>Ensino M\u00e9dio completo&nbsp;<\/p>\n\n\n\n<p>Experi\u00eancia m\u00ednima de 06 meses na fun\u00e7\u00e3o&nbsp;<\/p>\n\n\n\n<p>Obrigat\u00f3rio possuir disponibilidade para trabalhar em escala&nbsp;<\/p>\n\n\n\n<p>55 VAGAS&nbsp;<\/p>\n\n\n\n<p><strong>CONFERENTE<\/strong><strong>&nbsp;<\/strong><\/p>\n\n\n\n<p>Ensino M\u00e9dio completo&nbsp;<\/p>\n\n\n\n<p>Experi\u00eancia m\u00ednima de 06 meses na fun\u00e7\u00e3o&nbsp;<\/p>\n\n\n\n<p>Obrigat\u00f3rio possuir disponibilidade para trabalhar em escala&nbsp;<\/p>\n\n\n\n<p>04 VAGAS&nbsp;<\/p>\n\n\n\n<p><strong>A\u00c7OUGUEIRO<\/strong><strong>&nbsp;<\/strong><\/p>\n\n\n\n<p>Ensino M\u00e9dio completo&nbsp;<\/p>\n\n\n\n<p>Experi\u00eancia m\u00ednima de 06 meses na fun\u00e7\u00e3o&nbsp;<\/p>\n\n\n\n<p>Obrigat\u00f3rio possuir disponibilidade para trabalhar em escala&nbsp;<\/p>\n\n\n\n<p>15 VAGAS&nbsp;<\/p>\n\n\n\n<p><strong>OPERADOR DE EMPILHADEIRA<\/strong><strong>&nbsp;<\/strong><\/p>\n\n\n\n<p>Ensino M\u00e9dio completo&nbsp;<\/p>\n\n\n\n<p>Experi\u00eancia m\u00ednima de 06 meses na fun\u00e7\u00e3o&nbsp;<\/p>\n\n\n\n<p>Obrigat\u00f3rio possuir CNH B e Curso de Operador de Empilhadeira&nbsp;<\/p>\n\n\n\n<p>Obrigat\u00f3rio possuir disponibilidade para trabalhar em escala&nbsp;<\/p>\n\n\n\n<p>05 VAGAS&nbsp;<\/p>\n\n\n\n<p><strong>PADEIRO&nbsp;<\/strong><\/p>\n\n\n\n<p>Ensino M\u00e9dio completo&nbsp;<\/p>\n\n\n\n<p>Experi\u00eancia m\u00ednima de 06 meses na fun\u00e7\u00e3o&nbsp;<\/p>\n\n\n\n<p>Obrigat\u00f3rio possuir disponibilidade para trabalhar em escala&nbsp;<\/p>\n\n\n\n<p>04 VAGAS&nbsp;<\/p>\n\n\n\n<p><strong>AUXILIAR DE LIMPEZA&nbsp;<\/strong><\/p>\n\n\n\n<p>Ensino Fundamental completo&nbsp;<\/p>\n\n\n\n<p>Experi\u00eancia m\u00ednima de 06 meses na fun\u00e7\u00e3o &nbsp;<\/p>\n\n\n\n<p>Obrigat\u00f3rio possuir disponibilidade para trabalhar em escala&nbsp;<\/p>\n\n\n\n<p>07 VAGAS&nbsp;<\/p>\n\n\n\n<p><strong>REPOSITOR&nbsp;<\/strong><\/p>\n\n\n\n<p>Ensino Fundamental completo&nbsp;<\/p>\n\n\n\n<p>Experi\u00eancia m\u00ednima de 06 meses na fun\u00e7\u00e3o&nbsp;<\/p>\n\n\n\n<p>Obrigat\u00f3rio possuir disponibilidade para trabalhar em escala&nbsp;<\/p>\n\n\n\n<p>60 VAGAS&nbsp;<\/p>\n\n\n\n<p><strong>FISCAL DE LOJA&nbsp;<\/strong><\/p>\n\n\n\n<p>Ensino M\u00e9dio completo&nbsp;<\/p>\n\n\n\n<p>Experi\u00eancia m\u00ednima de 06 meses na fun\u00e7\u00e3o &nbsp;<\/p>\n\n\n\n<p>Obrigat\u00f3rio possuir disponibilidade para trabalhar em escala&nbsp;<\/p>\n\n\n\n<p>16 VAGAS&nbsp;<\/p>\n\n\n\n<p><strong><u>VAGAS PARA SANTO ANT\u00d4NIO DE JESUS<\/u><\/strong><\/p>\n\n\n\n<p><strong>AUXILIAR ADMINISTRATIVO (PCD)&nbsp;<\/strong><\/p>\n\n\n\n<p>Exclusiva para Pessoas com Defici\u00eancia<\/p>\n\n\n\n<p>01 VAGA&nbsp;<\/p>\n\n\n\n<p><strong>AUXILIAR DE LINHA DE PRODU\u00c7\u00c3O (PCD)&nbsp;<\/strong><\/p>\n\n\n\n<p>Exclusiva para Pessoas com Defici\u00eancia<\/p>\n\n\n\n<p>02 VAGAS&nbsp;<\/p>\n\n\n\n<p><strong>AUXILIAR DE SERVI\u00c7OS GERAIS (PCD)&nbsp;<\/strong><\/p>\n\n\n\n<p>Exclusiva para Pessoas com Defici\u00eancia<\/p>\n\n\n\n<p>02 VAGAS&nbsp;<\/p>\n\n\n\n<p><strong>AUXILIAR DE ESTOQUE (PCD)&nbsp;<\/strong><\/p>\n\n\n\n<p>Exclusiva para Pessoas com Defici\u00eancia&nbsp;<\/p>\n\n\n\n<p>01 VAGA<\/p>\n\n\n\n<p><strong>PADEIRO<\/strong><\/p>\n\n\n\n<p>Experi\u00eancia m\u00ednima de 06 meses na fun\u00e7\u00e3o<\/p>\n\n\n\n<p>01 VAGA&nbsp;<\/p>\n\n\n\n<p><strong>CHURRASQUEIRO<\/strong><\/p>\n\n\n\n<p>Experi\u00eancia m\u00ednima de 06 meses na fun\u00e7\u00e3o<\/p>\n\n\n\n<p>01 VAGA&nbsp;<\/p>\n\n\n\n<p><strong>MOTORISTA DE \u00d4NIBUS<\/strong><\/p>\n\n\n\n<p>Ensino M\u00e9dio completo<\/p>\n\n\n\n<p>Experi\u00eancia m\u00ednima de 06 meses na fun\u00e7\u00e3o<\/p>\n\n\n\n<p>Possuir CNH: D<\/p>\n\n\n\n<p>01 VAGA&nbsp;<\/p>\n\n\n\n<p><strong>FISCAL<\/strong><\/p>\n\n\n\n<p>Ensino M\u00e9dio completo<\/p>\n\n\n\n<p>Experi\u00eancia m\u00ednima de 06 meses na fun\u00e7\u00e3o<\/p>\n\n\n\n<p>01 VAGA&nbsp;<\/p>\n\n\n\n<p><strong>AJUDANTE PR\u00c1TICO<\/strong><\/p>\n\n\n\n<p>Experi\u00eancia m\u00ednima de 06 meses na fun\u00e7\u00e3o<\/p>\n\n\n\n<p>01 VAGA&nbsp;<\/p>\n\n\n\n<p><strong>AJUDANTE COMUM<\/strong><\/p>\n\n\n\n<p>Experi\u00eancia m\u00ednima de 06 meses na fun\u00e7\u00e3o<\/p>\n\n\n\n<p>01 VAGA&nbsp;<\/p>\n\n\n\n<p><strong>ALMOXARIFE<\/strong><\/p>\n\n\n\n<p>Ensino M\u00e9dio completo<\/p>\n\n\n\n<p>Experi\u00eancia m\u00ednima de 06 meses na fun\u00e7\u00e3o&nbsp;<\/p>\n\n\n\n<p>Possuir CNH: A\/B<\/p>\n\n\n\n<p>01 VAGA&nbsp;<\/p>\n\n\n\n<p><strong>VENDEDOR INTERNO<\/strong><\/p>\n\n\n\n<p>Ensino M\u00e9dio completo<\/p>\n\n\n\n<p>Experi\u00eancia m\u00ednima de 06 meses na fun\u00e7\u00e3o<\/p>\n\n\n\n<p>01 VAGA&nbsp;<\/p>\n\n\n\n<p><strong>CONSULTOR DE EST\u00c9TICA<\/strong><\/p>\n\n\n\n<p>Graduado em Fisioterapia ou Biomedicina<\/p>\n\n\n\n<p>Experi\u00eancia m\u00ednima de 06 meses na fun\u00e7\u00e3o<\/p>\n\n\n\n<p>01 VAGA&nbsp;<\/p>\n\n\n\n<p><strong>SALGADEIRA\/DOCEIRA<\/strong><\/p>\n\n\n\n<p>Experi\u00eancia m\u00ednima de 06 meses na fun\u00e7\u00e3o<\/p>\n\n\n\n<p>01 VAGA&nbsp;<\/p>\n\n\n\n<p><strong><u>VAGAS PARA SENHOR DO BONFIM<\/u><\/strong><\/p>\n\n\n\n<p><strong>DESIGNER &nbsp;<\/strong><\/p>\n\n\n\n<p>Ensino Fundamental Completo&nbsp;<\/p>\n\n\n\n<p>Experi\u00eancia na \u00e1rea de m\u00eddias digitais&nbsp;<\/p>\n\n\n\n<p>01 VAGA&nbsp;<\/p>\n\n\n\n<p><a><\/a><strong>CONSULTOR COMERCIAL&nbsp;<\/strong><\/p>\n\n\n\n<p>Ensino Fundamental completo&nbsp;<\/p>\n\n\n\n<p>Experi\u00eancia em vendas&nbsp;<\/p>\n\n\n\n<p>01 VAGA&nbsp;<\/p>\n\n\n\n<p><strong>MEC\u00c2NICO AUTOMOTIVO&nbsp;<\/strong><\/p>\n\n\n\n<p>Ensino Fundamental Completo&nbsp;<\/p>\n\n\n\n<p>Experi\u00eancia na Fun\u00e7\u00e3o&nbsp;<\/p>\n\n\n\n<p>Habilita\u00e7\u00e3o: B&nbsp;<\/p>\n\n\n\n<p>01 VAGA&nbsp;<\/p>\n\n\n\n<p><strong>CONSULTOR DE VIAGENS&nbsp;<\/strong><\/p>\n\n\n\n<p>Ensino M\u00e9dio Completo&nbsp;<\/p>\n\n\n\n<p>Experi\u00eancia na Fun\u00e7\u00e3o&nbsp;<\/p>\n\n\n\n<p>01 VAGA&nbsp;<\/p>\n\n\n\n<p><strong>MOTORISTA&nbsp;<\/strong><\/p>\n\n\n\n<p>Ensino Fundamental Completo &nbsp;<\/p>\n\n\n\n<p>N\u00e3o Exige Experi\u00eancia&nbsp;<\/p>\n\n\n\n<p>Habilita\u00e7\u00e3o: D &nbsp;<\/p>\n\n\n\n<p>01 VAGAS&nbsp;<\/p>\n\n\n\n<p><strong>AUXILIAR DE MEC\u00c2NICO&nbsp;<\/strong><\/p>\n\n\n\n<p>Ensino Fundamental Completo&nbsp;<\/p>\n\n\n\n<p>Experi\u00eancia na Fun\u00e7\u00e3o&nbsp;<\/p>\n\n\n\n<p>Habilita\u00e7\u00e3o: B&nbsp;<\/p>\n\n\n\n<p>01 VAGA&nbsp;<\/p>\n\n\n\n<p><strong>T\u00c9CNICO EM NUTRI\u00c7\u00c3O&nbsp;<\/strong><\/p>\n\n\n\n<p>Ensino M\u00e9dio Completo&nbsp;<\/p>\n\n\n\n<p>Curso T\u00e9cnico na \u00c1rea&nbsp;<\/p>\n\n\n\n<p>Experi\u00eancia Comprovada&nbsp;<\/p>\n\n\n\n<p>01 VAGA&nbsp;<\/p>\n\n\n\n<p><strong>ELETROMEC\u00c2NICO DE AUTOM\u00d3VEIS &nbsp;<\/strong><\/p>\n\n\n\n<p>Ensino Fundamental Completo&nbsp;<\/p>\n\n\n\n<p>Curso T\u00e9cnico de Eletromec\u00e2nico&nbsp;<\/p>\n\n\n\n<p>N\u00e3o Exige Experi\u00eancia &nbsp;<\/p>\n\n\n\n<p>Habilita\u00e7\u00e3o: AD &nbsp;<\/p>\n\n\n\n<p>01 VAGA &nbsp;<\/p>\n\n\n\n<p><strong>A\u00c7OUGUEIRO &nbsp;<\/strong><\/p>\n\n\n\n<p>Ensino M\u00e9dio Completo&nbsp;<\/p>\n\n\n\n<p>Experi\u00eancia na \u00c1rea&nbsp;<\/p>\n\n\n\n<p>01 VAGA<\/p>\n\n\n\n<p><strong>CHAPISTA &nbsp;<\/strong><\/p>\n\n\n\n<p>Ensino M\u00e9dio Completo&nbsp;<\/p>\n\n\n\n<p>Experi\u00eancia na \u00c1rea&nbsp;<\/p>\n\n\n\n<p>01 VAGA &nbsp;<\/p>\n\n\n\n<p><strong>COZINHEIRA &nbsp;<\/strong><\/p>\n\n\n\n<p>Ensino Fundamental Completo&nbsp;<\/p>\n\n\n\n<p>Exige Experi\u00eancia&nbsp;<\/p>\n\n\n\n<p>01 VAGA<\/p>\n\n\n\n<p><strong>AJUDANTE DE CAMINH\u00c3O&nbsp;<\/strong><\/p>\n\n\n\n<p>Ensino Fundamental Completo&nbsp;<\/p>\n\n\n\n<p>N\u00e3o Exige experi\u00eancia&nbsp;<\/p>\n\n\n\n<p>01 VAGA&nbsp;<\/p>\n\n\n\n<p><strong>VENDEDOR &nbsp;<\/strong><\/p>\n\n\n\n<p>Ensino Fundamental Completo&nbsp;<\/p>\n\n\n\n<p>N\u00e3o Exige Experi\u00eancia&nbsp;<\/p>\n\n\n\n<p>Habilita\u00e7\u00e3o: B&nbsp;<\/p>\n\n\n\n<p>02 VAGAS<\/p>\n\n\n\n<p><strong>ATENDENTE&nbsp;<\/strong><\/p>\n\n\n\n<p>Ensino Fundamental Completo&nbsp;<\/p>\n\n\n\n<p>Experi\u00eancia na Fun\u00e7\u00e3o&nbsp;<\/p>\n\n\n\n<p>01 VAGA<\/p>\n\n\n\n<p><strong>CAMAREIRA&nbsp;<\/strong><\/p>\n\n\n\n<p>Ensino Fundamental Completo&nbsp;<\/p>\n\n\n\n<p>Experi\u00eancia na Fun\u00e7\u00e3o&nbsp;<\/p>\n\n\n\n<p>01 VAGA &nbsp;<\/p>\n\n\n\n<p><strong>ATENDENTE COMERCIAL&nbsp;<\/strong><\/p>\n\n\n\n<p>Ensino Fundamental Completo&nbsp;<\/p>\n\n\n\n<p>Experi\u00eancia na Fun\u00e7\u00e3o&nbsp;<\/p>\n\n\n\n<p>01 VAGA &nbsp;<\/p>\n\n\n\n<p><strong>ATENDENTE DE BALC\u00c3O DE FRIOS&nbsp;<\/strong><\/p>\n\n\n\n<p>Ensino Fundamental Completo&nbsp;<\/p>\n\n\n\n<p>Experi\u00eancia Comprovada &nbsp;<\/p>\n\n\n\n<p>01 VAGA &nbsp;<\/p>\n\n\n\n<p><strong>REPOSITOR&nbsp;<\/strong><\/p>\n\n\n\n<p>Ensino Fundamental Completo &nbsp;<\/p>\n\n\n\n<p>Experi\u00eancia Comprovada &nbsp;<\/p>\n\n\n\n<p>01 VAGA&nbsp;<\/p>\n\n\n\n<p><strong>VENDEDOR&nbsp;<\/strong><\/p>\n\n\n\n<p>Ensino Fundamental Completo&nbsp;<\/p>\n\n\n\n<p>Experi\u00eancia Comprovada&nbsp;<\/p>\n\n\n\n<p>01 VAGA &nbsp;<\/p>\n\n\n\n<p><strong>VENDEDOR (EXTERNO)&nbsp;<\/strong><\/p>\n\n\n\n<p>Ensino Fundamental Completo&nbsp;<\/p>\n\n\n\n<p>Experi\u00eancia Comprovada&nbsp;<\/p>\n\n\n\n<p>04 VAGAS&nbsp;<\/p>\n\n\n\n<p><strong>VENDEDOR&nbsp;<\/strong><\/p>\n\n\n\n<p>Ensino M\u00e9dio Completo&nbsp;<\/p>\n\n\n\n<p>Experi\u00eancia na Fun\u00e7\u00e3o&nbsp;<\/p>\n\n\n\n<p>01 VAGA&nbsp;<\/p>\n\n\n\n<p><strong>AUXILIAR DE ESCRIT\u00d3RIO&nbsp;<\/strong><\/p>\n\n\n\n<p>Ensino M\u00e9dio Completo&nbsp;<\/p>\n\n\n\n<p>Experi\u00eancia na Fun\u00e7\u00e3o&nbsp;<\/p>\n\n\n\n<p>01 VAGA&nbsp;<\/p>\n\n\n\n<p><strong>REPOSITOR&nbsp;<\/strong><\/p>\n\n\n\n<p>Ensino M\u00e9dio Completo&nbsp;<\/p>\n\n\n\n<p>Experi\u00eancia na Fun\u00e7\u00e3o&nbsp;<\/p>\n\n\n\n<p>01 VAGA &nbsp;<\/p>\n\n\n\n<p><strong>A\u00c7OUGUEIRO&nbsp;<\/strong><\/p>\n\n\n\n<p>Ensino Fundamental Completo&nbsp;<\/p>\n\n\n\n<p>Experi\u00eancia na Fun\u00e7\u00e3o&nbsp;<\/p>\n\n\n\n<p>01 VAGA&nbsp;<\/p>\n\n\n\n<p><strong>CONSULTOR DE VENDAS&nbsp;<\/strong><\/p>\n\n\n\n<p>Ensino Fundamental Completo&nbsp;<\/p>\n\n\n\n<p>N\u00e3o Exige Experi\u00eancia&nbsp;<\/p>\n\n\n\n<p>Habilita\u00e7\u00e3o: AB&nbsp;<\/p>\n\n\n\n<p>01 VAGA &nbsp;<\/p>\n\n\n\n<p><strong><u>VAGAS DE ITABUNA<\/u><\/strong><\/p>\n\n\n\n<p><strong>AUXILIAR ADMINISTRATIVO (EST\u00c1GIO)&nbsp;<\/strong><\/p>\n\n\n\n<p>Cursando Ensino Superior em Administra\u00e7\u00e3o ou \u00e1reas afins&nbsp;<\/p>\n\n\n\n<p>N\u00e3o necessita experi\u00eancia&nbsp;<\/p>\n\n\n\n<p>Possuir habilidade com pacote Office&nbsp;<\/p>\n\n\n\n<p>01 VAGA&nbsp;<\/p>\n\n\n\n<p><strong>OPERADOR DE TELEMARKETING ATIVO DE VENDAS (PCD)&nbsp;<\/strong><\/p>\n\n\n\n<p>Exclusiva para Pessoas Com Defici\u00eancia&nbsp;<\/p>\n\n\n\n<p>Ensino M\u00e9dio Completo&nbsp;<\/p>\n\n\n\n<p>N\u00e3o Exige Experi\u00eancia &nbsp;<\/p>\n\n\n\n<p>01 VAGA&nbsp;<\/p>\n\n\n\n<p><strong>MOTORISTA ENTREGADOR DE BEBIDAS&nbsp;<\/strong><\/p>\n\n\n\n<p>Ensino M\u00e9dio Completo&nbsp;<\/p>\n\n\n\n<p>Experi\u00eancia m\u00ednima de 06 meses na \u00e1rea&nbsp;<\/p>\n\n\n\n<p>Possuir CNH \u2018A\/D\u2019&nbsp;<\/p>\n\n\n\n<p>04 VAGAS &nbsp;<\/p>\n\n\n\n<p><strong>AUXILIAR ENTREGADOR DE BEBIDAS&nbsp;<\/strong><\/p>\n\n\n\n<p>Ensino M\u00e9dio Completo&nbsp;<\/p>\n\n\n\n<p>Experi\u00eancia m\u00ednima de 06 meses na \u00e1rea&nbsp;<\/p>\n\n\n\n<p>03 VAGAS&nbsp;<\/p>\n\n\n\n<p><strong>OPERADOR DE TELEMARKETING ATIVO&nbsp;<\/strong><strong>&nbsp;<\/strong><\/p>\n\n\n\n<p>Ensino M\u00e9dio Completo&nbsp;<\/p>\n\n\n\n<p>N\u00e3o Exige Experi\u00eancia &nbsp;<\/p>\n\n\n\n<p>10 VAGAS&nbsp;<\/p>\n\n\n\n<p><strong>RECEPCIONISTA DE HOTEL&nbsp;<\/strong><\/p>\n\n\n\n<p>Ensino M\u00e9dio Completo&nbsp;<\/p>\n\n\n\n<p>Experi\u00eancia m\u00ednima de 06 meses na \u00e1rea&nbsp;<\/p>\n\n\n\n<p>Possuir conhecimento em ingl\u00eas&nbsp;<\/p>\n\n\n\n<p>01 VAGA&nbsp;<\/p>\n\n\n\n<p><strong>AUXILIAR DE SERVI\u00c7OS GERAIS&nbsp;<\/strong><\/p>\n\n\n\n<p>Ensino Fundamental Incompleto&nbsp;<\/p>\n\n\n\n<p>Experi\u00eancia m\u00ednima de 06 meses com carga e descarga&nbsp;<\/p>\n\n\n\n<p>Disponibilidade de hor\u00e1rio escala 5\u00d71&nbsp;<\/p>\n\n\n\n<p>Trabalhar com pesos de at\u00e9 25 kg&nbsp;<\/p>\n\n\n\n<p>02 VAGAS&nbsp;<\/p>\n\n\n\n<p><strong>AUXILIAR DE SERVI\u00c7OS GERAIS&nbsp;<\/strong><\/p>\n\n\n\n<p>Ensino Fundamental Completo&nbsp;<\/p>\n\n\n\n<p>Experi\u00eancia m\u00ednima de 06 meses na CTPS &nbsp;<\/p>\n\n\n\n<p>01 VAGA&nbsp;<\/p>\n\n\n\n<p><strong>VIGIA&nbsp;<\/strong><\/p>\n\n\n\n<p>Ensino M\u00e9dio Completo&nbsp;<\/p>\n\n\n\n<p>Experi\u00eancia m\u00ednima de 06 meses na CTPS &nbsp;<\/p>\n\n\n\n<p>01 VAGA&nbsp;<\/p>\n\n\n\n<p><strong>ATENDENTE&nbsp;<\/strong><\/p>\n\n\n\n<p>Ensino M\u00e9dio Completo&nbsp;<\/p>\n\n\n\n<p>Disponibilidade de hor\u00e1rios&nbsp;<\/p>\n\n\n\n<p>Imprescind\u00edvel ter CNH \u201cA e B\u201d&nbsp;<\/p>\n\n\n\n<p>Conhecimentos em inform\u00e1tica&nbsp;<\/p>\n\n\n\n<p>01 VAGA&nbsp;<\/p>\n\n\n\n<p><strong>AUXILIAR T\u00c9CNICO &nbsp;<\/strong><\/p>\n\n\n\n<p>Ensino M\u00e9dio Completo&nbsp;<\/p>\n\n\n\n<p>Conhecimento b\u00e1sico em rede e em inform\u00e1tica, &nbsp;<\/p>\n\n\n\n<p>Conhecimentos em sistemas de alarme, c\u00e2meras e cerca el\u00e9trica&nbsp;<\/p>\n\n\n\n<p>Possuir \u201cA e B\u201d&nbsp;<\/p>\n\n\n\n<p>01 VAGA&nbsp;<\/p>\n\n\n\n<p><strong>OPERADOR DE M\u00c1QUINA COSTAL&nbsp;<\/strong><\/p>\n\n\n\n<p>Ensino Fundamental Completo&nbsp;<\/p>\n\n\n\n<p>Experi\u00eancia m\u00ednima de 06 meses na CTPS&nbsp;<\/p>\n\n\n\n<p>Ter disponibilidade de trabalho residir em Itabuna&nbsp;<\/p>\n\n\n\n<p>02 VAGAS&nbsp;<\/p>\n\n\n\n<p><strong>AUXILIAR OPERACIONAL (AUXILIAR DE CARGA E DESCARGA)&nbsp;<\/strong><\/p>\n\n\n\n<p>Ensino M\u00e9dio Completo&nbsp;<\/p>\n\n\n\n<p>N\u00e3o exige experi\u00eancia &nbsp;<\/p>\n\n\n\n<p>Diferencial se tiver experi\u00eancia na \u00e1rea de log\u00edstica&nbsp;<\/p>\n\n\n\n<p>06 VAGAS&nbsp;<\/p>\n\n\n\n<p><strong>ASSISTENTE OPERACIONAL ADMINISTRATIVO&nbsp;<\/strong><\/p>\n\n\n\n<p>Ensino M\u00e9dio Completo&nbsp;<\/p>\n\n\n\n<p>Experi\u00eancia m\u00ednima de 06 meses na CTPS&nbsp;<\/p>\n\n\n\n<p>Experi\u00eancia administrativa na \u00e1rea de atua\u00e7\u00e3o e no segmento de courier, log\u00edstica ou transportadora &nbsp;<\/p>\n\n\n\n<p>Conhecimento em pacote Office intermedi\u00e1rio&nbsp;<\/p>\n\n\n\n<p>02 VAGAS&nbsp;<\/p>\n\n\n\n<p><strong>ENCARREGADO OPERACIONAL DE LOG\u00cdSTICA&nbsp;<\/strong><\/p>\n\n\n\n<p>Ensino M\u00e9dio Completo&nbsp;<\/p>\n\n\n\n<p>Experi\u00eancia m\u00ednima de 06 meses na CTPS&nbsp;<\/p>\n\n\n\n<p>Experi\u00eancia na \u00e1rea de log\u00edstica e com lideran\u00e7a de equipe&nbsp;<\/p>\n\n\n\n<p>Conhecimento intermedi\u00e1rio em sistemas de transportes e log\u00edstica&nbsp;<\/p>\n\n\n\n<p>Possuir CNH \u2018B\u2019&nbsp;<\/p>\n\n\n\n<p>01 VAGA&nbsp;<\/p>\n\n\n\n<p><strong>COZINHEIRO GERAL &nbsp;<\/strong><\/p>\n\n\n\n<p>Ensino M\u00e9dio Completo&nbsp;<\/p>\n\n\n\n<p>Experi\u00eancia m\u00ednima de 06 meses na \u00e1rea&nbsp;<\/p>\n\n\n\n<p>01 VAGA&nbsp;<\/p>\n\n\n\n<p><strong>ATENDENTE BALCONISTA &nbsp;<\/strong><\/p>\n\n\n\n<p>Ensino M\u00e9dio Completo&nbsp;<\/p>\n\n\n\n<p>Experi\u00eancia m\u00ednima de 06 meses na \u00e1rea com atendimento ao p\u00fablico&nbsp;<\/p>\n\n\n\n<p>Disponibilidade total de hor\u00e1rios, principalmente noturno&nbsp;<\/p>\n\n\n\n<p>01 VAGA&nbsp;<\/p>\n\n\n\n<p><strong>SOLDADOR&nbsp;<\/strong><\/p>\n\n\n\n<p>Ensino M\u00e9dio Completo&nbsp;<\/p>\n\n\n\n<p>Experi\u00eancia m\u00ednima de 06 meses na CTPS&nbsp;<\/p>\n\n\n\n<p>Experi\u00eancia com TIG e MIG&nbsp;<\/p>\n\n\n\n<p>Atuar no corte de pe\u00e7as met\u00e1licas, solda em a\u00e7o carbono e a\u00e7o inox, furos, chapas e equipamentos, utilizando processos de soldagem e corte\u00a0<\/p>\n\n\n\n<p>01 VAGA&nbsp;<\/p>\n\n\n\n<p><strong>MEC\u00c2NICO MONTADOR&nbsp;<\/strong><\/p>\n\n\n\n<p>Diferencial Curso T\u00e9cnico em Mec\u00e2nico &nbsp;<\/p>\n\n\n\n<p>Experi\u00eancia m\u00ednima de 06 meses na CTPS&nbsp;<\/p>\n\n\n\n<p>Conhecimento em manuten\u00e7\u00e3o de equipamentos industriais troca de rolamentos, eixo, montagem, regulagem, ajuste de polias, lubrifica\u00e7\u00e3o de motores&nbsp;<\/p>\n\n\n\n<p>01 VAGA&nbsp;<\/p>\n\n\n\n<p><strong>COMPRADOR&nbsp;<\/strong><\/p>\n\n\n\n<p>Ensino T\u00e9cnico ou Superior na \u00e1rea de Constru\u00e7\u00e3o Civil&nbsp;<\/p>\n\n\n\n<p>Experi\u00eancia m\u00ednima de 06 meses na \u00e1rea&nbsp;<\/p>\n\n\n\n<p>Conhecimento intermedi\u00e1rio com pacote Office&nbsp;<\/p>\n\n\n\n<p>Conhecimento de software de gest\u00e3o de compras&nbsp;<\/p>\n\n\n\n<p>Conhecimento de processos e etapas de obra civil&nbsp;<\/p>\n\n\n\n<p>01 VAGA&nbsp;<\/p>\n\n\n\n<p><strong>ENGENHEIRO CIVIL&nbsp;<\/strong><\/p>\n\n\n\n<p>Ensino Superior na \u00e1rea de Constru\u00e7\u00e3o Civil&nbsp;<\/p>\n\n\n\n<p>Experi\u00eancia m\u00ednima de 06 meses em obra civil&nbsp;<\/p>\n\n\n\n<p>Conhecimento avan\u00e7ado em Excel&nbsp;<\/p>\n\n\n\n<p>Disponibilidade para viagem &nbsp;<\/p>\n\n\n\n<p>Possuir CNH \u2018B\u2019&nbsp;<\/p>\n\n\n\n<p>01 VAGA&nbsp;<\/p>\n\n\n\n<p><strong>ANALISTA DE SUPRIMENTOS&nbsp;<\/strong><\/p>\n\n\n\n<p>T\u00e9cnico ou Superior na \u00e1rea de Constru\u00e7\u00e3o Civil&nbsp;<\/p>\n\n\n\n<p>Experi\u00eancia na fun\u00e7\u00e3o&nbsp;<\/p>\n\n\n\n<p>Conhecimento de software de gest\u00e3o de compras&nbsp;<\/p>\n\n\n\n<p>Conhecimento intermedi\u00e1rio com pacote Office&nbsp;<\/p>\n\n\n\n<p>01 VAGA&nbsp;<\/p>\n\n\n\n<p><strong>OPERADOR DE GUINDALTO&nbsp;<\/strong><\/p>\n\n\n\n<p>Ensino M\u00e9dio Completo&nbsp;<\/p>\n\n\n\n<p>Experi\u00eancia m\u00ednima de 06 meses na CTPS&nbsp;<\/p>\n\n\n\n<p>01 VAGA&nbsp;<\/p>\n\n\n\n<p><strong>GERENTE DE SUPERMERCADO&nbsp;<\/strong><\/p>\n\n\n\n<p>Ensino M\u00e9dio Completo&nbsp;<\/p>\n\n\n\n<p>Experi\u00eancia m\u00ednima de 06 meses na CTPS&nbsp;<\/p>\n\n\n\n<p>Experi\u00eancia com gerenciamento de pessoas,&nbsp; gest\u00e3o de estoque e programa\u00e7\u00e3o de compras&nbsp;<\/p>\n\n\n\n<p>Possuir CNH \u2018AB\u2019&nbsp;<\/p>\n\n\n\n<p>01 VAGA&nbsp;<\/p>\n\n\n\n<p><strong>VENDEDOR PORTA A PORTA&nbsp;<\/strong><\/p>\n\n\n\n<p>Ensino M\u00e9dio Completo &nbsp;<\/p>\n\n\n\n<p>N\u00e3o exige experi\u00eancia&nbsp;<\/p>\n\n\n\n<p>Diferencial experi\u00eancia com vendas&nbsp;<\/p>\n\n\n\n<p>Sal\u00e1rio R$ 1.320,00&nbsp;<\/p>\n\n\n\n<p>02 VAGAS&nbsp;<\/p>\n\n\n\n<p><strong>T\u00c9CNICO DE IMPRESSORA E MULTIFUNCIONAIS I&nbsp;<\/strong><\/p>\n\n\n\n<p>Curso T\u00e9cnico em Eletr\u00f4nica Eletromec\u00e2nica ou Inform\u00e1tica&nbsp;<\/p>\n\n\n\n<p>Experi\u00eancia m\u00ednima de 06 meses na CTPS&nbsp;<\/p>\n\n\n\n<p>Possuir CNH \u2018B\u2019&nbsp;<\/p>\n\n\n\n<p>Necess\u00e1rio ter carro pr\u00f3prio &nbsp;<\/p>\n\n\n\n<p>Necess\u00e1rio ter disponibilidade para viajar &nbsp;<\/p>\n\n\n\n<p>Trabalho externo&nbsp;<\/p>\n\n\n\n<p>01 VAGA&nbsp;<\/p>\n\n\n\n<p><strong>ENTREGADOR DE G\u00c1S COZINHA&nbsp;<\/strong><\/p>\n\n\n\n<p>Ensino M\u00e9dio Completo&nbsp;<\/p>\n\n\n\n<p>Experi\u00eancia m\u00ednima de 06 meses na \u00e1rea&nbsp;<\/p>\n\n\n\n<p>Imprescind\u00edvel possuir atividade remunerada na CNH&nbsp;<\/p>\n\n\n\n<p>Possuir curso MOPP&nbsp;<\/p>\n\n\n\n<p>Possuir CNH \u2018 A OU AB\u2019&nbsp;<\/p>\n\n\n\n<p>01 VAGA&nbsp;<\/p>\n\n\n\n<p><strong>COSTUREIRA\/ALFAIATE&nbsp;<\/strong><\/p>\n\n\n\n<p>N\u00e3o exige escolaridade&nbsp;<\/p>\n\n\n\n<p>Experi\u00eancia m\u00ednima de 03 meses na CTPS&nbsp;<\/p>\n\n\n\n<p>01 VAGA<\/p>\n\n\n\n<p><strong>DESENVOLVEDOR DE INTERNET &nbsp;<\/strong><\/p>\n\n\n\n<p>Ensino Superior ou T\u00e9cnico Completo&nbsp;<\/p>\n\n\n\n<p>N\u00e3o Exige Experi\u00eancia&nbsp;<\/p>\n\n\n\n<p>Possuir Ingl\u00eas B\u00e1sico&nbsp;<\/p>\n\n\n\n<p>06 VAGAS&nbsp;<\/p>\n\n\n\n<p><strong>T\u00c9CNICO DE REFRIGERA\u00c7\u00c3O&nbsp;<\/strong><\/p>\n\n\n\n<p>Curso T\u00e9cnico em Ar Condicionado&nbsp;<\/p>\n\n\n\n<p>Experi\u00eancia m\u00ednima de 06 meses na \u00e1rea&nbsp;<\/p>\n\n\n\n<p>Habilidade com refrigeradores, lavadoras, microondas, bebedouros&nbsp;<\/p>\n\n\n\n<p>Residir em Itabuna&nbsp;<\/p>\n\n\n\n<p>05 VAGAS&nbsp;<\/p>\n\n\n\n<p><strong>PROGRAMADOR DE COMPUTADOR OU ANALISTA DESENVOLVEDOR&nbsp;<\/strong><\/p>\n\n\n\n<p>Ensino Superior Completo em Tecnologia da informa\u00e7\u00e3o, An\u00e1lise de Sistemas,&nbsp;<\/p>\n\n\n\n<p>Processamento de dados ou \u00e1reas afins&nbsp;<\/p>\n\n\n\n<p>Dom\u00ednio de linguagem C#, NET e NET Core&nbsp;<\/p>\n\n\n\n<p>Dom\u00ednio no desenvolvimento de plataformas WEB&nbsp;<\/p>\n\n\n\n<p>Necess\u00e1rio ter experi\u00eancia com Desenvolvimento de Programas de computador&nbsp;<\/p>\n\n\n\n<p>Experi\u00eancia m\u00ednima de 06 meses na fun\u00e7\u00e3o&nbsp;<\/p>\n\n\n\n<p>04 VAGAS&nbsp;<\/p>\n\n\n\n<p><strong><u>VAGAS DE ILH\u00c9US<\/u><\/strong><\/p>\n\n\n\n<p><strong>ANALISTA DE SUPORTE T\u00c9CNICO (PCD)<\/strong><\/p>\n\n\n\n<p>Exclusiva para Pessoas com Defici\u00eancia<\/p>\n\n\n\n<p>Ensino Superior Completo<\/p>\n\n\n\n<p>Experi\u00eancia na Fun\u00e7\u00e3o<\/p>\n\n\n\n<p>Possuir conhecimento em suporte de TI<\/p>\n\n\n\n<p>01 VAGA&nbsp;<\/p>\n\n\n\n<p><strong>PROJETISTA EL\u00c9TRICO<\/strong><\/p>\n\n\n\n<p>Ensino M\u00e9dio T\u00e9cnico Completoem Eletroeletr\u00f4nica<strong>&nbsp;<\/strong><\/p>\n\n\n\n<p>Experi\u00eancia comprovada em carteira de trabalho<\/p>\n\n\n\n<p>01 VAGA<\/p>\n\n\n\n<p><strong>COZINHEIRO<\/strong><\/p>\n\n\n\n<p>Ensino M\u00e9dio Completo<\/p>\n\n\n\n<p>Experi\u00eancia comprovada em carteira de trabalho<\/p>\n\n\n\n<p>01 VAGA&nbsp;<\/p>\n\n\n\n<p><strong>CHEFE DE COZINHA<\/strong><\/p>\n\n\n\n<p>Ensino M\u00e9dio Completo<\/p>\n\n\n\n<p>Experi\u00eancia comprovada em carteira de trabalho<\/p>\n\n\n\n<p>01 VAGA&nbsp;<\/p>\n\n\n\n<p><strong>EMPREGADA DOMESTICA FAXINEIRA<\/strong><\/p>\n\n\n\n<p>Ensino Fundamental Completo<\/p>\n\n\n\n<p>Experi\u00eancia na Fun\u00e7\u00e3o&nbsp;<\/p>\n\n\n\n<p>01 VAGA &nbsp;<\/p>\n\n\n\n<p><strong>ARRUMADEIRA<\/strong><\/p>\n\n\n\n<p>Ensino Fundamental Completo<\/p>\n\n\n\n<p>Experi\u00eancia comprovada em carteira de trabalho<\/p>\n\n\n\n<p>Disponibilidade para trabalhar em Itarar\u00e9<\/p>\n\n\n\n<p>01 VAGA<\/p>\n\n\n\n<p><strong>ELETRICISTA<\/strong><\/p>\n\n\n\n<p>Ensino Fundamental Completo<\/p>\n\n\n\n<p>Experi\u00eancia comprovada em carteira de trabalho<\/p>\n\n\n\n<p>Disponibilidade para trabalhar em Itarar\u00e9&nbsp;<\/p>\n\n\n\n<p>Possuir curso de especializa\u00e7\u00e3o na \u00e1rea<\/p>\n\n\n\n<p>01 VAGA<\/p>\n\n\n\n<p><strong>GOVERNANTA<\/strong><\/p>\n\n\n\n<p>Ensino Superior Completo com MBA na \u00e1rea de Turismo<\/p>\n\n\n\n<p>Experi\u00eancia comprovada em carteira de trabalho<\/p>\n\n\n\n<p>Disponibilidade para trabalhar em Itarar\u00e9<\/p>\n\n\n\n<p>Possuir Ingl\u00eas Avan\u00e7ado<\/p>\n\n\n\n<p>01 VAGA&nbsp;<\/p>\n\n\n\n<p><strong>MENSAGEIRO<\/strong><\/p>\n\n\n\n<p>Ensino M\u00e9dio Completo<\/p>\n\n\n\n<p>Experi\u00eancia comprovada em carteira de trabalho<\/p>\n\n\n\n<p>Disponibilidade para trabalhar em Itarar\u00e9<\/p>\n\n\n\n<p>Possuir Ingl\u00eas Fluente e CNH categoria \u201cB\u201d &nbsp;<\/p>\n\n\n\n<p>01 VAGA<\/p>\n\n\n\n<p><strong>RECEPCIONISTA BIL\u00cdNG\u00dcE<\/strong><\/p>\n\n\n\n<p>Ensino M\u00e9dio Completo<\/p>\n\n\n\n<p>Experi\u00eancia comprovada em carteira de trabalho<\/p>\n\n\n\n<p>Disponibilidade para trabalhar em Itarar\u00e9<\/p>\n\n\n\n<p>Possuir Ingl\u00eas Fluente<\/p>\n\n\n\n<p>01 VAGA<\/p>\n\n\n\n<p><strong>CHEFE DE RECEP\u00c7\u00c3O&nbsp;<\/strong><\/p>\n\n\n\n<p>Ensino M\u00e9dio Completo<\/p>\n\n\n\n<p>Experi\u00eancia comprovada em carteira de trabalho<\/p>\n\n\n\n<p>Disponibilidade para trabalhar em Itarar\u00e9<\/p>\n\n\n\n<p>Possuir Ingl\u00eas Fluente e CNH categoria \u201cB\u201d<\/p>\n\n\n\n<p>01 VAGA&nbsp;<\/p>\n\n\n\n<p><strong>GAR\u00c7OM<\/strong><\/p>\n\n\n\n<p>Ensino Fundamental Completo<\/p>\n\n\n\n<p>Experi\u00eancia comprovada em carteira de trabalho<\/p>\n\n\n\n<p>Disponibilidade para trabalhar em Itarar\u00e9<\/p>\n\n\n\n<p>01 VAGA&nbsp;<\/p>\n\n\n\n<p><strong>GAR\u00c7OM<\/strong><\/p>\n\n\n\n<p>Ensino M\u00e9dio Completo<\/p>\n\n\n\n<p>Experi\u00eancia comprovada em carteira de trabalho<\/p>\n\n\n\n<p>04 VAGAS&nbsp;<\/p>\n\n\n\n<p><strong>AUXILIAR DE COZINHA&nbsp;<\/strong><\/p>\n\n\n\n<p>Ensino M\u00e9dio Incompleto<\/p>\n\n\n\n<p>Experi\u00eancia na Fun\u00e7\u00e3o<\/p>\n\n\n\n<p>Residir na Zona Sul&nbsp;<\/p>\n\n\n\n<p>01 VAGA<\/p>\n\n\n\n<p><strong>MEC\u00c2NICO MONTADOR<\/strong><\/p>\n\n\n\n<p>Ensino M\u00e9dio T\u00e9cnico Completo<\/p>\n\n\n\n<p>Experi\u00eancia comprovada em carteira de trabalho<\/p>\n\n\n\n<p>01 VAGA&nbsp;<\/p>\n\n\n\n<p><strong><u>VAGAS DE SOBRADINHO<\/u><\/strong><\/p>\n\n\n\n<p><strong>PADEIRO&nbsp;<\/strong><\/p>\n\n\n\n<p>Ensino Fundamental&nbsp;<\/p>\n\n\n\n<p>Experi\u00eancia m\u00ednima de 6 meses na carteira&nbsp;<\/p>\n\n\n\n<p>01 VAGA&nbsp;<\/p>\n\n\n\n<p><strong>AJUDANTE DE PADEIRO&nbsp;<\/strong><\/p>\n\n\n\n<p>Ensino Fundamental&nbsp;<\/p>\n\n\n\n<p>Experi\u00eancia m\u00ednima de 6 meses na carteira&nbsp;<\/p>\n\n\n\n<p>01 VAGA&nbsp;<\/p>\n\n\n\n<p><strong>SALGADEIRA&nbsp;<\/strong><\/p>\n\n\n\n<p>Ensino Fundamental&nbsp;<\/p>\n\n\n\n<p>Experi\u00eancia m\u00ednima de 6 meses na carteira&nbsp;<\/p>\n\n\n\n<p>01 VAGA&nbsp;<\/p>\n\n\n\n<p><strong>PROMOTOR DE VENDAS&nbsp;<\/strong><\/p>\n\n\n\n<p>Ensino Fundamental&nbsp;<\/p>\n\n\n\n<p>Experi\u00eancia m\u00ednima de 6 meses na carteira&nbsp;<\/p>\n\n\n\n<p>01 VAGA&nbsp;<\/p>\n\n\n\n<p><strong><u>VAGAS DE JEQUI\u00c9<\/u><\/strong><\/p>\n\n\n\n<p><strong>COSTURADOR DE CAL\u00c7ADOS&nbsp;<\/strong><\/p>\n\n\n\n<p>Ensino fundamental incompleto &nbsp;<\/p>\n\n\n\n<p>N\u00e3o exige experi\u00eancia &nbsp;<\/p>\n\n\n\n<p>40 VAGAS<\/p>\n\n\n\n<p><strong>VENDEDOR INTERNO&nbsp;<\/strong><\/p>\n\n\n\n<p>Ensino m\u00e9dio completo &nbsp;<\/p>\n\n\n\n<p>Experi\u00eancias comprovadas e habilidade com redes sociais &nbsp;<\/p>\n\n\n\n<p>01 VAGA<\/p>\n\n\n\n<p><strong>AGENTE DE MICROCR\u00c9DITO URBANO&nbsp;<\/strong><\/p>\n\n\n\n<p>Ensino m\u00e9dio completo &nbsp;<\/p>\n\n\n\n<p>Experi\u00eancias com vendas, negocia\u00e7\u00e3o, cobran\u00e7as, atendimento ao cliente e conhecimento com inform\u00e1tica&nbsp;<\/p>\n\n\n\n<p>03 VAGAS<\/p>\n\n\n\n<p><strong>VENDEDOR DE SERVI\u00c7OS&nbsp;<\/strong><\/p>\n\n\n\n<p>Ensino m\u00e9dio completo &nbsp;<\/p>\n\n\n\n<p>Experi\u00eancias comprovadas e habilidade em trabalhar com metas&nbsp;<\/p>\n\n\n\n<p>01 VAGA<\/p>\n\n\n\n<p><strong>AUXILIAR DE COZINHA&nbsp;<\/strong><\/p>\n\n\n\n<p>Ensino fundamental incompleto&nbsp;<\/p>\n\n\n\n<p>06 meses de experi\u00eancia na carteira&nbsp;<\/p>\n\n\n\n<p>01 VAGA<\/p>\n\n\n\n<p><strong>GAR\u00c7OM&nbsp;<\/strong><\/p>\n\n\n\n<p>Ensino m\u00e9dio incompleto&nbsp;<\/p>\n\n\n\n<p>06 meses de experi\u00eancia na carteira&nbsp;<\/p>\n\n\n\n<p>01 VAGA<\/p>\n\n\n\n<p><strong>OPERADOR DE IMPRESSORA DE PLOTTAR &nbsp;<\/strong><\/p>\n\n\n\n<p>Ensino m\u00e9dio completo&nbsp;<\/p>\n\n\n\n<p>06 meses de experi\u00eancias e habilidade com COREL DRAW&nbsp;<\/p>\n\n\n\n<p>01 VAGA<\/p>\n\n\n\n<p><strong>CONFEITEIRO&nbsp;<\/strong><\/p>\n\n\n\n<p>Ensino fundamental incompleto&nbsp;<\/p>\n\n\n\n<p>Experi\u00eancias bolos e tortas&nbsp;<\/p>\n\n\n\n<p>01 VAGA<\/p>\n\n\n\n<p><strong><u>VAGAS PARA CRUZ DAS ALMAS<\/u><\/strong><\/p>\n\n\n\n<p><strong>ASSISTENTE DE RH&nbsp;<\/strong><\/p>\n\n\n\n<p>Ensino M\u00e9dio completo&nbsp;<\/p>\n\n\n\n<p>Sal\u00e1rio: a combinar&nbsp;<\/p>\n\n\n\n<p>Experi\u00eancia de 6 meses na carteira&nbsp;<\/p>\n\n\n\n<p>01 VAGA<\/p>\n\n\n\n<p><strong>ASSISTENTE FINANCEIRO&nbsp;<\/strong><\/p>\n\n\n\n<p>Ensino M\u00e9dio completo&nbsp;<\/p>\n\n\n\n<p>Experi\u00eancia: 6 meses na carteira&nbsp;<\/p>\n\n\n\n<p>Habilita\u00e7\u00e3o-AB&nbsp;<\/p>\n\n\n\n<p>01 VAGA<\/p>\n\n\n\n<p><strong>AUXILIAR T\u00c9CNICO EM ELETRICA INDUSTRIAL&nbsp;<\/strong><\/p>\n\n\n\n<p>Curso T\u00e9cnico<\/p>\n\n\n\n<p>Experi\u00eancia: 6 meses na carteira&nbsp;<\/p>\n\n\n\n<p>Sal\u00e1rio; 1.500,00&nbsp;<\/p>\n\n\n\n<p>01 VAGA<\/p>\n\n\n\n<p><strong>DOM\u00c9STICA&nbsp;<\/strong><\/p>\n\n\n\n<p>Ensino Fundamental completo<\/p>\n\n\n\n<p>Experi\u00eancia: 6 meses na carteira&nbsp;<\/p>\n\n\n\n<p>Sal\u00e1rio: 1.200,00&nbsp;<\/p>\n\n\n\n<p>01 VAGA<\/p>\n\n\n\n<p><strong>EMPACOTADOR&nbsp;<\/strong><\/p>\n\n\n\n<p>Ensino fundamental completo<\/p>\n\n\n\n<p>Experi\u00eancia: 6 meses na carteira&nbsp;<\/p>\n\n\n\n<p>Sal\u00e1rio: 1.200,00 ( vaga exclusiva para PCD)&nbsp;<\/p>\n\n\n\n<p>01 VAGA<\/p>\n\n\n\n<p><strong><u>VAGAS DE BARREIRAS<\/u><\/strong><\/p>\n\n\n\n<p><strong>AUXILIAR ADMINISTRATIVO (PCD)&nbsp;<\/strong><\/p>\n\n\n\n<p>Exclusivo para Pessoas com Defici\u00eancia&nbsp;<\/p>\n\n\n\n<p>Curso Superior completo ou incompleto&nbsp;<\/p>\n\n\n\n<p>N\u00e3o exige experi\u00eancia&nbsp;<\/p>\n\n\n\n<p>A empresa fornecer\u00e1: assist\u00eancia medica e odontol\u00f3gica, transporte da empresa, refeit\u00f3rio da empresa&nbsp;<\/p>\n\n\n\n<p>Vaga para entre safra em Luis Eduardo Magalh\u00e3es&nbsp;<\/p>\n\n\n\n<p>01 VAGA&nbsp;<\/p>\n\n\n\n<p><strong>CLASSIFICADOR DE GR\u00c3OS (PCD)&nbsp;<\/strong><\/p>\n\n\n\n<p>Exclusivo para Pessoas com Defici\u00eancia&nbsp;<\/p>\n\n\n\n<p>Ensino M\u00e9dio completo&nbsp;<\/p>\n\n\n\n<p>N\u00e3o exige experi\u00eancia&nbsp;<\/p>\n\n\n\n<p>Sal\u00e1rio: 1.800&nbsp;<\/p>\n\n\n\n<p>A empresa fornecer\u00e1: assist\u00eancia medica e odontol\u00f3gica&nbsp;<\/p>\n\n\n\n<p>Transporte da empresa, refeit\u00f3rio da empresa&nbsp;<\/p>\n\n\n\n<p>Vaga para fazenda&nbsp;<\/p>\n\n\n\n<p>01 VAGA&nbsp;<\/p>\n\n\n\n<p><strong>AJUDANTE DE CARGA E DESCARGA&nbsp;<\/strong><\/p>\n\n\n\n<p>N\u00e3o exige escolaridade&nbsp;<\/p>\n\n\n\n<p>N\u00e3o exige experi\u00eancia&nbsp;<\/p>\n\n\n\n<p>02 VAGAS&nbsp;<\/p>\n\n\n\n<p><strong>ALMOXARIFE&nbsp;<\/strong><\/p>\n\n\n\n<p>Ensino M\u00e9dio completo&nbsp;&nbsp;<\/p>\n\n\n\n<p>Experi\u00eancia m\u00ednima de 06 meses na carteira&nbsp;<\/p>\n\n\n\n<p>Obrigat\u00f3rio possuir CNH \u2018B\u2019&nbsp;<\/p>\n\n\n\n<p>Disponibilidade para viajar&nbsp;<\/p>\n\n\n\n<p>OBS: A empresa fornecer\u00e1 (alojamento, assist\u00eancia medica, cesta b\u00e1sica, vale refei\u00e7\u00e3o, seguro de vida, uniforme)&nbsp;<\/p>\n\n\n\n<p>Vaga para morar em Angical&nbsp;<\/p>\n\n\n\n<p>01 VAGA&nbsp;<\/p>\n\n\n\n<p><strong>AUXILIAR T\u00c9CNICO DE ELETR\u00d4NICA<\/strong>&nbsp;<\/p>\n\n\n\n<p>Ensino T\u00e9cnico completo em Eletr\u00f4nica, Eletromec\u00e2nica ou eletr\u00f4nica&nbsp;<\/p>\n\n\n\n<p>N\u00e3o exige experi\u00eancia&nbsp;<\/p>\n\n\n\n<p>Obrigat\u00f3rio possuir certifica\u00e7\u00f5es atualizadas NR10 e NR35, CNH \u2018B\u2019&nbsp;<\/p>\n\n\n\n<p>Disponibilidade para viagens e conhecimento b\u00e1sico em inform\u00e1tica e em redes&nbsp;<\/p>\n\n\n\n<p>Sal\u00e1rio + comiss\u00e3o (Vale refei\u00e7\u00e3o, adicional de periculosidade, transporte da empresa, uniforme e &nbsp;adicional noturno)&nbsp;<\/p>\n\n\n\n<p>03 VAGAS&nbsp;<\/p>\n\n\n\n<p><strong>CAMAREIRA DE MOTEL&nbsp;<\/strong><\/p>\n\n\n\n<p>Ensino Fundamental completo&nbsp;<\/p>\n\n\n\n<p>Experi\u00eancia em servi\u00e7os dom\u00e9sticos&nbsp;<\/p>\n\n\n\n<p>01 VAGA&nbsp;<\/p>\n\n\n\n<p><strong>COSTUREIRA DE M\u00c1QUINA RETA&nbsp;&nbsp;<\/strong>&nbsp;<\/p>\n\n\n\n<p>Ensino Fundamental incompleto&nbsp;&nbsp;<\/p>\n\n\n\n<p>Experi\u00eancia m\u00ednima de 06 meses na carteira &nbsp;&nbsp;&nbsp;<\/p>\n\n\n\n<p>01 VAGA&nbsp;<\/p>\n\n\n\n<p><strong>ELETRICISTA<\/strong>&nbsp;<\/p>\n\n\n\n<p>Ensino M\u00e9dio completo&nbsp;<\/p>\n\n\n\n<p>N\u00e3o exige experi\u00eancia&nbsp;<\/p>\n\n\n\n<p>Obrigat\u00f3rio possuir CNH \u2018B\u2019, curso NR10 b\u00e1sico, NR10 SEP, N35 e Rede de Distribui\u00e7\u00e3o&nbsp;<\/p>\n\n\n\n<p>Sal\u00e1rio: 1.508,00 + ben\u00e9ficos (Vale transporte, assist\u00eancia m\u00e9dica e odontol\u00f3gica e vale refei\u00e7\u00e3o) &nbsp;<\/p>\n\n\n\n<p>10 VAGAS&nbsp;<\/p>\n\n\n\n<p><strong>EMPREGADA DOMESTICA&nbsp;<\/strong><\/p>\n\n\n\n<p>Ensino fundamental completo&nbsp;<\/p>\n\n\n\n<p>Experi\u00eancia m\u00ednima de 06 meses na carteira&nbsp;<\/p>\n\n\n\n<p>Vale transporte&nbsp;<\/p>\n\n\n\n<p>01 VAGA&nbsp;&nbsp;&nbsp;&nbsp;&nbsp;&nbsp; &nbsp;<\/p>\n\n\n\n<p><strong>EMPREGADA DOM\u00c9STICA&nbsp;<\/strong>&nbsp;<\/p>\n\n\n\n<p>N\u00e3o exige escolaridade&nbsp;&nbsp;&nbsp;&nbsp;&nbsp; &nbsp;&nbsp;<\/p>\n\n\n\n<p>Experi\u00eancia m\u00ednima de 06 meses na carteira &nbsp;&nbsp;&nbsp;<\/p>\n\n\n\n<p>01 VAGA&nbsp;&nbsp;<\/p>\n\n\n\n<p><strong>ENTREGADOR DE G\u00c1S<\/strong>&nbsp;<\/p>\n\n\n\n<p>Ensino Fundamental completo&nbsp;<\/p>\n\n\n\n<p>N\u00e3o exige experi\u00eancia&nbsp;<\/p>\n\n\n\n<p>Obrigat\u00f3rio possuir CNH \u2018A\/B\u2019, &nbsp;<\/p>\n\n\n\n<p>OBS: Empresa fornecer\u00e1 adicional periculosidade, comiss\u00e3o e uniforme&nbsp;<\/p>\n\n\n\n<p>01 VAGA&nbsp;<\/p>\n\n\n\n<p><strong>GERENTE ADMINISTRATIVO&nbsp;<\/strong><\/p>\n\n\n\n<p>Ensino superior ou cursando em administra\u00e7\u00e3o ou gest\u00e3o &nbsp;<\/p>\n\n\n\n<p>Conhecimento em inform\u00e1tica b\u00e1sica&nbsp;<\/p>\n\n\n\n<p>Experi\u00eancia m\u00ednima de 06 meses na carteira&nbsp;<\/p>\n\n\n\n<p>Obrigat\u00f3rio possuir CNH \u2018A\u2019&nbsp;<\/p>\n\n\n\n<p>01 VAGA&nbsp;<\/p>\n\n\n\n<p><strong>INSTALADOR DE SISTEMAS ELETR\u00d4NICOS DE SEGURAN\u00c7A<\/strong>&nbsp;<\/p>\n\n\n\n<p>Ensino T\u00e9cnico completo em Eletr\u00f4nica, Eletromec\u00e2nica ou Eletr\u00f4nica&nbsp;<\/p>\n\n\n\n<p>N\u00e3o exige experi\u00eancia&nbsp;<\/p>\n\n\n\n<p>Obrigat\u00f3rio possuir CNH \u2018B\u2019, curso atualizado NR10 e NR35, disponibilidade para viagens, conhecimento b\u00e1sico em inform\u00e1tica e em redes&nbsp;<\/p>\n\n\n\n<p>Sal\u00e1rio + comiss\u00e3o (vale refei\u00e7\u00e3o, adicional periculosidade, transporte da empresa, uniforme e adicional noturno)&nbsp;<\/p>\n\n\n\n<p>01 VAGA&nbsp;<\/p>\n\n\n\n<p><strong>MASSOTERAPEUTA<\/strong>&nbsp;<\/p>\n\n\n\n<p>N\u00e3o exige escolaridade&nbsp;<\/p>\n\n\n\n<p>Experi\u00eancia m\u00ednima de 06 meses na carteira&nbsp;<\/p>\n\n\n\n<p>OBS: Empresa fornecer\u00e1 vale transporte e uniforme&nbsp;<\/p>\n\n\n\n<p>01 VAGA&nbsp;<\/p>\n\n\n\n<p><strong>MOTORISTA ENTREGADOR&nbsp;<\/strong>&nbsp;<\/p>\n\n\n\n<p>N\u00e3o exige escolaridade&nbsp;&nbsp;<\/p>\n\n\n\n<p>N\u00e3o exige experi\u00eancia&nbsp;<\/p>\n\n\n\n<p>Obrigat\u00f3rio possuir CNH \u2018D\u2019&nbsp;<\/p>\n\n\n\n<p>OBS: Empresa fornecer\u00e1 (Vale refei\u00e7\u00e3o, seguro de vida, transporte, uniforme e adicional de percentual)&nbsp;&nbsp;<\/p>\n\n\n\n<p>05 VAGAS&nbsp;<\/p>\n\n\n\n<p><strong>OPERADOR DE MOTOSERRA&nbsp;<\/strong><\/p>\n\n\n\n<p>Ensino Fundamental completo&nbsp;<\/p>\n\n\n\n<p>Experi\u00eancia m\u00ednima de 06 meses na carteira&nbsp;<\/p>\n\n\n\n<p>Disponibilidade para viajar&nbsp;<\/p>\n\n\n\n<p>Curso de operador de motosserra&nbsp;<\/p>\n\n\n\n<p>OBS: A empresa fornecer\u00e1 (alojamento, assist\u00eancia medica, cesta b\u00e1sica, vale refei\u00e7\u00e3o, seguro de vida, uniforme)&nbsp;<\/p>\n\n\n\n<p>Vaga para morar em Angical&nbsp;<\/p>\n\n\n\n<p>03 VAGAS&nbsp;<\/p>\n\n\n\n<p><strong>PADEIRO OU AJUDANTE&nbsp;<\/strong><\/p>\n\n\n\n<p>N\u00e3o exige escolaridade&nbsp;<\/p>\n\n\n\n<p>N\u00e3o exige experi\u00eancia&nbsp;<\/p>\n\n\n\n<p>01 VAGA&nbsp;<\/p>\n\n\n\n<p><strong>RECEPCIONISTA ATENDENTE<\/strong>&nbsp;<\/p>\n\n\n\n<p>Ensino M\u00e9dio completo&nbsp;&nbsp;<\/p>\n\n\n\n<p>Experi\u00eancia em vendas&nbsp;<\/p>\n\n\n\n<p>Sal\u00e1rio: 1.400,00&nbsp;<\/p>\n\n\n\n<p>01 VAGA&nbsp;<\/p>\n\n\n\n<p><strong>RECEPCIONISTA ATENDENTE<\/strong>&nbsp;<\/p>\n\n\n\n<p>N\u00e3o exige escolaridade&nbsp;<\/p>\n\n\n\n<p>Experi\u00eancia m\u00ednima de 06 meses na carteira &nbsp;&nbsp;&nbsp;<\/p>\n\n\n\n<p>OBS: Empresa fornecer\u00e1 vale transporte e uniforme&nbsp;<\/p>\n\n\n\n<p>01 VAGA&nbsp;<\/p>\n\n\n\n<p><strong>RECEPCIONISTA DE CL\u00cdNICA M\u00c9DICA<\/strong>&nbsp;<\/p>\n\n\n\n<p>Ensino M\u00e9dio completo&nbsp;<\/p>\n\n\n\n<p>Experi\u00eancia na fun\u00e7\u00e3o com cl\u00ednica m\u00e9dica&nbsp;<\/p>\n\n\n\n<p>Obrigat\u00f3rio possuir conhecimento e habilidade em inform\u00e1tica&nbsp;<\/p>\n\n\n\n<p>01 VAGA&nbsp;<\/p>\n\n\n\n<p><strong>REPRESENTANTE COMERCIAL AUT\u00d4NOMO&nbsp;<\/strong>&nbsp;<\/p>\n\n\n\n<p>Ensino M\u00e9dio completo&nbsp;&nbsp;&nbsp;<\/p>\n\n\n\n<p>Experi\u00eancia m\u00ednima de 06 meses na carteira&nbsp; com vendas&nbsp;&nbsp;<\/p>\n\n\n\n<p>Obrigat\u00f3rio possuir CNH \u2018A\/B\u2019, disponibilidade para viagens, transporte pr\u00f3prio (moto) e ajuda de custo nos tr\u00eas primeiros meses (Alimenta\u00e7\u00e3o e combust\u00edvel)&nbsp;&nbsp;<\/p>\n\n\n\n<p>01 VAGA&nbsp;&nbsp;<\/p>\n\n\n\n<p><strong>RETIFICADOR DE CABE\u00c7OTES&nbsp;&nbsp;&nbsp;&nbsp;&nbsp;&nbsp;&nbsp;&nbsp;&nbsp;&nbsp;&nbsp;&nbsp;&nbsp;&nbsp;&nbsp;&nbsp;&nbsp;&nbsp;&nbsp;&nbsp;&nbsp;&nbsp;&nbsp;&nbsp;<\/strong>&nbsp;<\/p>\n\n\n\n<p>Ensino Fundamental completo&nbsp;<\/p>\n\n\n\n<p>Experi\u00eancia m\u00ednima de 06 meses na carteira&nbsp;<\/p>\n\n\n\n<p>Sal\u00e1rio: 2.800,00 + benef\u00edcios (Seguro de vida, uniforme e refeit\u00f3rio da empresa)&nbsp;<\/p>\n\n\n\n<p>01 VAGA&nbsp;<\/p>\n\n\n\n<p><strong>SORVETEIRO EM COM\u00c9RCIO AMBULANTE&nbsp;<\/strong>&nbsp;<\/p>\n\n\n\n<p>N\u00e3o exige experi\u00eancia&nbsp;&nbsp;<\/p>\n\n\n\n<p>N\u00e3o exige escolaridade&nbsp;&nbsp;<\/p>\n\n\n\n<p>Sal\u00e1rio + comiss\u00e3o&nbsp;&nbsp;<\/p>\n\n\n\n<p>08 VAGAS&nbsp;&nbsp;<\/p>\n\n\n\n<p><strong>SUPERVISOR COMERCIAL&nbsp;<\/strong>&nbsp;<\/p>\n\n\n\n<p>N\u00e3o exige escolaridade&nbsp;<\/p>\n\n\n\n<p>Experi\u00eancia m\u00ednima de 06 meses na carteira &nbsp;&nbsp;&nbsp;<\/p>\n\n\n\n<p>Sal\u00e1rio 3.000 + comiss\u00e3o + benef\u00edcios (500,00 alimenta\u00e7\u00e3o, combust\u00edvel e telefone coorporativo)&nbsp;<\/p>\n\n\n\n<p>01 VAGA&nbsp;<\/p>\n\n\n\n<p><strong>T\u00c9CNICO DE APOIO AO USU\u00c1RIO DE INFORM\u00c1TICA<\/strong>&nbsp;<\/p>\n\n\n\n<p>Ensino M\u00e9dio completo&nbsp;<\/p>\n\n\n\n<p>Experi\u00eancia na fun\u00e7\u00e3o&nbsp;<\/p>\n\n\n\n<p>Sal\u00e1rio + Vale refei\u00e7\u00e3o&nbsp;<\/p>\n\n\n\n<p>Atividade: Realizada Home Office&nbsp;<\/p>\n\n\n\n<p>01 VAGA&nbsp;<\/p>\n\n\n\n<p><strong>T\u00c9CNICO DE MANUTEN\u00c7\u00c3O DE IMPRESSORA E MULTIFUNCIONAIS&nbsp;<\/strong><\/p>\n\n\n\n<p>Ensino T\u00e9cnico em eletr\u00f4nica\/ eletromec\u00e2nica ou inform\u00e1tica&nbsp;<\/p>\n\n\n\n<p>Experi\u00eancia m\u00ednima de 06 meses na carteira&nbsp;<\/p>\n\n\n\n<p>Sal\u00e1rio: 1.700 &nbsp;<\/p>\n\n\n\n<p>Aluguel do veiculo: 1.080 + combust\u00edvel&nbsp;<\/p>\n\n\n\n<p>Obrigat\u00f3rio possuir CNH \u2018A\u2019 e veiculo pr\u00f3prio&nbsp;<\/p>\n\n\n\n<p>01 VAGA &nbsp;<\/p>\n\n\n\n<p><strong>T\u00c9CNICO ELETR\u00d4NICO<\/strong>&nbsp;<\/p>\n\n\n\n<p>Ensino T\u00e9cnico completo em Eletr\u00f4nica e Especialidade em inform\u00e1tica&nbsp;<\/p>\n\n\n\n<p>Experi\u00eancia m\u00ednima de 06 meses na carteira na instala\u00e7\u00e3o de c\u00e2meras e sensores&nbsp;<\/p>\n\n\n\n<p>01 VAGA &nbsp;<\/p>\n\n\n\n<p><strong>TECNICO EM SEGURAN\u00c7A DO TRABALHO&nbsp;<\/strong><\/p>\n\n\n\n<p>Ensino M\u00e9dio completo&nbsp;&nbsp;<\/p>\n\n\n\n<p>Experi\u00eancia m\u00ednima de 06 meses na carteira&nbsp;<\/p>\n\n\n\n<p>Obrigat\u00f3rio possuir CNH \u2018B\u2019&nbsp;<\/p>\n\n\n\n<p>Disponibilidade para viajar&nbsp;<\/p>\n\n\n\n<p>OBS: A empresa fornecer\u00e1 ( alojamento, assist\u00eancia medica, cesta b\u00e1sica, vale refei\u00e7\u00e3o, seguro de vida, uniforme, 30% de periculosidade)&nbsp;<\/p>\n\n\n\n<p>Sal\u00e1rio: 2.760,50&nbsp;<\/p>\n\n\n\n<p>Vaga para morar em Angical&nbsp;<\/p>\n\n\n\n<p>02 VAGAS&nbsp;<\/p>\n\n\n\n<p><strong>T\u00c9CNICO EM SEGURAN\u00c7A DO TRABALHO<\/strong>&nbsp;<\/p>\n\n\n\n<p>Ensino T\u00e9cnico completo em Seguran\u00e7a do Trabalho&nbsp;<\/p>\n\n\n\n<p>Obrigat\u00f3rio possuir CNH \u2018A\/B\u2019, conhecimento na \u00e1rea e habilidade b\u00e1sica em inform\u00e1tica &nbsp;<\/p>\n\n\n\n<p>01 VAGA&nbsp;<\/p>\n\n\n\n<p><strong>TRABALHADOR RURAL&nbsp;<\/strong>&nbsp;<\/p>\n\n\n\n<p>N\u00e3o exige escolaridade&nbsp;&nbsp;<\/p>\n\n\n\n<p>Experi\u00eancia m\u00ednima de 06 meses na carteira &nbsp;&nbsp;<\/p>\n\n\n\n<p>Disponibilidade para atuar em fazenda&nbsp;&nbsp;<\/p>\n\n\n\n<p>01 VAGA&nbsp;&nbsp;<\/p>\n\n\n\n<p><strong>VENDEDOR INTERNO&nbsp;<\/strong><\/p>\n\n\n\n<p>Ensino m\u00e9dio completo&nbsp;<\/p>\n\n\n\n<p>Experi\u00eancia m\u00ednima de 06 meses na carteira&nbsp;<\/p>\n\n\n\n<p>01 VAGA&nbsp;<\/p>\n\n\n\n<p><strong>VENDEDOR PRACISTA<\/strong>&nbsp;<\/p>\n\n\n\n<p>Ensino M\u00e9dio completo&nbsp;<\/p>\n\n\n\n<p>N\u00e3o exige experi\u00eancia&nbsp;<\/p>\n\n\n\n<p>OBS: Empresa fornecer\u00e1 vale refei\u00e7\u00e3o + uniforme + comiss\u00e3o + assist\u00eancias m\u00e9dica e odontol\u00f3gica&nbsp;<\/p>\n\n\n\n<p>02 VAGAS&nbsp;<\/p>\n\n\n\n<p><strong>VENDEDOR PORTA A PORTA&nbsp;<\/strong>&nbsp;<\/p>\n\n\n\n<p>Ensino M\u00e9dio completo&nbsp;&nbsp;<\/p>\n\n\n\n<p>Experi\u00eancia na fun\u00e7\u00e3o com vendas de telefonia&nbsp;&nbsp;<\/p>\n\n\n\n<p>05 VAGAS&nbsp;&nbsp;<\/p>\n\n\n\n<p><strong>VENDEDOR PRACISTA&nbsp;<\/strong><\/p>\n\n\n\n<p>Ensino superior completo ou incompleto&nbsp;<\/p>\n\n\n\n<p>Experi\u00eancia m\u00ednima de 06 meses na carteira&nbsp;<\/p>\n\n\n\n<p>Obrigat\u00f3rio possuir CNH \u201dB \u201c e disponibilidade para viagens&nbsp;<\/p>\n\n\n\n<p>Sal\u00e1rio: 3.000, alimenta\u00e7\u00e3o&nbsp; 513,00&nbsp;<\/p>\n\n\n\n<p>OBS:Empresa fornecer\u00e1 assist\u00eancia medica e odontol\u00f3gica, vale refei\u00e7\u00e3o,(43,12 por dia) transporte da empresa, adicional por tempo de servi\u00e7o, abono especial anual (4.000)&nbsp;<\/p>\n\n\n\n<p>01 VAGA&nbsp;<\/p>\n\n\n\n<p><strong>VENDEDOR PRACISTA&nbsp;<\/strong><\/p>\n\n\n\n<p>Ensino M\u00e9dio completo&nbsp;&nbsp;<\/p>\n\n\n\n<p>Experi\u00eancia m\u00ednima de 06 meses na carteira&nbsp;<\/p>\n\n\n\n<p>Transporte da empresa&nbsp;<\/p>\n\n\n\n<p>Sal\u00e1rio + comiss\u00e3o&nbsp;<\/p>\n\n\n\n<p>01 VAGA&nbsp;<\/p>\n\n\n\n<p><strong>VENDEDOR PRACISTA<\/strong>&nbsp;<\/p>\n\n\n\n<p>Ensino M\u00e9dio completo&nbsp;<\/p>\n\n\n\n<p>Experi\u00eancia na fun\u00e7\u00e3o&nbsp;<\/p>\n\n\n\n<p>01 VAGA&nbsp;<\/p>\n\n\n\n<p><strong><u>VAGAS PARA BOM JESUS DA LAPA<\/u><\/strong><\/p>\n\n\n\n<p><strong>TRABALHADOR RURAL<\/strong>&nbsp;<\/p>\n\n\n\n<p>Ensino Fundamental incompleto&nbsp;<\/p>\n\n\n\n<p>N\u00e3o exige experi\u00eancia&nbsp;<\/p>\n\n\n\n<p>02 VAGAS&nbsp;<\/p>\n\n\n\n<p><strong><u>VAGAS DE LU\u00cdS EDUARDO MAGALH\u00c3ES<\/u><\/strong><\/p>\n\n\n\n<p><strong>BALCONISTA DE A\u00c7OUGUE&nbsp;<\/strong><\/p>\n\n\n\n<p>Ensino M\u00e9dio completo&nbsp;&nbsp;<\/p>\n\n\n\n<p>Experi\u00eancia na fun\u00e7\u00e3o com vendas de telefonia&nbsp;&nbsp;<\/p>\n\n\n\n<p>03 VAGAS&nbsp;<\/p>\n\n\n\n<p><strong>OPERADOR DE CAIXA<\/strong><strong>&nbsp;<\/strong><\/p>\n\n\n\n<p>Ensino M\u00e9dio completo&nbsp;&nbsp;<\/p>\n\n\n\n<p>Experi\u00eancia na fun\u00e7\u00e3o com vendas de telefonia&nbsp;&nbsp;<\/p>\n\n\n\n<p>01 VAGA&nbsp;<\/p>\n\n\n\n<p><strong>REPOSITOR EM SUPERMERCADOS&nbsp;<\/strong><\/p>\n\n\n\n<p>Ensino M\u00e9dio completo&nbsp;&nbsp;<\/p>\n\n\n\n<p>Experi\u00eancia na fun\u00e7\u00e3o com vendas de telefonia&nbsp;&nbsp;<\/p>\n\n\n\n<p>01 VAGA<strong>\u00a0<\/strong><\/p>\n\n\n\n<p><\/p>\n\n\n\n<p><\/p>\n\n\n\n<p><\/p>\n\n\n\n<p><\/p>\n\n\n\n<p><\/p>\n\n\n\n<p>Foto: Divulga\u00e7\u00e3o<\/p>\n","protected":false},"excerpt":{"rendered":"<p>O Servi\u00e7o de Intermedia\u00e7\u00e3o para o Trabalho (SineBahia) divulgou nesta sexta-feira (21), 530 vagas de emprego abertas divididas em v\u00e1rias cidades do interior do estado. As oportunidades est\u00e3o dispon\u00edveis em Bom Jesus da Lapa, Barreiras, Cruz das Almas, Jequi\u00e9, Sobradinho, Senhor do Bonfim, Santo Ant\u00f4nio de Jesus, Paulo Afonso, Ilh\u00e9us, Itabuna, Xique-xique,Valen\u00e7a, Catu, Cama\u00e7ari e [&hellip;]<\/p>\n","protected":false},"author":1,"featured_media":697211,"comment_status":"closed","ping_status":"closed","sticky":false,"template":"","format":"standard","meta":[],"categories":[8],"tags":[89,1314,6946],"acf":[],"yoast_head":"<!-- This site is optimized with the Yoast SEO plugin v20.8 - https:\/\/yoast.com\/wordpress\/plugins\/seo\/ -->\n<title>SINEBAHIA DIVULGA NESTA SEXTA-FEIRA (21) MAIS DE 530 VAGAS DE EMPREGO NO INTERIOR DA BAHIA - Bahia Economica<\/title>\n<meta name=\"description\" content=\"O maior portal de Economia da Bahia EMPREGOS \/ CONCURSOS Bahia Economica\" \/>\n<meta name=\"robots\" content=\"index, follow, max-snippet:-1, max-image-preview:large, max-video-preview:-1\" \/>\n<link rel=\"canonical\" href=\"https:\/\/bahiaeconomica.com.br\/wp\/2022\/10\/21\/sinebahia-divulga-nesta-sexta-feira-21-mais-de-530-vagas-de-emprego-no-interior-da-bahia\/\" \/>\n<meta property=\"og:locale\" content=\"pt_BR\" \/>\n<meta property=\"og:type\" content=\"article\" \/>\n<meta property=\"og:title\" content=\"SINEBAHIA DIVULGA NESTA SEXTA-FEIRA (21) MAIS DE 530 VAGAS DE EMPREGO NO INTERIOR DA BAHIA - Bahia Economica\" \/>\n<meta property=\"og:description\" content=\"O maior portal de Economia da Bahia EMPREGOS \/ CONCURSOS Bahia Economica\" \/>\n<meta property=\"og:url\" content=\"https:\/\/bahiaeconomica.com.br\/wp\/2022\/10\/21\/sinebahia-divulga-nesta-sexta-feira-21-mais-de-530-vagas-de-emprego-no-interior-da-bahia\/\" \/>\n<meta property=\"og:site_name\" content=\"Bahia Economica\" \/>\n<meta property=\"article:publisher\" content=\"https:\/\/www.facebook.com\/bahiaeconomica\" \/>\n<meta property=\"article:published_time\" content=\"2022-10-21T18:51:10+00:00\" \/>\n<meta property=\"article:modified_time\" content=\"2022-10-21T18:51:13+00:00\" \/>\n<meta property=\"og:image\" content=\"https:\/\/bahiaeconomica.com.br\/wp\/wp-content\/uploads\/2022\/10\/sinebahia-33-1-1024x614.jpg.webp\" \/>\n\t<meta property=\"og:image:width\" content=\"1024\" \/>\n\t<meta property=\"og:image:height\" content=\"614\" \/>\n\t<meta property=\"og:image:type\" content=\"image\/webp\" \/>\n<meta name=\"author\" content=\"admin\" \/>\n<meta name=\"twitter:card\" content=\"summary_large_image\" \/>\n<meta name=\"twitter:label1\" content=\"Escrito por\" \/>\n\t<meta name=\"twitter:data1\" content=\"admin\" \/>\n\t<meta name=\"twitter:label2\" content=\"Est. tempo de leitura\" \/>\n\t<meta name=\"twitter:data2\" content=\"20 minutos\" \/>\n<script type=\"application\/ld+json\" class=\"yoast-schema-graph\">{\"@context\":\"https:\/\/schema.org\",\"@graph\":[{\"@type\":\"Article\",\"@id\":\"https:\/\/bahiaeconomica.com.br\/wp\/2022\/10\/21\/sinebahia-divulga-nesta-sexta-feira-21-mais-de-530-vagas-de-emprego-no-interior-da-bahia\/#article\",\"isPartOf\":{\"@id\":\"https:\/\/bahiaeconomica.com.br\/wp\/2022\/10\/21\/sinebahia-divulga-nesta-sexta-feira-21-mais-de-530-vagas-de-emprego-no-interior-da-bahia\/\"},\"author\":{\"name\":\"admin\",\"@id\":\"https:\/\/bahiaeconomica.com.br\/wp\/#\/schema\/person\/cb1ab5ba96ad3d9390805381c76284ec\"},\"headline\":\"SINEBAHIA DIVULGA NESTA SEXTA-FEIRA (21) MAIS DE 530 VAGAS DE EMPREGO NO INTERIOR DA BAHIA\",\"datePublished\":\"2022-10-21T18:51:10+00:00\",\"dateModified\":\"2022-10-21T18:51:13+00:00\",\"mainEntityOfPage\":{\"@id\":\"https:\/\/bahiaeconomica.com.br\/wp\/2022\/10\/21\/sinebahia-divulga-nesta-sexta-feira-21-mais-de-530-vagas-de-emprego-no-interior-da-bahia\/\"},\"wordCount\":4735,\"publisher\":{\"@id\":\"https:\/\/bahiaeconomica.com.br\/wp\/#organization\"},\"keywords\":[\"interior da Bahia\",\"SineBahia\",\"vagas de emprego\"],\"articleSection\":[\"EMPREGOS \/ CONCURSOS\"],\"inLanguage\":\"pt-BR\"},{\"@type\":\"WebPage\",\"@id\":\"https:\/\/bahiaeconomica.com.br\/wp\/2022\/10\/21\/sinebahia-divulga-nesta-sexta-feira-21-mais-de-530-vagas-de-emprego-no-interior-da-bahia\/\",\"url\":\"https:\/\/bahiaeconomica.com.br\/wp\/2022\/10\/21\/sinebahia-divulga-nesta-sexta-feira-21-mais-de-530-vagas-de-emprego-no-interior-da-bahia\/\",\"name\":\"SINEBAHIA DIVULGA NESTA SEXTA-FEIRA (21) MAIS DE 530 VAGAS DE EMPREGO NO INTERIOR DA BAHIA - Bahia Economica\",\"isPartOf\":{\"@id\":\"https:\/\/bahiaeconomica.com.br\/wp\/#website\"},\"datePublished\":\"2022-10-21T18:51:10+00:00\",\"dateModified\":\"2022-10-21T18:51:13+00:00\",\"description\":\"O maior portal de Economia da Bahia EMPREGOS \/ CONCURSOS Bahia Economica\",\"breadcrumb\":{\"@id\":\"https:\/\/bahiaeconomica.com.br\/wp\/2022\/10\/21\/sinebahia-divulga-nesta-sexta-feira-21-mais-de-530-vagas-de-emprego-no-interior-da-bahia\/#breadcrumb\"},\"inLanguage\":\"pt-BR\",\"potentialAction\":[{\"@type\":\"ReadAction\",\"target\":[\"https:\/\/bahiaeconomica.com.br\/wp\/2022\/10\/21\/sinebahia-divulga-nesta-sexta-feira-21-mais-de-530-vagas-de-emprego-no-interior-da-bahia\/\"]}]},{\"@type\":\"BreadcrumbList\",\"@id\":\"https:\/\/bahiaeconomica.com.br\/wp\/2022\/10\/21\/sinebahia-divulga-nesta-sexta-feira-21-mais-de-530-vagas-de-emprego-no-interior-da-bahia\/#breadcrumb\",\"itemListElement\":[{\"@type\":\"ListItem\",\"position\":1,\"name\":\"In\u00edcio\",\"item\":\"https:\/\/bahiaeconomica.com.br\/wp\/\"},{\"@type\":\"ListItem\",\"position\":2,\"name\":\"SINEBAHIA DIVULGA NESTA SEXTA-FEIRA (21) MAIS DE 530 VAGAS DE EMPREGO NO INTERIOR DA BAHIA\"}]},{\"@type\":\"WebSite\",\"@id\":\"https:\/\/bahiaeconomica.com.br\/wp\/#website\",\"url\":\"https:\/\/bahiaeconomica.com.br\/wp\/\",\"name\":\"Bahia Economica\",\"description\":\"O maior portal de Economia da Bahia\",\"publisher\":{\"@id\":\"https:\/\/bahiaeconomica.com.br\/wp\/#organization\"},\"potentialAction\":[{\"@type\":\"SearchAction\",\"target\":{\"@type\":\"EntryPoint\",\"urlTemplate\":\"https:\/\/bahiaeconomica.com.br\/wp\/?s={search_term_string}\"},\"query-input\":\"required name=search_term_string\"}],\"inLanguage\":\"pt-BR\"},{\"@type\":\"Organization\",\"@id\":\"https:\/\/bahiaeconomica.com.br\/wp\/#organization\",\"name\":\"Bahia Econ\u00f4mica\",\"url\":\"https:\/\/bahiaeconomica.com.br\/wp\/\",\"logo\":{\"@type\":\"ImageObject\",\"inLanguage\":\"pt-BR\",\"@id\":\"https:\/\/bahiaeconomica.com.br\/wp\/#\/schema\/logo\/image\/\",\"url\":\"https:\/\/bahiaeconomica.com.br\/wp\/wp-content\/uploads\/2020\/12\/cropped-BE.png\",\"contentUrl\":\"https:\/\/bahiaeconomica.com.br\/wp\/wp-content\/uploads\/2020\/12\/cropped-BE.png\",\"width\":512,\"height\":512,\"caption\":\"Bahia Econ\u00f4mica\"},\"image\":{\"@id\":\"https:\/\/bahiaeconomica.com.br\/wp\/#\/schema\/logo\/image\/\"},\"sameAs\":[\"https:\/\/www.facebook.com\/bahiaeconomica\"]},{\"@type\":\"Person\",\"@id\":\"https:\/\/bahiaeconomica.com.br\/wp\/#\/schema\/person\/cb1ab5ba96ad3d9390805381c76284ec\",\"name\":\"admin\",\"url\":\"https:\/\/bahiaeconomica.com.br\/wp\/author\/admin\/\"}]}<\/script>\n<!-- \/ Yoast SEO plugin. -->","yoast_head_json":{"title":"SINEBAHIA DIVULGA NESTA SEXTA-FEIRA (21) MAIS DE 530 VAGAS DE EMPREGO NO INTERIOR DA BAHIA - Bahia Economica","description":"O maior portal de Economia da Bahia EMPREGOS \/ CONCURSOS Bahia Economica","robots":{"index":"index","follow":"follow","max-snippet":"max-snippet:-1","max-image-preview":"max-image-preview:large","max-video-preview":"max-video-preview:-1"},"canonical":"https:\/\/bahiaeconomica.com.br\/wp\/2022\/10\/21\/sinebahia-divulga-nesta-sexta-feira-21-mais-de-530-vagas-de-emprego-no-interior-da-bahia\/","og_locale":"pt_BR","og_type":"article","og_title":"SINEBAHIA DIVULGA NESTA SEXTA-FEIRA (21) MAIS DE 530 VAGAS DE EMPREGO NO INTERIOR DA BAHIA - Bahia Economica","og_description":"O maior portal de Economia da Bahia EMPREGOS \/ CONCURSOS Bahia Economica","og_url":"https:\/\/bahiaeconomica.com.br\/wp\/2022\/10\/21\/sinebahia-divulga-nesta-sexta-feira-21-mais-de-530-vagas-de-emprego-no-interior-da-bahia\/","og_site_name":"Bahia Economica","article_publisher":"https:\/\/www.facebook.com\/bahiaeconomica","article_published_time":"2022-10-21T18:51:10+00:00","article_modified_time":"2022-10-21T18:51:13+00:00","og_image":[{"width":1024,"height":614,"url":"https:\/\/bahiaeconomica.com.br\/wp\/wp-content\/uploads\/2022\/10\/sinebahia-33-1-1024x614.jpg.webp","type":"image\/webp"}],"author":"admin","twitter_card":"summary_large_image","twitter_misc":{"Escrito por":"admin","Est. tempo de leitura":"20 minutos"},"schema":{"@context":"https:\/\/schema.org","@graph":[{"@type":"Article","@id":"https:\/\/bahiaeconomica.com.br\/wp\/2022\/10\/21\/sinebahia-divulga-nesta-sexta-feira-21-mais-de-530-vagas-de-emprego-no-interior-da-bahia\/#article","isPartOf":{"@id":"https:\/\/bahiaeconomica.com.br\/wp\/2022\/10\/21\/sinebahia-divulga-nesta-sexta-feira-21-mais-de-530-vagas-de-emprego-no-interior-da-bahia\/"},"author":{"name":"admin","@id":"https:\/\/bahiaeconomica.com.br\/wp\/#\/schema\/person\/cb1ab5ba96ad3d9390805381c76284ec"},"headline":"SINEBAHIA DIVULGA NESTA SEXTA-FEIRA (21) MAIS DE 530 VAGAS DE EMPREGO NO INTERIOR DA BAHIA","datePublished":"2022-10-21T18:51:10+00:00","dateModified":"2022-10-21T18:51:13+00:00","mainEntityOfPage":{"@id":"https:\/\/bahiaeconomica.com.br\/wp\/2022\/10\/21\/sinebahia-divulga-nesta-sexta-feira-21-mais-de-530-vagas-de-emprego-no-interior-da-bahia\/"},"wordCount":4735,"publisher":{"@id":"https:\/\/bahiaeconomica.com.br\/wp\/#organization"},"keywords":["interior da Bahia","SineBahia","vagas de emprego"],"articleSection":["EMPREGOS \/ CONCURSOS"],"inLanguage":"pt-BR"},{"@type":"WebPage","@id":"https:\/\/bahiaeconomica.com.br\/wp\/2022\/10\/21\/sinebahia-divulga-nesta-sexta-feira-21-mais-de-530-vagas-de-emprego-no-interior-da-bahia\/","url":"https:\/\/bahiaeconomica.com.br\/wp\/2022\/10\/21\/sinebahia-divulga-nesta-sexta-feira-21-mais-de-530-vagas-de-emprego-no-interior-da-bahia\/","name":"SINEBAHIA DIVULGA NESTA SEXTA-FEIRA (21) MAIS DE 530 VAGAS DE EMPREGO NO INTERIOR DA BAHIA - Bahia Economica","isPartOf":{"@id":"https:\/\/bahiaeconomica.com.br\/wp\/#website"},"datePublished":"2022-10-21T18:51:10+00:00","dateModified":"2022-10-21T18:51:13+00:00","description":"O maior portal de Economia da Bahia EMPREGOS \/ CONCURSOS Bahia Economica","breadcrumb":{"@id":"https:\/\/bahiaeconomica.com.br\/wp\/2022\/10\/21\/sinebahia-divulga-nesta-sexta-feira-21-mais-de-530-vagas-de-emprego-no-interior-da-bahia\/#breadcrumb"},"inLanguage":"pt-BR","potentialAction":[{"@type":"ReadAction","target":["https:\/\/bahiaeconomica.com.br\/wp\/2022\/10\/21\/sinebahia-divulga-nesta-sexta-feira-21-mais-de-530-vagas-de-emprego-no-interior-da-bahia\/"]}]},{"@type":"BreadcrumbList","@id":"https:\/\/bahiaeconomica.com.br\/wp\/2022\/10\/21\/sinebahia-divulga-nesta-sexta-feira-21-mais-de-530-vagas-de-emprego-no-interior-da-bahia\/#breadcrumb","itemListElement":[{"@type":"ListItem","position":1,"name":"In\u00edcio","item":"https:\/\/bahiaeconomica.com.br\/wp\/"},{"@type":"ListItem","position":2,"name":"SINEBAHIA DIVULGA NESTA SEXTA-FEIRA (21) MAIS DE 530 VAGAS DE EMPREGO NO INTERIOR DA BAHIA"}]},{"@type":"WebSite","@id":"https:\/\/bahiaeconomica.com.br\/wp\/#website","url":"https:\/\/bahiaeconomica.com.br\/wp\/","name":"Bahia Economica","description":"O maior portal de Economia da Bahia","publisher":{"@id":"https:\/\/bahiaeconomica.com.br\/wp\/#organization"},"potentialAction":[{"@type":"SearchAction","target":{"@type":"EntryPoint","urlTemplate":"https:\/\/bahiaeconomica.com.br\/wp\/?s={search_term_string}"},"query-input":"required name=search_term_string"}],"inLanguage":"pt-BR"},{"@type":"Organization","@id":"https:\/\/bahiaeconomica.com.br\/wp\/#organization","name":"Bahia Econ\u00f4mica","url":"https:\/\/bahiaeconomica.com.br\/wp\/","logo":{"@type":"ImageObject","inLanguage":"pt-BR","@id":"https:\/\/bahiaeconomica.com.br\/wp\/#\/schema\/logo\/image\/","url":"https:\/\/bahiaeconomica.com.br\/wp\/wp-content\/uploads\/2020\/12\/cropped-BE.png","contentUrl":"https:\/\/bahiaeconomica.com.br\/wp\/wp-content\/uploads\/2020\/12\/cropped-BE.png","width":512,"height":512,"caption":"Bahia Econ\u00f4mica"},"image":{"@id":"https:\/\/bahiaeconomica.com.br\/wp\/#\/schema\/logo\/image\/"},"sameAs":["https:\/\/www.facebook.com\/bahiaeconomica"]},{"@type":"Person","@id":"https:\/\/bahiaeconomica.com.br\/wp\/#\/schema\/person\/cb1ab5ba96ad3d9390805381c76284ec","name":"admin","url":"https:\/\/bahiaeconomica.com.br\/wp\/author\/admin\/"}]}},"views":7,"_links":{"self":[{"href":"https:\/\/bahiaeconomica.com.br\/wp\/wp-json\/wp\/v2\/posts\/697205"}],"collection":[{"href":"https:\/\/bahiaeconomica.com.br\/wp\/wp-json\/wp\/v2\/posts"}],"about":[{"href":"https:\/\/bahiaeconomica.com.br\/wp\/wp-json\/wp\/v2\/types\/post"}],"author":[{"embeddable":true,"href":"https:\/\/bahiaeconomica.com.br\/wp\/wp-json\/wp\/v2\/users\/1"}],"replies":[{"embeddable":true,"href":"https:\/\/bahiaeconomica.com.br\/wp\/wp-json\/wp\/v2\/comments?post=697205"}],"version-history":[{"count":1,"href":"https:\/\/bahiaeconomica.com.br\/wp\/wp-json\/wp\/v2\/posts\/697205\/revisions"}],"predecessor-version":[{"id":697212,"href":"https:\/\/bahiaeconomica.com.br\/wp\/wp-json\/wp\/v2\/posts\/697205\/revisions\/697212"}],"wp:featuredmedia":[{"embeddable":true,"href":"https:\/\/bahiaeconomica.com.br\/wp\/wp-json\/wp\/v2\/media\/697211"}],"wp:attachment":[{"href":"https:\/\/bahiaeconomica.com.br\/wp\/wp-json\/wp\/v2\/media?parent=697205"}],"wp:term":[{"taxonomy":"category","embeddable":true,"href":"https:\/\/bahiaeconomica.com.br\/wp\/wp-json\/wp\/v2\/categories?post=697205"},{"taxonomy":"post_tag","embeddable":true,"href":"https:\/\/bahiaeconomica.com.br\/wp\/wp-json\/wp\/v2\/tags?post=697205"}],"curies":[{"name":"wp","href":"https:\/\/api.w.org\/{rel}","templated":true}]}}