{"id":696994,"date":"2022-10-20T16:41:34","date_gmt":"2022-10-20T19:41:34","guid":{"rendered":"https:\/\/bahiaeconomica.com.br\/wp\/beta\/?p=696994"},"modified":"2022-10-20T16:41:37","modified_gmt":"2022-10-20T19:41:37","slug":"governo-lanca-campanha-nacional-contra-dengue","status":"publish","type":"post","link":"https:\/\/bahiaeconomica.com.br\/wp\/2022\/10\/20\/governo-lanca-campanha-nacional-contra-dengue\/","title":{"rendered":"GOVERNO LAN\u00c7A CAMPANHA NACIONAL CONTRA DENGUE"},"content":{"rendered":"\n<p>Com o tema \u201cTodo dia \u00e9 dia de combater o mosquito\u201d, o Minist\u00e9rio da Sa\u00fade lan\u00e7ou hoje&nbsp;(20)&nbsp;a Campanha Nacional de Combate ao Mosquito&nbsp;Aedes Aegypti,&nbsp;transmissor de doen\u00e7as como dengue, zika e chikungunya.&nbsp;<\/p>\n\n\n\n<!--more-->\n\n\n\n<p>Segundo o ministro da Sa\u00fade, Marcelo Queiroga, a campanha busca mobilizar os cidad\u00e3os a participarem efetivamente do combate. \u201cN\u00f3s n\u00e3o temos como fazer isso sozinhos. Se n\u00e3o houver colabora\u00e7\u00e3o da sociedade, todos os anos vamos&nbsp;ter&nbsp;casos e casos de dengue\u201d, ressaltou Queiroga no evento em Bras\u00edlia.<\/p>\n\n\n\n<p>Ainda segundo o ministro, a preven\u00e7\u00e3o \u00e9 a melhor forma de combater a doen\u00e7a e todo local de \u00e1gua parada deve ser eliminado, j\u00e1 que \u00e9 l\u00e1 que o mosquito transmissor coloca os seus ovos.<\/p>\n\n\n\n<p>A campanha&nbsp;ser\u00e1 vinculada na televis\u00e3o, no r\u00e1dio e na internet e trar\u00e1 tanto informa\u00e7\u00f5es sobre os principais focos de prolifera\u00e7\u00e3o do mosquito quanto&nbsp;orienta\u00e7\u00f5es sobre preven\u00e7\u00e3o.&nbsp;<\/p>\n\n\n\n<p>A\u00e7\u00f5es simples podem ajudar no combate ao mosquito, principalmente, no quintal de casa. Entre as medidas que podem ser adotadas est\u00e3o: evitar \u00e1gua parada em pequenos objetos, pneus, garrafas e vasos de planta; manter a caixa d\u2019\u00e1gua sempre fechada e realizar limpezas peri\u00f3dicas; vedar po\u00e7os e cisternas; descartar o lixo de forma adequada.<\/p>\n","protected":false},"excerpt":{"rendered":"<p>Com o tema \u201cTodo dia \u00e9 dia de combater o mosquito\u201d, o Minist\u00e9rio da Sa\u00fade lan\u00e7ou hoje&nbsp;(20)&nbsp;a Campanha Nacional de Combate ao Mosquito&nbsp;Aedes Aegypti,&nbsp;transmissor de doen\u00e7as como dengue, zika e chikungunya.&nbsp;<\/p>\n","protected":false},"author":1,"featured_media":696995,"comment_status":"closed","ping_status":"closed","sticky":false,"template":"","format":"standard","meta":[],"categories":[14,3,21],"tags":[526,2279,233],"acf":[],"yoast_head":"<!-- This site is optimized with the Yoast SEO plugin v20.8 - https:\/\/yoast.com\/wordpress\/plugins\/seo\/ -->\n<title>GOVERNO LAN\u00c7A CAMPANHA NACIONAL CONTRA DENGUE - Bahia Economica<\/title>\n<meta name=\"description\" content=\"O maior portal de Economia da Bahia DESTAQUE DO DIA, ECONOMIA \/ POL\u00cdTICA, Sa\u00fade \/ Educa\u00e7\u00e3o Bahia Economica\" \/>\n<meta name=\"robots\" content=\"index, follow, max-snippet:-1, max-image-preview:large, max-video-preview:-1\" \/>\n<link rel=\"canonical\" href=\"https:\/\/bahiaeconomica.com.br\/wp\/2022\/10\/20\/governo-lanca-campanha-nacional-contra-dengue\/\" \/>\n<meta property=\"og:locale\" content=\"pt_BR\" \/>\n<meta property=\"og:type\" content=\"article\" \/>\n<meta property=\"og:title\" content=\"GOVERNO LAN\u00c7A CAMPANHA NACIONAL CONTRA DENGUE - Bahia Economica\" \/>\n<meta property=\"og:description\" content=\"O maior portal de Economia da Bahia DESTAQUE DO DIA, ECONOMIA \/ POL\u00cdTICA, Sa\u00fade \/ Educa\u00e7\u00e3o Bahia Economica\" \/>\n<meta property=\"og:url\" content=\"https:\/\/bahiaeconomica.com.br\/wp\/2022\/10\/20\/governo-lanca-campanha-nacional-contra-dengue\/\" \/>\n<meta property=\"og:site_name\" content=\"Bahia Economica\" \/>\n<meta property=\"article:publisher\" content=\"https:\/\/www.facebook.com\/bahiaeconomica\" \/>\n<meta property=\"article:published_time\" content=\"2022-10-20T19:41:34+00:00\" \/>\n<meta property=\"article:modified_time\" content=\"2022-10-20T19:41:37+00:00\" \/>\n<meta property=\"og:image\" content=\"https:\/\/bahiaeconomica.com.br\/wp\/wp-content\/uploads\/2022\/10\/campanha-aedes-aegypti_mcamgo_abr_201020221818-7.jpg\" \/>\n\t<meta property=\"og:image:width\" content=\"1170\" \/>\n\t<meta property=\"og:image:height\" content=\"700\" \/>\n\t<meta property=\"og:image:type\" content=\"image\/jpeg\" \/>\n<meta name=\"author\" content=\"admin\" \/>\n<meta name=\"twitter:card\" content=\"summary_large_image\" \/>\n<meta name=\"twitter:label1\" content=\"Escrito por\" \/>\n\t<meta name=\"twitter:data1\" content=\"admin\" \/>\n\t<meta name=\"twitter:label2\" content=\"Est. tempo de leitura\" \/>\n\t<meta name=\"twitter:data2\" content=\"2 minutos\" \/>\n<script type=\"application\/ld+json\" class=\"yoast-schema-graph\">{\"@context\":\"https:\/\/schema.org\",\"@graph\":[{\"@type\":\"Article\",\"@id\":\"https:\/\/bahiaeconomica.com.br\/wp\/2022\/10\/20\/governo-lanca-campanha-nacional-contra-dengue\/#article\",\"isPartOf\":{\"@id\":\"https:\/\/bahiaeconomica.com.br\/wp\/2022\/10\/20\/governo-lanca-campanha-nacional-contra-dengue\/\"},\"author\":{\"name\":\"admin\",\"@id\":\"https:\/\/bahiaeconomica.com.br\/wp\/#\/schema\/person\/cb1ab5ba96ad3d9390805381c76284ec\"},\"headline\":\"GOVERNO LAN\u00c7A CAMPANHA NACIONAL CONTRA DENGUE\",\"datePublished\":\"2022-10-20T19:41:34+00:00\",\"dateModified\":\"2022-10-20T19:41:37+00:00\",\"mainEntityOfPage\":{\"@id\":\"https:\/\/bahiaeconomica.com.br\/wp\/2022\/10\/20\/governo-lanca-campanha-nacional-contra-dengue\/\"},\"wordCount\":234,\"publisher\":{\"@id\":\"https:\/\/bahiaeconomica.com.br\/wp\/#organization\"},\"keywords\":[\"Campanha\",\"dengue\",\"Governo\"],\"articleSection\":[\"DESTAQUE DO DIA\",\"ECONOMIA \/ POL\u00cdTICA\",\"Sa\u00fade \/ Educa\u00e7\u00e3o\"],\"inLanguage\":\"pt-BR\"},{\"@type\":\"WebPage\",\"@id\":\"https:\/\/bahiaeconomica.com.br\/wp\/2022\/10\/20\/governo-lanca-campanha-nacional-contra-dengue\/\",\"url\":\"https:\/\/bahiaeconomica.com.br\/wp\/2022\/10\/20\/governo-lanca-campanha-nacional-contra-dengue\/\",\"name\":\"GOVERNO LAN\u00c7A CAMPANHA NACIONAL CONTRA DENGUE - Bahia Economica\",\"isPartOf\":{\"@id\":\"https:\/\/bahiaeconomica.com.br\/wp\/#website\"},\"datePublished\":\"2022-10-20T19:41:34+00:00\",\"dateModified\":\"2022-10-20T19:41:37+00:00\",\"description\":\"O maior portal de Economia da Bahia DESTAQUE DO DIA, ECONOMIA \/ POL\u00cdTICA, Sa\u00fade \/ Educa\u00e7\u00e3o Bahia Economica\",\"breadcrumb\":{\"@id\":\"https:\/\/bahiaeconomica.com.br\/wp\/2022\/10\/20\/governo-lanca-campanha-nacional-contra-dengue\/#breadcrumb\"},\"inLanguage\":\"pt-BR\",\"potentialAction\":[{\"@type\":\"ReadAction\",\"target\":[\"https:\/\/bahiaeconomica.com.br\/wp\/2022\/10\/20\/governo-lanca-campanha-nacional-contra-dengue\/\"]}]},{\"@type\":\"BreadcrumbList\",\"@id\":\"https:\/\/bahiaeconomica.com.br\/wp\/2022\/10\/20\/governo-lanca-campanha-nacional-contra-dengue\/#breadcrumb\",\"itemListElement\":[{\"@type\":\"ListItem\",\"position\":1,\"name\":\"In\u00edcio\",\"item\":\"https:\/\/bahiaeconomica.com.br\/wp\/\"},{\"@type\":\"ListItem\",\"position\":2,\"name\":\"GOVERNO LAN\u00c7A CAMPANHA NACIONAL CONTRA DENGUE\"}]},{\"@type\":\"WebSite\",\"@id\":\"https:\/\/bahiaeconomica.com.br\/wp\/#website\",\"url\":\"https:\/\/bahiaeconomica.com.br\/wp\/\",\"name\":\"Bahia Economica\",\"description\":\"O maior portal de Economia da Bahia\",\"publisher\":{\"@id\":\"https:\/\/bahiaeconomica.com.br\/wp\/#organization\"},\"potentialAction\":[{\"@type\":\"SearchAction\",\"target\":{\"@type\":\"EntryPoint\",\"urlTemplate\":\"https:\/\/bahiaeconomica.com.br\/wp\/?s={search_term_string}\"},\"query-input\":\"required name=search_term_string\"}],\"inLanguage\":\"pt-BR\"},{\"@type\":\"Organization\",\"@id\":\"https:\/\/bahiaeconomica.com.br\/wp\/#organization\",\"name\":\"Bahia Econ\u00f4mica\",\"url\":\"https:\/\/bahiaeconomica.com.br\/wp\/\",\"logo\":{\"@type\":\"ImageObject\",\"inLanguage\":\"pt-BR\",\"@id\":\"https:\/\/bahiaeconomica.com.br\/wp\/#\/schema\/logo\/image\/\",\"url\":\"https:\/\/bahiaeconomica.com.br\/wp\/wp-content\/uploads\/2020\/12\/cropped-BE.png\",\"contentUrl\":\"https:\/\/bahiaeconomica.com.br\/wp\/wp-content\/uploads\/2020\/12\/cropped-BE.png\",\"width\":512,\"height\":512,\"caption\":\"Bahia Econ\u00f4mica\"},\"image\":{\"@id\":\"https:\/\/bahiaeconomica.com.br\/wp\/#\/schema\/logo\/image\/\"},\"sameAs\":[\"https:\/\/www.facebook.com\/bahiaeconomica\"]},{\"@type\":\"Person\",\"@id\":\"https:\/\/bahiaeconomica.com.br\/wp\/#\/schema\/person\/cb1ab5ba96ad3d9390805381c76284ec\",\"name\":\"admin\",\"url\":\"https:\/\/bahiaeconomica.com.br\/wp\/author\/admin\/\"}]}<\/script>\n<!-- \/ Yoast SEO plugin. -->","yoast_head_json":{"title":"GOVERNO LAN\u00c7A CAMPANHA NACIONAL CONTRA DENGUE - Bahia Economica","description":"O maior portal de Economia da Bahia DESTAQUE DO DIA, ECONOMIA \/ POL\u00cdTICA, Sa\u00fade \/ Educa\u00e7\u00e3o Bahia Economica","robots":{"index":"index","follow":"follow","max-snippet":"max-snippet:-1","max-image-preview":"max-image-preview:large","max-video-preview":"max-video-preview:-1"},"canonical":"https:\/\/bahiaeconomica.com.br\/wp\/2022\/10\/20\/governo-lanca-campanha-nacional-contra-dengue\/","og_locale":"pt_BR","og_type":"article","og_title":"GOVERNO LAN\u00c7A CAMPANHA NACIONAL CONTRA DENGUE - Bahia Economica","og_description":"O maior portal de Economia da Bahia DESTAQUE DO DIA, ECONOMIA \/ POL\u00cdTICA, Sa\u00fade \/ Educa\u00e7\u00e3o Bahia Economica","og_url":"https:\/\/bahiaeconomica.com.br\/wp\/2022\/10\/20\/governo-lanca-campanha-nacional-contra-dengue\/","og_site_name":"Bahia Economica","article_publisher":"https:\/\/www.facebook.com\/bahiaeconomica","article_published_time":"2022-10-20T19:41:34+00:00","article_modified_time":"2022-10-20T19:41:37+00:00","og_image":[{"width":1170,"height":700,"url":"https:\/\/bahiaeconomica.com.br\/wp\/wp-content\/uploads\/2022\/10\/campanha-aedes-aegypti_mcamgo_abr_201020221818-7.jpg","type":"image\/jpeg"}],"author":"admin","twitter_card":"summary_large_image","twitter_misc":{"Escrito por":"admin","Est. tempo de leitura":"2 minutos"},"schema":{"@context":"https:\/\/schema.org","@graph":[{"@type":"Article","@id":"https:\/\/bahiaeconomica.com.br\/wp\/2022\/10\/20\/governo-lanca-campanha-nacional-contra-dengue\/#article","isPartOf":{"@id":"https:\/\/bahiaeconomica.com.br\/wp\/2022\/10\/20\/governo-lanca-campanha-nacional-contra-dengue\/"},"author":{"name":"admin","@id":"https:\/\/bahiaeconomica.com.br\/wp\/#\/schema\/person\/cb1ab5ba96ad3d9390805381c76284ec"},"headline":"GOVERNO LAN\u00c7A CAMPANHA NACIONAL CONTRA DENGUE","datePublished":"2022-10-20T19:41:34+00:00","dateModified":"2022-10-20T19:41:37+00:00","mainEntityOfPage":{"@id":"https:\/\/bahiaeconomica.com.br\/wp\/2022\/10\/20\/governo-lanca-campanha-nacional-contra-dengue\/"},"wordCount":234,"publisher":{"@id":"https:\/\/bahiaeconomica.com.br\/wp\/#organization"},"keywords":["Campanha","dengue","Governo"],"articleSection":["DESTAQUE DO DIA","ECONOMIA \/ POL\u00cdTICA","Sa\u00fade \/ Educa\u00e7\u00e3o"],"inLanguage":"pt-BR"},{"@type":"WebPage","@id":"https:\/\/bahiaeconomica.com.br\/wp\/2022\/10\/20\/governo-lanca-campanha-nacional-contra-dengue\/","url":"https:\/\/bahiaeconomica.com.br\/wp\/2022\/10\/20\/governo-lanca-campanha-nacional-contra-dengue\/","name":"GOVERNO LAN\u00c7A CAMPANHA NACIONAL CONTRA DENGUE - Bahia Economica","isPartOf":{"@id":"https:\/\/bahiaeconomica.com.br\/wp\/#website"},"datePublished":"2022-10-20T19:41:34+00:00","dateModified":"2022-10-20T19:41:37+00:00","description":"O maior portal de Economia da Bahia DESTAQUE DO DIA, ECONOMIA \/ POL\u00cdTICA, Sa\u00fade \/ Educa\u00e7\u00e3o Bahia Economica","breadcrumb":{"@id":"https:\/\/bahiaeconomica.com.br\/wp\/2022\/10\/20\/governo-lanca-campanha-nacional-contra-dengue\/#breadcrumb"},"inLanguage":"pt-BR","potentialAction":[{"@type":"ReadAction","target":["https:\/\/bahiaeconomica.com.br\/wp\/2022\/10\/20\/governo-lanca-campanha-nacional-contra-dengue\/"]}]},{"@type":"BreadcrumbList","@id":"https:\/\/bahiaeconomica.com.br\/wp\/2022\/10\/20\/governo-lanca-campanha-nacional-contra-dengue\/#breadcrumb","itemListElement":[{"@type":"ListItem","position":1,"name":"In\u00edcio","item":"https:\/\/bahiaeconomica.com.br\/wp\/"},{"@type":"ListItem","position":2,"name":"GOVERNO LAN\u00c7A CAMPANHA NACIONAL CONTRA DENGUE"}]},{"@type":"WebSite","@id":"https:\/\/bahiaeconomica.com.br\/wp\/#website","url":"https:\/\/bahiaeconomica.com.br\/wp\/","name":"Bahia Economica","description":"O maior portal de Economia da Bahia","publisher":{"@id":"https:\/\/bahiaeconomica.com.br\/wp\/#organization"},"potentialAction":[{"@type":"SearchAction","target":{"@type":"EntryPoint","urlTemplate":"https:\/\/bahiaeconomica.com.br\/wp\/?s={search_term_string}"},"query-input":"required name=search_term_string"}],"inLanguage":"pt-BR"},{"@type":"Organization","@id":"https:\/\/bahiaeconomica.com.br\/wp\/#organization","name":"Bahia Econ\u00f4mica","url":"https:\/\/bahiaeconomica.com.br\/wp\/","logo":{"@type":"ImageObject","inLanguage":"pt-BR","@id":"https:\/\/bahiaeconomica.com.br\/wp\/#\/schema\/logo\/image\/","url":"https:\/\/bahiaeconomica.com.br\/wp\/wp-content\/uploads\/2020\/12\/cropped-BE.png","contentUrl":"https:\/\/bahiaeconomica.com.br\/wp\/wp-content\/uploads\/2020\/12\/cropped-BE.png","width":512,"height":512,"caption":"Bahia Econ\u00f4mica"},"image":{"@id":"https:\/\/bahiaeconomica.com.br\/wp\/#\/schema\/logo\/image\/"},"sameAs":["https:\/\/www.facebook.com\/bahiaeconomica"]},{"@type":"Person","@id":"https:\/\/bahiaeconomica.com.br\/wp\/#\/schema\/person\/cb1ab5ba96ad3d9390805381c76284ec","name":"admin","url":"https:\/\/bahiaeconomica.com.br\/wp\/author\/admin\/"}]}},"views":2,"_links":{"self":[{"href":"https:\/\/bahiaeconomica.com.br\/wp\/wp-json\/wp\/v2\/posts\/696994"}],"collection":[{"href":"https:\/\/bahiaeconomica.com.br\/wp\/wp-json\/wp\/v2\/posts"}],"about":[{"href":"https:\/\/bahiaeconomica.com.br\/wp\/wp-json\/wp\/v2\/types\/post"}],"author":[{"embeddable":true,"href":"https:\/\/bahiaeconomica.com.br\/wp\/wp-json\/wp\/v2\/users\/1"}],"replies":[{"embeddable":true,"href":"https:\/\/bahiaeconomica.com.br\/wp\/wp-json\/wp\/v2\/comments?post=696994"}],"version-history":[{"count":1,"href":"https:\/\/bahiaeconomica.com.br\/wp\/wp-json\/wp\/v2\/posts\/696994\/revisions"}],"predecessor-version":[{"id":696996,"href":"https:\/\/bahiaeconomica.com.br\/wp\/wp-json\/wp\/v2\/posts\/696994\/revisions\/696996"}],"wp:featuredmedia":[{"embeddable":true,"href":"https:\/\/bahiaeconomica.com.br\/wp\/wp-json\/wp\/v2\/media\/696995"}],"wp:attachment":[{"href":"https:\/\/bahiaeconomica.com.br\/wp\/wp-json\/wp\/v2\/media?parent=696994"}],"wp:term":[{"taxonomy":"category","embeddable":true,"href":"https:\/\/bahiaeconomica.com.br\/wp\/wp-json\/wp\/v2\/categories?post=696994"},{"taxonomy":"post_tag","embeddable":true,"href":"https:\/\/bahiaeconomica.com.br\/wp\/wp-json\/wp\/v2\/tags?post=696994"}],"curies":[{"name":"wp","href":"https:\/\/api.w.org\/{rel}","templated":true}]}}