{"id":696585,"date":"2022-10-19T12:30:57","date_gmt":"2022-10-19T15:30:57","guid":{"rendered":"https:\/\/bahiaeconomica.com.br\/wp\/beta\/?p=696585"},"modified":"2022-10-19T13:13:43","modified_gmt":"2022-10-19T16:13:43","slug":"estatistica-e-saude-sera-tema-do-viii-encontro-baiano-de-estatistica","status":"publish","type":"post","link":"https:\/\/bahiaeconomica.com.br\/wp\/2022\/10\/19\/estatistica-e-saude-sera-tema-do-viii-encontro-baiano-de-estatistica\/","title":{"rendered":"ESTAT\u00cdSTICA E SA\u00daDE SER\u00c1 TEMA DE ENCONTRO EM SALVADOR"},"content":{"rendered":"\n<p>Com o tema Estat\u00edstica e Sa\u00fade, O Encontro Baiano de Estat\u00edstica tem inscri\u00e7\u00f5es abertas. O evento acontece em sua VIII edi\u00e7\u00e3o, nos dias 25, 26 e 27 de outubro, de forma h\u00edbrida. Presencial, no dia (25\/10), programado para o audit\u00f3rio da Secretaria de Infraestrutura (Seinfra), no Centro Administrativo da Bahia (CAB), e no formato online nos dias 26 e 27 de outubro. <\/p>\n\n\n\n<!--more-->\n\n\n\n<p>O evento \u00e9 promovido pela Superintend\u00eancia de Estudos Econ\u00f4micos e Sociais da Bahia (SEI), pelo Departamento de Estat\u00edstica (IME) da Universidade Federal da Bahia com apoio da Associa\u00e7\u00e3o Brasileira de Estat\u00edstica (ABE).<\/p>\n\n\n\n<p>Nos \u00faltimos anos a popula\u00e7\u00e3o brasileira e baiana vem sofrendo diversas ondas de doen\u00e7as como Zica, Dengue, Covid-19, entre outras, fazendo-se necess\u00e1rio o aumento das pesquisas na sa\u00fade e assim, aproximando ainda mais a estat\u00edstica desta \u00e1rea.<\/p>\n\n\n\n<p>O Encontro Baiano de Estat\u00edstica tem o objetivo de brindar os participantes com palestras e minicursos nas \u00e1reas de Estat\u00edstica e Ci\u00eancia de Dados e fomentar discuss\u00f5es sobre os desafios e oportunidades de forma\u00e7\u00e3o, atua\u00e7\u00e3o e pr\u00e1tica da Estat\u00edstica no mercado de trabalho e pesquisas em sa\u00fade.<\/p>\n\n\n\n<p>Os trabalhos selecionados ser\u00e3o apresentados em uma Sess\u00e3o Poster , no dia do evento.<\/p>\n\n\n\n<p>Para receber certificado \u00e9 necess\u00e1rio fazer a inscri\u00e7\u00e3o no site do evento https:\/\/ebest.sei.ba.gov.br\/<\/p>\n\n\n\n<p>Fonte: ASCOM\/SEI<\/p>\n","protected":false},"excerpt":{"rendered":"<p>Com o tema Estat\u00edstica e Sa\u00fade, O Encontro Baiano de Estat\u00edstica tem inscri\u00e7\u00f5es abertas. O evento acontece em sua VIII edi\u00e7\u00e3o, nos dias 25, 26 e 27 de outubro, de forma h\u00edbrida. Presencial, no dia (25\/10), programado para o audit\u00f3rio da Secretaria de Infraestrutura (Seinfra), no Centro Administrativo da Bahia (CAB), e no formato online [&hellip;]<\/p>\n","protected":false},"author":1,"featured_media":696586,"comment_status":"closed","ping_status":"closed","sticky":false,"template":"","format":"standard","meta":[],"categories":[14,3],"tags":[],"acf":[],"yoast_head":"<!-- This site is optimized with the Yoast SEO plugin v20.8 - https:\/\/yoast.com\/wordpress\/plugins\/seo\/ -->\n<title>ESTAT\u00cdSTICA E SA\u00daDE SER\u00c1 TEMA DE ENCONTRO EM SALVADOR - Bahia Economica<\/title>\n<meta name=\"description\" content=\"O maior portal de Economia da Bahia DESTAQUE DO DIA, ECONOMIA \/ POL\u00cdTICA Bahia Economica\" \/>\n<meta name=\"robots\" content=\"index, follow, max-snippet:-1, max-image-preview:large, max-video-preview:-1\" \/>\n<link rel=\"canonical\" href=\"https:\/\/bahiaeconomica.com.br\/wp\/2022\/10\/19\/estatistica-e-saude-sera-tema-do-viii-encontro-baiano-de-estatistica\/\" \/>\n<meta property=\"og:locale\" content=\"pt_BR\" \/>\n<meta property=\"og:type\" content=\"article\" \/>\n<meta property=\"og:title\" content=\"ESTAT\u00cdSTICA E SA\u00daDE SER\u00c1 TEMA DE ENCONTRO EM SALVADOR - Bahia Economica\" \/>\n<meta property=\"og:description\" content=\"O maior portal de Economia da Bahia DESTAQUE DO DIA, ECONOMIA \/ POL\u00cdTICA Bahia Economica\" \/>\n<meta property=\"og:url\" content=\"https:\/\/bahiaeconomica.com.br\/wp\/2022\/10\/19\/estatistica-e-saude-sera-tema-do-viii-encontro-baiano-de-estatistica\/\" \/>\n<meta property=\"og:site_name\" content=\"Bahia Economica\" \/>\n<meta property=\"article:publisher\" content=\"https:\/\/www.facebook.com\/bahiaeconomica\" \/>\n<meta property=\"article:published_time\" content=\"2022-10-19T15:30:57+00:00\" \/>\n<meta property=\"article:modified_time\" content=\"2022-10-19T16:13:43+00:00\" \/>\n<meta property=\"og:image\" content=\"https:\/\/bahiaeconomica.com.br\/wp\/wp-content\/uploads\/2022\/10\/WhatsApp-Image-2022-10-18-at-15.48.56.jpeg\" \/>\n\t<meta property=\"og:image:width\" content=\"1080\" \/>\n\t<meta property=\"og:image:height\" content=\"1080\" \/>\n\t<meta property=\"og:image:type\" content=\"image\/jpeg\" \/>\n<meta name=\"author\" content=\"admin\" \/>\n<meta name=\"twitter:card\" content=\"summary_large_image\" \/>\n<meta name=\"twitter:label1\" content=\"Escrito por\" \/>\n\t<meta name=\"twitter:data1\" content=\"admin\" \/>\n\t<meta name=\"twitter:label2\" content=\"Est. tempo de leitura\" \/>\n\t<meta name=\"twitter:data2\" content=\"2 minutos\" \/>\n<script type=\"application\/ld+json\" class=\"yoast-schema-graph\">{\"@context\":\"https:\/\/schema.org\",\"@graph\":[{\"@type\":\"Article\",\"@id\":\"https:\/\/bahiaeconomica.com.br\/wp\/2022\/10\/19\/estatistica-e-saude-sera-tema-do-viii-encontro-baiano-de-estatistica\/#article\",\"isPartOf\":{\"@id\":\"https:\/\/bahiaeconomica.com.br\/wp\/2022\/10\/19\/estatistica-e-saude-sera-tema-do-viii-encontro-baiano-de-estatistica\/\"},\"author\":{\"name\":\"admin\",\"@id\":\"https:\/\/bahiaeconomica.com.br\/wp\/#\/schema\/person\/cb1ab5ba96ad3d9390805381c76284ec\"},\"headline\":\"ESTAT\u00cdSTICA E SA\u00daDE SER\u00c1 TEMA DE ENCONTRO EM SALVADOR\",\"datePublished\":\"2022-10-19T15:30:57+00:00\",\"dateModified\":\"2022-10-19T16:13:43+00:00\",\"mainEntityOfPage\":{\"@id\":\"https:\/\/bahiaeconomica.com.br\/wp\/2022\/10\/19\/estatistica-e-saude-sera-tema-do-viii-encontro-baiano-de-estatistica\/\"},\"wordCount\":245,\"publisher\":{\"@id\":\"https:\/\/bahiaeconomica.com.br\/wp\/#organization\"},\"articleSection\":[\"DESTAQUE DO DIA\",\"ECONOMIA \/ POL\u00cdTICA\"],\"inLanguage\":\"pt-BR\"},{\"@type\":\"WebPage\",\"@id\":\"https:\/\/bahiaeconomica.com.br\/wp\/2022\/10\/19\/estatistica-e-saude-sera-tema-do-viii-encontro-baiano-de-estatistica\/\",\"url\":\"https:\/\/bahiaeconomica.com.br\/wp\/2022\/10\/19\/estatistica-e-saude-sera-tema-do-viii-encontro-baiano-de-estatistica\/\",\"name\":\"ESTAT\u00cdSTICA E SA\u00daDE SER\u00c1 TEMA DE ENCONTRO EM SALVADOR - Bahia Economica\",\"isPartOf\":{\"@id\":\"https:\/\/bahiaeconomica.com.br\/wp\/#website\"},\"datePublished\":\"2022-10-19T15:30:57+00:00\",\"dateModified\":\"2022-10-19T16:13:43+00:00\",\"description\":\"O maior portal de Economia da Bahia DESTAQUE DO DIA, ECONOMIA \/ POL\u00cdTICA Bahia Economica\",\"breadcrumb\":{\"@id\":\"https:\/\/bahiaeconomica.com.br\/wp\/2022\/10\/19\/estatistica-e-saude-sera-tema-do-viii-encontro-baiano-de-estatistica\/#breadcrumb\"},\"inLanguage\":\"pt-BR\",\"potentialAction\":[{\"@type\":\"ReadAction\",\"target\":[\"https:\/\/bahiaeconomica.com.br\/wp\/2022\/10\/19\/estatistica-e-saude-sera-tema-do-viii-encontro-baiano-de-estatistica\/\"]}]},{\"@type\":\"BreadcrumbList\",\"@id\":\"https:\/\/bahiaeconomica.com.br\/wp\/2022\/10\/19\/estatistica-e-saude-sera-tema-do-viii-encontro-baiano-de-estatistica\/#breadcrumb\",\"itemListElement\":[{\"@type\":\"ListItem\",\"position\":1,\"name\":\"In\u00edcio\",\"item\":\"https:\/\/bahiaeconomica.com.br\/wp\/\"},{\"@type\":\"ListItem\",\"position\":2,\"name\":\"ESTAT\u00cdSTICA E SA\u00daDE SER\u00c1 TEMA DE ENCONTRO EM SALVADOR\"}]},{\"@type\":\"WebSite\",\"@id\":\"https:\/\/bahiaeconomica.com.br\/wp\/#website\",\"url\":\"https:\/\/bahiaeconomica.com.br\/wp\/\",\"name\":\"Bahia Economica\",\"description\":\"O maior portal de Economia da Bahia\",\"publisher\":{\"@id\":\"https:\/\/bahiaeconomica.com.br\/wp\/#organization\"},\"potentialAction\":[{\"@type\":\"SearchAction\",\"target\":{\"@type\":\"EntryPoint\",\"urlTemplate\":\"https:\/\/bahiaeconomica.com.br\/wp\/?s={search_term_string}\"},\"query-input\":\"required name=search_term_string\"}],\"inLanguage\":\"pt-BR\"},{\"@type\":\"Organization\",\"@id\":\"https:\/\/bahiaeconomica.com.br\/wp\/#organization\",\"name\":\"Bahia Econ\u00f4mica\",\"url\":\"https:\/\/bahiaeconomica.com.br\/wp\/\",\"logo\":{\"@type\":\"ImageObject\",\"inLanguage\":\"pt-BR\",\"@id\":\"https:\/\/bahiaeconomica.com.br\/wp\/#\/schema\/logo\/image\/\",\"url\":\"https:\/\/bahiaeconomica.com.br\/wp\/wp-content\/uploads\/2020\/12\/cropped-BE.png\",\"contentUrl\":\"https:\/\/bahiaeconomica.com.br\/wp\/wp-content\/uploads\/2020\/12\/cropped-BE.png\",\"width\":512,\"height\":512,\"caption\":\"Bahia Econ\u00f4mica\"},\"image\":{\"@id\":\"https:\/\/bahiaeconomica.com.br\/wp\/#\/schema\/logo\/image\/\"},\"sameAs\":[\"https:\/\/www.facebook.com\/bahiaeconomica\"]},{\"@type\":\"Person\",\"@id\":\"https:\/\/bahiaeconomica.com.br\/wp\/#\/schema\/person\/cb1ab5ba96ad3d9390805381c76284ec\",\"name\":\"admin\",\"url\":\"https:\/\/bahiaeconomica.com.br\/wp\/author\/admin\/\"}]}<\/script>\n<!-- \/ Yoast SEO plugin. -->","yoast_head_json":{"title":"ESTAT\u00cdSTICA E SA\u00daDE SER\u00c1 TEMA DE ENCONTRO EM SALVADOR - Bahia Economica","description":"O maior portal de Economia da Bahia DESTAQUE DO DIA, ECONOMIA \/ POL\u00cdTICA Bahia Economica","robots":{"index":"index","follow":"follow","max-snippet":"max-snippet:-1","max-image-preview":"max-image-preview:large","max-video-preview":"max-video-preview:-1"},"canonical":"https:\/\/bahiaeconomica.com.br\/wp\/2022\/10\/19\/estatistica-e-saude-sera-tema-do-viii-encontro-baiano-de-estatistica\/","og_locale":"pt_BR","og_type":"article","og_title":"ESTAT\u00cdSTICA E SA\u00daDE SER\u00c1 TEMA DE ENCONTRO EM SALVADOR - Bahia Economica","og_description":"O maior portal de Economia da Bahia DESTAQUE DO DIA, ECONOMIA \/ POL\u00cdTICA Bahia Economica","og_url":"https:\/\/bahiaeconomica.com.br\/wp\/2022\/10\/19\/estatistica-e-saude-sera-tema-do-viii-encontro-baiano-de-estatistica\/","og_site_name":"Bahia Economica","article_publisher":"https:\/\/www.facebook.com\/bahiaeconomica","article_published_time":"2022-10-19T15:30:57+00:00","article_modified_time":"2022-10-19T16:13:43+00:00","og_image":[{"width":1080,"height":1080,"url":"https:\/\/bahiaeconomica.com.br\/wp\/wp-content\/uploads\/2022\/10\/WhatsApp-Image-2022-10-18-at-15.48.56.jpeg","type":"image\/jpeg"}],"author":"admin","twitter_card":"summary_large_image","twitter_misc":{"Escrito por":"admin","Est. tempo de leitura":"2 minutos"},"schema":{"@context":"https:\/\/schema.org","@graph":[{"@type":"Article","@id":"https:\/\/bahiaeconomica.com.br\/wp\/2022\/10\/19\/estatistica-e-saude-sera-tema-do-viii-encontro-baiano-de-estatistica\/#article","isPartOf":{"@id":"https:\/\/bahiaeconomica.com.br\/wp\/2022\/10\/19\/estatistica-e-saude-sera-tema-do-viii-encontro-baiano-de-estatistica\/"},"author":{"name":"admin","@id":"https:\/\/bahiaeconomica.com.br\/wp\/#\/schema\/person\/cb1ab5ba96ad3d9390805381c76284ec"},"headline":"ESTAT\u00cdSTICA E SA\u00daDE SER\u00c1 TEMA DE ENCONTRO EM SALVADOR","datePublished":"2022-10-19T15:30:57+00:00","dateModified":"2022-10-19T16:13:43+00:00","mainEntityOfPage":{"@id":"https:\/\/bahiaeconomica.com.br\/wp\/2022\/10\/19\/estatistica-e-saude-sera-tema-do-viii-encontro-baiano-de-estatistica\/"},"wordCount":245,"publisher":{"@id":"https:\/\/bahiaeconomica.com.br\/wp\/#organization"},"articleSection":["DESTAQUE DO DIA","ECONOMIA \/ POL\u00cdTICA"],"inLanguage":"pt-BR"},{"@type":"WebPage","@id":"https:\/\/bahiaeconomica.com.br\/wp\/2022\/10\/19\/estatistica-e-saude-sera-tema-do-viii-encontro-baiano-de-estatistica\/","url":"https:\/\/bahiaeconomica.com.br\/wp\/2022\/10\/19\/estatistica-e-saude-sera-tema-do-viii-encontro-baiano-de-estatistica\/","name":"ESTAT\u00cdSTICA E SA\u00daDE SER\u00c1 TEMA DE ENCONTRO EM SALVADOR - Bahia Economica","isPartOf":{"@id":"https:\/\/bahiaeconomica.com.br\/wp\/#website"},"datePublished":"2022-10-19T15:30:57+00:00","dateModified":"2022-10-19T16:13:43+00:00","description":"O maior portal de Economia da Bahia DESTAQUE DO DIA, ECONOMIA \/ POL\u00cdTICA Bahia Economica","breadcrumb":{"@id":"https:\/\/bahiaeconomica.com.br\/wp\/2022\/10\/19\/estatistica-e-saude-sera-tema-do-viii-encontro-baiano-de-estatistica\/#breadcrumb"},"inLanguage":"pt-BR","potentialAction":[{"@type":"ReadAction","target":["https:\/\/bahiaeconomica.com.br\/wp\/2022\/10\/19\/estatistica-e-saude-sera-tema-do-viii-encontro-baiano-de-estatistica\/"]}]},{"@type":"BreadcrumbList","@id":"https:\/\/bahiaeconomica.com.br\/wp\/2022\/10\/19\/estatistica-e-saude-sera-tema-do-viii-encontro-baiano-de-estatistica\/#breadcrumb","itemListElement":[{"@type":"ListItem","position":1,"name":"In\u00edcio","item":"https:\/\/bahiaeconomica.com.br\/wp\/"},{"@type":"ListItem","position":2,"name":"ESTAT\u00cdSTICA E SA\u00daDE SER\u00c1 TEMA DE ENCONTRO EM SALVADOR"}]},{"@type":"WebSite","@id":"https:\/\/bahiaeconomica.com.br\/wp\/#website","url":"https:\/\/bahiaeconomica.com.br\/wp\/","name":"Bahia Economica","description":"O maior portal de Economia da Bahia","publisher":{"@id":"https:\/\/bahiaeconomica.com.br\/wp\/#organization"},"potentialAction":[{"@type":"SearchAction","target":{"@type":"EntryPoint","urlTemplate":"https:\/\/bahiaeconomica.com.br\/wp\/?s={search_term_string}"},"query-input":"required name=search_term_string"}],"inLanguage":"pt-BR"},{"@type":"Organization","@id":"https:\/\/bahiaeconomica.com.br\/wp\/#organization","name":"Bahia Econ\u00f4mica","url":"https:\/\/bahiaeconomica.com.br\/wp\/","logo":{"@type":"ImageObject","inLanguage":"pt-BR","@id":"https:\/\/bahiaeconomica.com.br\/wp\/#\/schema\/logo\/image\/","url":"https:\/\/bahiaeconomica.com.br\/wp\/wp-content\/uploads\/2020\/12\/cropped-BE.png","contentUrl":"https:\/\/bahiaeconomica.com.br\/wp\/wp-content\/uploads\/2020\/12\/cropped-BE.png","width":512,"height":512,"caption":"Bahia Econ\u00f4mica"},"image":{"@id":"https:\/\/bahiaeconomica.com.br\/wp\/#\/schema\/logo\/image\/"},"sameAs":["https:\/\/www.facebook.com\/bahiaeconomica"]},{"@type":"Person","@id":"https:\/\/bahiaeconomica.com.br\/wp\/#\/schema\/person\/cb1ab5ba96ad3d9390805381c76284ec","name":"admin","url":"https:\/\/bahiaeconomica.com.br\/wp\/author\/admin\/"}]}},"views":3,"_links":{"self":[{"href":"https:\/\/bahiaeconomica.com.br\/wp\/wp-json\/wp\/v2\/posts\/696585"}],"collection":[{"href":"https:\/\/bahiaeconomica.com.br\/wp\/wp-json\/wp\/v2\/posts"}],"about":[{"href":"https:\/\/bahiaeconomica.com.br\/wp\/wp-json\/wp\/v2\/types\/post"}],"author":[{"embeddable":true,"href":"https:\/\/bahiaeconomica.com.br\/wp\/wp-json\/wp\/v2\/users\/1"}],"replies":[{"embeddable":true,"href":"https:\/\/bahiaeconomica.com.br\/wp\/wp-json\/wp\/v2\/comments?post=696585"}],"version-history":[{"count":2,"href":"https:\/\/bahiaeconomica.com.br\/wp\/wp-json\/wp\/v2\/posts\/696585\/revisions"}],"predecessor-version":[{"id":696625,"href":"https:\/\/bahiaeconomica.com.br\/wp\/wp-json\/wp\/v2\/posts\/696585\/revisions\/696625"}],"wp:featuredmedia":[{"embeddable":true,"href":"https:\/\/bahiaeconomica.com.br\/wp\/wp-json\/wp\/v2\/media\/696586"}],"wp:attachment":[{"href":"https:\/\/bahiaeconomica.com.br\/wp\/wp-json\/wp\/v2\/media?parent=696585"}],"wp:term":[{"taxonomy":"category","embeddable":true,"href":"https:\/\/bahiaeconomica.com.br\/wp\/wp-json\/wp\/v2\/categories?post=696585"},{"taxonomy":"post_tag","embeddable":true,"href":"https:\/\/bahiaeconomica.com.br\/wp\/wp-json\/wp\/v2\/tags?post=696585"}],"curies":[{"name":"wp","href":"https:\/\/api.w.org\/{rel}","templated":true}]}}