{"id":696326,"date":"2022-10-18T13:20:21","date_gmt":"2022-10-18T16:20:21","guid":{"rendered":"https:\/\/bahiaeconomica.com.br\/wp\/beta\/?p=696326"},"modified":"2022-10-18T11:07:44","modified_gmt":"2022-10-18T14:07:44","slug":"lula-promete-aumento-real-do-salario-minimo-em-sp","status":"publish","type":"post","link":"https:\/\/bahiaeconomica.com.br\/wp\/2022\/10\/18\/lula-promete-aumento-real-do-salario-minimo-em-sp\/","title":{"rendered":"LULA PROMETE AUMENTO REAL DO SAL\u00c1RIO MINIMO EM SP"},"content":{"rendered":"\n<p>O ex-presidente Luiz In\u00e1cio Lula da Silva afirmou nesta segunda-feira (17) que o com\u00e9rcio vai voltar a crescer e a vender mais porque o poder aquisitivo do povo brasileiro vai aumentar em seu governo. <\/p>\n\n\n\n<!--more-->\n\n\n\n<p>A declara\u00e7\u00e3o foi dada durante uma caminhada em S\u00e3o Mateus, na Zona Leste de S\u00e3o Paulo. \u201cN\u00f3s vamos tomar a atitude de recompor o poder aquisitivo do povo brasileiro\u201d, disse o candidato do PT ao Pal\u00e1cio do Planalto.<\/p>\n\n\n\n<p>\u201cEu quero dizer para os comerciantes que eles v\u00e3o descobrir com muita facilidade que quando a gente ganhar as elei\u00e7\u00f5es, o com\u00e9rcio vai crescer, vai funcionar, vai vender mais por que o povo vai ter o seu poder aquisitivo aumentado\u201d, discursou Lula.<\/p>\n\n\n\n<p>Aposentados e pensionistas<\/p>\n\n\n\n<p>De acordo com o ex-presidente, fazem cinco anos que o sal\u00e1rio m\u00ednimo n\u00e3o \u00e9 reajustado, diferente de seu tempo na Presid\u00eancia, quando o reajuste ocorria todos os anos. \u201cO sal\u00e1rio m\u00ednimo \u00e9 ganho por 36 milh\u00f5es (de pessoas), dos quais 22 milh\u00f5es s\u00e3o aposentados\u201d, revelou. \u201cO sal\u00e1rio m\u00ednimo n\u00e3o aumenta, prejudicando as pessoas que recebem pens\u00e3o e aposentadoria e que est\u00e3o h\u00e1 cinco anos sem receber o reajuste\u201d, completou.<\/p>\n\n\n\n<p>Lula disse ainda que voltar\u00e1 ao cargo mais importante do Brasil para que o pa\u00eds gere emprego outra vez, para que o governo federal distribua renda, e para que as fam\u00edlias tenham o direito de se reunir aos finais de semana num momento de lazer, organizando o tradicional churrasco.<\/p>\n\n\n\n<p>A infla\u00e7\u00e3o foi uma das pautas do discurso de Lula. Ele citou o pre\u00e7o do quilo da carne de segunda, que ultrapassou R$ 40. Outro ponto abordado foi o n\u00famero expressivo de brasileiros que sofrem com a inseguran\u00e7a alimentar, com 33 milh\u00f5es de pessoas passando fome.<\/p>\n\n\n\n<p>Dobradinha<\/p>\n\n\n\n<p>\u201c\u00c9 imprescind\u00edvel o Haddad ser eleito governador de S\u00e3o Paulo, para que a gente possa colocar em pr\u00e1tica nossa experi\u00eancia e uma combina\u00e7\u00e3o, porque ser\u00e1 a primeira vez que o PT governar\u00e1 o Brasil e o estado de S\u00e3o Paulo. Ser\u00e1 uma dobradinha melhor do que Pel\u00e9 e Coutinho, n\u00f3s temos experi\u00eancia, sabemos trabalhar coletivamente, construir parceria, e sabemos a situa\u00e7\u00e3o que o pa\u00eds se encontra\u201d, ressaltou.<\/p>\n\n\n\n<p>Lula disse que tem clareza de que o Brasil est\u00e1 quebrado ap\u00f3s quatro anos de Jair Bolsonaro, mas que ir\u00e1 trabalhar n\u00e3o s\u00f3 para recuperar a economia do pa\u00eds, bem como nossa imagem no exterior.<\/p>\n\n\n\n<p>\u201cEu gostaria de pedir para cada um de voc\u00eas, n\u00e3o aceitem nenhuma provoca\u00e7\u00e3o. Se voc\u00eas encontrarem algum bolsonarista nervoso, pergunte para eles qual a obra Bolsonaro fez em S\u00e3o Paulo. N\u00e3o briguem, n\u00f3s precisamos visitar as pessoas, aquelas que est\u00e3o em d\u00favida, que n\u00e3o quiseram votar, para convenc\u00ea-los a votar em Haddad e Lula\u201d, completou.<\/p>\n\n\n\n<p>Foto: divulga\u00e7\u00e3o<\/p>\n","protected":false},"excerpt":{"rendered":"<p>O ex-presidente Luiz In\u00e1cio Lula da Silva afirmou nesta segunda-feira (17) que o com\u00e9rcio vai voltar a crescer e a vender mais porque o poder aquisitivo do povo brasileiro vai aumentar em seu governo.<\/p>\n","protected":false},"author":1,"featured_media":696327,"comment_status":"closed","ping_status":"closed","sticky":false,"template":"","format":"standard","meta":[],"categories":[14,3],"tags":[],"acf":[],"yoast_head":"<!-- This site is optimized with the Yoast SEO plugin v20.8 - https:\/\/yoast.com\/wordpress\/plugins\/seo\/ -->\n<title>LULA PROMETE AUMENTO REAL DO SAL\u00c1RIO MINIMO EM SP - Bahia Economica<\/title>\n<meta name=\"description\" content=\"O maior portal de Economia da Bahia DESTAQUE DO DIA, ECONOMIA \/ POL\u00cdTICA Bahia Economica\" \/>\n<meta name=\"robots\" content=\"index, follow, max-snippet:-1, max-image-preview:large, max-video-preview:-1\" \/>\n<link rel=\"canonical\" href=\"https:\/\/bahiaeconomica.com.br\/wp\/2022\/10\/18\/lula-promete-aumento-real-do-salario-minimo-em-sp\/\" \/>\n<meta property=\"og:locale\" content=\"pt_BR\" \/>\n<meta property=\"og:type\" content=\"article\" \/>\n<meta property=\"og:title\" content=\"LULA PROMETE AUMENTO REAL DO SAL\u00c1RIO MINIMO EM SP - Bahia Economica\" \/>\n<meta property=\"og:description\" content=\"O maior portal de Economia da Bahia DESTAQUE DO DIA, ECONOMIA \/ POL\u00cdTICA Bahia Economica\" \/>\n<meta property=\"og:url\" content=\"https:\/\/bahiaeconomica.com.br\/wp\/2022\/10\/18\/lula-promete-aumento-real-do-salario-minimo-em-sp\/\" \/>\n<meta property=\"og:site_name\" content=\"Bahia Economica\" \/>\n<meta property=\"article:publisher\" content=\"https:\/\/www.facebook.com\/bahiaeconomica\" \/>\n<meta property=\"article:published_time\" content=\"2022-10-18T16:20:21+00:00\" \/>\n<meta property=\"article:modified_time\" content=\"2022-10-18T14:07:44+00:00\" \/>\n<meta property=\"og:image\" content=\"https:\/\/bahiaeconomica.com.br\/wp\/wp-content\/uploads\/2022\/10\/Gandra.png\" \/>\n\t<meta property=\"og:image:width\" content=\"600\" \/>\n\t<meta property=\"og:image:height\" content=\"420\" \/>\n\t<meta property=\"og:image:type\" content=\"image\/png\" \/>\n<meta name=\"author\" content=\"admin\" \/>\n<meta name=\"twitter:card\" content=\"summary_large_image\" \/>\n<meta name=\"twitter:label1\" content=\"Escrito por\" \/>\n\t<meta name=\"twitter:data1\" content=\"admin\" \/>\n\t<meta name=\"twitter:label2\" content=\"Est. tempo de leitura\" \/>\n\t<meta name=\"twitter:data2\" content=\"3 minutos\" \/>\n<script type=\"application\/ld+json\" class=\"yoast-schema-graph\">{\"@context\":\"https:\/\/schema.org\",\"@graph\":[{\"@type\":\"Article\",\"@id\":\"https:\/\/bahiaeconomica.com.br\/wp\/2022\/10\/18\/lula-promete-aumento-real-do-salario-minimo-em-sp\/#article\",\"isPartOf\":{\"@id\":\"https:\/\/bahiaeconomica.com.br\/wp\/2022\/10\/18\/lula-promete-aumento-real-do-salario-minimo-em-sp\/\"},\"author\":{\"name\":\"admin\",\"@id\":\"https:\/\/bahiaeconomica.com.br\/wp\/#\/schema\/person\/cb1ab5ba96ad3d9390805381c76284ec\"},\"headline\":\"LULA PROMETE AUMENTO REAL DO SAL\u00c1RIO MINIMO EM SP\",\"datePublished\":\"2022-10-18T16:20:21+00:00\",\"dateModified\":\"2022-10-18T14:07:44+00:00\",\"mainEntityOfPage\":{\"@id\":\"https:\/\/bahiaeconomica.com.br\/wp\/2022\/10\/18\/lula-promete-aumento-real-do-salario-minimo-em-sp\/\"},\"wordCount\":499,\"publisher\":{\"@id\":\"https:\/\/bahiaeconomica.com.br\/wp\/#organization\"},\"articleSection\":[\"DESTAQUE DO DIA\",\"ECONOMIA \/ POL\u00cdTICA\"],\"inLanguage\":\"pt-BR\"},{\"@type\":\"WebPage\",\"@id\":\"https:\/\/bahiaeconomica.com.br\/wp\/2022\/10\/18\/lula-promete-aumento-real-do-salario-minimo-em-sp\/\",\"url\":\"https:\/\/bahiaeconomica.com.br\/wp\/2022\/10\/18\/lula-promete-aumento-real-do-salario-minimo-em-sp\/\",\"name\":\"LULA PROMETE AUMENTO REAL DO SAL\u00c1RIO MINIMO EM SP - Bahia Economica\",\"isPartOf\":{\"@id\":\"https:\/\/bahiaeconomica.com.br\/wp\/#website\"},\"datePublished\":\"2022-10-18T16:20:21+00:00\",\"dateModified\":\"2022-10-18T14:07:44+00:00\",\"description\":\"O maior portal de Economia da Bahia DESTAQUE DO DIA, ECONOMIA \/ POL\u00cdTICA Bahia Economica\",\"breadcrumb\":{\"@id\":\"https:\/\/bahiaeconomica.com.br\/wp\/2022\/10\/18\/lula-promete-aumento-real-do-salario-minimo-em-sp\/#breadcrumb\"},\"inLanguage\":\"pt-BR\",\"potentialAction\":[{\"@type\":\"ReadAction\",\"target\":[\"https:\/\/bahiaeconomica.com.br\/wp\/2022\/10\/18\/lula-promete-aumento-real-do-salario-minimo-em-sp\/\"]}]},{\"@type\":\"BreadcrumbList\",\"@id\":\"https:\/\/bahiaeconomica.com.br\/wp\/2022\/10\/18\/lula-promete-aumento-real-do-salario-minimo-em-sp\/#breadcrumb\",\"itemListElement\":[{\"@type\":\"ListItem\",\"position\":1,\"name\":\"In\u00edcio\",\"item\":\"https:\/\/bahiaeconomica.com.br\/wp\/\"},{\"@type\":\"ListItem\",\"position\":2,\"name\":\"LULA PROMETE AUMENTO REAL DO SAL\u00c1RIO MINIMO EM SP\"}]},{\"@type\":\"WebSite\",\"@id\":\"https:\/\/bahiaeconomica.com.br\/wp\/#website\",\"url\":\"https:\/\/bahiaeconomica.com.br\/wp\/\",\"name\":\"Bahia Economica\",\"description\":\"O maior portal de Economia da Bahia\",\"publisher\":{\"@id\":\"https:\/\/bahiaeconomica.com.br\/wp\/#organization\"},\"potentialAction\":[{\"@type\":\"SearchAction\",\"target\":{\"@type\":\"EntryPoint\",\"urlTemplate\":\"https:\/\/bahiaeconomica.com.br\/wp\/?s={search_term_string}\"},\"query-input\":\"required name=search_term_string\"}],\"inLanguage\":\"pt-BR\"},{\"@type\":\"Organization\",\"@id\":\"https:\/\/bahiaeconomica.com.br\/wp\/#organization\",\"name\":\"Bahia Econ\u00f4mica\",\"url\":\"https:\/\/bahiaeconomica.com.br\/wp\/\",\"logo\":{\"@type\":\"ImageObject\",\"inLanguage\":\"pt-BR\",\"@id\":\"https:\/\/bahiaeconomica.com.br\/wp\/#\/schema\/logo\/image\/\",\"url\":\"https:\/\/bahiaeconomica.com.br\/wp\/wp-content\/uploads\/2020\/12\/cropped-BE.png\",\"contentUrl\":\"https:\/\/bahiaeconomica.com.br\/wp\/wp-content\/uploads\/2020\/12\/cropped-BE.png\",\"width\":512,\"height\":512,\"caption\":\"Bahia Econ\u00f4mica\"},\"image\":{\"@id\":\"https:\/\/bahiaeconomica.com.br\/wp\/#\/schema\/logo\/image\/\"},\"sameAs\":[\"https:\/\/www.facebook.com\/bahiaeconomica\"]},{\"@type\":\"Person\",\"@id\":\"https:\/\/bahiaeconomica.com.br\/wp\/#\/schema\/person\/cb1ab5ba96ad3d9390805381c76284ec\",\"name\":\"admin\",\"url\":\"https:\/\/bahiaeconomica.com.br\/wp\/author\/admin\/\"}]}<\/script>\n<!-- \/ Yoast SEO plugin. -->","yoast_head_json":{"title":"LULA PROMETE AUMENTO REAL DO SAL\u00c1RIO MINIMO EM SP - Bahia Economica","description":"O maior portal de Economia da Bahia DESTAQUE DO DIA, ECONOMIA \/ POL\u00cdTICA Bahia Economica","robots":{"index":"index","follow":"follow","max-snippet":"max-snippet:-1","max-image-preview":"max-image-preview:large","max-video-preview":"max-video-preview:-1"},"canonical":"https:\/\/bahiaeconomica.com.br\/wp\/2022\/10\/18\/lula-promete-aumento-real-do-salario-minimo-em-sp\/","og_locale":"pt_BR","og_type":"article","og_title":"LULA PROMETE AUMENTO REAL DO SAL\u00c1RIO MINIMO EM SP - Bahia Economica","og_description":"O maior portal de Economia da Bahia DESTAQUE DO DIA, ECONOMIA \/ POL\u00cdTICA Bahia Economica","og_url":"https:\/\/bahiaeconomica.com.br\/wp\/2022\/10\/18\/lula-promete-aumento-real-do-salario-minimo-em-sp\/","og_site_name":"Bahia Economica","article_publisher":"https:\/\/www.facebook.com\/bahiaeconomica","article_published_time":"2022-10-18T16:20:21+00:00","article_modified_time":"2022-10-18T14:07:44+00:00","og_image":[{"width":600,"height":420,"url":"https:\/\/bahiaeconomica.com.br\/wp\/wp-content\/uploads\/2022\/10\/Gandra.png","type":"image\/png"}],"author":"admin","twitter_card":"summary_large_image","twitter_misc":{"Escrito por":"admin","Est. tempo de leitura":"3 minutos"},"schema":{"@context":"https:\/\/schema.org","@graph":[{"@type":"Article","@id":"https:\/\/bahiaeconomica.com.br\/wp\/2022\/10\/18\/lula-promete-aumento-real-do-salario-minimo-em-sp\/#article","isPartOf":{"@id":"https:\/\/bahiaeconomica.com.br\/wp\/2022\/10\/18\/lula-promete-aumento-real-do-salario-minimo-em-sp\/"},"author":{"name":"admin","@id":"https:\/\/bahiaeconomica.com.br\/wp\/#\/schema\/person\/cb1ab5ba96ad3d9390805381c76284ec"},"headline":"LULA PROMETE AUMENTO REAL DO SAL\u00c1RIO MINIMO EM SP","datePublished":"2022-10-18T16:20:21+00:00","dateModified":"2022-10-18T14:07:44+00:00","mainEntityOfPage":{"@id":"https:\/\/bahiaeconomica.com.br\/wp\/2022\/10\/18\/lula-promete-aumento-real-do-salario-minimo-em-sp\/"},"wordCount":499,"publisher":{"@id":"https:\/\/bahiaeconomica.com.br\/wp\/#organization"},"articleSection":["DESTAQUE DO DIA","ECONOMIA \/ POL\u00cdTICA"],"inLanguage":"pt-BR"},{"@type":"WebPage","@id":"https:\/\/bahiaeconomica.com.br\/wp\/2022\/10\/18\/lula-promete-aumento-real-do-salario-minimo-em-sp\/","url":"https:\/\/bahiaeconomica.com.br\/wp\/2022\/10\/18\/lula-promete-aumento-real-do-salario-minimo-em-sp\/","name":"LULA PROMETE AUMENTO REAL DO SAL\u00c1RIO MINIMO EM SP - Bahia Economica","isPartOf":{"@id":"https:\/\/bahiaeconomica.com.br\/wp\/#website"},"datePublished":"2022-10-18T16:20:21+00:00","dateModified":"2022-10-18T14:07:44+00:00","description":"O maior portal de Economia da Bahia DESTAQUE DO DIA, ECONOMIA \/ POL\u00cdTICA Bahia Economica","breadcrumb":{"@id":"https:\/\/bahiaeconomica.com.br\/wp\/2022\/10\/18\/lula-promete-aumento-real-do-salario-minimo-em-sp\/#breadcrumb"},"inLanguage":"pt-BR","potentialAction":[{"@type":"ReadAction","target":["https:\/\/bahiaeconomica.com.br\/wp\/2022\/10\/18\/lula-promete-aumento-real-do-salario-minimo-em-sp\/"]}]},{"@type":"BreadcrumbList","@id":"https:\/\/bahiaeconomica.com.br\/wp\/2022\/10\/18\/lula-promete-aumento-real-do-salario-minimo-em-sp\/#breadcrumb","itemListElement":[{"@type":"ListItem","position":1,"name":"In\u00edcio","item":"https:\/\/bahiaeconomica.com.br\/wp\/"},{"@type":"ListItem","position":2,"name":"LULA PROMETE AUMENTO REAL DO SAL\u00c1RIO MINIMO EM SP"}]},{"@type":"WebSite","@id":"https:\/\/bahiaeconomica.com.br\/wp\/#website","url":"https:\/\/bahiaeconomica.com.br\/wp\/","name":"Bahia Economica","description":"O maior portal de Economia da Bahia","publisher":{"@id":"https:\/\/bahiaeconomica.com.br\/wp\/#organization"},"potentialAction":[{"@type":"SearchAction","target":{"@type":"EntryPoint","urlTemplate":"https:\/\/bahiaeconomica.com.br\/wp\/?s={search_term_string}"},"query-input":"required name=search_term_string"}],"inLanguage":"pt-BR"},{"@type":"Organization","@id":"https:\/\/bahiaeconomica.com.br\/wp\/#organization","name":"Bahia Econ\u00f4mica","url":"https:\/\/bahiaeconomica.com.br\/wp\/","logo":{"@type":"ImageObject","inLanguage":"pt-BR","@id":"https:\/\/bahiaeconomica.com.br\/wp\/#\/schema\/logo\/image\/","url":"https:\/\/bahiaeconomica.com.br\/wp\/wp-content\/uploads\/2020\/12\/cropped-BE.png","contentUrl":"https:\/\/bahiaeconomica.com.br\/wp\/wp-content\/uploads\/2020\/12\/cropped-BE.png","width":512,"height":512,"caption":"Bahia Econ\u00f4mica"},"image":{"@id":"https:\/\/bahiaeconomica.com.br\/wp\/#\/schema\/logo\/image\/"},"sameAs":["https:\/\/www.facebook.com\/bahiaeconomica"]},{"@type":"Person","@id":"https:\/\/bahiaeconomica.com.br\/wp\/#\/schema\/person\/cb1ab5ba96ad3d9390805381c76284ec","name":"admin","url":"https:\/\/bahiaeconomica.com.br\/wp\/author\/admin\/"}]}},"views":12,"_links":{"self":[{"href":"https:\/\/bahiaeconomica.com.br\/wp\/wp-json\/wp\/v2\/posts\/696326"}],"collection":[{"href":"https:\/\/bahiaeconomica.com.br\/wp\/wp-json\/wp\/v2\/posts"}],"about":[{"href":"https:\/\/bahiaeconomica.com.br\/wp\/wp-json\/wp\/v2\/types\/post"}],"author":[{"embeddable":true,"href":"https:\/\/bahiaeconomica.com.br\/wp\/wp-json\/wp\/v2\/users\/1"}],"replies":[{"embeddable":true,"href":"https:\/\/bahiaeconomica.com.br\/wp\/wp-json\/wp\/v2\/comments?post=696326"}],"version-history":[{"count":1,"href":"https:\/\/bahiaeconomica.com.br\/wp\/wp-json\/wp\/v2\/posts\/696326\/revisions"}],"predecessor-version":[{"id":696328,"href":"https:\/\/bahiaeconomica.com.br\/wp\/wp-json\/wp\/v2\/posts\/696326\/revisions\/696328"}],"wp:featuredmedia":[{"embeddable":true,"href":"https:\/\/bahiaeconomica.com.br\/wp\/wp-json\/wp\/v2\/media\/696327"}],"wp:attachment":[{"href":"https:\/\/bahiaeconomica.com.br\/wp\/wp-json\/wp\/v2\/media?parent=696326"}],"wp:term":[{"taxonomy":"category","embeddable":true,"href":"https:\/\/bahiaeconomica.com.br\/wp\/wp-json\/wp\/v2\/categories?post=696326"},{"taxonomy":"post_tag","embeddable":true,"href":"https:\/\/bahiaeconomica.com.br\/wp\/wp-json\/wp\/v2\/tags?post=696326"}],"curies":[{"name":"wp","href":"https:\/\/api.w.org\/{rel}","templated":true}]}}