{"id":695543,"date":"2022-10-13T09:40:00","date_gmt":"2022-10-13T12:40:00","guid":{"rendered":"https:\/\/bahiaeconomica.com.br\/wp\/beta\/?p=695543"},"modified":"2022-10-13T11:32:58","modified_gmt":"2022-10-13T14:32:58","slug":"itabuna-prefeitura-amplia-acoes-em-para-aumentar-vacina","status":"publish","type":"post","link":"https:\/\/bahiaeconomica.com.br\/wp\/2022\/10\/13\/itabuna-prefeitura-amplia-acoes-em-para-aumentar-vacina\/","title":{"rendered":"ITABUNA: PREFEITURA AMPLIA A\u00c7\u00d5ES EM PARA AUMENTAR VACINA"},"content":{"rendered":"\n<p>A Secretaria Municipal de Sa\u00fade aumentou a cobertura vacinal de crian\u00e7as e adolescentes, a coordena\u00e7\u00e3o da Rede Frio tra\u00e7ou novas estrat\u00e9gias seguindo a orienta\u00e7\u00e3o do Minist\u00e9rio da Sa\u00fade na Campanha Nacional de Intensifica\u00e7\u00e3o Vacinal, que tem como p\u00fablico-alvo crian\u00e7as e adolescentes com idade entre zero e 17 anos.<\/p>\n\n\n\n<!--more-->\n\n\n\n<p>A coordenadora da Rede Frio, enfermeira Camila Brito, informa que a intensifica\u00e7\u00e3o vacinal acontecer\u00e1 durante os tr\u00eas \u00faltimos meses do ano, em per\u00edodos espec\u00edficos.&nbsp;&nbsp; A imuniza\u00e7\u00e3o segue nas Unidades B\u00e1sicas e de Sa\u00fade da Fam\u00edlia, das 8 as 11 e das 13 \u00e0s 16 horas.<\/p>\n\n\n\n<p>Neste m\u00eas de outubro, por exemplo, teve in\u00edcio no dia 10 e segue at\u00e9 o dia 14. No m\u00eas de novembro a campanha ocorrer\u00e1 no per\u00edodo de 7 a 11, enquanto em dezembro ser\u00e1 de 12 a 16.<\/p>\n\n\n\n<p>&nbsp;\u201cA taxa ainda est\u00e1 muito abaixo do esperado se consideradas as vacinas que precisam ser aplicadas nos primeiros anos da inf\u00e2ncia. Por esse motivo que esta campanha de intensifica\u00e7\u00e3o foi lan\u00e7ada nacionalmente. Esta n\u00e3o \u00e9 uma situa\u00e7\u00e3o isolada de nossa cidade\u201d, explica a coordenadora da Rede Frio.<\/p>\n\n\n\n<p>A enfermeira Camila Brito refor\u00e7a ressaltando que toda equipe est\u00e1 empenhada para busca-ativa de todos os menores que se encontram com esquema vacinal incompleto. \u201cEssa a\u00e7\u00e3o \u00e9 fundamental para melhoria dos indicadores vacinais do munic\u00edpio e evitar que doen\u00e7as imunopreven\u00edveis ressurjam no cen\u00e1rio brasileiro\u201d, explica a coordenadora da Rede Frio.<\/p>\n\n\n\n<p>Para a vacina\u00e7\u00e3o, \u00e9 necess\u00e1rio apresentar RG, CPF ou cart\u00e3o do SUS e cart\u00e3o de vacina com registro das doses anteriores. \u201cVale destacar que \u00e9 imprescind\u00edvel a crian\u00e7a e adolescente estar acompanhado do pai ou de seu respons\u00e1vel\u201d, alerta.<\/p>\n","protected":false},"excerpt":{"rendered":"<p>A Secretaria Municipal de Sa\u00fade aumentou a cobertura vacinal de crian\u00e7as e adolescentes, a coordena\u00e7\u00e3o da Rede Frio tra\u00e7ou novas estrat\u00e9gias seguindo a orienta\u00e7\u00e3o do Minist\u00e9rio da Sa\u00fade na Campanha Nacional de Intensifica\u00e7\u00e3o Vacinal, que tem como p\u00fablico-alvo crian\u00e7as e adolescentes com idade entre zero e 17 anos.<\/p>\n","protected":false},"author":1,"featured_media":687584,"comment_status":"closed","ping_status":"closed","sticky":false,"template":"","format":"standard","meta":[],"categories":[14,3,5],"tags":[52,9345,528],"acf":[],"yoast_head":"<!-- This site is optimized with the Yoast SEO plugin v20.8 - https:\/\/yoast.com\/wordpress\/plugins\/seo\/ -->\n<title>ITABUNA: PREFEITURA AMPLIA A\u00c7\u00d5ES EM PARA AUMENTAR VACINA - Bahia Economica<\/title>\n<meta name=\"description\" content=\"O maior portal de Economia da Bahia DESTAQUE DO DIA, ECONOMIA \/ POL\u00cdTICA, MUNIC\u00cdPIOS Bahia Economica\" \/>\n<meta name=\"robots\" content=\"index, follow, max-snippet:-1, max-image-preview:large, max-video-preview:-1\" \/>\n<link rel=\"canonical\" href=\"https:\/\/bahiaeconomica.com.br\/wp\/2022\/10\/13\/itabuna-prefeitura-amplia-acoes-em-para-aumentar-vacina\/\" \/>\n<meta property=\"og:locale\" content=\"pt_BR\" \/>\n<meta property=\"og:type\" content=\"article\" \/>\n<meta property=\"og:title\" content=\"ITABUNA: PREFEITURA AMPLIA A\u00c7\u00d5ES EM PARA AUMENTAR VACINA - Bahia Economica\" \/>\n<meta property=\"og:description\" content=\"O maior portal de Economia da Bahia DESTAQUE DO DIA, ECONOMIA \/ POL\u00cdTICA, MUNIC\u00cdPIOS Bahia Economica\" \/>\n<meta property=\"og:url\" content=\"https:\/\/bahiaeconomica.com.br\/wp\/2022\/10\/13\/itabuna-prefeitura-amplia-acoes-em-para-aumentar-vacina\/\" \/>\n<meta property=\"og:site_name\" content=\"Bahia Economica\" \/>\n<meta property=\"article:publisher\" content=\"https:\/\/www.facebook.com\/bahiaeconomica\" \/>\n<meta property=\"article:published_time\" content=\"2022-10-13T12:40:00+00:00\" \/>\n<meta property=\"article:modified_time\" content=\"2022-10-13T14:32:58+00:00\" \/>\n<meta property=\"og:image\" content=\"https:\/\/bahiaeconomica.com.br\/wp\/wp-content\/uploads\/2022\/08\/csm__campanha_estadual_do_dia_d_de_vacinacao_contra_o_sarampo_no_rio20200201_0133_0ac810c57a.jpg\" \/>\n\t<meta property=\"og:image:width\" content=\"940\" \/>\n\t<meta property=\"og:image:height\" content=\"563\" \/>\n\t<meta property=\"og:image:type\" content=\"image\/jpeg\" \/>\n<meta name=\"author\" content=\"admin\" \/>\n<meta name=\"twitter:card\" content=\"summary_large_image\" \/>\n<meta name=\"twitter:label1\" content=\"Escrito por\" \/>\n\t<meta name=\"twitter:data1\" content=\"admin\" \/>\n\t<meta name=\"twitter:label2\" content=\"Est. tempo de leitura\" \/>\n\t<meta name=\"twitter:data2\" content=\"2 minutos\" \/>\n<script type=\"application\/ld+json\" class=\"yoast-schema-graph\">{\"@context\":\"https:\/\/schema.org\",\"@graph\":[{\"@type\":\"Article\",\"@id\":\"https:\/\/bahiaeconomica.com.br\/wp\/2022\/10\/13\/itabuna-prefeitura-amplia-acoes-em-para-aumentar-vacina\/#article\",\"isPartOf\":{\"@id\":\"https:\/\/bahiaeconomica.com.br\/wp\/2022\/10\/13\/itabuna-prefeitura-amplia-acoes-em-para-aumentar-vacina\/\"},\"author\":{\"name\":\"admin\",\"@id\":\"https:\/\/bahiaeconomica.com.br\/wp\/#\/schema\/person\/cb1ab5ba96ad3d9390805381c76284ec\"},\"headline\":\"ITABUNA: PREFEITURA AMPLIA A\u00c7\u00d5ES EM PARA AUMENTAR VACINA\",\"datePublished\":\"2022-10-13T12:40:00+00:00\",\"dateModified\":\"2022-10-13T14:32:58+00:00\",\"mainEntityOfPage\":{\"@id\":\"https:\/\/bahiaeconomica.com.br\/wp\/2022\/10\/13\/itabuna-prefeitura-amplia-acoes-em-para-aumentar-vacina\/\"},\"wordCount\":305,\"publisher\":{\"@id\":\"https:\/\/bahiaeconomica.com.br\/wp\/#organization\"},\"keywords\":[\"Brasil\",\"itabuma\",\"Vacina\"],\"articleSection\":[\"DESTAQUE DO DIA\",\"ECONOMIA \/ POL\u00cdTICA\",\"MUNIC\u00cdPIOS\"],\"inLanguage\":\"pt-BR\"},{\"@type\":\"WebPage\",\"@id\":\"https:\/\/bahiaeconomica.com.br\/wp\/2022\/10\/13\/itabuna-prefeitura-amplia-acoes-em-para-aumentar-vacina\/\",\"url\":\"https:\/\/bahiaeconomica.com.br\/wp\/2022\/10\/13\/itabuna-prefeitura-amplia-acoes-em-para-aumentar-vacina\/\",\"name\":\"ITABUNA: PREFEITURA AMPLIA A\u00c7\u00d5ES EM PARA AUMENTAR VACINA - Bahia Economica\",\"isPartOf\":{\"@id\":\"https:\/\/bahiaeconomica.com.br\/wp\/#website\"},\"datePublished\":\"2022-10-13T12:40:00+00:00\",\"dateModified\":\"2022-10-13T14:32:58+00:00\",\"description\":\"O maior portal de Economia da Bahia DESTAQUE DO DIA, ECONOMIA \/ POL\u00cdTICA, MUNIC\u00cdPIOS Bahia Economica\",\"breadcrumb\":{\"@id\":\"https:\/\/bahiaeconomica.com.br\/wp\/2022\/10\/13\/itabuna-prefeitura-amplia-acoes-em-para-aumentar-vacina\/#breadcrumb\"},\"inLanguage\":\"pt-BR\",\"potentialAction\":[{\"@type\":\"ReadAction\",\"target\":[\"https:\/\/bahiaeconomica.com.br\/wp\/2022\/10\/13\/itabuna-prefeitura-amplia-acoes-em-para-aumentar-vacina\/\"]}]},{\"@type\":\"BreadcrumbList\",\"@id\":\"https:\/\/bahiaeconomica.com.br\/wp\/2022\/10\/13\/itabuna-prefeitura-amplia-acoes-em-para-aumentar-vacina\/#breadcrumb\",\"itemListElement\":[{\"@type\":\"ListItem\",\"position\":1,\"name\":\"In\u00edcio\",\"item\":\"https:\/\/bahiaeconomica.com.br\/wp\/\"},{\"@type\":\"ListItem\",\"position\":2,\"name\":\"ITABUNA: PREFEITURA AMPLIA A\u00c7\u00d5ES EM PARA AUMENTAR VACINA\"}]},{\"@type\":\"WebSite\",\"@id\":\"https:\/\/bahiaeconomica.com.br\/wp\/#website\",\"url\":\"https:\/\/bahiaeconomica.com.br\/wp\/\",\"name\":\"Bahia Economica\",\"description\":\"O maior portal de Economia da Bahia\",\"publisher\":{\"@id\":\"https:\/\/bahiaeconomica.com.br\/wp\/#organization\"},\"potentialAction\":[{\"@type\":\"SearchAction\",\"target\":{\"@type\":\"EntryPoint\",\"urlTemplate\":\"https:\/\/bahiaeconomica.com.br\/wp\/?s={search_term_string}\"},\"query-input\":\"required name=search_term_string\"}],\"inLanguage\":\"pt-BR\"},{\"@type\":\"Organization\",\"@id\":\"https:\/\/bahiaeconomica.com.br\/wp\/#organization\",\"name\":\"Bahia Econ\u00f4mica\",\"url\":\"https:\/\/bahiaeconomica.com.br\/wp\/\",\"logo\":{\"@type\":\"ImageObject\",\"inLanguage\":\"pt-BR\",\"@id\":\"https:\/\/bahiaeconomica.com.br\/wp\/#\/schema\/logo\/image\/\",\"url\":\"https:\/\/bahiaeconomica.com.br\/wp\/wp-content\/uploads\/2020\/12\/cropped-BE.png\",\"contentUrl\":\"https:\/\/bahiaeconomica.com.br\/wp\/wp-content\/uploads\/2020\/12\/cropped-BE.png\",\"width\":512,\"height\":512,\"caption\":\"Bahia Econ\u00f4mica\"},\"image\":{\"@id\":\"https:\/\/bahiaeconomica.com.br\/wp\/#\/schema\/logo\/image\/\"},\"sameAs\":[\"https:\/\/www.facebook.com\/bahiaeconomica\"]},{\"@type\":\"Person\",\"@id\":\"https:\/\/bahiaeconomica.com.br\/wp\/#\/schema\/person\/cb1ab5ba96ad3d9390805381c76284ec\",\"name\":\"admin\",\"url\":\"https:\/\/bahiaeconomica.com.br\/wp\/author\/admin\/\"}]}<\/script>\n<!-- \/ Yoast SEO plugin. -->","yoast_head_json":{"title":"ITABUNA: PREFEITURA AMPLIA A\u00c7\u00d5ES EM PARA AUMENTAR VACINA - Bahia Economica","description":"O maior portal de Economia da Bahia DESTAQUE DO DIA, ECONOMIA \/ POL\u00cdTICA, MUNIC\u00cdPIOS Bahia Economica","robots":{"index":"index","follow":"follow","max-snippet":"max-snippet:-1","max-image-preview":"max-image-preview:large","max-video-preview":"max-video-preview:-1"},"canonical":"https:\/\/bahiaeconomica.com.br\/wp\/2022\/10\/13\/itabuna-prefeitura-amplia-acoes-em-para-aumentar-vacina\/","og_locale":"pt_BR","og_type":"article","og_title":"ITABUNA: PREFEITURA AMPLIA A\u00c7\u00d5ES EM PARA AUMENTAR VACINA - Bahia Economica","og_description":"O maior portal de Economia da Bahia DESTAQUE DO DIA, ECONOMIA \/ POL\u00cdTICA, MUNIC\u00cdPIOS Bahia Economica","og_url":"https:\/\/bahiaeconomica.com.br\/wp\/2022\/10\/13\/itabuna-prefeitura-amplia-acoes-em-para-aumentar-vacina\/","og_site_name":"Bahia Economica","article_publisher":"https:\/\/www.facebook.com\/bahiaeconomica","article_published_time":"2022-10-13T12:40:00+00:00","article_modified_time":"2022-10-13T14:32:58+00:00","og_image":[{"width":940,"height":563,"url":"https:\/\/bahiaeconomica.com.br\/wp\/wp-content\/uploads\/2022\/08\/csm__campanha_estadual_do_dia_d_de_vacinacao_contra_o_sarampo_no_rio20200201_0133_0ac810c57a.jpg","type":"image\/jpeg"}],"author":"admin","twitter_card":"summary_large_image","twitter_misc":{"Escrito por":"admin","Est. tempo de leitura":"2 minutos"},"schema":{"@context":"https:\/\/schema.org","@graph":[{"@type":"Article","@id":"https:\/\/bahiaeconomica.com.br\/wp\/2022\/10\/13\/itabuna-prefeitura-amplia-acoes-em-para-aumentar-vacina\/#article","isPartOf":{"@id":"https:\/\/bahiaeconomica.com.br\/wp\/2022\/10\/13\/itabuna-prefeitura-amplia-acoes-em-para-aumentar-vacina\/"},"author":{"name":"admin","@id":"https:\/\/bahiaeconomica.com.br\/wp\/#\/schema\/person\/cb1ab5ba96ad3d9390805381c76284ec"},"headline":"ITABUNA: PREFEITURA AMPLIA A\u00c7\u00d5ES EM PARA AUMENTAR VACINA","datePublished":"2022-10-13T12:40:00+00:00","dateModified":"2022-10-13T14:32:58+00:00","mainEntityOfPage":{"@id":"https:\/\/bahiaeconomica.com.br\/wp\/2022\/10\/13\/itabuna-prefeitura-amplia-acoes-em-para-aumentar-vacina\/"},"wordCount":305,"publisher":{"@id":"https:\/\/bahiaeconomica.com.br\/wp\/#organization"},"keywords":["Brasil","itabuma","Vacina"],"articleSection":["DESTAQUE DO DIA","ECONOMIA \/ POL\u00cdTICA","MUNIC\u00cdPIOS"],"inLanguage":"pt-BR"},{"@type":"WebPage","@id":"https:\/\/bahiaeconomica.com.br\/wp\/2022\/10\/13\/itabuna-prefeitura-amplia-acoes-em-para-aumentar-vacina\/","url":"https:\/\/bahiaeconomica.com.br\/wp\/2022\/10\/13\/itabuna-prefeitura-amplia-acoes-em-para-aumentar-vacina\/","name":"ITABUNA: PREFEITURA AMPLIA A\u00c7\u00d5ES EM PARA AUMENTAR VACINA - Bahia Economica","isPartOf":{"@id":"https:\/\/bahiaeconomica.com.br\/wp\/#website"},"datePublished":"2022-10-13T12:40:00+00:00","dateModified":"2022-10-13T14:32:58+00:00","description":"O maior portal de Economia da Bahia DESTAQUE DO DIA, ECONOMIA \/ POL\u00cdTICA, MUNIC\u00cdPIOS Bahia Economica","breadcrumb":{"@id":"https:\/\/bahiaeconomica.com.br\/wp\/2022\/10\/13\/itabuna-prefeitura-amplia-acoes-em-para-aumentar-vacina\/#breadcrumb"},"inLanguage":"pt-BR","potentialAction":[{"@type":"ReadAction","target":["https:\/\/bahiaeconomica.com.br\/wp\/2022\/10\/13\/itabuna-prefeitura-amplia-acoes-em-para-aumentar-vacina\/"]}]},{"@type":"BreadcrumbList","@id":"https:\/\/bahiaeconomica.com.br\/wp\/2022\/10\/13\/itabuna-prefeitura-amplia-acoes-em-para-aumentar-vacina\/#breadcrumb","itemListElement":[{"@type":"ListItem","position":1,"name":"In\u00edcio","item":"https:\/\/bahiaeconomica.com.br\/wp\/"},{"@type":"ListItem","position":2,"name":"ITABUNA: PREFEITURA AMPLIA A\u00c7\u00d5ES EM PARA AUMENTAR VACINA"}]},{"@type":"WebSite","@id":"https:\/\/bahiaeconomica.com.br\/wp\/#website","url":"https:\/\/bahiaeconomica.com.br\/wp\/","name":"Bahia Economica","description":"O maior portal de Economia da Bahia","publisher":{"@id":"https:\/\/bahiaeconomica.com.br\/wp\/#organization"},"potentialAction":[{"@type":"SearchAction","target":{"@type":"EntryPoint","urlTemplate":"https:\/\/bahiaeconomica.com.br\/wp\/?s={search_term_string}"},"query-input":"required name=search_term_string"}],"inLanguage":"pt-BR"},{"@type":"Organization","@id":"https:\/\/bahiaeconomica.com.br\/wp\/#organization","name":"Bahia Econ\u00f4mica","url":"https:\/\/bahiaeconomica.com.br\/wp\/","logo":{"@type":"ImageObject","inLanguage":"pt-BR","@id":"https:\/\/bahiaeconomica.com.br\/wp\/#\/schema\/logo\/image\/","url":"https:\/\/bahiaeconomica.com.br\/wp\/wp-content\/uploads\/2020\/12\/cropped-BE.png","contentUrl":"https:\/\/bahiaeconomica.com.br\/wp\/wp-content\/uploads\/2020\/12\/cropped-BE.png","width":512,"height":512,"caption":"Bahia Econ\u00f4mica"},"image":{"@id":"https:\/\/bahiaeconomica.com.br\/wp\/#\/schema\/logo\/image\/"},"sameAs":["https:\/\/www.facebook.com\/bahiaeconomica"]},{"@type":"Person","@id":"https:\/\/bahiaeconomica.com.br\/wp\/#\/schema\/person\/cb1ab5ba96ad3d9390805381c76284ec","name":"admin","url":"https:\/\/bahiaeconomica.com.br\/wp\/author\/admin\/"}]}},"views":8,"_links":{"self":[{"href":"https:\/\/bahiaeconomica.com.br\/wp\/wp-json\/wp\/v2\/posts\/695543"}],"collection":[{"href":"https:\/\/bahiaeconomica.com.br\/wp\/wp-json\/wp\/v2\/posts"}],"about":[{"href":"https:\/\/bahiaeconomica.com.br\/wp\/wp-json\/wp\/v2\/types\/post"}],"author":[{"embeddable":true,"href":"https:\/\/bahiaeconomica.com.br\/wp\/wp-json\/wp\/v2\/users\/1"}],"replies":[{"embeddable":true,"href":"https:\/\/bahiaeconomica.com.br\/wp\/wp-json\/wp\/v2\/comments?post=695543"}],"version-history":[{"count":1,"href":"https:\/\/bahiaeconomica.com.br\/wp\/wp-json\/wp\/v2\/posts\/695543\/revisions"}],"predecessor-version":[{"id":695544,"href":"https:\/\/bahiaeconomica.com.br\/wp\/wp-json\/wp\/v2\/posts\/695543\/revisions\/695544"}],"wp:featuredmedia":[{"embeddable":true,"href":"https:\/\/bahiaeconomica.com.br\/wp\/wp-json\/wp\/v2\/media\/687584"}],"wp:attachment":[{"href":"https:\/\/bahiaeconomica.com.br\/wp\/wp-json\/wp\/v2\/media?parent=695543"}],"wp:term":[{"taxonomy":"category","embeddable":true,"href":"https:\/\/bahiaeconomica.com.br\/wp\/wp-json\/wp\/v2\/categories?post=695543"},{"taxonomy":"post_tag","embeddable":true,"href":"https:\/\/bahiaeconomica.com.br\/wp\/wp-json\/wp\/v2\/tags?post=695543"}],"curies":[{"name":"wp","href":"https:\/\/api.w.org\/{rel}","templated":true}]}}