{"id":695312,"date":"2022-10-11T16:00:00","date_gmt":"2022-10-11T19:00:00","guid":{"rendered":"https:\/\/bahiaeconomica.com.br\/wp\/beta\/?p=695312"},"modified":"2022-10-11T14:03:17","modified_gmt":"2022-10-11T17:03:17","slug":"puxada-pelos-combustiveis-rm-de-salvador-tem-maior-deflacao-para-setembro-em-24-anos","status":"publish","type":"post","link":"https:\/\/bahiaeconomica.com.br\/wp\/2022\/10\/11\/puxada-pelos-combustiveis-rm-de-salvador-tem-maior-deflacao-para-setembro-em-24-anos\/","title":{"rendered":"PUXADA PELOS COMBUST\u00cdVEIS, RM DE SALVADOR TEM MAIOR DEFLA\u00c7\u00c3O PARA SETEMBRO EM 24 ANOS"},"content":{"rendered":"\n<p>Em setembro, o&nbsp;\u00cdndice Nacional de Pre\u00e7os ao Consumidor Amplo (IPCA), medida oficial da infla\u00e7\u00e3o, calculado pelo IBGE, ficou em -0,32% na Regi\u00e3o Metropolitana de Salvador (RMS).<\/p>\n\n\n\n<!--more-->\n\n\n\n<p>Foi o menor \u00edndice para esse m\u00eas, na RMS, em 24 anos, desde 1998, quando havia ficado em -0,75%. Tamb\u00e9m mostrou uma terceira defla\u00e7\u00e3o seguida (redu\u00e7\u00e3o m\u00e9dia dos pre\u00e7os), acelerando o ritmo de queda frente ao registrado no m\u00eas anterior (havia sido de -0,17% em agosto).<\/p>\n\n\n\n<p>A defla\u00e7\u00e3o de setembro na RMS (-0,32%) foi mais intensa do que a verificada no pa\u00eds como um todo (-0,29%) e o 5\u00ba menor \u00edndice, dentre as 16 regi\u00f5es investigadas separadamente. No m\u00eas, 15 delas tiveram quedas m\u00e9dias nos pre\u00e7os, lideradas pelas regi\u00f5es metropolitanas de Fortaleza\/CE (-0,65%), Porto Alegre\/RS (-0,46%) e Recife\/PE (-0,43%). Apenas a Grande Vit\u00f3ria\/ES (0,17%) teve varia\u00e7\u00e3o positiva.<\/p>\n\n\n\n<p>Com o resultado de setembro, o IPCA na RM Salvador&nbsp;acumulado em 2022&nbsp;desacelerou pelo terceiro m\u00eas (aumentou menos do que no m\u00eas anterior), ficando em 4,97% (frente a 5,30% at\u00e9 agosto). Continua, por\u00e9m, acima do \u00edndice nacional (4,09%) e o segundo maior do pa\u00eds, abaixo da RM Rio de Janeiro\/RJ (5,50%).<\/p>\n\n\n\n<p>Nos&nbsp;12 meses encerrados em setembro, a infla\u00e7\u00e3o na RM Salvador est\u00e1 em 8,87%, tamb\u00e9m mostrando sua terceira desacelera\u00e7\u00e3o seguida (havia ficado em 10,42% nos 12 meses encerrados em agosto). Continua, por\u00e9m, acima do indicador nacional (7,17%) e se manteve a mais elevada do pa\u00eds pelo terceiro m\u00eas consecutivo.<\/p>\n\n\n\n<p>O quadro a seguir mostra o IPCA para Brasil e \u00e1reas pesquisadas, no m\u00eas, no ano e nos 12 meses encerrados em&nbsp;setembro&nbsp;de 2022.<\/p>\n\n\n\n<p><a>Defla\u00e7\u00e3o de setembro na RMS foi concentrada em 3 dos 9 grupos e puxada pelos combust\u00edveis (-7,31%) e acesso \u00e0 Internet (-13,17%)<\/a><\/p>\n\n\n\n<p>Em setembro, a defla\u00e7\u00e3o medida pelo IPCA na Regi\u00e3o Metropolitana de Salvador (-0,32%) foi novamente concentrada em recuos nos pre\u00e7os m\u00e9dios de&nbsp;tr\u00eas dos nove grupos&nbsp;de produtos e servi\u00e7os que comp\u00f5em o \u00edndice.<\/p>\n\n\n\n<p>Assim como j\u00e1 havia ocorrido em agosto e julho, o resultado foi fortemente influenciado pela queda verificada no grupo&nbsp;transportes&nbsp;(-2,43%), por sua vez puxada pelos&nbsp;combust\u00edveis&nbsp;(-7,31%).<\/p>\n\n\n\n<p>A&nbsp;gasolina&nbsp;(-7,18%) foi, pelo terceiro m\u00eas seguido, o item que individualmente mais puxou o IPCA da RM Salvador para baixo. J\u00e1 o&nbsp;etanol&nbsp;(-14,41%) teve a segunda queda mais intensa dentre todos os produtos e servi\u00e7os pesquisados para formar o \u00edndice de infla\u00e7\u00e3o e tamb\u00e9m exerceu importante influ\u00eancia de baixa. O pre\u00e7o m\u00e9dio do&nbsp;diesel&nbsp;tamb\u00e9m recuou (-1,76%), ainda que com bem menos intensidade.<\/p>\n\n\n\n<p>Ainda no grupo transportes, a queda dos&nbsp;\u00f4nibus urbanos&nbsp;(-4,29%), consequ\u00eancia da redu\u00e7\u00e3o dos pre\u00e7os das passagens aos domingos, tamb\u00e9m teve contribui\u00e7\u00e3o relevante para a defla\u00e7\u00e3o de setembro, na RMS.<\/p>\n\n\n\n<p>J\u00e1 no grupo&nbsp;comunica\u00e7\u00e3o, que teve a retra\u00e7\u00e3o m\u00e9dia mais intensa na RM Salvador (-2,55%), a principal influ\u00eancia veio do&nbsp;acesso \u00e0 Internet&nbsp;(-13,17%).<\/p>\n\n\n\n<p>Embora tenha mantido uma discreta varia\u00e7\u00e3o positiva de pre\u00e7os no m\u00eas, o grupo&nbsp;alimenta\u00e7\u00e3o e bebidas&nbsp;(0,06%) desacelerou de forma importante (aumentou bem menos) frente a agosto (0,90%) e teve o menor IPCA em quase dois anos, desde agosto de 2020, quando havia registrado defla\u00e7\u00e3o (-0,19%).<\/p>\n\n\n\n<p>Alguns&nbsp;alimentos&nbsp;que vinham mostrando fortes altas nos \u00faltimos meses tamb\u00e9m tiveram defla\u00e7\u00e3o em setembro, na RMS, ajudando a segurar o custo de vida. Foi o caso do&nbsp;leite longa-vida&nbsp;(-3,54%). Outros se mantiveram em queda, como o&nbsp;\u00f3leo de soja&nbsp;(-7,36%), as&nbsp;carnes&nbsp;(-0,43%), a&nbsp;cenoura&nbsp;(-10,49%) e o&nbsp;tomate&nbsp;(-4,55%).<\/p>\n\n\n\n<p>Por outro lado, dos seis grupos de produtos e servi\u00e7os que seguiram com os pre\u00e7os em alta, as principais press\u00f5es inflacion\u00e1rias vieram de&nbsp;<a>vestu\u00e1rio&nbsp;(1,36%, maior aumento) e&nbsp;despesas pessoais&nbsp;(0,47%).<\/a><\/p>\n\n\n\n<p>Individualmente, por\u00e9m, os aumentos da&nbsp;energia el\u00e9trica&nbsp;(1,14%) e dos&nbsp;planos de sa\u00fade&nbsp;(1,07%) foram os que tiveram as maiores contribui\u00e7\u00f5es de alta no IPCA de setembro, na RM Salvador.&nbsp;&nbsp;<\/p>\n","protected":false},"excerpt":{"rendered":"<p>Em setembro, o&nbsp;\u00cdndice Nacional de Pre\u00e7os ao Consumidor Amplo (IPCA), medida oficial da infla\u00e7\u00e3o, calculado pelo IBGE, ficou em -0,32% na Regi\u00e3o Metropolitana de Salvador (RMS).<\/p>\n","protected":false},"author":1,"featured_media":650612,"comment_status":"closed","ping_status":"closed","sticky":false,"template":"","format":"standard","meta":[],"categories":[3],"tags":[],"acf":[],"yoast_head":"<!-- This site is optimized with the Yoast SEO plugin v20.8 - https:\/\/yoast.com\/wordpress\/plugins\/seo\/ -->\n<title>PUXADA PELOS COMBUST\u00cdVEIS, RM DE SALVADOR TEM MAIOR DEFLA\u00c7\u00c3O PARA SETEMBRO EM 24 ANOS - Bahia Economica<\/title>\n<meta name=\"description\" content=\"O maior portal de Economia da Bahia ECONOMIA \/ POL\u00cdTICA Bahia Economica\" \/>\n<meta name=\"robots\" content=\"index, follow, max-snippet:-1, max-image-preview:large, max-video-preview:-1\" \/>\n<link rel=\"canonical\" href=\"https:\/\/bahiaeconomica.com.br\/wp\/2022\/10\/11\/puxada-pelos-combustiveis-rm-de-salvador-tem-maior-deflacao-para-setembro-em-24-anos\/\" \/>\n<meta property=\"og:locale\" content=\"pt_BR\" \/>\n<meta property=\"og:type\" content=\"article\" \/>\n<meta property=\"og:title\" content=\"PUXADA PELOS COMBUST\u00cdVEIS, RM DE SALVADOR TEM MAIOR DEFLA\u00c7\u00c3O PARA SETEMBRO EM 24 ANOS - Bahia Economica\" \/>\n<meta property=\"og:description\" content=\"O maior portal de Economia da Bahia ECONOMIA \/ POL\u00cdTICA Bahia Economica\" \/>\n<meta property=\"og:url\" content=\"https:\/\/bahiaeconomica.com.br\/wp\/2022\/10\/11\/puxada-pelos-combustiveis-rm-de-salvador-tem-maior-deflacao-para-setembro-em-24-anos\/\" \/>\n<meta property=\"og:site_name\" content=\"Bahia Economica\" \/>\n<meta property=\"article:publisher\" content=\"https:\/\/www.facebook.com\/bahiaeconomica\" \/>\n<meta property=\"article:published_time\" content=\"2022-10-11T19:00:00+00:00\" \/>\n<meta property=\"article:modified_time\" content=\"2022-10-11T17:03:17+00:00\" \/>\n<meta property=\"og:image\" content=\"https:\/\/bahiaeconomica.com.br\/wp\/wp-content\/uploads\/2022\/03\/combustiveis.jpg\" \/>\n\t<meta property=\"og:image:width\" content=\"500\" \/>\n\t<meta property=\"og:image:height\" content=\"300\" \/>\n\t<meta property=\"og:image:type\" content=\"image\/jpeg\" \/>\n<meta name=\"author\" content=\"admin\" \/>\n<meta name=\"twitter:card\" content=\"summary_large_image\" \/>\n<meta name=\"twitter:label1\" content=\"Escrito por\" \/>\n\t<meta name=\"twitter:data1\" content=\"admin\" \/>\n\t<meta name=\"twitter:label2\" content=\"Est. tempo de leitura\" \/>\n\t<meta name=\"twitter:data2\" content=\"4 minutos\" \/>\n<script type=\"application\/ld+json\" class=\"yoast-schema-graph\">{\"@context\":\"https:\/\/schema.org\",\"@graph\":[{\"@type\":\"Article\",\"@id\":\"https:\/\/bahiaeconomica.com.br\/wp\/2022\/10\/11\/puxada-pelos-combustiveis-rm-de-salvador-tem-maior-deflacao-para-setembro-em-24-anos\/#article\",\"isPartOf\":{\"@id\":\"https:\/\/bahiaeconomica.com.br\/wp\/2022\/10\/11\/puxada-pelos-combustiveis-rm-de-salvador-tem-maior-deflacao-para-setembro-em-24-anos\/\"},\"author\":{\"name\":\"admin\",\"@id\":\"https:\/\/bahiaeconomica.com.br\/wp\/#\/schema\/person\/cb1ab5ba96ad3d9390805381c76284ec\"},\"headline\":\"PUXADA PELOS COMBUST\u00cdVEIS, RM DE SALVADOR TEM MAIOR DEFLA\u00c7\u00c3O PARA SETEMBRO EM 24 ANOS\",\"datePublished\":\"2022-10-11T19:00:00+00:00\",\"dateModified\":\"2022-10-11T17:03:17+00:00\",\"mainEntityOfPage\":{\"@id\":\"https:\/\/bahiaeconomica.com.br\/wp\/2022\/10\/11\/puxada-pelos-combustiveis-rm-de-salvador-tem-maior-deflacao-para-setembro-em-24-anos\/\"},\"wordCount\":734,\"publisher\":{\"@id\":\"https:\/\/bahiaeconomica.com.br\/wp\/#organization\"},\"articleSection\":[\"ECONOMIA \/ POL\u00cdTICA\"],\"inLanguage\":\"pt-BR\"},{\"@type\":\"WebPage\",\"@id\":\"https:\/\/bahiaeconomica.com.br\/wp\/2022\/10\/11\/puxada-pelos-combustiveis-rm-de-salvador-tem-maior-deflacao-para-setembro-em-24-anos\/\",\"url\":\"https:\/\/bahiaeconomica.com.br\/wp\/2022\/10\/11\/puxada-pelos-combustiveis-rm-de-salvador-tem-maior-deflacao-para-setembro-em-24-anos\/\",\"name\":\"PUXADA PELOS COMBUST\u00cdVEIS, RM DE SALVADOR TEM MAIOR DEFLA\u00c7\u00c3O PARA SETEMBRO EM 24 ANOS - Bahia Economica\",\"isPartOf\":{\"@id\":\"https:\/\/bahiaeconomica.com.br\/wp\/#website\"},\"datePublished\":\"2022-10-11T19:00:00+00:00\",\"dateModified\":\"2022-10-11T17:03:17+00:00\",\"description\":\"O maior portal de Economia da Bahia ECONOMIA \/ POL\u00cdTICA Bahia Economica\",\"breadcrumb\":{\"@id\":\"https:\/\/bahiaeconomica.com.br\/wp\/2022\/10\/11\/puxada-pelos-combustiveis-rm-de-salvador-tem-maior-deflacao-para-setembro-em-24-anos\/#breadcrumb\"},\"inLanguage\":\"pt-BR\",\"potentialAction\":[{\"@type\":\"ReadAction\",\"target\":[\"https:\/\/bahiaeconomica.com.br\/wp\/2022\/10\/11\/puxada-pelos-combustiveis-rm-de-salvador-tem-maior-deflacao-para-setembro-em-24-anos\/\"]}]},{\"@type\":\"BreadcrumbList\",\"@id\":\"https:\/\/bahiaeconomica.com.br\/wp\/2022\/10\/11\/puxada-pelos-combustiveis-rm-de-salvador-tem-maior-deflacao-para-setembro-em-24-anos\/#breadcrumb\",\"itemListElement\":[{\"@type\":\"ListItem\",\"position\":1,\"name\":\"In\u00edcio\",\"item\":\"https:\/\/bahiaeconomica.com.br\/wp\/\"},{\"@type\":\"ListItem\",\"position\":2,\"name\":\"PUXADA PELOS COMBUST\u00cdVEIS, RM DE SALVADOR TEM MAIOR DEFLA\u00c7\u00c3O PARA SETEMBRO EM 24 ANOS\"}]},{\"@type\":\"WebSite\",\"@id\":\"https:\/\/bahiaeconomica.com.br\/wp\/#website\",\"url\":\"https:\/\/bahiaeconomica.com.br\/wp\/\",\"name\":\"Bahia Economica\",\"description\":\"O maior portal de Economia da Bahia\",\"publisher\":{\"@id\":\"https:\/\/bahiaeconomica.com.br\/wp\/#organization\"},\"potentialAction\":[{\"@type\":\"SearchAction\",\"target\":{\"@type\":\"EntryPoint\",\"urlTemplate\":\"https:\/\/bahiaeconomica.com.br\/wp\/?s={search_term_string}\"},\"query-input\":\"required name=search_term_string\"}],\"inLanguage\":\"pt-BR\"},{\"@type\":\"Organization\",\"@id\":\"https:\/\/bahiaeconomica.com.br\/wp\/#organization\",\"name\":\"Bahia Econ\u00f4mica\",\"url\":\"https:\/\/bahiaeconomica.com.br\/wp\/\",\"logo\":{\"@type\":\"ImageObject\",\"inLanguage\":\"pt-BR\",\"@id\":\"https:\/\/bahiaeconomica.com.br\/wp\/#\/schema\/logo\/image\/\",\"url\":\"https:\/\/bahiaeconomica.com.br\/wp\/wp-content\/uploads\/2020\/12\/cropped-BE.png\",\"contentUrl\":\"https:\/\/bahiaeconomica.com.br\/wp\/wp-content\/uploads\/2020\/12\/cropped-BE.png\",\"width\":512,\"height\":512,\"caption\":\"Bahia Econ\u00f4mica\"},\"image\":{\"@id\":\"https:\/\/bahiaeconomica.com.br\/wp\/#\/schema\/logo\/image\/\"},\"sameAs\":[\"https:\/\/www.facebook.com\/bahiaeconomica\"]},{\"@type\":\"Person\",\"@id\":\"https:\/\/bahiaeconomica.com.br\/wp\/#\/schema\/person\/cb1ab5ba96ad3d9390805381c76284ec\",\"name\":\"admin\",\"url\":\"https:\/\/bahiaeconomica.com.br\/wp\/author\/admin\/\"}]}<\/script>\n<!-- \/ Yoast SEO plugin. -->","yoast_head_json":{"title":"PUXADA PELOS COMBUST\u00cdVEIS, RM DE SALVADOR TEM MAIOR DEFLA\u00c7\u00c3O PARA SETEMBRO EM 24 ANOS - Bahia Economica","description":"O maior portal de Economia da Bahia ECONOMIA \/ POL\u00cdTICA Bahia Economica","robots":{"index":"index","follow":"follow","max-snippet":"max-snippet:-1","max-image-preview":"max-image-preview:large","max-video-preview":"max-video-preview:-1"},"canonical":"https:\/\/bahiaeconomica.com.br\/wp\/2022\/10\/11\/puxada-pelos-combustiveis-rm-de-salvador-tem-maior-deflacao-para-setembro-em-24-anos\/","og_locale":"pt_BR","og_type":"article","og_title":"PUXADA PELOS COMBUST\u00cdVEIS, RM DE SALVADOR TEM MAIOR DEFLA\u00c7\u00c3O PARA SETEMBRO EM 24 ANOS - Bahia Economica","og_description":"O maior portal de Economia da Bahia ECONOMIA \/ POL\u00cdTICA Bahia Economica","og_url":"https:\/\/bahiaeconomica.com.br\/wp\/2022\/10\/11\/puxada-pelos-combustiveis-rm-de-salvador-tem-maior-deflacao-para-setembro-em-24-anos\/","og_site_name":"Bahia Economica","article_publisher":"https:\/\/www.facebook.com\/bahiaeconomica","article_published_time":"2022-10-11T19:00:00+00:00","article_modified_time":"2022-10-11T17:03:17+00:00","og_image":[{"width":500,"height":300,"url":"https:\/\/bahiaeconomica.com.br\/wp\/wp-content\/uploads\/2022\/03\/combustiveis.jpg","type":"image\/jpeg"}],"author":"admin","twitter_card":"summary_large_image","twitter_misc":{"Escrito por":"admin","Est. tempo de leitura":"4 minutos"},"schema":{"@context":"https:\/\/schema.org","@graph":[{"@type":"Article","@id":"https:\/\/bahiaeconomica.com.br\/wp\/2022\/10\/11\/puxada-pelos-combustiveis-rm-de-salvador-tem-maior-deflacao-para-setembro-em-24-anos\/#article","isPartOf":{"@id":"https:\/\/bahiaeconomica.com.br\/wp\/2022\/10\/11\/puxada-pelos-combustiveis-rm-de-salvador-tem-maior-deflacao-para-setembro-em-24-anos\/"},"author":{"name":"admin","@id":"https:\/\/bahiaeconomica.com.br\/wp\/#\/schema\/person\/cb1ab5ba96ad3d9390805381c76284ec"},"headline":"PUXADA PELOS COMBUST\u00cdVEIS, RM DE SALVADOR TEM MAIOR DEFLA\u00c7\u00c3O PARA SETEMBRO EM 24 ANOS","datePublished":"2022-10-11T19:00:00+00:00","dateModified":"2022-10-11T17:03:17+00:00","mainEntityOfPage":{"@id":"https:\/\/bahiaeconomica.com.br\/wp\/2022\/10\/11\/puxada-pelos-combustiveis-rm-de-salvador-tem-maior-deflacao-para-setembro-em-24-anos\/"},"wordCount":734,"publisher":{"@id":"https:\/\/bahiaeconomica.com.br\/wp\/#organization"},"articleSection":["ECONOMIA \/ POL\u00cdTICA"],"inLanguage":"pt-BR"},{"@type":"WebPage","@id":"https:\/\/bahiaeconomica.com.br\/wp\/2022\/10\/11\/puxada-pelos-combustiveis-rm-de-salvador-tem-maior-deflacao-para-setembro-em-24-anos\/","url":"https:\/\/bahiaeconomica.com.br\/wp\/2022\/10\/11\/puxada-pelos-combustiveis-rm-de-salvador-tem-maior-deflacao-para-setembro-em-24-anos\/","name":"PUXADA PELOS COMBUST\u00cdVEIS, RM DE SALVADOR TEM MAIOR DEFLA\u00c7\u00c3O PARA SETEMBRO EM 24 ANOS - Bahia Economica","isPartOf":{"@id":"https:\/\/bahiaeconomica.com.br\/wp\/#website"},"datePublished":"2022-10-11T19:00:00+00:00","dateModified":"2022-10-11T17:03:17+00:00","description":"O maior portal de Economia da Bahia ECONOMIA \/ POL\u00cdTICA Bahia Economica","breadcrumb":{"@id":"https:\/\/bahiaeconomica.com.br\/wp\/2022\/10\/11\/puxada-pelos-combustiveis-rm-de-salvador-tem-maior-deflacao-para-setembro-em-24-anos\/#breadcrumb"},"inLanguage":"pt-BR","potentialAction":[{"@type":"ReadAction","target":["https:\/\/bahiaeconomica.com.br\/wp\/2022\/10\/11\/puxada-pelos-combustiveis-rm-de-salvador-tem-maior-deflacao-para-setembro-em-24-anos\/"]}]},{"@type":"BreadcrumbList","@id":"https:\/\/bahiaeconomica.com.br\/wp\/2022\/10\/11\/puxada-pelos-combustiveis-rm-de-salvador-tem-maior-deflacao-para-setembro-em-24-anos\/#breadcrumb","itemListElement":[{"@type":"ListItem","position":1,"name":"In\u00edcio","item":"https:\/\/bahiaeconomica.com.br\/wp\/"},{"@type":"ListItem","position":2,"name":"PUXADA PELOS COMBUST\u00cdVEIS, RM DE SALVADOR TEM MAIOR DEFLA\u00c7\u00c3O PARA SETEMBRO EM 24 ANOS"}]},{"@type":"WebSite","@id":"https:\/\/bahiaeconomica.com.br\/wp\/#website","url":"https:\/\/bahiaeconomica.com.br\/wp\/","name":"Bahia Economica","description":"O maior portal de Economia da Bahia","publisher":{"@id":"https:\/\/bahiaeconomica.com.br\/wp\/#organization"},"potentialAction":[{"@type":"SearchAction","target":{"@type":"EntryPoint","urlTemplate":"https:\/\/bahiaeconomica.com.br\/wp\/?s={search_term_string}"},"query-input":"required name=search_term_string"}],"inLanguage":"pt-BR"},{"@type":"Organization","@id":"https:\/\/bahiaeconomica.com.br\/wp\/#organization","name":"Bahia Econ\u00f4mica","url":"https:\/\/bahiaeconomica.com.br\/wp\/","logo":{"@type":"ImageObject","inLanguage":"pt-BR","@id":"https:\/\/bahiaeconomica.com.br\/wp\/#\/schema\/logo\/image\/","url":"https:\/\/bahiaeconomica.com.br\/wp\/wp-content\/uploads\/2020\/12\/cropped-BE.png","contentUrl":"https:\/\/bahiaeconomica.com.br\/wp\/wp-content\/uploads\/2020\/12\/cropped-BE.png","width":512,"height":512,"caption":"Bahia Econ\u00f4mica"},"image":{"@id":"https:\/\/bahiaeconomica.com.br\/wp\/#\/schema\/logo\/image\/"},"sameAs":["https:\/\/www.facebook.com\/bahiaeconomica"]},{"@type":"Person","@id":"https:\/\/bahiaeconomica.com.br\/wp\/#\/schema\/person\/cb1ab5ba96ad3d9390805381c76284ec","name":"admin","url":"https:\/\/bahiaeconomica.com.br\/wp\/author\/admin\/"}]}},"views":4,"_links":{"self":[{"href":"https:\/\/bahiaeconomica.com.br\/wp\/wp-json\/wp\/v2\/posts\/695312"}],"collection":[{"href":"https:\/\/bahiaeconomica.com.br\/wp\/wp-json\/wp\/v2\/posts"}],"about":[{"href":"https:\/\/bahiaeconomica.com.br\/wp\/wp-json\/wp\/v2\/types\/post"}],"author":[{"embeddable":true,"href":"https:\/\/bahiaeconomica.com.br\/wp\/wp-json\/wp\/v2\/users\/1"}],"replies":[{"embeddable":true,"href":"https:\/\/bahiaeconomica.com.br\/wp\/wp-json\/wp\/v2\/comments?post=695312"}],"version-history":[{"count":1,"href":"https:\/\/bahiaeconomica.com.br\/wp\/wp-json\/wp\/v2\/posts\/695312\/revisions"}],"predecessor-version":[{"id":695315,"href":"https:\/\/bahiaeconomica.com.br\/wp\/wp-json\/wp\/v2\/posts\/695312\/revisions\/695315"}],"wp:featuredmedia":[{"embeddable":true,"href":"https:\/\/bahiaeconomica.com.br\/wp\/wp-json\/wp\/v2\/media\/650612"}],"wp:attachment":[{"href":"https:\/\/bahiaeconomica.com.br\/wp\/wp-json\/wp\/v2\/media?parent=695312"}],"wp:term":[{"taxonomy":"category","embeddable":true,"href":"https:\/\/bahiaeconomica.com.br\/wp\/wp-json\/wp\/v2\/categories?post=695312"},{"taxonomy":"post_tag","embeddable":true,"href":"https:\/\/bahiaeconomica.com.br\/wp\/wp-json\/wp\/v2\/tags?post=695312"}],"curies":[{"name":"wp","href":"https:\/\/api.w.org\/{rel}","templated":true}]}}