{"id":695280,"date":"2022-10-11T12:23:00","date_gmt":"2022-10-11T15:23:00","guid":{"rendered":"https:\/\/bahiaeconomica.com.br\/wp\/beta\/?p=695280"},"modified":"2022-10-11T12:23:47","modified_gmt":"2022-10-11T15:23:47","slug":"calendario-de-acoes-sobre-a-saf-sao-divulgadas-pelo-bahia","status":"publish","type":"post","link":"https:\/\/bahiaeconomica.com.br\/wp\/2022\/10\/11\/calendario-de-acoes-sobre-a-saf-sao-divulgadas-pelo-bahia\/","title":{"rendered":"CALEND\u00c1RIO DE A\u00c7\u00d5ES SOBRE A SAF S\u00c3O DIVULGADAS PELO BAHIA"},"content":{"rendered":"\n<p>Diretoria do Esquadr\u00e3o planeja sanar as duvidas sobre a oferta de venda do clube para conselheiros e s\u00f3cios.<\/p>\n\n\n\n<!--more-->\n\n\n\n<p>Os pr\u00f3ximos dois meses ser\u00e3o decisivos para o Bahia dentro e fora das quatro linhas. O Tricolor, que luta por uma vaga na S\u00e9rie A de 2023, ter\u00e1 que dividir suas aten\u00e7\u00f5es para a venda ou n\u00e3o da SAF do clube para o Grupo City. Na \u00faltima segunda-feira (10), o Esquadr\u00e3o divulgou o calend\u00e1rio de a\u00e7\u00f5es que o clube far\u00e1 para tratar do assunto; em outubro, o Bahia realizar\u00e1 dois eventos onde explicar\u00e1 e ir\u00e1 tirar as d\u00favidas sobre a proposta, al\u00e9m de dar detalhes do contrato. Ambas a\u00e7\u00f5es ser\u00e3o lives online e ainda n\u00e3o tiveram datas divulgadas. J\u00e1 em novembro, h\u00e1 uma previs\u00e3o para a realiza\u00e7\u00e3o de um <em>&#8220;Plant\u00e3o da Transpar\u00eancia&#8221;<\/em>, que ocorrer\u00e1 durante uma semana com advogados prontos para continuar a tirar d\u00favidas sobre o modelo de SAF, sobre os contratos e outros temas. Este evento ser\u00e1 presencial, na Arena Fonte Nova.\u00a0<\/p>\n\n\n\n<p>O Tricolor de A\u00e7o tamb\u00e9m deve realizar uma Assembleia Geral Extraordin\u00e1ria (AGE) para apresenta\u00e7\u00e3o e discuss\u00e3o dos pareceres dos Conselhos Fiscal e Deliberativo sobre a proposta apresentada. O documento j\u00e1 foi enviado para as comiss\u00f5es e est\u00e1 em an\u00e1lise pelos referidos \u00f3rg\u00e3os do clube.\u00a0Ap\u00f3s esses estudos e a emiss\u00e3o dos pareceres, a AGE ser\u00e1 convocada para que os s\u00f3cios do Bahia votem pela venda ou n\u00e3o do clube para o Grupo City. Esta a\u00e7\u00e3o tamb\u00e9m n\u00e3o tem uma dada prevista, mas tudo indica que deve ocorrer entre o final de novembro e in\u00edcio de dezembro. Veja abaixo a programa\u00e7\u00e3o apresentada pelo clube.<\/p>\n\n\n<div class=\"wp-block-image\">\n<figure class=\"aligncenter size-full\"><img decoding=\"async\" width=\"500\" height=\"500\" src=\"http:\/\/bahiaeconomica.com.br\/wp\/beta\/wp-content\/uploads\/2022\/10\/csm_calendario_saf_bahia_55f210b915-1.jpg\" alt=\"\" class=\"wp-image-695326\" srcset=\"https:\/\/bahiaeconomica.com.br\/wp\/wp-content\/uploads\/2022\/10\/csm_calendario_saf_bahia_55f210b915-1.jpg 500w, https:\/\/bahiaeconomica.com.br\/wp\/wp-content\/uploads\/2022\/10\/csm_calendario_saf_bahia_55f210b915-1-300x300.jpg 300w, https:\/\/bahiaeconomica.com.br\/wp\/wp-content\/uploads\/2022\/10\/csm_calendario_saf_bahia_55f210b915-1-150x150.jpg 150w, https:\/\/bahiaeconomica.com.br\/wp\/wp-content\/uploads\/2022\/10\/csm_calendario_saf_bahia_55f210b915-1-250x250.jpg 250w\" sizes=\"(max-width: 500px) 100vw, 500px\" \/><figcaption>Foto: Divulga\u00e7\u00e3o\/EC Bahia<\/figcaption><\/figure><\/div>\n\n\n<p><\/p>\n\n\n\n<p><\/p>\n\n\n\n<p><\/p>\n\n\n\n<p>Foto de capa: Divulga\u00e7\u00e3o\/EC Bahia\/Felipe Oliveira<a href=\"https:\/\/bit.ly\/3Cg8a0w\" target=\"_blank\" rel=\"noreferrer noopener\"><\/a><\/p>\n","protected":false},"excerpt":{"rendered":"<p>Diretoria do Esquadr\u00e3o planeja sanar as duvidas sobre a oferta de venda do clube para conselheiros e s\u00f3cios.<\/p>\n","protected":false},"author":1,"featured_media":695327,"comment_status":"closed","ping_status":"closed","sticky":false,"template":"","format":"standard","meta":[],"categories":[4486],"tags":[85,1527,4295,73],"acf":[],"yoast_head":"<!-- This site is optimized with the Yoast SEO plugin v20.8 - https:\/\/yoast.com\/wordpress\/plugins\/seo\/ -->\n<title>CALEND\u00c1RIO DE A\u00c7\u00d5ES SOBRE A SAF S\u00c3O DIVULGADAS PELO BAHIA - Bahia Economica<\/title>\n<meta name=\"description\" content=\"O maior portal de Economia da Bahia Esporte Bahia Economica\" \/>\n<meta name=\"robots\" content=\"index, follow, max-snippet:-1, max-image-preview:large, max-video-preview:-1\" \/>\n<link rel=\"canonical\" href=\"https:\/\/bahiaeconomica.com.br\/wp\/2022\/10\/11\/calendario-de-acoes-sobre-a-saf-sao-divulgadas-pelo-bahia\/\" \/>\n<meta property=\"og:locale\" content=\"pt_BR\" \/>\n<meta property=\"og:type\" content=\"article\" \/>\n<meta property=\"og:title\" content=\"CALEND\u00c1RIO DE A\u00c7\u00d5ES SOBRE A SAF S\u00c3O DIVULGADAS PELO BAHIA - Bahia Economica\" \/>\n<meta property=\"og:description\" content=\"O maior portal de Economia da Bahia Esporte Bahia Economica\" \/>\n<meta property=\"og:url\" content=\"https:\/\/bahiaeconomica.com.br\/wp\/2022\/10\/11\/calendario-de-acoes-sobre-a-saf-sao-divulgadas-pelo-bahia\/\" \/>\n<meta property=\"og:site_name\" content=\"Bahia Economica\" \/>\n<meta property=\"article:publisher\" content=\"https:\/\/www.facebook.com\/bahiaeconomica\" \/>\n<meta property=\"article:published_time\" content=\"2022-10-11T15:23:00+00:00\" \/>\n<meta property=\"article:modified_time\" content=\"2022-10-11T15:23:47+00:00\" \/>\n<meta property=\"og:image\" content=\"https:\/\/bahiaeconomica.com.br\/wp\/wp-content\/uploads\/2022\/10\/csm_bahia_bandeira_5a504f4153_Felipe_Oliveira_EC_Bahia.jpg\" \/>\n\t<meta property=\"og:image:width\" content=\"360\" \/>\n\t<meta property=\"og:image:height\" content=\"220\" \/>\n\t<meta property=\"og:image:type\" content=\"image\/jpeg\" \/>\n<meta name=\"author\" content=\"admin\" \/>\n<meta name=\"twitter:card\" content=\"summary_large_image\" \/>\n<meta name=\"twitter:label1\" content=\"Escrito por\" \/>\n\t<meta name=\"twitter:data1\" content=\"admin\" \/>\n\t<meta name=\"twitter:label2\" content=\"Est. tempo de leitura\" \/>\n\t<meta name=\"twitter:data2\" content=\"2 minutos\" \/>\n<script type=\"application\/ld+json\" class=\"yoast-schema-graph\">{\"@context\":\"https:\/\/schema.org\",\"@graph\":[{\"@type\":\"Article\",\"@id\":\"https:\/\/bahiaeconomica.com.br\/wp\/2022\/10\/11\/calendario-de-acoes-sobre-a-saf-sao-divulgadas-pelo-bahia\/#article\",\"isPartOf\":{\"@id\":\"https:\/\/bahiaeconomica.com.br\/wp\/2022\/10\/11\/calendario-de-acoes-sobre-a-saf-sao-divulgadas-pelo-bahia\/\"},\"author\":{\"name\":\"admin\",\"@id\":\"https:\/\/bahiaeconomica.com.br\/wp\/#\/schema\/person\/cb1ab5ba96ad3d9390805381c76284ec\"},\"headline\":\"CALEND\u00c1RIO DE A\u00c7\u00d5ES SOBRE A SAF S\u00c3O DIVULGADAS PELO BAHIA\",\"datePublished\":\"2022-10-11T15:23:00+00:00\",\"dateModified\":\"2022-10-11T15:23:47+00:00\",\"mainEntityOfPage\":{\"@id\":\"https:\/\/bahiaeconomica.com.br\/wp\/2022\/10\/11\/calendario-de-acoes-sobre-a-saf-sao-divulgadas-pelo-bahia\/\"},\"wordCount\":327,\"publisher\":{\"@id\":\"https:\/\/bahiaeconomica.com.br\/wp\/#organization\"},\"keywords\":[\"Bahia\",\"futebol\",\"SAF\",\"Salvador\"],\"articleSection\":[\"Esporte\"],\"inLanguage\":\"pt-BR\"},{\"@type\":\"WebPage\",\"@id\":\"https:\/\/bahiaeconomica.com.br\/wp\/2022\/10\/11\/calendario-de-acoes-sobre-a-saf-sao-divulgadas-pelo-bahia\/\",\"url\":\"https:\/\/bahiaeconomica.com.br\/wp\/2022\/10\/11\/calendario-de-acoes-sobre-a-saf-sao-divulgadas-pelo-bahia\/\",\"name\":\"CALEND\u00c1RIO DE A\u00c7\u00d5ES SOBRE A SAF S\u00c3O DIVULGADAS PELO BAHIA - Bahia Economica\",\"isPartOf\":{\"@id\":\"https:\/\/bahiaeconomica.com.br\/wp\/#website\"},\"datePublished\":\"2022-10-11T15:23:00+00:00\",\"dateModified\":\"2022-10-11T15:23:47+00:00\",\"description\":\"O maior portal de Economia da Bahia Esporte Bahia Economica\",\"breadcrumb\":{\"@id\":\"https:\/\/bahiaeconomica.com.br\/wp\/2022\/10\/11\/calendario-de-acoes-sobre-a-saf-sao-divulgadas-pelo-bahia\/#breadcrumb\"},\"inLanguage\":\"pt-BR\",\"potentialAction\":[{\"@type\":\"ReadAction\",\"target\":[\"https:\/\/bahiaeconomica.com.br\/wp\/2022\/10\/11\/calendario-de-acoes-sobre-a-saf-sao-divulgadas-pelo-bahia\/\"]}]},{\"@type\":\"BreadcrumbList\",\"@id\":\"https:\/\/bahiaeconomica.com.br\/wp\/2022\/10\/11\/calendario-de-acoes-sobre-a-saf-sao-divulgadas-pelo-bahia\/#breadcrumb\",\"itemListElement\":[{\"@type\":\"ListItem\",\"position\":1,\"name\":\"In\u00edcio\",\"item\":\"https:\/\/bahiaeconomica.com.br\/wp\/\"},{\"@type\":\"ListItem\",\"position\":2,\"name\":\"CALEND\u00c1RIO DE A\u00c7\u00d5ES SOBRE A SAF S\u00c3O DIVULGADAS PELO BAHIA\"}]},{\"@type\":\"WebSite\",\"@id\":\"https:\/\/bahiaeconomica.com.br\/wp\/#website\",\"url\":\"https:\/\/bahiaeconomica.com.br\/wp\/\",\"name\":\"Bahia Economica\",\"description\":\"O maior portal de Economia da Bahia\",\"publisher\":{\"@id\":\"https:\/\/bahiaeconomica.com.br\/wp\/#organization\"},\"potentialAction\":[{\"@type\":\"SearchAction\",\"target\":{\"@type\":\"EntryPoint\",\"urlTemplate\":\"https:\/\/bahiaeconomica.com.br\/wp\/?s={search_term_string}\"},\"query-input\":\"required name=search_term_string\"}],\"inLanguage\":\"pt-BR\"},{\"@type\":\"Organization\",\"@id\":\"https:\/\/bahiaeconomica.com.br\/wp\/#organization\",\"name\":\"Bahia Econ\u00f4mica\",\"url\":\"https:\/\/bahiaeconomica.com.br\/wp\/\",\"logo\":{\"@type\":\"ImageObject\",\"inLanguage\":\"pt-BR\",\"@id\":\"https:\/\/bahiaeconomica.com.br\/wp\/#\/schema\/logo\/image\/\",\"url\":\"https:\/\/bahiaeconomica.com.br\/wp\/wp-content\/uploads\/2020\/12\/cropped-BE.png\",\"contentUrl\":\"https:\/\/bahiaeconomica.com.br\/wp\/wp-content\/uploads\/2020\/12\/cropped-BE.png\",\"width\":512,\"height\":512,\"caption\":\"Bahia Econ\u00f4mica\"},\"image\":{\"@id\":\"https:\/\/bahiaeconomica.com.br\/wp\/#\/schema\/logo\/image\/\"},\"sameAs\":[\"https:\/\/www.facebook.com\/bahiaeconomica\"]},{\"@type\":\"Person\",\"@id\":\"https:\/\/bahiaeconomica.com.br\/wp\/#\/schema\/person\/cb1ab5ba96ad3d9390805381c76284ec\",\"name\":\"admin\",\"url\":\"https:\/\/bahiaeconomica.com.br\/wp\/author\/admin\/\"}]}<\/script>\n<!-- \/ Yoast SEO plugin. -->","yoast_head_json":{"title":"CALEND\u00c1RIO DE A\u00c7\u00d5ES SOBRE A SAF S\u00c3O DIVULGADAS PELO BAHIA - Bahia Economica","description":"O maior portal de Economia da Bahia Esporte Bahia Economica","robots":{"index":"index","follow":"follow","max-snippet":"max-snippet:-1","max-image-preview":"max-image-preview:large","max-video-preview":"max-video-preview:-1"},"canonical":"https:\/\/bahiaeconomica.com.br\/wp\/2022\/10\/11\/calendario-de-acoes-sobre-a-saf-sao-divulgadas-pelo-bahia\/","og_locale":"pt_BR","og_type":"article","og_title":"CALEND\u00c1RIO DE A\u00c7\u00d5ES SOBRE A SAF S\u00c3O DIVULGADAS PELO BAHIA - Bahia Economica","og_description":"O maior portal de Economia da Bahia Esporte Bahia Economica","og_url":"https:\/\/bahiaeconomica.com.br\/wp\/2022\/10\/11\/calendario-de-acoes-sobre-a-saf-sao-divulgadas-pelo-bahia\/","og_site_name":"Bahia Economica","article_publisher":"https:\/\/www.facebook.com\/bahiaeconomica","article_published_time":"2022-10-11T15:23:00+00:00","article_modified_time":"2022-10-11T15:23:47+00:00","og_image":[{"width":360,"height":220,"url":"https:\/\/bahiaeconomica.com.br\/wp\/wp-content\/uploads\/2022\/10\/csm_bahia_bandeira_5a504f4153_Felipe_Oliveira_EC_Bahia.jpg","type":"image\/jpeg"}],"author":"admin","twitter_card":"summary_large_image","twitter_misc":{"Escrito por":"admin","Est. tempo de leitura":"2 minutos"},"schema":{"@context":"https:\/\/schema.org","@graph":[{"@type":"Article","@id":"https:\/\/bahiaeconomica.com.br\/wp\/2022\/10\/11\/calendario-de-acoes-sobre-a-saf-sao-divulgadas-pelo-bahia\/#article","isPartOf":{"@id":"https:\/\/bahiaeconomica.com.br\/wp\/2022\/10\/11\/calendario-de-acoes-sobre-a-saf-sao-divulgadas-pelo-bahia\/"},"author":{"name":"admin","@id":"https:\/\/bahiaeconomica.com.br\/wp\/#\/schema\/person\/cb1ab5ba96ad3d9390805381c76284ec"},"headline":"CALEND\u00c1RIO DE A\u00c7\u00d5ES SOBRE A SAF S\u00c3O DIVULGADAS PELO BAHIA","datePublished":"2022-10-11T15:23:00+00:00","dateModified":"2022-10-11T15:23:47+00:00","mainEntityOfPage":{"@id":"https:\/\/bahiaeconomica.com.br\/wp\/2022\/10\/11\/calendario-de-acoes-sobre-a-saf-sao-divulgadas-pelo-bahia\/"},"wordCount":327,"publisher":{"@id":"https:\/\/bahiaeconomica.com.br\/wp\/#organization"},"keywords":["Bahia","futebol","SAF","Salvador"],"articleSection":["Esporte"],"inLanguage":"pt-BR"},{"@type":"WebPage","@id":"https:\/\/bahiaeconomica.com.br\/wp\/2022\/10\/11\/calendario-de-acoes-sobre-a-saf-sao-divulgadas-pelo-bahia\/","url":"https:\/\/bahiaeconomica.com.br\/wp\/2022\/10\/11\/calendario-de-acoes-sobre-a-saf-sao-divulgadas-pelo-bahia\/","name":"CALEND\u00c1RIO DE A\u00c7\u00d5ES SOBRE A SAF S\u00c3O DIVULGADAS PELO BAHIA - Bahia Economica","isPartOf":{"@id":"https:\/\/bahiaeconomica.com.br\/wp\/#website"},"datePublished":"2022-10-11T15:23:00+00:00","dateModified":"2022-10-11T15:23:47+00:00","description":"O maior portal de Economia da Bahia Esporte Bahia Economica","breadcrumb":{"@id":"https:\/\/bahiaeconomica.com.br\/wp\/2022\/10\/11\/calendario-de-acoes-sobre-a-saf-sao-divulgadas-pelo-bahia\/#breadcrumb"},"inLanguage":"pt-BR","potentialAction":[{"@type":"ReadAction","target":["https:\/\/bahiaeconomica.com.br\/wp\/2022\/10\/11\/calendario-de-acoes-sobre-a-saf-sao-divulgadas-pelo-bahia\/"]}]},{"@type":"BreadcrumbList","@id":"https:\/\/bahiaeconomica.com.br\/wp\/2022\/10\/11\/calendario-de-acoes-sobre-a-saf-sao-divulgadas-pelo-bahia\/#breadcrumb","itemListElement":[{"@type":"ListItem","position":1,"name":"In\u00edcio","item":"https:\/\/bahiaeconomica.com.br\/wp\/"},{"@type":"ListItem","position":2,"name":"CALEND\u00c1RIO DE A\u00c7\u00d5ES SOBRE A SAF S\u00c3O DIVULGADAS PELO BAHIA"}]},{"@type":"WebSite","@id":"https:\/\/bahiaeconomica.com.br\/wp\/#website","url":"https:\/\/bahiaeconomica.com.br\/wp\/","name":"Bahia Economica","description":"O maior portal de Economia da Bahia","publisher":{"@id":"https:\/\/bahiaeconomica.com.br\/wp\/#organization"},"potentialAction":[{"@type":"SearchAction","target":{"@type":"EntryPoint","urlTemplate":"https:\/\/bahiaeconomica.com.br\/wp\/?s={search_term_string}"},"query-input":"required name=search_term_string"}],"inLanguage":"pt-BR"},{"@type":"Organization","@id":"https:\/\/bahiaeconomica.com.br\/wp\/#organization","name":"Bahia Econ\u00f4mica","url":"https:\/\/bahiaeconomica.com.br\/wp\/","logo":{"@type":"ImageObject","inLanguage":"pt-BR","@id":"https:\/\/bahiaeconomica.com.br\/wp\/#\/schema\/logo\/image\/","url":"https:\/\/bahiaeconomica.com.br\/wp\/wp-content\/uploads\/2020\/12\/cropped-BE.png","contentUrl":"https:\/\/bahiaeconomica.com.br\/wp\/wp-content\/uploads\/2020\/12\/cropped-BE.png","width":512,"height":512,"caption":"Bahia Econ\u00f4mica"},"image":{"@id":"https:\/\/bahiaeconomica.com.br\/wp\/#\/schema\/logo\/image\/"},"sameAs":["https:\/\/www.facebook.com\/bahiaeconomica"]},{"@type":"Person","@id":"https:\/\/bahiaeconomica.com.br\/wp\/#\/schema\/person\/cb1ab5ba96ad3d9390805381c76284ec","name":"admin","url":"https:\/\/bahiaeconomica.com.br\/wp\/author\/admin\/"}]}},"views":2,"_links":{"self":[{"href":"https:\/\/bahiaeconomica.com.br\/wp\/wp-json\/wp\/v2\/posts\/695280"}],"collection":[{"href":"https:\/\/bahiaeconomica.com.br\/wp\/wp-json\/wp\/v2\/posts"}],"about":[{"href":"https:\/\/bahiaeconomica.com.br\/wp\/wp-json\/wp\/v2\/types\/post"}],"author":[{"embeddable":true,"href":"https:\/\/bahiaeconomica.com.br\/wp\/wp-json\/wp\/v2\/users\/1"}],"replies":[{"embeddable":true,"href":"https:\/\/bahiaeconomica.com.br\/wp\/wp-json\/wp\/v2\/comments?post=695280"}],"version-history":[{"count":2,"href":"https:\/\/bahiaeconomica.com.br\/wp\/wp-json\/wp\/v2\/posts\/695280\/revisions"}],"predecessor-version":[{"id":695329,"href":"https:\/\/bahiaeconomica.com.br\/wp\/wp-json\/wp\/v2\/posts\/695280\/revisions\/695329"}],"wp:featuredmedia":[{"embeddable":true,"href":"https:\/\/bahiaeconomica.com.br\/wp\/wp-json\/wp\/v2\/media\/695327"}],"wp:attachment":[{"href":"https:\/\/bahiaeconomica.com.br\/wp\/wp-json\/wp\/v2\/media?parent=695280"}],"wp:term":[{"taxonomy":"category","embeddable":true,"href":"https:\/\/bahiaeconomica.com.br\/wp\/wp-json\/wp\/v2\/categories?post=695280"},{"taxonomy":"post_tag","embeddable":true,"href":"https:\/\/bahiaeconomica.com.br\/wp\/wp-json\/wp\/v2\/tags?post=695280"}],"curies":[{"name":"wp","href":"https:\/\/api.w.org\/{rel}","templated":true}]}}