{"id":694947,"date":"2022-10-08T09:00:42","date_gmt":"2022-10-08T12:00:42","guid":{"rendered":"https:\/\/bahiaeconomica.com.br\/wp\/beta\/?p=694947"},"modified":"2022-10-08T09:51:38","modified_gmt":"2022-10-08T12:51:38","slug":"neto-critica-gestao-do-pt-de-16-anos","status":"publish","type":"post","link":"https:\/\/bahiaeconomica.com.br\/wp\/2022\/10\/08\/neto-critica-gestao-do-pt-de-16-anos\/","title":{"rendered":"NETO CRITICA GEST\u00c3O DO PT DE 16 ANOS"},"content":{"rendered":"\n<p><\/p>\n\n\n\n<p>O candidato a governador ACM Neto (Uni\u00e3o Brasil) declarou que a Bahia est\u00e1 enfrentando n\u00e3o um postulante ao governo do estado, mas todo o sistema que comanda h\u00e1 16 anos. <\/p>\n\n\n\n<!--more-->\n\n\n\n<p>O ex-prefeito de Salvador lembrou que, no primeiro turno, foi atacado do primeiro ao \u00faltimo dia e que, mesmo assim, mais de 40% do eleitorado votou nele e lembrou das elei\u00e7\u00f5es de 2012, quando saiu vencedor no segundo turno, e do pleito de 2020 em Feira de Santana e Vit\u00f3ria da Conquista, quando candidatos do seu grupo pol\u00edtico conseguiram a virada contra petistas no segundo turno.<\/p>\n\n\n\n<p>\u201cN\u00e3o estamos enfrentando um candidato, estamos enfrentando o sistema que governa a Bahia h\u00e1 16 anos. As condi\u00e7\u00f5es impostas no primeiro turno foram muito mais duras e muito mais pesadas do que as condi\u00e7\u00f5es pol\u00edticas que vamos enfrentar agora no segundo turno\u201d, disse, durante encontro com lideran\u00e7as na noite desta quinta-feira (6).<\/p>\n\n\n\n<p>\u201cN\u00f3s t\u00ednhamos quatro candidatos, no entanto eu era o \u00fanico alvo da elei\u00e7\u00e3o. Eu fui atacado do primeiro ao \u00faltimo dia. Mesmo assim, 40% dos eleitores da Bahia votaram na gente. Se somarmos os votos dados a outros candidatos, a maioria do povo baiano demonstrou que quer mudan\u00e7a. E \u00e9 importante destacar isso: essas pessoas votaram na gente porque acreditam de verdade no nosso projeto\u201d, continuou.<\/p>\n\n\n\n<p>ACM destacou a mobiliza\u00e7\u00e3o espont\u00e2nea que tem tomado conta dos comit\u00eas de campanha, com o aumento na procura por materiais gr\u00e1ficos, e nas redes sociais, com o crescimento dos compartilhamentos. \u201cParece que se repete um filme na minha cabe\u00e7a. Em 2012, foi a mesma coisa. No segundo turno, a mobiliza\u00e7\u00e3o saiu da esfera pol\u00edtica e ganhou as ruas, as pessoas, de forma muito espont\u00e2nea\u201d, disse, lembrando a disputa para prefeito de Salvador que ele venceu.<\/p>\n\n\n\n<p>Em 2020, em Feira de Santana e Vit\u00f3ria da Conquista, os candidatos apoiados por ACM Neto sa\u00edram vencedores no segundo turno, ap\u00f3s terem virado o primeiro turno em desvantagem diante de postulantes do PT. \u201cNaquela ocasi\u00e3o, algumas pessoas disseram para jogar a toalha. Mas eu, naquele momento, mesmo n\u00e3o sendo eleitor de Conquista ou de Feira, ca\u00ed para dentro da elei\u00e7\u00e3o. Fomos \u00e0 luta, fomos \u00e0s ruas para virar o jogo. E por isso sa\u00edmos vitoriosos, em situa\u00e7\u00e3o bem parecida com a que vivemos agora\u201d, ressaltou.<\/p>\n\n\n\n<p>Foto: Divulga\u00e7\u00e3o\/Assessoria ACM Neto<\/p>\n","protected":false},"excerpt":{"rendered":"<p>O candidato a governador ACM Neto (Uni\u00e3o Brasil) declarou que a Bahia est\u00e1 enfrentando n\u00e3o um postulante ao governo do estado, mas todo o sistema que comanda h\u00e1 16 anos.<\/p>\n","protected":false},"author":1,"featured_media":694948,"comment_status":"closed","ping_status":"closed","sticky":false,"template":"","format":"standard","meta":[],"categories":[14,3],"tags":[],"acf":[],"yoast_head":"<!-- This site is optimized with the Yoast SEO plugin v20.8 - https:\/\/yoast.com\/wordpress\/plugins\/seo\/ -->\n<title>NETO CRITICA GEST\u00c3O DO PT DE 16 ANOS - Bahia Economica<\/title>\n<meta name=\"description\" content=\"O maior portal de Economia da Bahia DESTAQUE DO DIA, ECONOMIA \/ POL\u00cdTICA Bahia Economica\" \/>\n<meta name=\"robots\" content=\"index, follow, max-snippet:-1, max-image-preview:large, max-video-preview:-1\" \/>\n<link rel=\"canonical\" href=\"https:\/\/bahiaeconomica.com.br\/wp\/2022\/10\/08\/neto-critica-gestao-do-pt-de-16-anos\/\" \/>\n<meta property=\"og:locale\" content=\"pt_BR\" \/>\n<meta property=\"og:type\" content=\"article\" \/>\n<meta property=\"og:title\" content=\"NETO CRITICA GEST\u00c3O DO PT DE 16 ANOS - Bahia Economica\" \/>\n<meta property=\"og:description\" content=\"O maior portal de Economia da Bahia DESTAQUE DO DIA, ECONOMIA \/ POL\u00cdTICA Bahia Economica\" \/>\n<meta property=\"og:url\" content=\"https:\/\/bahiaeconomica.com.br\/wp\/2022\/10\/08\/neto-critica-gestao-do-pt-de-16-anos\/\" \/>\n<meta property=\"og:site_name\" content=\"Bahia Economica\" \/>\n<meta property=\"article:publisher\" content=\"https:\/\/www.facebook.com\/bahiaeconomica\" \/>\n<meta property=\"article:published_time\" content=\"2022-10-08T12:00:42+00:00\" \/>\n<meta property=\"article:modified_time\" content=\"2022-10-08T12:51:38+00:00\" \/>\n<meta property=\"og:image\" content=\"https:\/\/bahiaeconomica.com.br\/wp\/wp-content\/uploads\/2022\/10\/WhatsApp-Image-2022-10-07-at-18.23.12.jpg\" \/>\n\t<meta property=\"og:image:width\" content=\"600\" \/>\n\t<meta property=\"og:image:height\" content=\"420\" \/>\n\t<meta property=\"og:image:type\" content=\"image\/jpeg\" \/>\n<meta name=\"author\" content=\"admin\" \/>\n<meta name=\"twitter:card\" content=\"summary_large_image\" \/>\n<meta name=\"twitter:label1\" content=\"Escrito por\" \/>\n\t<meta name=\"twitter:data1\" content=\"admin\" \/>\n\t<meta name=\"twitter:label2\" content=\"Est. tempo de leitura\" \/>\n\t<meta name=\"twitter:data2\" content=\"3 minutos\" \/>\n<script type=\"application\/ld+json\" class=\"yoast-schema-graph\">{\"@context\":\"https:\/\/schema.org\",\"@graph\":[{\"@type\":\"Article\",\"@id\":\"https:\/\/bahiaeconomica.com.br\/wp\/2022\/10\/08\/neto-critica-gestao-do-pt-de-16-anos\/#article\",\"isPartOf\":{\"@id\":\"https:\/\/bahiaeconomica.com.br\/wp\/2022\/10\/08\/neto-critica-gestao-do-pt-de-16-anos\/\"},\"author\":{\"name\":\"admin\",\"@id\":\"https:\/\/bahiaeconomica.com.br\/wp\/#\/schema\/person\/cb1ab5ba96ad3d9390805381c76284ec\"},\"headline\":\"NETO CRITICA GEST\u00c3O DO PT DE 16 ANOS\",\"datePublished\":\"2022-10-08T12:00:42+00:00\",\"dateModified\":\"2022-10-08T12:51:38+00:00\",\"mainEntityOfPage\":{\"@id\":\"https:\/\/bahiaeconomica.com.br\/wp\/2022\/10\/08\/neto-critica-gestao-do-pt-de-16-anos\/\"},\"wordCount\":408,\"publisher\":{\"@id\":\"https:\/\/bahiaeconomica.com.br\/wp\/#organization\"},\"articleSection\":[\"DESTAQUE DO DIA\",\"ECONOMIA \/ POL\u00cdTICA\"],\"inLanguage\":\"pt-BR\"},{\"@type\":\"WebPage\",\"@id\":\"https:\/\/bahiaeconomica.com.br\/wp\/2022\/10\/08\/neto-critica-gestao-do-pt-de-16-anos\/\",\"url\":\"https:\/\/bahiaeconomica.com.br\/wp\/2022\/10\/08\/neto-critica-gestao-do-pt-de-16-anos\/\",\"name\":\"NETO CRITICA GEST\u00c3O DO PT DE 16 ANOS - Bahia Economica\",\"isPartOf\":{\"@id\":\"https:\/\/bahiaeconomica.com.br\/wp\/#website\"},\"datePublished\":\"2022-10-08T12:00:42+00:00\",\"dateModified\":\"2022-10-08T12:51:38+00:00\",\"description\":\"O maior portal de Economia da Bahia DESTAQUE DO DIA, ECONOMIA \/ POL\u00cdTICA Bahia Economica\",\"breadcrumb\":{\"@id\":\"https:\/\/bahiaeconomica.com.br\/wp\/2022\/10\/08\/neto-critica-gestao-do-pt-de-16-anos\/#breadcrumb\"},\"inLanguage\":\"pt-BR\",\"potentialAction\":[{\"@type\":\"ReadAction\",\"target\":[\"https:\/\/bahiaeconomica.com.br\/wp\/2022\/10\/08\/neto-critica-gestao-do-pt-de-16-anos\/\"]}]},{\"@type\":\"BreadcrumbList\",\"@id\":\"https:\/\/bahiaeconomica.com.br\/wp\/2022\/10\/08\/neto-critica-gestao-do-pt-de-16-anos\/#breadcrumb\",\"itemListElement\":[{\"@type\":\"ListItem\",\"position\":1,\"name\":\"In\u00edcio\",\"item\":\"https:\/\/bahiaeconomica.com.br\/wp\/\"},{\"@type\":\"ListItem\",\"position\":2,\"name\":\"NETO CRITICA GEST\u00c3O DO PT DE 16 ANOS\"}]},{\"@type\":\"WebSite\",\"@id\":\"https:\/\/bahiaeconomica.com.br\/wp\/#website\",\"url\":\"https:\/\/bahiaeconomica.com.br\/wp\/\",\"name\":\"Bahia Economica\",\"description\":\"O maior portal de Economia da Bahia\",\"publisher\":{\"@id\":\"https:\/\/bahiaeconomica.com.br\/wp\/#organization\"},\"potentialAction\":[{\"@type\":\"SearchAction\",\"target\":{\"@type\":\"EntryPoint\",\"urlTemplate\":\"https:\/\/bahiaeconomica.com.br\/wp\/?s={search_term_string}\"},\"query-input\":\"required name=search_term_string\"}],\"inLanguage\":\"pt-BR\"},{\"@type\":\"Organization\",\"@id\":\"https:\/\/bahiaeconomica.com.br\/wp\/#organization\",\"name\":\"Bahia Econ\u00f4mica\",\"url\":\"https:\/\/bahiaeconomica.com.br\/wp\/\",\"logo\":{\"@type\":\"ImageObject\",\"inLanguage\":\"pt-BR\",\"@id\":\"https:\/\/bahiaeconomica.com.br\/wp\/#\/schema\/logo\/image\/\",\"url\":\"https:\/\/bahiaeconomica.com.br\/wp\/wp-content\/uploads\/2020\/12\/cropped-BE.png\",\"contentUrl\":\"https:\/\/bahiaeconomica.com.br\/wp\/wp-content\/uploads\/2020\/12\/cropped-BE.png\",\"width\":512,\"height\":512,\"caption\":\"Bahia Econ\u00f4mica\"},\"image\":{\"@id\":\"https:\/\/bahiaeconomica.com.br\/wp\/#\/schema\/logo\/image\/\"},\"sameAs\":[\"https:\/\/www.facebook.com\/bahiaeconomica\"]},{\"@type\":\"Person\",\"@id\":\"https:\/\/bahiaeconomica.com.br\/wp\/#\/schema\/person\/cb1ab5ba96ad3d9390805381c76284ec\",\"name\":\"admin\",\"url\":\"https:\/\/bahiaeconomica.com.br\/wp\/author\/admin\/\"}]}<\/script>\n<!-- \/ Yoast SEO plugin. -->","yoast_head_json":{"title":"NETO CRITICA GEST\u00c3O DO PT DE 16 ANOS - Bahia Economica","description":"O maior portal de Economia da Bahia DESTAQUE DO DIA, ECONOMIA \/ POL\u00cdTICA Bahia Economica","robots":{"index":"index","follow":"follow","max-snippet":"max-snippet:-1","max-image-preview":"max-image-preview:large","max-video-preview":"max-video-preview:-1"},"canonical":"https:\/\/bahiaeconomica.com.br\/wp\/2022\/10\/08\/neto-critica-gestao-do-pt-de-16-anos\/","og_locale":"pt_BR","og_type":"article","og_title":"NETO CRITICA GEST\u00c3O DO PT DE 16 ANOS - Bahia Economica","og_description":"O maior portal de Economia da Bahia DESTAQUE DO DIA, ECONOMIA \/ POL\u00cdTICA Bahia Economica","og_url":"https:\/\/bahiaeconomica.com.br\/wp\/2022\/10\/08\/neto-critica-gestao-do-pt-de-16-anos\/","og_site_name":"Bahia Economica","article_publisher":"https:\/\/www.facebook.com\/bahiaeconomica","article_published_time":"2022-10-08T12:00:42+00:00","article_modified_time":"2022-10-08T12:51:38+00:00","og_image":[{"width":600,"height":420,"url":"https:\/\/bahiaeconomica.com.br\/wp\/wp-content\/uploads\/2022\/10\/WhatsApp-Image-2022-10-07-at-18.23.12.jpg","type":"image\/jpeg"}],"author":"admin","twitter_card":"summary_large_image","twitter_misc":{"Escrito por":"admin","Est. tempo de leitura":"3 minutos"},"schema":{"@context":"https:\/\/schema.org","@graph":[{"@type":"Article","@id":"https:\/\/bahiaeconomica.com.br\/wp\/2022\/10\/08\/neto-critica-gestao-do-pt-de-16-anos\/#article","isPartOf":{"@id":"https:\/\/bahiaeconomica.com.br\/wp\/2022\/10\/08\/neto-critica-gestao-do-pt-de-16-anos\/"},"author":{"name":"admin","@id":"https:\/\/bahiaeconomica.com.br\/wp\/#\/schema\/person\/cb1ab5ba96ad3d9390805381c76284ec"},"headline":"NETO CRITICA GEST\u00c3O DO PT DE 16 ANOS","datePublished":"2022-10-08T12:00:42+00:00","dateModified":"2022-10-08T12:51:38+00:00","mainEntityOfPage":{"@id":"https:\/\/bahiaeconomica.com.br\/wp\/2022\/10\/08\/neto-critica-gestao-do-pt-de-16-anos\/"},"wordCount":408,"publisher":{"@id":"https:\/\/bahiaeconomica.com.br\/wp\/#organization"},"articleSection":["DESTAQUE DO DIA","ECONOMIA \/ POL\u00cdTICA"],"inLanguage":"pt-BR"},{"@type":"WebPage","@id":"https:\/\/bahiaeconomica.com.br\/wp\/2022\/10\/08\/neto-critica-gestao-do-pt-de-16-anos\/","url":"https:\/\/bahiaeconomica.com.br\/wp\/2022\/10\/08\/neto-critica-gestao-do-pt-de-16-anos\/","name":"NETO CRITICA GEST\u00c3O DO PT DE 16 ANOS - Bahia Economica","isPartOf":{"@id":"https:\/\/bahiaeconomica.com.br\/wp\/#website"},"datePublished":"2022-10-08T12:00:42+00:00","dateModified":"2022-10-08T12:51:38+00:00","description":"O maior portal de Economia da Bahia DESTAQUE DO DIA, ECONOMIA \/ POL\u00cdTICA Bahia Economica","breadcrumb":{"@id":"https:\/\/bahiaeconomica.com.br\/wp\/2022\/10\/08\/neto-critica-gestao-do-pt-de-16-anos\/#breadcrumb"},"inLanguage":"pt-BR","potentialAction":[{"@type":"ReadAction","target":["https:\/\/bahiaeconomica.com.br\/wp\/2022\/10\/08\/neto-critica-gestao-do-pt-de-16-anos\/"]}]},{"@type":"BreadcrumbList","@id":"https:\/\/bahiaeconomica.com.br\/wp\/2022\/10\/08\/neto-critica-gestao-do-pt-de-16-anos\/#breadcrumb","itemListElement":[{"@type":"ListItem","position":1,"name":"In\u00edcio","item":"https:\/\/bahiaeconomica.com.br\/wp\/"},{"@type":"ListItem","position":2,"name":"NETO CRITICA GEST\u00c3O DO PT DE 16 ANOS"}]},{"@type":"WebSite","@id":"https:\/\/bahiaeconomica.com.br\/wp\/#website","url":"https:\/\/bahiaeconomica.com.br\/wp\/","name":"Bahia Economica","description":"O maior portal de Economia da Bahia","publisher":{"@id":"https:\/\/bahiaeconomica.com.br\/wp\/#organization"},"potentialAction":[{"@type":"SearchAction","target":{"@type":"EntryPoint","urlTemplate":"https:\/\/bahiaeconomica.com.br\/wp\/?s={search_term_string}"},"query-input":"required name=search_term_string"}],"inLanguage":"pt-BR"},{"@type":"Organization","@id":"https:\/\/bahiaeconomica.com.br\/wp\/#organization","name":"Bahia Econ\u00f4mica","url":"https:\/\/bahiaeconomica.com.br\/wp\/","logo":{"@type":"ImageObject","inLanguage":"pt-BR","@id":"https:\/\/bahiaeconomica.com.br\/wp\/#\/schema\/logo\/image\/","url":"https:\/\/bahiaeconomica.com.br\/wp\/wp-content\/uploads\/2020\/12\/cropped-BE.png","contentUrl":"https:\/\/bahiaeconomica.com.br\/wp\/wp-content\/uploads\/2020\/12\/cropped-BE.png","width":512,"height":512,"caption":"Bahia Econ\u00f4mica"},"image":{"@id":"https:\/\/bahiaeconomica.com.br\/wp\/#\/schema\/logo\/image\/"},"sameAs":["https:\/\/www.facebook.com\/bahiaeconomica"]},{"@type":"Person","@id":"https:\/\/bahiaeconomica.com.br\/wp\/#\/schema\/person\/cb1ab5ba96ad3d9390805381c76284ec","name":"admin","url":"https:\/\/bahiaeconomica.com.br\/wp\/author\/admin\/"}]}},"views":3,"_links":{"self":[{"href":"https:\/\/bahiaeconomica.com.br\/wp\/wp-json\/wp\/v2\/posts\/694947"}],"collection":[{"href":"https:\/\/bahiaeconomica.com.br\/wp\/wp-json\/wp\/v2\/posts"}],"about":[{"href":"https:\/\/bahiaeconomica.com.br\/wp\/wp-json\/wp\/v2\/types\/post"}],"author":[{"embeddable":true,"href":"https:\/\/bahiaeconomica.com.br\/wp\/wp-json\/wp\/v2\/users\/1"}],"replies":[{"embeddable":true,"href":"https:\/\/bahiaeconomica.com.br\/wp\/wp-json\/wp\/v2\/comments?post=694947"}],"version-history":[{"count":1,"href":"https:\/\/bahiaeconomica.com.br\/wp\/wp-json\/wp\/v2\/posts\/694947\/revisions"}],"predecessor-version":[{"id":694949,"href":"https:\/\/bahiaeconomica.com.br\/wp\/wp-json\/wp\/v2\/posts\/694947\/revisions\/694949"}],"wp:featuredmedia":[{"embeddable":true,"href":"https:\/\/bahiaeconomica.com.br\/wp\/wp-json\/wp\/v2\/media\/694948"}],"wp:attachment":[{"href":"https:\/\/bahiaeconomica.com.br\/wp\/wp-json\/wp\/v2\/media?parent=694947"}],"wp:term":[{"taxonomy":"category","embeddable":true,"href":"https:\/\/bahiaeconomica.com.br\/wp\/wp-json\/wp\/v2\/categories?post=694947"},{"taxonomy":"post_tag","embeddable":true,"href":"https:\/\/bahiaeconomica.com.br\/wp\/wp-json\/wp\/v2\/tags?post=694947"}],"curies":[{"name":"wp","href":"https:\/\/api.w.org\/{rel}","templated":true}]}}