{"id":694075,"date":"2022-10-04T15:39:34","date_gmt":"2022-10-04T18:39:34","guid":{"rendered":"https:\/\/bahiaeconomica.com.br\/wp\/beta\/?p=694075"},"modified":"2022-10-04T15:40:59","modified_gmt":"2022-10-04T18:40:59","slug":"jeronimo-recebe-apoio-de-ex-apoiador-de-joao-roma","status":"publish","type":"post","link":"https:\/\/bahiaeconomica.com.br\/wp\/2022\/10\/04\/jeronimo-recebe-apoio-de-ex-apoiador-de-joao-roma\/","title":{"rendered":"JER\u00d4NIMO RECEBE APOIO DE EX-ALIADO DE JO\u00c3O ROMA"},"content":{"rendered":"\n<p>Adriano Lima (PP), que esteve com Jo\u00e3o Roma (PL) no primeiro turno, passa a integrar a rede de mais de 300 prefeitos que apoiam o time de Lula no Estado<\/p>\n\n\n\n<!--more-->\n\n\n\n<p>Na tarde desta ter\u00e7a-feira (4), o prefeito de Serrinha, Adriano Lima (PP), anunciou apoio ao candidato a governador Jer\u00f4nimo Rodrigues (PT) no segundo turno da elei\u00e7\u00e3o baiana. No primeiro turno, Adriano Lima havia apoiado Jo\u00e3o Roma (PL). Agora, passa a integrar a base de apoio de Jer\u00f4nimo, que j\u00e1 conta com mais de 300 prefeitos.<\/p>\n\n\n\n<p>\u201cA popula\u00e7\u00e3o de Serrinha v\u00ea o carinho e o afeto que o (governador) Rui Costa tem com a cidade e a grande capacidade de trabalho do time de Lula na Bahia\u201d, afirma Adriano Lima. \u201cTenho um grande prazer de integrar esta equipe. Agora, vamos com Jer\u00f4nimo rumo \u00e0 vit\u00f3ria no segundo turno.\u201d<\/p>\n\n\n\n<p>Jer\u00f4nimo agradeceu a chegada de Adriano Lima a sua base de apoio e \u00e0 popula\u00e7\u00e3o de Serrinha pela confian\u00e7a, demonstrada nos votos, dada ao time de Lula na Bahia, \u201cVamos continuar com a parceria que temos com Serrinha, para seguir levando melhorias \u00e0 popula\u00e7\u00e3o, como as escolas, a policl\u00ednica, as redes de acesso \u00e0 \u00e1gua, entre muitas outras, para que o prefeito possa continuar cuidando bem das pessoas.\u201d<\/p>\n\n\n\n<p>Foto: Reprodu\u00e7\u00e3o<\/p>\n","protected":false},"excerpt":{"rendered":"<p>Adriano Lima (PP), que esteve com Jo\u00e3o Roma (PL) no primeiro turno, passa a integrar a rede de mais de 300 prefeitos que apoiam o time de Lula no Estado<\/p>\n","protected":false},"author":1,"featured_media":681821,"comment_status":"closed","ping_status":"closed","sticky":false,"template":"","format":"standard","meta":[],"categories":[3],"tags":[],"acf":[],"yoast_head":"<!-- This site is optimized with the Yoast SEO plugin v20.8 - https:\/\/yoast.com\/wordpress\/plugins\/seo\/ -->\n<title>JER\u00d4NIMO RECEBE APOIO DE EX-ALIADO DE JO\u00c3O ROMA - Bahia Economica<\/title>\n<meta name=\"description\" content=\"O maior portal de Economia da Bahia ECONOMIA \/ POL\u00cdTICA Bahia Economica\" \/>\n<meta name=\"robots\" content=\"index, follow, max-snippet:-1, max-image-preview:large, max-video-preview:-1\" \/>\n<link rel=\"canonical\" href=\"https:\/\/bahiaeconomica.com.br\/wp\/2022\/10\/04\/jeronimo-recebe-apoio-de-ex-apoiador-de-joao-roma\/\" \/>\n<meta property=\"og:locale\" content=\"pt_BR\" \/>\n<meta property=\"og:type\" content=\"article\" \/>\n<meta property=\"og:title\" content=\"JER\u00d4NIMO RECEBE APOIO DE EX-ALIADO DE JO\u00c3O ROMA - Bahia Economica\" \/>\n<meta property=\"og:description\" content=\"O maior portal de Economia da Bahia ECONOMIA \/ POL\u00cdTICA Bahia Economica\" \/>\n<meta property=\"og:url\" content=\"https:\/\/bahiaeconomica.com.br\/wp\/2022\/10\/04\/jeronimo-recebe-apoio-de-ex-apoiador-de-joao-roma\/\" \/>\n<meta property=\"og:site_name\" content=\"Bahia Economica\" \/>\n<meta property=\"article:publisher\" content=\"https:\/\/www.facebook.com\/bahiaeconomica\" \/>\n<meta property=\"article:published_time\" content=\"2022-10-04T18:39:34+00:00\" \/>\n<meta property=\"article:modified_time\" content=\"2022-10-04T18:40:59+00:00\" \/>\n<meta property=\"og:image\" content=\"https:\/\/bahiaeconomica.com.br\/wp\/wp-content\/uploads\/2022\/08\/foto-jeronimo-rodrigues-734x500-1.jpg\" \/>\n\t<meta property=\"og:image:width\" content=\"360\" \/>\n\t<meta property=\"og:image:height\" content=\"220\" \/>\n\t<meta property=\"og:image:type\" content=\"image\/jpeg\" \/>\n<meta name=\"author\" content=\"admin\" \/>\n<meta name=\"twitter:card\" content=\"summary_large_image\" \/>\n<meta name=\"twitter:label1\" content=\"Escrito por\" \/>\n\t<meta name=\"twitter:data1\" content=\"admin\" \/>\n\t<meta name=\"twitter:label2\" content=\"Est. tempo de leitura\" \/>\n\t<meta name=\"twitter:data2\" content=\"2 minutos\" \/>\n<script type=\"application\/ld+json\" class=\"yoast-schema-graph\">{\"@context\":\"https:\/\/schema.org\",\"@graph\":[{\"@type\":\"Article\",\"@id\":\"https:\/\/bahiaeconomica.com.br\/wp\/2022\/10\/04\/jeronimo-recebe-apoio-de-ex-apoiador-de-joao-roma\/#article\",\"isPartOf\":{\"@id\":\"https:\/\/bahiaeconomica.com.br\/wp\/2022\/10\/04\/jeronimo-recebe-apoio-de-ex-apoiador-de-joao-roma\/\"},\"author\":{\"name\":\"admin\",\"@id\":\"https:\/\/bahiaeconomica.com.br\/wp\/#\/schema\/person\/cb1ab5ba96ad3d9390805381c76284ec\"},\"headline\":\"JER\u00d4NIMO RECEBE APOIO DE EX-ALIADO DE JO\u00c3O ROMA\",\"datePublished\":\"2022-10-04T18:39:34+00:00\",\"dateModified\":\"2022-10-04T18:40:59+00:00\",\"mainEntityOfPage\":{\"@id\":\"https:\/\/bahiaeconomica.com.br\/wp\/2022\/10\/04\/jeronimo-recebe-apoio-de-ex-apoiador-de-joao-roma\/\"},\"wordCount\":225,\"publisher\":{\"@id\":\"https:\/\/bahiaeconomica.com.br\/wp\/#organization\"},\"articleSection\":[\"ECONOMIA \/ POL\u00cdTICA\"],\"inLanguage\":\"pt-BR\"},{\"@type\":\"WebPage\",\"@id\":\"https:\/\/bahiaeconomica.com.br\/wp\/2022\/10\/04\/jeronimo-recebe-apoio-de-ex-apoiador-de-joao-roma\/\",\"url\":\"https:\/\/bahiaeconomica.com.br\/wp\/2022\/10\/04\/jeronimo-recebe-apoio-de-ex-apoiador-de-joao-roma\/\",\"name\":\"JER\u00d4NIMO RECEBE APOIO DE EX-ALIADO DE JO\u00c3O ROMA - Bahia Economica\",\"isPartOf\":{\"@id\":\"https:\/\/bahiaeconomica.com.br\/wp\/#website\"},\"datePublished\":\"2022-10-04T18:39:34+00:00\",\"dateModified\":\"2022-10-04T18:40:59+00:00\",\"description\":\"O maior portal de Economia da Bahia ECONOMIA \/ POL\u00cdTICA Bahia Economica\",\"breadcrumb\":{\"@id\":\"https:\/\/bahiaeconomica.com.br\/wp\/2022\/10\/04\/jeronimo-recebe-apoio-de-ex-apoiador-de-joao-roma\/#breadcrumb\"},\"inLanguage\":\"pt-BR\",\"potentialAction\":[{\"@type\":\"ReadAction\",\"target\":[\"https:\/\/bahiaeconomica.com.br\/wp\/2022\/10\/04\/jeronimo-recebe-apoio-de-ex-apoiador-de-joao-roma\/\"]}]},{\"@type\":\"BreadcrumbList\",\"@id\":\"https:\/\/bahiaeconomica.com.br\/wp\/2022\/10\/04\/jeronimo-recebe-apoio-de-ex-apoiador-de-joao-roma\/#breadcrumb\",\"itemListElement\":[{\"@type\":\"ListItem\",\"position\":1,\"name\":\"In\u00edcio\",\"item\":\"https:\/\/bahiaeconomica.com.br\/wp\/\"},{\"@type\":\"ListItem\",\"position\":2,\"name\":\"JER\u00d4NIMO RECEBE APOIO DE EX-ALIADO DE JO\u00c3O ROMA\"}]},{\"@type\":\"WebSite\",\"@id\":\"https:\/\/bahiaeconomica.com.br\/wp\/#website\",\"url\":\"https:\/\/bahiaeconomica.com.br\/wp\/\",\"name\":\"Bahia Economica\",\"description\":\"O maior portal de Economia da Bahia\",\"publisher\":{\"@id\":\"https:\/\/bahiaeconomica.com.br\/wp\/#organization\"},\"potentialAction\":[{\"@type\":\"SearchAction\",\"target\":{\"@type\":\"EntryPoint\",\"urlTemplate\":\"https:\/\/bahiaeconomica.com.br\/wp\/?s={search_term_string}\"},\"query-input\":\"required name=search_term_string\"}],\"inLanguage\":\"pt-BR\"},{\"@type\":\"Organization\",\"@id\":\"https:\/\/bahiaeconomica.com.br\/wp\/#organization\",\"name\":\"Bahia Econ\u00f4mica\",\"url\":\"https:\/\/bahiaeconomica.com.br\/wp\/\",\"logo\":{\"@type\":\"ImageObject\",\"inLanguage\":\"pt-BR\",\"@id\":\"https:\/\/bahiaeconomica.com.br\/wp\/#\/schema\/logo\/image\/\",\"url\":\"https:\/\/bahiaeconomica.com.br\/wp\/wp-content\/uploads\/2020\/12\/cropped-BE.png\",\"contentUrl\":\"https:\/\/bahiaeconomica.com.br\/wp\/wp-content\/uploads\/2020\/12\/cropped-BE.png\",\"width\":512,\"height\":512,\"caption\":\"Bahia Econ\u00f4mica\"},\"image\":{\"@id\":\"https:\/\/bahiaeconomica.com.br\/wp\/#\/schema\/logo\/image\/\"},\"sameAs\":[\"https:\/\/www.facebook.com\/bahiaeconomica\"]},{\"@type\":\"Person\",\"@id\":\"https:\/\/bahiaeconomica.com.br\/wp\/#\/schema\/person\/cb1ab5ba96ad3d9390805381c76284ec\",\"name\":\"admin\",\"url\":\"https:\/\/bahiaeconomica.com.br\/wp\/author\/admin\/\"}]}<\/script>\n<!-- \/ Yoast SEO plugin. -->","yoast_head_json":{"title":"JER\u00d4NIMO RECEBE APOIO DE EX-ALIADO DE JO\u00c3O ROMA - Bahia Economica","description":"O maior portal de Economia da Bahia ECONOMIA \/ POL\u00cdTICA Bahia Economica","robots":{"index":"index","follow":"follow","max-snippet":"max-snippet:-1","max-image-preview":"max-image-preview:large","max-video-preview":"max-video-preview:-1"},"canonical":"https:\/\/bahiaeconomica.com.br\/wp\/2022\/10\/04\/jeronimo-recebe-apoio-de-ex-apoiador-de-joao-roma\/","og_locale":"pt_BR","og_type":"article","og_title":"JER\u00d4NIMO RECEBE APOIO DE EX-ALIADO DE JO\u00c3O ROMA - Bahia Economica","og_description":"O maior portal de Economia da Bahia ECONOMIA \/ POL\u00cdTICA Bahia Economica","og_url":"https:\/\/bahiaeconomica.com.br\/wp\/2022\/10\/04\/jeronimo-recebe-apoio-de-ex-apoiador-de-joao-roma\/","og_site_name":"Bahia Economica","article_publisher":"https:\/\/www.facebook.com\/bahiaeconomica","article_published_time":"2022-10-04T18:39:34+00:00","article_modified_time":"2022-10-04T18:40:59+00:00","og_image":[{"width":360,"height":220,"url":"https:\/\/bahiaeconomica.com.br\/wp\/wp-content\/uploads\/2022\/08\/foto-jeronimo-rodrigues-734x500-1.jpg","type":"image\/jpeg"}],"author":"admin","twitter_card":"summary_large_image","twitter_misc":{"Escrito por":"admin","Est. tempo de leitura":"2 minutos"},"schema":{"@context":"https:\/\/schema.org","@graph":[{"@type":"Article","@id":"https:\/\/bahiaeconomica.com.br\/wp\/2022\/10\/04\/jeronimo-recebe-apoio-de-ex-apoiador-de-joao-roma\/#article","isPartOf":{"@id":"https:\/\/bahiaeconomica.com.br\/wp\/2022\/10\/04\/jeronimo-recebe-apoio-de-ex-apoiador-de-joao-roma\/"},"author":{"name":"admin","@id":"https:\/\/bahiaeconomica.com.br\/wp\/#\/schema\/person\/cb1ab5ba96ad3d9390805381c76284ec"},"headline":"JER\u00d4NIMO RECEBE APOIO DE EX-ALIADO DE JO\u00c3O ROMA","datePublished":"2022-10-04T18:39:34+00:00","dateModified":"2022-10-04T18:40:59+00:00","mainEntityOfPage":{"@id":"https:\/\/bahiaeconomica.com.br\/wp\/2022\/10\/04\/jeronimo-recebe-apoio-de-ex-apoiador-de-joao-roma\/"},"wordCount":225,"publisher":{"@id":"https:\/\/bahiaeconomica.com.br\/wp\/#organization"},"articleSection":["ECONOMIA \/ POL\u00cdTICA"],"inLanguage":"pt-BR"},{"@type":"WebPage","@id":"https:\/\/bahiaeconomica.com.br\/wp\/2022\/10\/04\/jeronimo-recebe-apoio-de-ex-apoiador-de-joao-roma\/","url":"https:\/\/bahiaeconomica.com.br\/wp\/2022\/10\/04\/jeronimo-recebe-apoio-de-ex-apoiador-de-joao-roma\/","name":"JER\u00d4NIMO RECEBE APOIO DE EX-ALIADO DE JO\u00c3O ROMA - Bahia Economica","isPartOf":{"@id":"https:\/\/bahiaeconomica.com.br\/wp\/#website"},"datePublished":"2022-10-04T18:39:34+00:00","dateModified":"2022-10-04T18:40:59+00:00","description":"O maior portal de Economia da Bahia ECONOMIA \/ POL\u00cdTICA Bahia Economica","breadcrumb":{"@id":"https:\/\/bahiaeconomica.com.br\/wp\/2022\/10\/04\/jeronimo-recebe-apoio-de-ex-apoiador-de-joao-roma\/#breadcrumb"},"inLanguage":"pt-BR","potentialAction":[{"@type":"ReadAction","target":["https:\/\/bahiaeconomica.com.br\/wp\/2022\/10\/04\/jeronimo-recebe-apoio-de-ex-apoiador-de-joao-roma\/"]}]},{"@type":"BreadcrumbList","@id":"https:\/\/bahiaeconomica.com.br\/wp\/2022\/10\/04\/jeronimo-recebe-apoio-de-ex-apoiador-de-joao-roma\/#breadcrumb","itemListElement":[{"@type":"ListItem","position":1,"name":"In\u00edcio","item":"https:\/\/bahiaeconomica.com.br\/wp\/"},{"@type":"ListItem","position":2,"name":"JER\u00d4NIMO RECEBE APOIO DE EX-ALIADO DE JO\u00c3O ROMA"}]},{"@type":"WebSite","@id":"https:\/\/bahiaeconomica.com.br\/wp\/#website","url":"https:\/\/bahiaeconomica.com.br\/wp\/","name":"Bahia Economica","description":"O maior portal de Economia da Bahia","publisher":{"@id":"https:\/\/bahiaeconomica.com.br\/wp\/#organization"},"potentialAction":[{"@type":"SearchAction","target":{"@type":"EntryPoint","urlTemplate":"https:\/\/bahiaeconomica.com.br\/wp\/?s={search_term_string}"},"query-input":"required name=search_term_string"}],"inLanguage":"pt-BR"},{"@type":"Organization","@id":"https:\/\/bahiaeconomica.com.br\/wp\/#organization","name":"Bahia Econ\u00f4mica","url":"https:\/\/bahiaeconomica.com.br\/wp\/","logo":{"@type":"ImageObject","inLanguage":"pt-BR","@id":"https:\/\/bahiaeconomica.com.br\/wp\/#\/schema\/logo\/image\/","url":"https:\/\/bahiaeconomica.com.br\/wp\/wp-content\/uploads\/2020\/12\/cropped-BE.png","contentUrl":"https:\/\/bahiaeconomica.com.br\/wp\/wp-content\/uploads\/2020\/12\/cropped-BE.png","width":512,"height":512,"caption":"Bahia Econ\u00f4mica"},"image":{"@id":"https:\/\/bahiaeconomica.com.br\/wp\/#\/schema\/logo\/image\/"},"sameAs":["https:\/\/www.facebook.com\/bahiaeconomica"]},{"@type":"Person","@id":"https:\/\/bahiaeconomica.com.br\/wp\/#\/schema\/person\/cb1ab5ba96ad3d9390805381c76284ec","name":"admin","url":"https:\/\/bahiaeconomica.com.br\/wp\/author\/admin\/"}]}},"views":6,"_links":{"self":[{"href":"https:\/\/bahiaeconomica.com.br\/wp\/wp-json\/wp\/v2\/posts\/694075"}],"collection":[{"href":"https:\/\/bahiaeconomica.com.br\/wp\/wp-json\/wp\/v2\/posts"}],"about":[{"href":"https:\/\/bahiaeconomica.com.br\/wp\/wp-json\/wp\/v2\/types\/post"}],"author":[{"embeddable":true,"href":"https:\/\/bahiaeconomica.com.br\/wp\/wp-json\/wp\/v2\/users\/1"}],"replies":[{"embeddable":true,"href":"https:\/\/bahiaeconomica.com.br\/wp\/wp-json\/wp\/v2\/comments?post=694075"}],"version-history":[{"count":2,"href":"https:\/\/bahiaeconomica.com.br\/wp\/wp-json\/wp\/v2\/posts\/694075\/revisions"}],"predecessor-version":[{"id":694078,"href":"https:\/\/bahiaeconomica.com.br\/wp\/wp-json\/wp\/v2\/posts\/694075\/revisions\/694078"}],"wp:featuredmedia":[{"embeddable":true,"href":"https:\/\/bahiaeconomica.com.br\/wp\/wp-json\/wp\/v2\/media\/681821"}],"wp:attachment":[{"href":"https:\/\/bahiaeconomica.com.br\/wp\/wp-json\/wp\/v2\/media?parent=694075"}],"wp:term":[{"taxonomy":"category","embeddable":true,"href":"https:\/\/bahiaeconomica.com.br\/wp\/wp-json\/wp\/v2\/categories?post=694075"},{"taxonomy":"post_tag","embeddable":true,"href":"https:\/\/bahiaeconomica.com.br\/wp\/wp-json\/wp\/v2\/tags?post=694075"}],"curies":[{"name":"wp","href":"https:\/\/api.w.org\/{rel}","templated":true}]}}