{"id":693296,"date":"2022-09-29T14:33:29","date_gmt":"2022-09-29T17:33:29","guid":{"rendered":"https:\/\/bahiaeconomica.com.br\/wp\/beta\/?p=693296"},"modified":"2022-09-29T14:33:29","modified_gmt":"2022-09-29T17:33:29","slug":"ibge-divulga-edital-para-concurso-com-133-vagas","status":"publish","type":"post","link":"https:\/\/bahiaeconomica.com.br\/wp\/2022\/09\/29\/ibge-divulga-edital-para-concurso-com-133-vagas\/","title":{"rendered":"IBGE DIVULGA EDITAL PARA CONCURSO COM 133 VAGAS"},"content":{"rendered":"\n<p>Nesta quarta-feira (29), o Instituto Brasileiro de Geografia e Estat\u00edstica (IBGE) divulgou mais um edital para o concurso, que ofertar\u00e1 133 vagas para os cargos de agente de pesquisas e mapeamento e supervisor de coleta e qualidade, ambos com exig\u00eancia de ensino m\u00e9dio para ingresso, em 13 estados, incluindo a Bahia. Com sal\u00e1rios iniciais de R$ 1.387,50 para agente e R$ 3.100 para supervisor, ambos com jornada de trabalho de 40 horas semanais. As inscri\u00e7\u00f5es j\u00e1 est\u00e3o sendo recebidas, com prazo at\u00e9 o pr\u00f3ximo dia 4 de outubro.<\/p>\n\n\n\n<p>Na Bahia h\u00e1 vagas para o munic\u00edpio de Eun\u00e1polis e Salvador, para os dois cargos, a previs\u00e3o do contrato \u00e9 de um ano, com possibilidade de prorroga\u00e7\u00e3o.<\/p>\n\n\n\n<p>Os interessados em se inscrever, devem preencher o formul\u00e1rio de inscri\u00e7\u00e3o, indicado no anexo edital, dispon\u00edvel no site do IBGE. Posteriormente, devem comparecer, pessoalmente, nos respectivos postos, nos endere\u00e7os indicados na tabela de distribui\u00e7\u00e3o de vagas. N\u00e3o haver\u00e1 cobran\u00e7a de taxa.<\/p>\n","protected":false},"excerpt":{"rendered":"<p>Nesta quarta-feira (29), o Instituto Brasileiro de Geografia e Estat\u00edstica (IBGE) divulgou mais um edital para o concurso, que ofertar\u00e1 133 vagas para os cargos de agente de pesquisas e mapeamento e supervisor de coleta e qualidade, ambos com exig\u00eancia de ensino m\u00e9dio para ingresso, em 13 estados, incluindo a Bahia. Com sal\u00e1rios iniciais de [&hellip;]<\/p>\n","protected":false},"author":1,"featured_media":630763,"comment_status":"closed","ping_status":"closed","sticky":false,"template":"","format":"standard","meta":[],"categories":[8],"tags":[85,175,174,225,73],"acf":[],"yoast_head":"<!-- This site is optimized with the Yoast SEO plugin v20.8 - https:\/\/yoast.com\/wordpress\/plugins\/seo\/ -->\n<title>IBGE DIVULGA EDITAL PARA CONCURSO COM 133 VAGAS - Bahia Economica<\/title>\n<meta name=\"description\" content=\"O maior portal de Economia da Bahia EMPREGOS \/ CONCURSOS Bahia Economica\" \/>\n<meta name=\"robots\" content=\"index, follow, max-snippet:-1, max-image-preview:large, max-video-preview:-1\" \/>\n<link rel=\"canonical\" href=\"https:\/\/bahiaeconomica.com.br\/wp\/2022\/09\/29\/ibge-divulga-edital-para-concurso-com-133-vagas\/\" \/>\n<meta property=\"og:locale\" content=\"pt_BR\" \/>\n<meta property=\"og:type\" content=\"article\" \/>\n<meta property=\"og:title\" content=\"IBGE DIVULGA EDITAL PARA CONCURSO COM 133 VAGAS - Bahia Economica\" \/>\n<meta property=\"og:description\" content=\"O maior portal de Economia da Bahia EMPREGOS \/ CONCURSOS Bahia Economica\" \/>\n<meta property=\"og:url\" content=\"https:\/\/bahiaeconomica.com.br\/wp\/2022\/09\/29\/ibge-divulga-edital-para-concurso-com-133-vagas\/\" \/>\n<meta property=\"og:site_name\" content=\"Bahia Economica\" \/>\n<meta property=\"article:publisher\" content=\"https:\/\/www.facebook.com\/bahiaeconomica\" \/>\n<meta property=\"article:published_time\" content=\"2022-09-29T17:33:29+00:00\" \/>\n<meta property=\"og:image\" content=\"https:\/\/bahiaeconomica.com.br\/wp\/wp-content\/uploads\/2022\/01\/IBGE.jpg\" \/>\n\t<meta property=\"og:image:width\" content=\"500\" \/>\n\t<meta property=\"og:image:height\" content=\"300\" \/>\n\t<meta property=\"og:image:type\" content=\"image\/jpeg\" \/>\n<meta name=\"author\" content=\"admin\" \/>\n<meta name=\"twitter:card\" content=\"summary_large_image\" \/>\n<meta name=\"twitter:label1\" content=\"Escrito por\" \/>\n\t<meta name=\"twitter:data1\" content=\"admin\" \/>\n\t<meta name=\"twitter:label2\" content=\"Est. tempo de leitura\" \/>\n\t<meta name=\"twitter:data2\" content=\"1 minuto\" \/>\n<script type=\"application\/ld+json\" class=\"yoast-schema-graph\">{\"@context\":\"https:\/\/schema.org\",\"@graph\":[{\"@type\":\"Article\",\"@id\":\"https:\/\/bahiaeconomica.com.br\/wp\/2022\/09\/29\/ibge-divulga-edital-para-concurso-com-133-vagas\/#article\",\"isPartOf\":{\"@id\":\"https:\/\/bahiaeconomica.com.br\/wp\/2022\/09\/29\/ibge-divulga-edital-para-concurso-com-133-vagas\/\"},\"author\":{\"name\":\"admin\",\"@id\":\"https:\/\/bahiaeconomica.com.br\/wp\/#\/schema\/person\/cb1ab5ba96ad3d9390805381c76284ec\"},\"headline\":\"IBGE DIVULGA EDITAL PARA CONCURSO COM 133 VAGAS\",\"datePublished\":\"2022-09-29T17:33:29+00:00\",\"dateModified\":\"2022-09-29T17:33:29+00:00\",\"mainEntityOfPage\":{\"@id\":\"https:\/\/bahiaeconomica.com.br\/wp\/2022\/09\/29\/ibge-divulga-edital-para-concurso-com-133-vagas\/\"},\"wordCount\":173,\"publisher\":{\"@id\":\"https:\/\/bahiaeconomica.com.br\/wp\/#organization\"},\"keywords\":[\"Bahia\",\"concurso\",\"emprego\",\"IBGE\",\"Salvador\"],\"articleSection\":[\"EMPREGOS \/ CONCURSOS\"],\"inLanguage\":\"pt-BR\"},{\"@type\":\"WebPage\",\"@id\":\"https:\/\/bahiaeconomica.com.br\/wp\/2022\/09\/29\/ibge-divulga-edital-para-concurso-com-133-vagas\/\",\"url\":\"https:\/\/bahiaeconomica.com.br\/wp\/2022\/09\/29\/ibge-divulga-edital-para-concurso-com-133-vagas\/\",\"name\":\"IBGE DIVULGA EDITAL PARA CONCURSO COM 133 VAGAS - Bahia Economica\",\"isPartOf\":{\"@id\":\"https:\/\/bahiaeconomica.com.br\/wp\/#website\"},\"datePublished\":\"2022-09-29T17:33:29+00:00\",\"dateModified\":\"2022-09-29T17:33:29+00:00\",\"description\":\"O maior portal de Economia da Bahia EMPREGOS \/ CONCURSOS Bahia Economica\",\"breadcrumb\":{\"@id\":\"https:\/\/bahiaeconomica.com.br\/wp\/2022\/09\/29\/ibge-divulga-edital-para-concurso-com-133-vagas\/#breadcrumb\"},\"inLanguage\":\"pt-BR\",\"potentialAction\":[{\"@type\":\"ReadAction\",\"target\":[\"https:\/\/bahiaeconomica.com.br\/wp\/2022\/09\/29\/ibge-divulga-edital-para-concurso-com-133-vagas\/\"]}]},{\"@type\":\"BreadcrumbList\",\"@id\":\"https:\/\/bahiaeconomica.com.br\/wp\/2022\/09\/29\/ibge-divulga-edital-para-concurso-com-133-vagas\/#breadcrumb\",\"itemListElement\":[{\"@type\":\"ListItem\",\"position\":1,\"name\":\"In\u00edcio\",\"item\":\"https:\/\/bahiaeconomica.com.br\/wp\/\"},{\"@type\":\"ListItem\",\"position\":2,\"name\":\"IBGE DIVULGA EDITAL PARA CONCURSO COM 133 VAGAS\"}]},{\"@type\":\"WebSite\",\"@id\":\"https:\/\/bahiaeconomica.com.br\/wp\/#website\",\"url\":\"https:\/\/bahiaeconomica.com.br\/wp\/\",\"name\":\"Bahia Economica\",\"description\":\"O maior portal de Economia da Bahia\",\"publisher\":{\"@id\":\"https:\/\/bahiaeconomica.com.br\/wp\/#organization\"},\"potentialAction\":[{\"@type\":\"SearchAction\",\"target\":{\"@type\":\"EntryPoint\",\"urlTemplate\":\"https:\/\/bahiaeconomica.com.br\/wp\/?s={search_term_string}\"},\"query-input\":\"required name=search_term_string\"}],\"inLanguage\":\"pt-BR\"},{\"@type\":\"Organization\",\"@id\":\"https:\/\/bahiaeconomica.com.br\/wp\/#organization\",\"name\":\"Bahia Econ\u00f4mica\",\"url\":\"https:\/\/bahiaeconomica.com.br\/wp\/\",\"logo\":{\"@type\":\"ImageObject\",\"inLanguage\":\"pt-BR\",\"@id\":\"https:\/\/bahiaeconomica.com.br\/wp\/#\/schema\/logo\/image\/\",\"url\":\"https:\/\/bahiaeconomica.com.br\/wp\/wp-content\/uploads\/2020\/12\/cropped-BE.png\",\"contentUrl\":\"https:\/\/bahiaeconomica.com.br\/wp\/wp-content\/uploads\/2020\/12\/cropped-BE.png\",\"width\":512,\"height\":512,\"caption\":\"Bahia Econ\u00f4mica\"},\"image\":{\"@id\":\"https:\/\/bahiaeconomica.com.br\/wp\/#\/schema\/logo\/image\/\"},\"sameAs\":[\"https:\/\/www.facebook.com\/bahiaeconomica\"]},{\"@type\":\"Person\",\"@id\":\"https:\/\/bahiaeconomica.com.br\/wp\/#\/schema\/person\/cb1ab5ba96ad3d9390805381c76284ec\",\"name\":\"admin\",\"url\":\"https:\/\/bahiaeconomica.com.br\/wp\/author\/admin\/\"}]}<\/script>\n<!-- \/ Yoast SEO plugin. -->","yoast_head_json":{"title":"IBGE DIVULGA EDITAL PARA CONCURSO COM 133 VAGAS - Bahia Economica","description":"O maior portal de Economia da Bahia EMPREGOS \/ CONCURSOS Bahia Economica","robots":{"index":"index","follow":"follow","max-snippet":"max-snippet:-1","max-image-preview":"max-image-preview:large","max-video-preview":"max-video-preview:-1"},"canonical":"https:\/\/bahiaeconomica.com.br\/wp\/2022\/09\/29\/ibge-divulga-edital-para-concurso-com-133-vagas\/","og_locale":"pt_BR","og_type":"article","og_title":"IBGE DIVULGA EDITAL PARA CONCURSO COM 133 VAGAS - Bahia Economica","og_description":"O maior portal de Economia da Bahia EMPREGOS \/ CONCURSOS Bahia Economica","og_url":"https:\/\/bahiaeconomica.com.br\/wp\/2022\/09\/29\/ibge-divulga-edital-para-concurso-com-133-vagas\/","og_site_name":"Bahia Economica","article_publisher":"https:\/\/www.facebook.com\/bahiaeconomica","article_published_time":"2022-09-29T17:33:29+00:00","og_image":[{"width":500,"height":300,"url":"https:\/\/bahiaeconomica.com.br\/wp\/wp-content\/uploads\/2022\/01\/IBGE.jpg","type":"image\/jpeg"}],"author":"admin","twitter_card":"summary_large_image","twitter_misc":{"Escrito por":"admin","Est. tempo de leitura":"1 minuto"},"schema":{"@context":"https:\/\/schema.org","@graph":[{"@type":"Article","@id":"https:\/\/bahiaeconomica.com.br\/wp\/2022\/09\/29\/ibge-divulga-edital-para-concurso-com-133-vagas\/#article","isPartOf":{"@id":"https:\/\/bahiaeconomica.com.br\/wp\/2022\/09\/29\/ibge-divulga-edital-para-concurso-com-133-vagas\/"},"author":{"name":"admin","@id":"https:\/\/bahiaeconomica.com.br\/wp\/#\/schema\/person\/cb1ab5ba96ad3d9390805381c76284ec"},"headline":"IBGE DIVULGA EDITAL PARA CONCURSO COM 133 VAGAS","datePublished":"2022-09-29T17:33:29+00:00","dateModified":"2022-09-29T17:33:29+00:00","mainEntityOfPage":{"@id":"https:\/\/bahiaeconomica.com.br\/wp\/2022\/09\/29\/ibge-divulga-edital-para-concurso-com-133-vagas\/"},"wordCount":173,"publisher":{"@id":"https:\/\/bahiaeconomica.com.br\/wp\/#organization"},"keywords":["Bahia","concurso","emprego","IBGE","Salvador"],"articleSection":["EMPREGOS \/ CONCURSOS"],"inLanguage":"pt-BR"},{"@type":"WebPage","@id":"https:\/\/bahiaeconomica.com.br\/wp\/2022\/09\/29\/ibge-divulga-edital-para-concurso-com-133-vagas\/","url":"https:\/\/bahiaeconomica.com.br\/wp\/2022\/09\/29\/ibge-divulga-edital-para-concurso-com-133-vagas\/","name":"IBGE DIVULGA EDITAL PARA CONCURSO COM 133 VAGAS - Bahia Economica","isPartOf":{"@id":"https:\/\/bahiaeconomica.com.br\/wp\/#website"},"datePublished":"2022-09-29T17:33:29+00:00","dateModified":"2022-09-29T17:33:29+00:00","description":"O maior portal de Economia da Bahia EMPREGOS \/ CONCURSOS Bahia Economica","breadcrumb":{"@id":"https:\/\/bahiaeconomica.com.br\/wp\/2022\/09\/29\/ibge-divulga-edital-para-concurso-com-133-vagas\/#breadcrumb"},"inLanguage":"pt-BR","potentialAction":[{"@type":"ReadAction","target":["https:\/\/bahiaeconomica.com.br\/wp\/2022\/09\/29\/ibge-divulga-edital-para-concurso-com-133-vagas\/"]}]},{"@type":"BreadcrumbList","@id":"https:\/\/bahiaeconomica.com.br\/wp\/2022\/09\/29\/ibge-divulga-edital-para-concurso-com-133-vagas\/#breadcrumb","itemListElement":[{"@type":"ListItem","position":1,"name":"In\u00edcio","item":"https:\/\/bahiaeconomica.com.br\/wp\/"},{"@type":"ListItem","position":2,"name":"IBGE DIVULGA EDITAL PARA CONCURSO COM 133 VAGAS"}]},{"@type":"WebSite","@id":"https:\/\/bahiaeconomica.com.br\/wp\/#website","url":"https:\/\/bahiaeconomica.com.br\/wp\/","name":"Bahia Economica","description":"O maior portal de Economia da Bahia","publisher":{"@id":"https:\/\/bahiaeconomica.com.br\/wp\/#organization"},"potentialAction":[{"@type":"SearchAction","target":{"@type":"EntryPoint","urlTemplate":"https:\/\/bahiaeconomica.com.br\/wp\/?s={search_term_string}"},"query-input":"required name=search_term_string"}],"inLanguage":"pt-BR"},{"@type":"Organization","@id":"https:\/\/bahiaeconomica.com.br\/wp\/#organization","name":"Bahia Econ\u00f4mica","url":"https:\/\/bahiaeconomica.com.br\/wp\/","logo":{"@type":"ImageObject","inLanguage":"pt-BR","@id":"https:\/\/bahiaeconomica.com.br\/wp\/#\/schema\/logo\/image\/","url":"https:\/\/bahiaeconomica.com.br\/wp\/wp-content\/uploads\/2020\/12\/cropped-BE.png","contentUrl":"https:\/\/bahiaeconomica.com.br\/wp\/wp-content\/uploads\/2020\/12\/cropped-BE.png","width":512,"height":512,"caption":"Bahia Econ\u00f4mica"},"image":{"@id":"https:\/\/bahiaeconomica.com.br\/wp\/#\/schema\/logo\/image\/"},"sameAs":["https:\/\/www.facebook.com\/bahiaeconomica"]},{"@type":"Person","@id":"https:\/\/bahiaeconomica.com.br\/wp\/#\/schema\/person\/cb1ab5ba96ad3d9390805381c76284ec","name":"admin","url":"https:\/\/bahiaeconomica.com.br\/wp\/author\/admin\/"}]}},"views":2,"_links":{"self":[{"href":"https:\/\/bahiaeconomica.com.br\/wp\/wp-json\/wp\/v2\/posts\/693296"}],"collection":[{"href":"https:\/\/bahiaeconomica.com.br\/wp\/wp-json\/wp\/v2\/posts"}],"about":[{"href":"https:\/\/bahiaeconomica.com.br\/wp\/wp-json\/wp\/v2\/types\/post"}],"author":[{"embeddable":true,"href":"https:\/\/bahiaeconomica.com.br\/wp\/wp-json\/wp\/v2\/users\/1"}],"replies":[{"embeddable":true,"href":"https:\/\/bahiaeconomica.com.br\/wp\/wp-json\/wp\/v2\/comments?post=693296"}],"version-history":[{"count":1,"href":"https:\/\/bahiaeconomica.com.br\/wp\/wp-json\/wp\/v2\/posts\/693296\/revisions"}],"predecessor-version":[{"id":693304,"href":"https:\/\/bahiaeconomica.com.br\/wp\/wp-json\/wp\/v2\/posts\/693296\/revisions\/693304"}],"wp:featuredmedia":[{"embeddable":true,"href":"https:\/\/bahiaeconomica.com.br\/wp\/wp-json\/wp\/v2\/media\/630763"}],"wp:attachment":[{"href":"https:\/\/bahiaeconomica.com.br\/wp\/wp-json\/wp\/v2\/media?parent=693296"}],"wp:term":[{"taxonomy":"category","embeddable":true,"href":"https:\/\/bahiaeconomica.com.br\/wp\/wp-json\/wp\/v2\/categories?post=693296"},{"taxonomy":"post_tag","embeddable":true,"href":"https:\/\/bahiaeconomica.com.br\/wp\/wp-json\/wp\/v2\/tags?post=693296"}],"curies":[{"name":"wp","href":"https:\/\/api.w.org\/{rel}","templated":true}]}}