{"id":692482,"date":"2022-09-23T17:20:00","date_gmt":"2022-09-23T20:20:00","guid":{"rendered":"https:\/\/bahiaeconomica.com.br\/wp\/beta\/?p=692482"},"modified":"2022-09-23T16:18:19","modified_gmt":"2022-09-23T19:18:19","slug":"mp-inspeciona-19-unidades-de-saude-e-ensino-em-municipios-baianos","status":"publish","type":"post","link":"https:\/\/bahiaeconomica.com.br\/wp\/2022\/09\/23\/mp-inspeciona-19-unidades-de-saude-e-ensino-em-municipios-baianos\/","title":{"rendered":"MP INSPECIONA 19 UNIDADES DE SA\u00daDE E ENSINO EM MUNIC\u00cdPIOS BAIANOS"},"content":{"rendered":"\n<p>Dezenove unidades de sa\u00fade e ensino foram inspecionadas durante a\u00e7\u00e3o simult\u00e2nea de fiscaliza\u00e7\u00e3o desencadeada pelo Minist\u00e9rio P\u00fablico estadual hoje, dia 22, em munic\u00edpios baianos. <\/p>\n\n\n\n<!--more-->\n\n\n\n<p>Em Salvador, promotores de Justi\u00e7a e servidores fiscalizaram seis unidades de sa\u00fade e duas escolas. A a\u00e7\u00e3o do \u2018Programa Sa\u00fade + Educa\u00e7\u00e3o: transformando o novo mil\u00eanio\u2019 tamb\u00e9m ocorreu em Madre de Deus, Jequi\u00e9, Itaberaba, Cruz das Almas, Porto Seguro e Sim\u00f5es Filho.<\/p>\n\n\n\n<p>Segundo a promotora de Justi\u00e7a Rosa Atan\u00e1zio, gerente do programa, visitas realizadas \u00e0s Unidades de Sa\u00fade da Fam\u00edlia Raimundo Agripino e Sussuarana I permitiu ao MP constatar o regular funcionamento dos instrumentos. O bairro de Sussuarana, disse a promotora de Justi\u00e7a, teve um aumento significativo da cobertura da aten\u00e7\u00e3o b\u00e1sica com o funcionamento de duas novas unidades. Tamb\u00e9m foram fiscalizadas unidades de sa\u00fade Zulmira Barros e Curralinho, no distrito sanit\u00e1rio da Boca do Rio; Cambonas e Canabrava, em Pau da Lima. No munic\u00edpio de Madre de Deus, o MP inspecionou as unidades de sa\u00fade do Suape, Cururupeba, do Barbeirinho e do Cais.<\/p>\n\n\n\n<p>A promotora de Justi\u00e7a Cl\u00e1udia Elp\u00eddio realizou inspe\u00e7\u00e3o virtual na Escola Municipal S\u00e3o Judas Tadeu, em Salvador. De acordo com ela, a&nbsp;escola passou recentemente por uma mudan\u00e7a no segmento de ensino ofertado. Ela atendia o ensino fundamental e, ap\u00f3s a extin\u00e7\u00e3o do Col\u00e9gio Municipal Dom Bosco, absorveu os alunos passando a ofertar a educa\u00e7\u00e3o infantil. Os alunos do fundamental foram transferidos. De um modo geral, a unidade apresentou boas condi\u00e7\u00f5es de uso e organiza\u00e7\u00e3o, informou a promotora de Justi\u00e7a, destacando que foram constatadas algumas inconformidades, como necessidade da instala\u00e7\u00e3o de equipamento\/parquinho para&nbsp; as crian\u00e7as realizarem atividades l\u00fadica; necessidade de climatiza\u00e7\u00e3o em algumas salas muito quentes; de melhoria na rampa de acesso; de instala\u00e7\u00e3o de piso t\u00e1til adequado para o segmento infantil; de instala\u00e7\u00e3o de extintores de inc\u00eandio e de sinaliza\u00e7\u00e3o para sa\u00edda de emerg\u00eancia; dentre outros.<\/p>\n","protected":false},"excerpt":{"rendered":"<p>Dezenove unidades de sa\u00fade e ensino foram inspecionadas durante a\u00e7\u00e3o simult\u00e2nea de fiscaliza\u00e7\u00e3o desencadeada pelo Minist\u00e9rio P\u00fablico estadual hoje, dia 22, em munic\u00edpios baianos.<\/p>\n","protected":false},"author":1,"featured_media":672006,"comment_status":"closed","ping_status":"closed","sticky":false,"template":"","format":"standard","meta":[],"categories":[3],"tags":[384,326,444],"acf":[],"yoast_head":"<!-- This site is optimized with the Yoast SEO plugin v20.8 - https:\/\/yoast.com\/wordpress\/plugins\/seo\/ -->\n<title>MP INSPECIONA 19 UNIDADES DE SA\u00daDE E ENSINO EM MUNIC\u00cdPIOS BAIANOS - Bahia Economica<\/title>\n<meta name=\"description\" content=\"O maior portal de Economia da Bahia ECONOMIA \/ POL\u00cdTICA Bahia Economica\" \/>\n<meta name=\"robots\" content=\"index, follow, max-snippet:-1, max-image-preview:large, max-video-preview:-1\" \/>\n<link rel=\"canonical\" href=\"https:\/\/bahiaeconomica.com.br\/wp\/2022\/09\/23\/mp-inspeciona-19-unidades-de-saude-e-ensino-em-municipios-baianos\/\" \/>\n<meta property=\"og:locale\" content=\"pt_BR\" \/>\n<meta property=\"og:type\" content=\"article\" \/>\n<meta property=\"og:title\" content=\"MP INSPECIONA 19 UNIDADES DE SA\u00daDE E ENSINO EM MUNIC\u00cdPIOS BAIANOS - Bahia Economica\" \/>\n<meta property=\"og:description\" content=\"O maior portal de Economia da Bahia ECONOMIA \/ POL\u00cdTICA Bahia Economica\" \/>\n<meta property=\"og:url\" content=\"https:\/\/bahiaeconomica.com.br\/wp\/2022\/09\/23\/mp-inspeciona-19-unidades-de-saude-e-ensino-em-municipios-baianos\/\" \/>\n<meta property=\"og:site_name\" content=\"Bahia Economica\" \/>\n<meta property=\"article:publisher\" content=\"https:\/\/www.facebook.com\/bahiaeconomica\" \/>\n<meta property=\"article:published_time\" content=\"2022-09-23T20:20:00+00:00\" \/>\n<meta property=\"article:modified_time\" content=\"2022-09-23T19:18:19+00:00\" \/>\n<meta property=\"og:image\" content=\"https:\/\/bahiaeconomica.com.br\/wp\/wp-content\/uploads\/2022\/06\/Sede_do_Ministerio_Publico_do_Estado_da_Bahia-scaled.jpg\" \/>\n\t<meta property=\"og:image:width\" content=\"2560\" \/>\n\t<meta property=\"og:image:height\" content=\"1440\" \/>\n\t<meta property=\"og:image:type\" content=\"image\/jpeg\" \/>\n<meta name=\"author\" content=\"admin\" \/>\n<meta name=\"twitter:card\" content=\"summary_large_image\" \/>\n<meta name=\"twitter:label1\" content=\"Escrito por\" \/>\n\t<meta name=\"twitter:data1\" content=\"admin\" \/>\n\t<meta name=\"twitter:label2\" content=\"Est. tempo de leitura\" \/>\n\t<meta name=\"twitter:data2\" content=\"2 minutos\" \/>\n<script type=\"application\/ld+json\" class=\"yoast-schema-graph\">{\"@context\":\"https:\/\/schema.org\",\"@graph\":[{\"@type\":\"Article\",\"@id\":\"https:\/\/bahiaeconomica.com.br\/wp\/2022\/09\/23\/mp-inspeciona-19-unidades-de-saude-e-ensino-em-municipios-baianos\/#article\",\"isPartOf\":{\"@id\":\"https:\/\/bahiaeconomica.com.br\/wp\/2022\/09\/23\/mp-inspeciona-19-unidades-de-saude-e-ensino-em-municipios-baianos\/\"},\"author\":{\"name\":\"admin\",\"@id\":\"https:\/\/bahiaeconomica.com.br\/wp\/#\/schema\/person\/cb1ab5ba96ad3d9390805381c76284ec\"},\"headline\":\"MP INSPECIONA 19 UNIDADES DE SA\u00daDE E ENSINO EM MUNIC\u00cdPIOS BAIANOS\",\"datePublished\":\"2022-09-23T20:20:00+00:00\",\"dateModified\":\"2022-09-23T19:18:19+00:00\",\"mainEntityOfPage\":{\"@id\":\"https:\/\/bahiaeconomica.com.br\/wp\/2022\/09\/23\/mp-inspeciona-19-unidades-de-saude-e-ensino-em-municipios-baianos\/\"},\"wordCount\":369,\"publisher\":{\"@id\":\"https:\/\/bahiaeconomica.com.br\/wp\/#organization\"},\"keywords\":[\"Minist\u00e9rio P\u00fablico\",\"MP\",\"munic\u00edpios baianos\"],\"articleSection\":[\"ECONOMIA \/ POL\u00cdTICA\"],\"inLanguage\":\"pt-BR\"},{\"@type\":\"WebPage\",\"@id\":\"https:\/\/bahiaeconomica.com.br\/wp\/2022\/09\/23\/mp-inspeciona-19-unidades-de-saude-e-ensino-em-municipios-baianos\/\",\"url\":\"https:\/\/bahiaeconomica.com.br\/wp\/2022\/09\/23\/mp-inspeciona-19-unidades-de-saude-e-ensino-em-municipios-baianos\/\",\"name\":\"MP INSPECIONA 19 UNIDADES DE SA\u00daDE E ENSINO EM MUNIC\u00cdPIOS BAIANOS - Bahia Economica\",\"isPartOf\":{\"@id\":\"https:\/\/bahiaeconomica.com.br\/wp\/#website\"},\"datePublished\":\"2022-09-23T20:20:00+00:00\",\"dateModified\":\"2022-09-23T19:18:19+00:00\",\"description\":\"O maior portal de Economia da Bahia ECONOMIA \/ POL\u00cdTICA Bahia Economica\",\"breadcrumb\":{\"@id\":\"https:\/\/bahiaeconomica.com.br\/wp\/2022\/09\/23\/mp-inspeciona-19-unidades-de-saude-e-ensino-em-municipios-baianos\/#breadcrumb\"},\"inLanguage\":\"pt-BR\",\"potentialAction\":[{\"@type\":\"ReadAction\",\"target\":[\"https:\/\/bahiaeconomica.com.br\/wp\/2022\/09\/23\/mp-inspeciona-19-unidades-de-saude-e-ensino-em-municipios-baianos\/\"]}]},{\"@type\":\"BreadcrumbList\",\"@id\":\"https:\/\/bahiaeconomica.com.br\/wp\/2022\/09\/23\/mp-inspeciona-19-unidades-de-saude-e-ensino-em-municipios-baianos\/#breadcrumb\",\"itemListElement\":[{\"@type\":\"ListItem\",\"position\":1,\"name\":\"In\u00edcio\",\"item\":\"https:\/\/bahiaeconomica.com.br\/wp\/\"},{\"@type\":\"ListItem\",\"position\":2,\"name\":\"MP INSPECIONA 19 UNIDADES DE SA\u00daDE E ENSINO EM MUNIC\u00cdPIOS BAIANOS\"}]},{\"@type\":\"WebSite\",\"@id\":\"https:\/\/bahiaeconomica.com.br\/wp\/#website\",\"url\":\"https:\/\/bahiaeconomica.com.br\/wp\/\",\"name\":\"Bahia Economica\",\"description\":\"O maior portal de Economia da Bahia\",\"publisher\":{\"@id\":\"https:\/\/bahiaeconomica.com.br\/wp\/#organization\"},\"potentialAction\":[{\"@type\":\"SearchAction\",\"target\":{\"@type\":\"EntryPoint\",\"urlTemplate\":\"https:\/\/bahiaeconomica.com.br\/wp\/?s={search_term_string}\"},\"query-input\":\"required name=search_term_string\"}],\"inLanguage\":\"pt-BR\"},{\"@type\":\"Organization\",\"@id\":\"https:\/\/bahiaeconomica.com.br\/wp\/#organization\",\"name\":\"Bahia Econ\u00f4mica\",\"url\":\"https:\/\/bahiaeconomica.com.br\/wp\/\",\"logo\":{\"@type\":\"ImageObject\",\"inLanguage\":\"pt-BR\",\"@id\":\"https:\/\/bahiaeconomica.com.br\/wp\/#\/schema\/logo\/image\/\",\"url\":\"https:\/\/bahiaeconomica.com.br\/wp\/wp-content\/uploads\/2020\/12\/cropped-BE.png\",\"contentUrl\":\"https:\/\/bahiaeconomica.com.br\/wp\/wp-content\/uploads\/2020\/12\/cropped-BE.png\",\"width\":512,\"height\":512,\"caption\":\"Bahia Econ\u00f4mica\"},\"image\":{\"@id\":\"https:\/\/bahiaeconomica.com.br\/wp\/#\/schema\/logo\/image\/\"},\"sameAs\":[\"https:\/\/www.facebook.com\/bahiaeconomica\"]},{\"@type\":\"Person\",\"@id\":\"https:\/\/bahiaeconomica.com.br\/wp\/#\/schema\/person\/cb1ab5ba96ad3d9390805381c76284ec\",\"name\":\"admin\",\"url\":\"https:\/\/bahiaeconomica.com.br\/wp\/author\/admin\/\"}]}<\/script>\n<!-- \/ Yoast SEO plugin. -->","yoast_head_json":{"title":"MP INSPECIONA 19 UNIDADES DE SA\u00daDE E ENSINO EM MUNIC\u00cdPIOS BAIANOS - Bahia Economica","description":"O maior portal de Economia da Bahia ECONOMIA \/ POL\u00cdTICA Bahia Economica","robots":{"index":"index","follow":"follow","max-snippet":"max-snippet:-1","max-image-preview":"max-image-preview:large","max-video-preview":"max-video-preview:-1"},"canonical":"https:\/\/bahiaeconomica.com.br\/wp\/2022\/09\/23\/mp-inspeciona-19-unidades-de-saude-e-ensino-em-municipios-baianos\/","og_locale":"pt_BR","og_type":"article","og_title":"MP INSPECIONA 19 UNIDADES DE SA\u00daDE E ENSINO EM MUNIC\u00cdPIOS BAIANOS - Bahia Economica","og_description":"O maior portal de Economia da Bahia ECONOMIA \/ POL\u00cdTICA Bahia Economica","og_url":"https:\/\/bahiaeconomica.com.br\/wp\/2022\/09\/23\/mp-inspeciona-19-unidades-de-saude-e-ensino-em-municipios-baianos\/","og_site_name":"Bahia Economica","article_publisher":"https:\/\/www.facebook.com\/bahiaeconomica","article_published_time":"2022-09-23T20:20:00+00:00","article_modified_time":"2022-09-23T19:18:19+00:00","og_image":[{"width":2560,"height":1440,"url":"https:\/\/bahiaeconomica.com.br\/wp\/wp-content\/uploads\/2022\/06\/Sede_do_Ministerio_Publico_do_Estado_da_Bahia-scaled.jpg","type":"image\/jpeg"}],"author":"admin","twitter_card":"summary_large_image","twitter_misc":{"Escrito por":"admin","Est. tempo de leitura":"2 minutos"},"schema":{"@context":"https:\/\/schema.org","@graph":[{"@type":"Article","@id":"https:\/\/bahiaeconomica.com.br\/wp\/2022\/09\/23\/mp-inspeciona-19-unidades-de-saude-e-ensino-em-municipios-baianos\/#article","isPartOf":{"@id":"https:\/\/bahiaeconomica.com.br\/wp\/2022\/09\/23\/mp-inspeciona-19-unidades-de-saude-e-ensino-em-municipios-baianos\/"},"author":{"name":"admin","@id":"https:\/\/bahiaeconomica.com.br\/wp\/#\/schema\/person\/cb1ab5ba96ad3d9390805381c76284ec"},"headline":"MP INSPECIONA 19 UNIDADES DE SA\u00daDE E ENSINO EM MUNIC\u00cdPIOS BAIANOS","datePublished":"2022-09-23T20:20:00+00:00","dateModified":"2022-09-23T19:18:19+00:00","mainEntityOfPage":{"@id":"https:\/\/bahiaeconomica.com.br\/wp\/2022\/09\/23\/mp-inspeciona-19-unidades-de-saude-e-ensino-em-municipios-baianos\/"},"wordCount":369,"publisher":{"@id":"https:\/\/bahiaeconomica.com.br\/wp\/#organization"},"keywords":["Minist\u00e9rio P\u00fablico","MP","munic\u00edpios baianos"],"articleSection":["ECONOMIA \/ POL\u00cdTICA"],"inLanguage":"pt-BR"},{"@type":"WebPage","@id":"https:\/\/bahiaeconomica.com.br\/wp\/2022\/09\/23\/mp-inspeciona-19-unidades-de-saude-e-ensino-em-municipios-baianos\/","url":"https:\/\/bahiaeconomica.com.br\/wp\/2022\/09\/23\/mp-inspeciona-19-unidades-de-saude-e-ensino-em-municipios-baianos\/","name":"MP INSPECIONA 19 UNIDADES DE SA\u00daDE E ENSINO EM MUNIC\u00cdPIOS BAIANOS - Bahia Economica","isPartOf":{"@id":"https:\/\/bahiaeconomica.com.br\/wp\/#website"},"datePublished":"2022-09-23T20:20:00+00:00","dateModified":"2022-09-23T19:18:19+00:00","description":"O maior portal de Economia da Bahia ECONOMIA \/ POL\u00cdTICA Bahia Economica","breadcrumb":{"@id":"https:\/\/bahiaeconomica.com.br\/wp\/2022\/09\/23\/mp-inspeciona-19-unidades-de-saude-e-ensino-em-municipios-baianos\/#breadcrumb"},"inLanguage":"pt-BR","potentialAction":[{"@type":"ReadAction","target":["https:\/\/bahiaeconomica.com.br\/wp\/2022\/09\/23\/mp-inspeciona-19-unidades-de-saude-e-ensino-em-municipios-baianos\/"]}]},{"@type":"BreadcrumbList","@id":"https:\/\/bahiaeconomica.com.br\/wp\/2022\/09\/23\/mp-inspeciona-19-unidades-de-saude-e-ensino-em-municipios-baianos\/#breadcrumb","itemListElement":[{"@type":"ListItem","position":1,"name":"In\u00edcio","item":"https:\/\/bahiaeconomica.com.br\/wp\/"},{"@type":"ListItem","position":2,"name":"MP INSPECIONA 19 UNIDADES DE SA\u00daDE E ENSINO EM MUNIC\u00cdPIOS BAIANOS"}]},{"@type":"WebSite","@id":"https:\/\/bahiaeconomica.com.br\/wp\/#website","url":"https:\/\/bahiaeconomica.com.br\/wp\/","name":"Bahia Economica","description":"O maior portal de Economia da Bahia","publisher":{"@id":"https:\/\/bahiaeconomica.com.br\/wp\/#organization"},"potentialAction":[{"@type":"SearchAction","target":{"@type":"EntryPoint","urlTemplate":"https:\/\/bahiaeconomica.com.br\/wp\/?s={search_term_string}"},"query-input":"required name=search_term_string"}],"inLanguage":"pt-BR"},{"@type":"Organization","@id":"https:\/\/bahiaeconomica.com.br\/wp\/#organization","name":"Bahia Econ\u00f4mica","url":"https:\/\/bahiaeconomica.com.br\/wp\/","logo":{"@type":"ImageObject","inLanguage":"pt-BR","@id":"https:\/\/bahiaeconomica.com.br\/wp\/#\/schema\/logo\/image\/","url":"https:\/\/bahiaeconomica.com.br\/wp\/wp-content\/uploads\/2020\/12\/cropped-BE.png","contentUrl":"https:\/\/bahiaeconomica.com.br\/wp\/wp-content\/uploads\/2020\/12\/cropped-BE.png","width":512,"height":512,"caption":"Bahia Econ\u00f4mica"},"image":{"@id":"https:\/\/bahiaeconomica.com.br\/wp\/#\/schema\/logo\/image\/"},"sameAs":["https:\/\/www.facebook.com\/bahiaeconomica"]},{"@type":"Person","@id":"https:\/\/bahiaeconomica.com.br\/wp\/#\/schema\/person\/cb1ab5ba96ad3d9390805381c76284ec","name":"admin","url":"https:\/\/bahiaeconomica.com.br\/wp\/author\/admin\/"}]}},"views":2,"_links":{"self":[{"href":"https:\/\/bahiaeconomica.com.br\/wp\/wp-json\/wp\/v2\/posts\/692482"}],"collection":[{"href":"https:\/\/bahiaeconomica.com.br\/wp\/wp-json\/wp\/v2\/posts"}],"about":[{"href":"https:\/\/bahiaeconomica.com.br\/wp\/wp-json\/wp\/v2\/types\/post"}],"author":[{"embeddable":true,"href":"https:\/\/bahiaeconomica.com.br\/wp\/wp-json\/wp\/v2\/users\/1"}],"replies":[{"embeddable":true,"href":"https:\/\/bahiaeconomica.com.br\/wp\/wp-json\/wp\/v2\/comments?post=692482"}],"version-history":[{"count":1,"href":"https:\/\/bahiaeconomica.com.br\/wp\/wp-json\/wp\/v2\/posts\/692482\/revisions"}],"predecessor-version":[{"id":692483,"href":"https:\/\/bahiaeconomica.com.br\/wp\/wp-json\/wp\/v2\/posts\/692482\/revisions\/692483"}],"wp:featuredmedia":[{"embeddable":true,"href":"https:\/\/bahiaeconomica.com.br\/wp\/wp-json\/wp\/v2\/media\/672006"}],"wp:attachment":[{"href":"https:\/\/bahiaeconomica.com.br\/wp\/wp-json\/wp\/v2\/media?parent=692482"}],"wp:term":[{"taxonomy":"category","embeddable":true,"href":"https:\/\/bahiaeconomica.com.br\/wp\/wp-json\/wp\/v2\/categories?post=692482"},{"taxonomy":"post_tag","embeddable":true,"href":"https:\/\/bahiaeconomica.com.br\/wp\/wp-json\/wp\/v2\/tags?post=692482"}],"curies":[{"name":"wp","href":"https:\/\/api.w.org\/{rel}","templated":true}]}}