{"id":689778,"date":"2022-09-08T09:17:27","date_gmt":"2022-09-08T12:17:27","guid":{"rendered":"https:\/\/bahiaeconomica.com.br\/wp\/beta\/?p=689778"},"modified":"2022-09-08T09:17:28","modified_gmt":"2022-09-08T12:17:28","slug":"fred-sera-comentarista-da-globo-na-copa-do-mundo","status":"publish","type":"post","link":"https:\/\/bahiaeconomica.com.br\/wp\/2022\/09\/08\/fred-sera-comentarista-da-globo-na-copa-do-mundo\/","title":{"rendered":"FRED SER\u00c1 COMENTARISTA DA GLOBO NA COPA DO MUNDO"},"content":{"rendered":"\n<p>Em julho, a torcida do\u00a0Fluminense\u00a0se despediu de Fred, um dos maiores \u00eddolos de sua hist\u00f3ria, com 382 jogos disputados com a Armadura Tricolor e 199 gols marcados, al\u00e9m de ter conquistado dois Campeonato Brasileiros (2010 e 2012), e dois Cariocas (2012 e 2022). \u00cddolo tricolor, o ex-jogador do Flu pendurou as chuteiras e vem curtindo sua aposentadoria, tendo planejado um novo cap\u00edtulo ao ser contratado pela Globo para a Copa do Mundo.<\/p>\n\n\n\n<p>De acordo com Gabriel Vaquer, colunista do portal \u201cNot\u00edcias da TV\u201d, Fred vai fazer parte do \u201cCentral da Copa\u201d, programa especial sobre o Mundial no Catar que ser\u00e1 transmitido pela emissora no fim da noite durante a disputa do torneio. O \u00eddolo do\u00a0Fluminense assinou o contrato com a Globo nesta ter\u00e7a (6), onde vai analisar as sele\u00e7\u00f5es e conversar com o apresentador Alex Escobar sobre o dia a dia da Copa do Mundo, al\u00e9m da cantora Jojo Todynho, que tamb\u00e9m ser\u00e1 atra\u00e7\u00e3o.<\/p>\n\n\n\n<p>Foto: Thiago Ribeiro\/AGIF<\/p>\n","protected":false},"excerpt":{"rendered":"<p>Em julho, a torcida do\u00a0Fluminense\u00a0se despediu de Fred, um dos maiores \u00eddolos de sua hist\u00f3ria, com 382 jogos disputados com a Armadura Tricolor e 199 gols marcados, al\u00e9m de ter conquistado dois Campeonato Brasileiros (2010 e 2012), e dois Cariocas (2012 e 2022). \u00cddolo tricolor, o ex-jogador do Flu pendurou as chuteiras e vem curtindo [&hellip;]<\/p>\n","protected":false},"author":1,"featured_media":689782,"comment_status":"closed","ping_status":"closed","sticky":false,"template":"","format":"standard","meta":[],"categories":[4486],"tags":[],"acf":[],"yoast_head":"<!-- This site is optimized with the Yoast SEO plugin v20.8 - https:\/\/yoast.com\/wordpress\/plugins\/seo\/ -->\n<title>FRED SER\u00c1 COMENTARISTA DA GLOBO NA COPA DO MUNDO - Bahia Economica<\/title>\n<meta name=\"description\" content=\"O maior portal de Economia da Bahia Esporte Bahia Economica\" \/>\n<meta name=\"robots\" content=\"index, follow, max-snippet:-1, max-image-preview:large, max-video-preview:-1\" \/>\n<link rel=\"canonical\" href=\"https:\/\/bahiaeconomica.com.br\/wp\/2022\/09\/08\/fred-sera-comentarista-da-globo-na-copa-do-mundo\/\" \/>\n<meta property=\"og:locale\" content=\"pt_BR\" \/>\n<meta property=\"og:type\" content=\"article\" \/>\n<meta property=\"og:title\" content=\"FRED SER\u00c1 COMENTARISTA DA GLOBO NA COPA DO MUNDO - Bahia Economica\" \/>\n<meta property=\"og:description\" content=\"O maior portal de Economia da Bahia Esporte Bahia Economica\" \/>\n<meta property=\"og:url\" content=\"https:\/\/bahiaeconomica.com.br\/wp\/2022\/09\/08\/fred-sera-comentarista-da-globo-na-copa-do-mundo\/\" \/>\n<meta property=\"og:site_name\" content=\"Bahia Economica\" \/>\n<meta property=\"article:publisher\" content=\"https:\/\/www.facebook.com\/bahiaeconomica\" \/>\n<meta property=\"article:published_time\" content=\"2022-09-08T12:17:27+00:00\" \/>\n<meta property=\"article:modified_time\" content=\"2022-09-08T12:17:28+00:00\" \/>\n<meta property=\"og:image\" content=\"https:\/\/bahiaeconomica.com.br\/wp\/wp-content\/uploads\/2022\/09\/fred-Thiago-Ribeiro-AGIF.png\" \/>\n\t<meta property=\"og:image:width\" content=\"740\" \/>\n\t<meta property=\"og:image:height\" content=\"416\" \/>\n\t<meta property=\"og:image:type\" content=\"image\/png\" \/>\n<meta name=\"author\" content=\"admin\" \/>\n<meta name=\"twitter:card\" content=\"summary_large_image\" \/>\n<meta name=\"twitter:label1\" content=\"Escrito por\" \/>\n\t<meta name=\"twitter:data1\" content=\"admin\" \/>\n\t<meta name=\"twitter:label2\" content=\"Est. tempo de leitura\" \/>\n\t<meta name=\"twitter:data2\" content=\"1 minuto\" \/>\n<script type=\"application\/ld+json\" class=\"yoast-schema-graph\">{\"@context\":\"https:\/\/schema.org\",\"@graph\":[{\"@type\":\"Article\",\"@id\":\"https:\/\/bahiaeconomica.com.br\/wp\/2022\/09\/08\/fred-sera-comentarista-da-globo-na-copa-do-mundo\/#article\",\"isPartOf\":{\"@id\":\"https:\/\/bahiaeconomica.com.br\/wp\/2022\/09\/08\/fred-sera-comentarista-da-globo-na-copa-do-mundo\/\"},\"author\":{\"name\":\"admin\",\"@id\":\"https:\/\/bahiaeconomica.com.br\/wp\/#\/schema\/person\/cb1ab5ba96ad3d9390805381c76284ec\"},\"headline\":\"FRED SER\u00c1 COMENTARISTA DA GLOBO NA COPA DO MUNDO\",\"datePublished\":\"2022-09-08T12:17:27+00:00\",\"dateModified\":\"2022-09-08T12:17:28+00:00\",\"mainEntityOfPage\":{\"@id\":\"https:\/\/bahiaeconomica.com.br\/wp\/2022\/09\/08\/fred-sera-comentarista-da-globo-na-copa-do-mundo\/\"},\"wordCount\":172,\"publisher\":{\"@id\":\"https:\/\/bahiaeconomica.com.br\/wp\/#organization\"},\"articleSection\":[\"Esporte\"],\"inLanguage\":\"pt-BR\"},{\"@type\":\"WebPage\",\"@id\":\"https:\/\/bahiaeconomica.com.br\/wp\/2022\/09\/08\/fred-sera-comentarista-da-globo-na-copa-do-mundo\/\",\"url\":\"https:\/\/bahiaeconomica.com.br\/wp\/2022\/09\/08\/fred-sera-comentarista-da-globo-na-copa-do-mundo\/\",\"name\":\"FRED SER\u00c1 COMENTARISTA DA GLOBO NA COPA DO MUNDO - Bahia Economica\",\"isPartOf\":{\"@id\":\"https:\/\/bahiaeconomica.com.br\/wp\/#website\"},\"datePublished\":\"2022-09-08T12:17:27+00:00\",\"dateModified\":\"2022-09-08T12:17:28+00:00\",\"description\":\"O maior portal de Economia da Bahia Esporte Bahia Economica\",\"breadcrumb\":{\"@id\":\"https:\/\/bahiaeconomica.com.br\/wp\/2022\/09\/08\/fred-sera-comentarista-da-globo-na-copa-do-mundo\/#breadcrumb\"},\"inLanguage\":\"pt-BR\",\"potentialAction\":[{\"@type\":\"ReadAction\",\"target\":[\"https:\/\/bahiaeconomica.com.br\/wp\/2022\/09\/08\/fred-sera-comentarista-da-globo-na-copa-do-mundo\/\"]}]},{\"@type\":\"BreadcrumbList\",\"@id\":\"https:\/\/bahiaeconomica.com.br\/wp\/2022\/09\/08\/fred-sera-comentarista-da-globo-na-copa-do-mundo\/#breadcrumb\",\"itemListElement\":[{\"@type\":\"ListItem\",\"position\":1,\"name\":\"In\u00edcio\",\"item\":\"https:\/\/bahiaeconomica.com.br\/wp\/\"},{\"@type\":\"ListItem\",\"position\":2,\"name\":\"FRED SER\u00c1 COMENTARISTA DA GLOBO NA COPA DO MUNDO\"}]},{\"@type\":\"WebSite\",\"@id\":\"https:\/\/bahiaeconomica.com.br\/wp\/#website\",\"url\":\"https:\/\/bahiaeconomica.com.br\/wp\/\",\"name\":\"Bahia Economica\",\"description\":\"O maior portal de Economia da Bahia\",\"publisher\":{\"@id\":\"https:\/\/bahiaeconomica.com.br\/wp\/#organization\"},\"potentialAction\":[{\"@type\":\"SearchAction\",\"target\":{\"@type\":\"EntryPoint\",\"urlTemplate\":\"https:\/\/bahiaeconomica.com.br\/wp\/?s={search_term_string}\"},\"query-input\":\"required name=search_term_string\"}],\"inLanguage\":\"pt-BR\"},{\"@type\":\"Organization\",\"@id\":\"https:\/\/bahiaeconomica.com.br\/wp\/#organization\",\"name\":\"Bahia Econ\u00f4mica\",\"url\":\"https:\/\/bahiaeconomica.com.br\/wp\/\",\"logo\":{\"@type\":\"ImageObject\",\"inLanguage\":\"pt-BR\",\"@id\":\"https:\/\/bahiaeconomica.com.br\/wp\/#\/schema\/logo\/image\/\",\"url\":\"https:\/\/bahiaeconomica.com.br\/wp\/wp-content\/uploads\/2020\/12\/cropped-BE.png\",\"contentUrl\":\"https:\/\/bahiaeconomica.com.br\/wp\/wp-content\/uploads\/2020\/12\/cropped-BE.png\",\"width\":512,\"height\":512,\"caption\":\"Bahia Econ\u00f4mica\"},\"image\":{\"@id\":\"https:\/\/bahiaeconomica.com.br\/wp\/#\/schema\/logo\/image\/\"},\"sameAs\":[\"https:\/\/www.facebook.com\/bahiaeconomica\"]},{\"@type\":\"Person\",\"@id\":\"https:\/\/bahiaeconomica.com.br\/wp\/#\/schema\/person\/cb1ab5ba96ad3d9390805381c76284ec\",\"name\":\"admin\",\"url\":\"https:\/\/bahiaeconomica.com.br\/wp\/author\/admin\/\"}]}<\/script>\n<!-- \/ Yoast SEO plugin. -->","yoast_head_json":{"title":"FRED SER\u00c1 COMENTARISTA DA GLOBO NA COPA DO MUNDO - Bahia Economica","description":"O maior portal de Economia da Bahia Esporte Bahia Economica","robots":{"index":"index","follow":"follow","max-snippet":"max-snippet:-1","max-image-preview":"max-image-preview:large","max-video-preview":"max-video-preview:-1"},"canonical":"https:\/\/bahiaeconomica.com.br\/wp\/2022\/09\/08\/fred-sera-comentarista-da-globo-na-copa-do-mundo\/","og_locale":"pt_BR","og_type":"article","og_title":"FRED SER\u00c1 COMENTARISTA DA GLOBO NA COPA DO MUNDO - Bahia Economica","og_description":"O maior portal de Economia da Bahia Esporte Bahia Economica","og_url":"https:\/\/bahiaeconomica.com.br\/wp\/2022\/09\/08\/fred-sera-comentarista-da-globo-na-copa-do-mundo\/","og_site_name":"Bahia Economica","article_publisher":"https:\/\/www.facebook.com\/bahiaeconomica","article_published_time":"2022-09-08T12:17:27+00:00","article_modified_time":"2022-09-08T12:17:28+00:00","og_image":[{"width":740,"height":416,"url":"https:\/\/bahiaeconomica.com.br\/wp\/wp-content\/uploads\/2022\/09\/fred-Thiago-Ribeiro-AGIF.png","type":"image\/png"}],"author":"admin","twitter_card":"summary_large_image","twitter_misc":{"Escrito por":"admin","Est. tempo de leitura":"1 minuto"},"schema":{"@context":"https:\/\/schema.org","@graph":[{"@type":"Article","@id":"https:\/\/bahiaeconomica.com.br\/wp\/2022\/09\/08\/fred-sera-comentarista-da-globo-na-copa-do-mundo\/#article","isPartOf":{"@id":"https:\/\/bahiaeconomica.com.br\/wp\/2022\/09\/08\/fred-sera-comentarista-da-globo-na-copa-do-mundo\/"},"author":{"name":"admin","@id":"https:\/\/bahiaeconomica.com.br\/wp\/#\/schema\/person\/cb1ab5ba96ad3d9390805381c76284ec"},"headline":"FRED SER\u00c1 COMENTARISTA DA GLOBO NA COPA DO MUNDO","datePublished":"2022-09-08T12:17:27+00:00","dateModified":"2022-09-08T12:17:28+00:00","mainEntityOfPage":{"@id":"https:\/\/bahiaeconomica.com.br\/wp\/2022\/09\/08\/fred-sera-comentarista-da-globo-na-copa-do-mundo\/"},"wordCount":172,"publisher":{"@id":"https:\/\/bahiaeconomica.com.br\/wp\/#organization"},"articleSection":["Esporte"],"inLanguage":"pt-BR"},{"@type":"WebPage","@id":"https:\/\/bahiaeconomica.com.br\/wp\/2022\/09\/08\/fred-sera-comentarista-da-globo-na-copa-do-mundo\/","url":"https:\/\/bahiaeconomica.com.br\/wp\/2022\/09\/08\/fred-sera-comentarista-da-globo-na-copa-do-mundo\/","name":"FRED SER\u00c1 COMENTARISTA DA GLOBO NA COPA DO MUNDO - Bahia Economica","isPartOf":{"@id":"https:\/\/bahiaeconomica.com.br\/wp\/#website"},"datePublished":"2022-09-08T12:17:27+00:00","dateModified":"2022-09-08T12:17:28+00:00","description":"O maior portal de Economia da Bahia Esporte Bahia Economica","breadcrumb":{"@id":"https:\/\/bahiaeconomica.com.br\/wp\/2022\/09\/08\/fred-sera-comentarista-da-globo-na-copa-do-mundo\/#breadcrumb"},"inLanguage":"pt-BR","potentialAction":[{"@type":"ReadAction","target":["https:\/\/bahiaeconomica.com.br\/wp\/2022\/09\/08\/fred-sera-comentarista-da-globo-na-copa-do-mundo\/"]}]},{"@type":"BreadcrumbList","@id":"https:\/\/bahiaeconomica.com.br\/wp\/2022\/09\/08\/fred-sera-comentarista-da-globo-na-copa-do-mundo\/#breadcrumb","itemListElement":[{"@type":"ListItem","position":1,"name":"In\u00edcio","item":"https:\/\/bahiaeconomica.com.br\/wp\/"},{"@type":"ListItem","position":2,"name":"FRED SER\u00c1 COMENTARISTA DA GLOBO NA COPA DO MUNDO"}]},{"@type":"WebSite","@id":"https:\/\/bahiaeconomica.com.br\/wp\/#website","url":"https:\/\/bahiaeconomica.com.br\/wp\/","name":"Bahia Economica","description":"O maior portal de Economia da Bahia","publisher":{"@id":"https:\/\/bahiaeconomica.com.br\/wp\/#organization"},"potentialAction":[{"@type":"SearchAction","target":{"@type":"EntryPoint","urlTemplate":"https:\/\/bahiaeconomica.com.br\/wp\/?s={search_term_string}"},"query-input":"required name=search_term_string"}],"inLanguage":"pt-BR"},{"@type":"Organization","@id":"https:\/\/bahiaeconomica.com.br\/wp\/#organization","name":"Bahia Econ\u00f4mica","url":"https:\/\/bahiaeconomica.com.br\/wp\/","logo":{"@type":"ImageObject","inLanguage":"pt-BR","@id":"https:\/\/bahiaeconomica.com.br\/wp\/#\/schema\/logo\/image\/","url":"https:\/\/bahiaeconomica.com.br\/wp\/wp-content\/uploads\/2020\/12\/cropped-BE.png","contentUrl":"https:\/\/bahiaeconomica.com.br\/wp\/wp-content\/uploads\/2020\/12\/cropped-BE.png","width":512,"height":512,"caption":"Bahia Econ\u00f4mica"},"image":{"@id":"https:\/\/bahiaeconomica.com.br\/wp\/#\/schema\/logo\/image\/"},"sameAs":["https:\/\/www.facebook.com\/bahiaeconomica"]},{"@type":"Person","@id":"https:\/\/bahiaeconomica.com.br\/wp\/#\/schema\/person\/cb1ab5ba96ad3d9390805381c76284ec","name":"admin","url":"https:\/\/bahiaeconomica.com.br\/wp\/author\/admin\/"}]}},"views":7,"_links":{"self":[{"href":"https:\/\/bahiaeconomica.com.br\/wp\/wp-json\/wp\/v2\/posts\/689778"}],"collection":[{"href":"https:\/\/bahiaeconomica.com.br\/wp\/wp-json\/wp\/v2\/posts"}],"about":[{"href":"https:\/\/bahiaeconomica.com.br\/wp\/wp-json\/wp\/v2\/types\/post"}],"author":[{"embeddable":true,"href":"https:\/\/bahiaeconomica.com.br\/wp\/wp-json\/wp\/v2\/users\/1"}],"replies":[{"embeddable":true,"href":"https:\/\/bahiaeconomica.com.br\/wp\/wp-json\/wp\/v2\/comments?post=689778"}],"version-history":[{"count":1,"href":"https:\/\/bahiaeconomica.com.br\/wp\/wp-json\/wp\/v2\/posts\/689778\/revisions"}],"predecessor-version":[{"id":689783,"href":"https:\/\/bahiaeconomica.com.br\/wp\/wp-json\/wp\/v2\/posts\/689778\/revisions\/689783"}],"wp:featuredmedia":[{"embeddable":true,"href":"https:\/\/bahiaeconomica.com.br\/wp\/wp-json\/wp\/v2\/media\/689782"}],"wp:attachment":[{"href":"https:\/\/bahiaeconomica.com.br\/wp\/wp-json\/wp\/v2\/media?parent=689778"}],"wp:term":[{"taxonomy":"category","embeddable":true,"href":"https:\/\/bahiaeconomica.com.br\/wp\/wp-json\/wp\/v2\/categories?post=689778"},{"taxonomy":"post_tag","embeddable":true,"href":"https:\/\/bahiaeconomica.com.br\/wp\/wp-json\/wp\/v2\/tags?post=689778"}],"curies":[{"name":"wp","href":"https:\/\/api.w.org\/{rel}","templated":true}]}}