{"id":689604,"date":"2022-09-06T15:44:54","date_gmt":"2022-09-06T18:44:54","guid":{"rendered":"https:\/\/bahiaeconomica.com.br\/wp\/beta\/?p=689604"},"modified":"2022-09-06T15:45:55","modified_gmt":"2022-09-06T18:45:55","slug":"governo-do-estado-entrega-uti-neo-natal-e-pediatrica-no-ana-nery","status":"publish","type":"post","link":"https:\/\/bahiaeconomica.com.br\/wp\/2022\/09\/06\/governo-do-estado-entrega-uti-neo-natal-e-pediatrica-no-ana-nery\/","title":{"rendered":"GOVERNO DO ESTADO ENTREGA UTI NEO NATAL E PEDIATRICA NO ANA NERY"},"content":{"rendered":"\n<p>O governo do estado inaugurou, nesta ter\u00e7a-feira, 6, um conjunto de obras que refor\u00e7am a estrutura do Hospital Ana Nery (HAN), no bairro da Caixa d\u2019\u00c1gua, em Salvador. Foram entregues a reforma e amplia\u00e7\u00e3o da Unidade de Terapia Intensiva (UTI) Cardiol\u00f3gica Infantil, a implanta\u00e7\u00e3o da farm\u00e1cia para pacientes, al\u00e9m da requalifica\u00e7\u00e3o do laborat\u00f3rio, audit\u00f3rio e da ag\u00eancia transfusional.&nbsp;<\/p>\n\n\n\n<p>O investimento total, entre obras e equipamentos, foi de mais de R$ 8 milh\u00f5es. Ainda na ocasi\u00e3o, foi anunciada a aquisi\u00e7\u00e3o de mais um equipamento de hemodin\u00e2mica que vai se juntar aos outros dois j\u00e1 existentes. O ato de entrega contou com a presen\u00e7a do governador Rui Costa (PT).&nbsp;<\/p>\n\n\n\n<p>O Hospital Ana Nery \u00e9 uma unidade de ensino, refer\u00eancia no estado em procedimentos de alta complexidade e reconhecido pela excel\u00eancia e refer\u00eancia nas \u00e1reas de cardiologia, nefrologia e cirurgia vascular. A UTI Cardiol\u00f3gica Infantil passou de oito para 12 leitos pedi\u00e1tricos e 7 neonatais, voltados para beb\u00eas at\u00e9 29 dias, aumentando a capacidade e a qualidade da assist\u00eancia em alta complexidade e dobrando o volume de cirurgia mensais.<\/p>\n\n\n\n<p>O Hospital Ana Nery \u00e9 gerido pela parceria entre a Secretaria da Sa\u00fade do Estado (Sesab) e a Universidade Federal da Bahia (Ufba), atrav\u00e9s da Funda\u00e7\u00e3o de Apoio \u00e0 Pesquisa e Extens\u00e3o (Fapex).<\/p>\n\n\n\n<p><\/p>\n\n\n\n<p><\/p>\n\n\n\n<p><\/p>\n\n\n\n<p><\/p>\n\n\n\n<p>Foto: Divulga\u00e7\u00e3o<\/p>\n","protected":false},"excerpt":{"rendered":"<p>O governo do estado inaugurou, nesta ter\u00e7a-feira, 6, um conjunto de obras que refor\u00e7am a estrutura do Hospital Ana Nery (HAN), no bairro da Caixa d\u2019\u00c1gua, em Salvador. Foram entregues a reforma e amplia\u00e7\u00e3o da Unidade de Terapia Intensiva (UTI) Cardiol\u00f3gica Infantil, a implanta\u00e7\u00e3o da farm\u00e1cia para pacientes, al\u00e9m da requalifica\u00e7\u00e3o do laborat\u00f3rio, audit\u00f3rio e [&hellip;]<\/p>\n","protected":false},"author":1,"featured_media":689607,"comment_status":"closed","ping_status":"closed","sticky":false,"template":"","format":"standard","meta":[],"categories":[21],"tags":[2853,88,8357,8355,8356,107,119],"acf":[],"yoast_head":"<!-- This site is optimized with the Yoast SEO plugin v20.8 - https:\/\/yoast.com\/wordpress\/plugins\/seo\/ -->\n<title>GOVERNO DO ESTADO ENTREGA UTI NEO NATAL E PEDIATRICA NO ANA NERY - Bahia Economica<\/title>\n<meta name=\"description\" content=\"O maior portal de Economia da Bahia Sa\u00fade \/ Educa\u00e7\u00e3o Bahia Economica\" \/>\n<meta name=\"robots\" content=\"index, follow, max-snippet:-1, max-image-preview:large, max-video-preview:-1\" \/>\n<link rel=\"canonical\" href=\"https:\/\/bahiaeconomica.com.br\/wp\/2022\/09\/06\/governo-do-estado-entrega-uti-neo-natal-e-pediatrica-no-ana-nery\/\" \/>\n<meta property=\"og:locale\" content=\"pt_BR\" \/>\n<meta property=\"og:type\" content=\"article\" \/>\n<meta property=\"og:title\" content=\"GOVERNO DO ESTADO ENTREGA UTI NEO NATAL E PEDIATRICA NO ANA NERY - Bahia Economica\" \/>\n<meta property=\"og:description\" content=\"O maior portal de Economia da Bahia Sa\u00fade \/ Educa\u00e7\u00e3o Bahia Economica\" \/>\n<meta property=\"og:url\" content=\"https:\/\/bahiaeconomica.com.br\/wp\/2022\/09\/06\/governo-do-estado-entrega-uti-neo-natal-e-pediatrica-no-ana-nery\/\" \/>\n<meta property=\"og:site_name\" content=\"Bahia Economica\" \/>\n<meta property=\"article:publisher\" content=\"https:\/\/www.facebook.com\/bahiaeconomica\" \/>\n<meta property=\"article:published_time\" content=\"2022-09-06T18:44:54+00:00\" \/>\n<meta property=\"article:modified_time\" content=\"2022-09-06T18:45:55+00:00\" \/>\n<meta property=\"og:image\" content=\"https:\/\/bahiaeconomica.com.br\/wp\/wp-content\/uploads\/2022\/09\/inline_01205455_00.jpg\" \/>\n\t<meta property=\"og:image:width\" content=\"1280\" \/>\n\t<meta property=\"og:image:height\" content=\"720\" \/>\n\t<meta property=\"og:image:type\" content=\"image\/jpeg\" \/>\n<meta name=\"author\" content=\"admin\" \/>\n<meta name=\"twitter:card\" content=\"summary_large_image\" \/>\n<meta name=\"twitter:label1\" content=\"Escrito por\" \/>\n\t<meta name=\"twitter:data1\" content=\"admin\" \/>\n\t<meta name=\"twitter:label2\" content=\"Est. tempo de leitura\" \/>\n\t<meta name=\"twitter:data2\" content=\"2 minutos\" \/>\n<script type=\"application\/ld+json\" class=\"yoast-schema-graph\">{\"@context\":\"https:\/\/schema.org\",\"@graph\":[{\"@type\":\"Article\",\"@id\":\"https:\/\/bahiaeconomica.com.br\/wp\/2022\/09\/06\/governo-do-estado-entrega-uti-neo-natal-e-pediatrica-no-ana-nery\/#article\",\"isPartOf\":{\"@id\":\"https:\/\/bahiaeconomica.com.br\/wp\/2022\/09\/06\/governo-do-estado-entrega-uti-neo-natal-e-pediatrica-no-ana-nery\/\"},\"author\":{\"name\":\"admin\",\"@id\":\"https:\/\/bahiaeconomica.com.br\/wp\/#\/schema\/person\/cb1ab5ba96ad3d9390805381c76284ec\"},\"headline\":\"GOVERNO DO ESTADO ENTREGA UTI NEO NATAL E PEDIATRICA NO ANA NERY\",\"datePublished\":\"2022-09-06T18:44:54+00:00\",\"dateModified\":\"2022-09-06T18:45:55+00:00\",\"mainEntityOfPage\":{\"@id\":\"https:\/\/bahiaeconomica.com.br\/wp\/2022\/09\/06\/governo-do-estado-entrega-uti-neo-natal-e-pediatrica-no-ana-nery\/\"},\"wordCount\":246,\"publisher\":{\"@id\":\"https:\/\/bahiaeconomica.com.br\/wp\/#organization\"},\"keywords\":[\"ana nery\",\"governo da Bahia\",\"hospital ana nery\",\"neo natal\",\"pediatrica\",\"Rui Costa\",\"UTI\"],\"articleSection\":[\"Sa\u00fade \/ Educa\u00e7\u00e3o\"],\"inLanguage\":\"pt-BR\"},{\"@type\":\"WebPage\",\"@id\":\"https:\/\/bahiaeconomica.com.br\/wp\/2022\/09\/06\/governo-do-estado-entrega-uti-neo-natal-e-pediatrica-no-ana-nery\/\",\"url\":\"https:\/\/bahiaeconomica.com.br\/wp\/2022\/09\/06\/governo-do-estado-entrega-uti-neo-natal-e-pediatrica-no-ana-nery\/\",\"name\":\"GOVERNO DO ESTADO ENTREGA UTI NEO NATAL E PEDIATRICA NO ANA NERY - Bahia Economica\",\"isPartOf\":{\"@id\":\"https:\/\/bahiaeconomica.com.br\/wp\/#website\"},\"datePublished\":\"2022-09-06T18:44:54+00:00\",\"dateModified\":\"2022-09-06T18:45:55+00:00\",\"description\":\"O maior portal de Economia da Bahia Sa\u00fade \/ Educa\u00e7\u00e3o Bahia Economica\",\"breadcrumb\":{\"@id\":\"https:\/\/bahiaeconomica.com.br\/wp\/2022\/09\/06\/governo-do-estado-entrega-uti-neo-natal-e-pediatrica-no-ana-nery\/#breadcrumb\"},\"inLanguage\":\"pt-BR\",\"potentialAction\":[{\"@type\":\"ReadAction\",\"target\":[\"https:\/\/bahiaeconomica.com.br\/wp\/2022\/09\/06\/governo-do-estado-entrega-uti-neo-natal-e-pediatrica-no-ana-nery\/\"]}]},{\"@type\":\"BreadcrumbList\",\"@id\":\"https:\/\/bahiaeconomica.com.br\/wp\/2022\/09\/06\/governo-do-estado-entrega-uti-neo-natal-e-pediatrica-no-ana-nery\/#breadcrumb\",\"itemListElement\":[{\"@type\":\"ListItem\",\"position\":1,\"name\":\"In\u00edcio\",\"item\":\"https:\/\/bahiaeconomica.com.br\/wp\/\"},{\"@type\":\"ListItem\",\"position\":2,\"name\":\"GOVERNO DO ESTADO ENTREGA UTI NEO NATAL E PEDIATRICA NO ANA NERY\"}]},{\"@type\":\"WebSite\",\"@id\":\"https:\/\/bahiaeconomica.com.br\/wp\/#website\",\"url\":\"https:\/\/bahiaeconomica.com.br\/wp\/\",\"name\":\"Bahia Economica\",\"description\":\"O maior portal de Economia da Bahia\",\"publisher\":{\"@id\":\"https:\/\/bahiaeconomica.com.br\/wp\/#organization\"},\"potentialAction\":[{\"@type\":\"SearchAction\",\"target\":{\"@type\":\"EntryPoint\",\"urlTemplate\":\"https:\/\/bahiaeconomica.com.br\/wp\/?s={search_term_string}\"},\"query-input\":\"required name=search_term_string\"}],\"inLanguage\":\"pt-BR\"},{\"@type\":\"Organization\",\"@id\":\"https:\/\/bahiaeconomica.com.br\/wp\/#organization\",\"name\":\"Bahia Econ\u00f4mica\",\"url\":\"https:\/\/bahiaeconomica.com.br\/wp\/\",\"logo\":{\"@type\":\"ImageObject\",\"inLanguage\":\"pt-BR\",\"@id\":\"https:\/\/bahiaeconomica.com.br\/wp\/#\/schema\/logo\/image\/\",\"url\":\"https:\/\/bahiaeconomica.com.br\/wp\/wp-content\/uploads\/2020\/12\/cropped-BE.png\",\"contentUrl\":\"https:\/\/bahiaeconomica.com.br\/wp\/wp-content\/uploads\/2020\/12\/cropped-BE.png\",\"width\":512,\"height\":512,\"caption\":\"Bahia Econ\u00f4mica\"},\"image\":{\"@id\":\"https:\/\/bahiaeconomica.com.br\/wp\/#\/schema\/logo\/image\/\"},\"sameAs\":[\"https:\/\/www.facebook.com\/bahiaeconomica\"]},{\"@type\":\"Person\",\"@id\":\"https:\/\/bahiaeconomica.com.br\/wp\/#\/schema\/person\/cb1ab5ba96ad3d9390805381c76284ec\",\"name\":\"admin\",\"url\":\"https:\/\/bahiaeconomica.com.br\/wp\/author\/admin\/\"}]}<\/script>\n<!-- \/ Yoast SEO plugin. -->","yoast_head_json":{"title":"GOVERNO DO ESTADO ENTREGA UTI NEO NATAL E PEDIATRICA NO ANA NERY - Bahia Economica","description":"O maior portal de Economia da Bahia Sa\u00fade \/ Educa\u00e7\u00e3o Bahia Economica","robots":{"index":"index","follow":"follow","max-snippet":"max-snippet:-1","max-image-preview":"max-image-preview:large","max-video-preview":"max-video-preview:-1"},"canonical":"https:\/\/bahiaeconomica.com.br\/wp\/2022\/09\/06\/governo-do-estado-entrega-uti-neo-natal-e-pediatrica-no-ana-nery\/","og_locale":"pt_BR","og_type":"article","og_title":"GOVERNO DO ESTADO ENTREGA UTI NEO NATAL E PEDIATRICA NO ANA NERY - Bahia Economica","og_description":"O maior portal de Economia da Bahia Sa\u00fade \/ Educa\u00e7\u00e3o Bahia Economica","og_url":"https:\/\/bahiaeconomica.com.br\/wp\/2022\/09\/06\/governo-do-estado-entrega-uti-neo-natal-e-pediatrica-no-ana-nery\/","og_site_name":"Bahia Economica","article_publisher":"https:\/\/www.facebook.com\/bahiaeconomica","article_published_time":"2022-09-06T18:44:54+00:00","article_modified_time":"2022-09-06T18:45:55+00:00","og_image":[{"width":1280,"height":720,"url":"https:\/\/bahiaeconomica.com.br\/wp\/wp-content\/uploads\/2022\/09\/inline_01205455_00.jpg","type":"image\/jpeg"}],"author":"admin","twitter_card":"summary_large_image","twitter_misc":{"Escrito por":"admin","Est. tempo de leitura":"2 minutos"},"schema":{"@context":"https:\/\/schema.org","@graph":[{"@type":"Article","@id":"https:\/\/bahiaeconomica.com.br\/wp\/2022\/09\/06\/governo-do-estado-entrega-uti-neo-natal-e-pediatrica-no-ana-nery\/#article","isPartOf":{"@id":"https:\/\/bahiaeconomica.com.br\/wp\/2022\/09\/06\/governo-do-estado-entrega-uti-neo-natal-e-pediatrica-no-ana-nery\/"},"author":{"name":"admin","@id":"https:\/\/bahiaeconomica.com.br\/wp\/#\/schema\/person\/cb1ab5ba96ad3d9390805381c76284ec"},"headline":"GOVERNO DO ESTADO ENTREGA UTI NEO NATAL E PEDIATRICA NO ANA NERY","datePublished":"2022-09-06T18:44:54+00:00","dateModified":"2022-09-06T18:45:55+00:00","mainEntityOfPage":{"@id":"https:\/\/bahiaeconomica.com.br\/wp\/2022\/09\/06\/governo-do-estado-entrega-uti-neo-natal-e-pediatrica-no-ana-nery\/"},"wordCount":246,"publisher":{"@id":"https:\/\/bahiaeconomica.com.br\/wp\/#organization"},"keywords":["ana nery","governo da Bahia","hospital ana nery","neo natal","pediatrica","Rui Costa","UTI"],"articleSection":["Sa\u00fade \/ Educa\u00e7\u00e3o"],"inLanguage":"pt-BR"},{"@type":"WebPage","@id":"https:\/\/bahiaeconomica.com.br\/wp\/2022\/09\/06\/governo-do-estado-entrega-uti-neo-natal-e-pediatrica-no-ana-nery\/","url":"https:\/\/bahiaeconomica.com.br\/wp\/2022\/09\/06\/governo-do-estado-entrega-uti-neo-natal-e-pediatrica-no-ana-nery\/","name":"GOVERNO DO ESTADO ENTREGA UTI NEO NATAL E PEDIATRICA NO ANA NERY - Bahia Economica","isPartOf":{"@id":"https:\/\/bahiaeconomica.com.br\/wp\/#website"},"datePublished":"2022-09-06T18:44:54+00:00","dateModified":"2022-09-06T18:45:55+00:00","description":"O maior portal de Economia da Bahia Sa\u00fade \/ Educa\u00e7\u00e3o Bahia Economica","breadcrumb":{"@id":"https:\/\/bahiaeconomica.com.br\/wp\/2022\/09\/06\/governo-do-estado-entrega-uti-neo-natal-e-pediatrica-no-ana-nery\/#breadcrumb"},"inLanguage":"pt-BR","potentialAction":[{"@type":"ReadAction","target":["https:\/\/bahiaeconomica.com.br\/wp\/2022\/09\/06\/governo-do-estado-entrega-uti-neo-natal-e-pediatrica-no-ana-nery\/"]}]},{"@type":"BreadcrumbList","@id":"https:\/\/bahiaeconomica.com.br\/wp\/2022\/09\/06\/governo-do-estado-entrega-uti-neo-natal-e-pediatrica-no-ana-nery\/#breadcrumb","itemListElement":[{"@type":"ListItem","position":1,"name":"In\u00edcio","item":"https:\/\/bahiaeconomica.com.br\/wp\/"},{"@type":"ListItem","position":2,"name":"GOVERNO DO ESTADO ENTREGA UTI NEO NATAL E PEDIATRICA NO ANA NERY"}]},{"@type":"WebSite","@id":"https:\/\/bahiaeconomica.com.br\/wp\/#website","url":"https:\/\/bahiaeconomica.com.br\/wp\/","name":"Bahia Economica","description":"O maior portal de Economia da Bahia","publisher":{"@id":"https:\/\/bahiaeconomica.com.br\/wp\/#organization"},"potentialAction":[{"@type":"SearchAction","target":{"@type":"EntryPoint","urlTemplate":"https:\/\/bahiaeconomica.com.br\/wp\/?s={search_term_string}"},"query-input":"required name=search_term_string"}],"inLanguage":"pt-BR"},{"@type":"Organization","@id":"https:\/\/bahiaeconomica.com.br\/wp\/#organization","name":"Bahia Econ\u00f4mica","url":"https:\/\/bahiaeconomica.com.br\/wp\/","logo":{"@type":"ImageObject","inLanguage":"pt-BR","@id":"https:\/\/bahiaeconomica.com.br\/wp\/#\/schema\/logo\/image\/","url":"https:\/\/bahiaeconomica.com.br\/wp\/wp-content\/uploads\/2020\/12\/cropped-BE.png","contentUrl":"https:\/\/bahiaeconomica.com.br\/wp\/wp-content\/uploads\/2020\/12\/cropped-BE.png","width":512,"height":512,"caption":"Bahia Econ\u00f4mica"},"image":{"@id":"https:\/\/bahiaeconomica.com.br\/wp\/#\/schema\/logo\/image\/"},"sameAs":["https:\/\/www.facebook.com\/bahiaeconomica"]},{"@type":"Person","@id":"https:\/\/bahiaeconomica.com.br\/wp\/#\/schema\/person\/cb1ab5ba96ad3d9390805381c76284ec","name":"admin","url":"https:\/\/bahiaeconomica.com.br\/wp\/author\/admin\/"}]}},"views":8,"_links":{"self":[{"href":"https:\/\/bahiaeconomica.com.br\/wp\/wp-json\/wp\/v2\/posts\/689604"}],"collection":[{"href":"https:\/\/bahiaeconomica.com.br\/wp\/wp-json\/wp\/v2\/posts"}],"about":[{"href":"https:\/\/bahiaeconomica.com.br\/wp\/wp-json\/wp\/v2\/types\/post"}],"author":[{"embeddable":true,"href":"https:\/\/bahiaeconomica.com.br\/wp\/wp-json\/wp\/v2\/users\/1"}],"replies":[{"embeddable":true,"href":"https:\/\/bahiaeconomica.com.br\/wp\/wp-json\/wp\/v2\/comments?post=689604"}],"version-history":[{"count":2,"href":"https:\/\/bahiaeconomica.com.br\/wp\/wp-json\/wp\/v2\/posts\/689604\/revisions"}],"predecessor-version":[{"id":689611,"href":"https:\/\/bahiaeconomica.com.br\/wp\/wp-json\/wp\/v2\/posts\/689604\/revisions\/689611"}],"wp:featuredmedia":[{"embeddable":true,"href":"https:\/\/bahiaeconomica.com.br\/wp\/wp-json\/wp\/v2\/media\/689607"}],"wp:attachment":[{"href":"https:\/\/bahiaeconomica.com.br\/wp\/wp-json\/wp\/v2\/media?parent=689604"}],"wp:term":[{"taxonomy":"category","embeddable":true,"href":"https:\/\/bahiaeconomica.com.br\/wp\/wp-json\/wp\/v2\/categories?post=689604"},{"taxonomy":"post_tag","embeddable":true,"href":"https:\/\/bahiaeconomica.com.br\/wp\/wp-json\/wp\/v2\/tags?post=689604"}],"curies":[{"name":"wp","href":"https:\/\/api.w.org\/{rel}","templated":true}]}}