{"id":689433,"date":"2022-09-05T19:10:00","date_gmt":"2022-09-05T22:10:00","guid":{"rendered":"https:\/\/bahiaeconomica.com.br\/wp\/beta\/?p=689433"},"modified":"2022-09-05T19:13:32","modified_gmt":"2022-09-05T22:13:32","slug":"planserv-roma-quer-o-fim-das-cotas-neto-quer-aumentar-o-numeros-de-clinicas-e-jeronimo-crias-espacos-no-interior","status":"publish","type":"post","link":"https:\/\/bahiaeconomica.com.br\/wp\/2022\/09\/05\/planserv-roma-quer-o-fim-das-cotas-neto-quer-aumentar-o-numeros-de-clinicas-e-jeronimo-crias-espacos-no-interior\/","title":{"rendered":"PLANSERV: ROMA QUER O FIM DAS COTAS, NETO QUER AUMENTAR O N\u00daMERO DE CL\u00cdNICAS E JER\u00d4NIMO CRIAR ESPA\u00c7OS NO INTERIOR"},"content":{"rendered":"\n<p>Os candidatos ao governo do Estado se posicionaram nesta segunda-feira sobre o Planserv, o plano de sa\u00fade dos servidores do estado. Veja a posi\u00e7\u00e3o de cada um.<\/p>\n\n\n\n<p><strong>Jo\u00e3o Roma: <\/strong>&nbsp;disse que vai acabar com a cota de exames e rever o contrato. E afirmou que vai &nbsp;aportar os recursos necess\u00e1rios para utilizar a telemedicina e ampliar o credenciamento para que o servidor volte a ter orgulho do Planserv e ter uma assist\u00eancia de sa\u00fade digna, porque o estado atualmente trata o servidor como advers\u00e1rio ou uma despesa no final do m\u00eas.<\/p>\n\n\n\n<p><strong>ACM Neto: <\/strong>afirmou que o Planserv se enfraqueceu, que o estado oferece hoje 34% a menos de servi\u00e7os do que a 16 anos atr\u00e1s para o servidor p\u00fablico. Disse que vai aumentar a quantidade de cl\u00ednicas, laborat\u00f3rios, e hospitais credenciados, principalmente no interior, onde existe um buraco assistencial. E que vai avaliar a qualidade dos servi\u00e7os que s\u00e3o prestados por cada unidade de sa\u00fade e usar a telemedicina.<\/p>\n\n\n\n<p><strong>Jer\u00f4nimo Rodrigues: <\/strong>&nbsp;afirmou que far\u00e1 um maior investimento, inclusive na interioriza\u00e7\u00e3o do atendimento. Munic\u00edpios ou regi\u00f5es com mais de 2 mil associados, estabelecendo um espa\u00e7o e um equipamento para o atendimento mais pr\u00f3ximo de cada regi\u00e3o ou territ\u00f3rio. Disse que antes de 2007, o Planserv tinha uma d\u00edvida muito forte e nossos governos recuperaram. Disse que mais de mil empresas da \u00e1rea de sa\u00fade est\u00e3o querendo se credenciar, demonstrando que o &nbsp;paga bem e paga em dia.<\/p>\n\n\n\n<p>As declara\u00e7\u00f5es foram dadas \u00e0\u00a0\u00a0Central de Elei\u00e7\u00f5es da Rede Bahia.<\/p>\n\n\n\n<p>Foto: Reprodu\u00e7\u00e3o\/Divulga\u00e7\u00e3o<\/p>\n","protected":false},"excerpt":{"rendered":"<p>Os candidatos ao governo do Estado se posicionaram nesta segunda-feira sobre o Planserv, o plano de sa\u00fade dos servidores do estado. Veja a posi\u00e7\u00e3o de cada um. Jo\u00e3o Roma: &nbsp;disse que vai acabar com a cota de exames e rever o contrato. E afirmou que vai &nbsp;aportar os recursos necess\u00e1rios para utilizar a telemedicina e [&hellip;]<\/p>\n","protected":false},"author":1,"featured_media":689440,"comment_status":"closed","ping_status":"closed","sticky":false,"template":"","format":"standard","meta":[],"categories":[3],"tags":[167,870,233,4701,950,8335,3902,8336],"acf":[],"yoast_head":"<!-- This site is optimized with the Yoast SEO plugin v20.8 - https:\/\/yoast.com\/wordpress\/plugins\/seo\/ -->\n<title>PLANSERV: ROMA QUER O FIM DAS COTAS, NETO QUER AUMENTAR O N\u00daMERO DE CL\u00cdNICAS E JER\u00d4NIMO CRIAR ESPA\u00c7OS NO INTERIOR - Bahia Economica<\/title>\n<meta name=\"description\" content=\"O maior portal de Economia da Bahia ECONOMIA \/ POL\u00cdTICA Bahia Economica\" \/>\n<meta name=\"robots\" content=\"index, follow, max-snippet:-1, max-image-preview:large, max-video-preview:-1\" \/>\n<link rel=\"canonical\" href=\"https:\/\/bahiaeconomica.com.br\/wp\/2022\/09\/05\/planserv-roma-quer-o-fim-das-cotas-neto-quer-aumentar-o-numeros-de-clinicas-e-jeronimo-crias-espacos-no-interior\/\" \/>\n<meta property=\"og:locale\" content=\"pt_BR\" \/>\n<meta property=\"og:type\" content=\"article\" \/>\n<meta property=\"og:title\" content=\"PLANSERV: ROMA QUER O FIM DAS COTAS, NETO QUER AUMENTAR O N\u00daMERO DE CL\u00cdNICAS E JER\u00d4NIMO CRIAR ESPA\u00c7OS NO INTERIOR - Bahia Economica\" \/>\n<meta property=\"og:description\" content=\"O maior portal de Economia da Bahia ECONOMIA \/ POL\u00cdTICA Bahia Economica\" \/>\n<meta property=\"og:url\" content=\"https:\/\/bahiaeconomica.com.br\/wp\/2022\/09\/05\/planserv-roma-quer-o-fim-das-cotas-neto-quer-aumentar-o-numeros-de-clinicas-e-jeronimo-crias-espacos-no-interior\/\" \/>\n<meta property=\"og:site_name\" content=\"Bahia Economica\" \/>\n<meta property=\"article:publisher\" content=\"https:\/\/www.facebook.com\/bahiaeconomica\" \/>\n<meta property=\"article:published_time\" content=\"2022-09-05T22:10:00+00:00\" \/>\n<meta property=\"article:modified_time\" content=\"2022-09-05T22:13:32+00:00\" \/>\n<meta property=\"og:image\" content=\"https:\/\/bahiaeconomica.com.br\/wp\/wp-content\/uploads\/2022\/09\/planserv.jpg\" \/>\n\t<meta property=\"og:image:width\" content=\"360\" \/>\n\t<meta property=\"og:image:height\" content=\"220\" \/>\n\t<meta property=\"og:image:type\" content=\"image\/jpeg\" \/>\n<meta name=\"author\" content=\"admin\" \/>\n<meta name=\"twitter:card\" content=\"summary_large_image\" \/>\n<meta name=\"twitter:label1\" content=\"Escrito por\" \/>\n\t<meta name=\"twitter:data1\" content=\"admin\" \/>\n\t<meta name=\"twitter:label2\" content=\"Est. tempo de leitura\" \/>\n\t<meta name=\"twitter:data2\" content=\"2 minutos\" \/>\n<script type=\"application\/ld+json\" class=\"yoast-schema-graph\">{\"@context\":\"https:\/\/schema.org\",\"@graph\":[{\"@type\":\"Article\",\"@id\":\"https:\/\/bahiaeconomica.com.br\/wp\/2022\/09\/05\/planserv-roma-quer-o-fim-das-cotas-neto-quer-aumentar-o-numeros-de-clinicas-e-jeronimo-crias-espacos-no-interior\/#article\",\"isPartOf\":{\"@id\":\"https:\/\/bahiaeconomica.com.br\/wp\/2022\/09\/05\/planserv-roma-quer-o-fim-das-cotas-neto-quer-aumentar-o-numeros-de-clinicas-e-jeronimo-crias-espacos-no-interior\/\"},\"author\":{\"name\":\"admin\",\"@id\":\"https:\/\/bahiaeconomica.com.br\/wp\/#\/schema\/person\/cb1ab5ba96ad3d9390805381c76284ec\"},\"headline\":\"PLANSERV: ROMA QUER O FIM DAS COTAS, NETO QUER AUMENTAR O N\u00daMERO DE CL\u00cdNICAS E JER\u00d4NIMO CRIAR ESPA\u00c7OS NO INTERIOR\",\"datePublished\":\"2022-09-05T22:10:00+00:00\",\"dateModified\":\"2022-09-05T22:13:32+00:00\",\"mainEntityOfPage\":{\"@id\":\"https:\/\/bahiaeconomica.com.br\/wp\/2022\/09\/05\/planserv-roma-quer-o-fim-das-cotas-neto-quer-aumentar-o-numeros-de-clinicas-e-jeronimo-crias-espacos-no-interior\/\"},\"wordCount\":304,\"publisher\":{\"@id\":\"https:\/\/bahiaeconomica.com.br\/wp\/#organization\"},\"keywords\":[\"ACM Neto\",\"candidatos\",\"Governo\",\"jer\u00f4nimo rodrigues\",\"Jo\u00e3o Roma\",\"plano de sa\u00fade\",\"planserv\",\"servidores do estado\"],\"articleSection\":[\"ECONOMIA \/ POL\u00cdTICA\"],\"inLanguage\":\"pt-BR\"},{\"@type\":\"WebPage\",\"@id\":\"https:\/\/bahiaeconomica.com.br\/wp\/2022\/09\/05\/planserv-roma-quer-o-fim-das-cotas-neto-quer-aumentar-o-numeros-de-clinicas-e-jeronimo-crias-espacos-no-interior\/\",\"url\":\"https:\/\/bahiaeconomica.com.br\/wp\/2022\/09\/05\/planserv-roma-quer-o-fim-das-cotas-neto-quer-aumentar-o-numeros-de-clinicas-e-jeronimo-crias-espacos-no-interior\/\",\"name\":\"PLANSERV: ROMA QUER O FIM DAS COTAS, NETO QUER AUMENTAR O N\u00daMERO DE CL\u00cdNICAS E JER\u00d4NIMO CRIAR ESPA\u00c7OS NO INTERIOR - Bahia Economica\",\"isPartOf\":{\"@id\":\"https:\/\/bahiaeconomica.com.br\/wp\/#website\"},\"datePublished\":\"2022-09-05T22:10:00+00:00\",\"dateModified\":\"2022-09-05T22:13:32+00:00\",\"description\":\"O maior portal de Economia da Bahia ECONOMIA \/ POL\u00cdTICA Bahia Economica\",\"breadcrumb\":{\"@id\":\"https:\/\/bahiaeconomica.com.br\/wp\/2022\/09\/05\/planserv-roma-quer-o-fim-das-cotas-neto-quer-aumentar-o-numeros-de-clinicas-e-jeronimo-crias-espacos-no-interior\/#breadcrumb\"},\"inLanguage\":\"pt-BR\",\"potentialAction\":[{\"@type\":\"ReadAction\",\"target\":[\"https:\/\/bahiaeconomica.com.br\/wp\/2022\/09\/05\/planserv-roma-quer-o-fim-das-cotas-neto-quer-aumentar-o-numeros-de-clinicas-e-jeronimo-crias-espacos-no-interior\/\"]}]},{\"@type\":\"BreadcrumbList\",\"@id\":\"https:\/\/bahiaeconomica.com.br\/wp\/2022\/09\/05\/planserv-roma-quer-o-fim-das-cotas-neto-quer-aumentar-o-numeros-de-clinicas-e-jeronimo-crias-espacos-no-interior\/#breadcrumb\",\"itemListElement\":[{\"@type\":\"ListItem\",\"position\":1,\"name\":\"In\u00edcio\",\"item\":\"https:\/\/bahiaeconomica.com.br\/wp\/\"},{\"@type\":\"ListItem\",\"position\":2,\"name\":\"PLANSERV: ROMA QUER O FIM DAS COTAS, NETO QUER AUMENTAR O N\u00daMERO DE CL\u00cdNICAS E JER\u00d4NIMO CRIAR ESPA\u00c7OS NO INTERIOR\"}]},{\"@type\":\"WebSite\",\"@id\":\"https:\/\/bahiaeconomica.com.br\/wp\/#website\",\"url\":\"https:\/\/bahiaeconomica.com.br\/wp\/\",\"name\":\"Bahia Economica\",\"description\":\"O maior portal de Economia da Bahia\",\"publisher\":{\"@id\":\"https:\/\/bahiaeconomica.com.br\/wp\/#organization\"},\"potentialAction\":[{\"@type\":\"SearchAction\",\"target\":{\"@type\":\"EntryPoint\",\"urlTemplate\":\"https:\/\/bahiaeconomica.com.br\/wp\/?s={search_term_string}\"},\"query-input\":\"required name=search_term_string\"}],\"inLanguage\":\"pt-BR\"},{\"@type\":\"Organization\",\"@id\":\"https:\/\/bahiaeconomica.com.br\/wp\/#organization\",\"name\":\"Bahia Econ\u00f4mica\",\"url\":\"https:\/\/bahiaeconomica.com.br\/wp\/\",\"logo\":{\"@type\":\"ImageObject\",\"inLanguage\":\"pt-BR\",\"@id\":\"https:\/\/bahiaeconomica.com.br\/wp\/#\/schema\/logo\/image\/\",\"url\":\"https:\/\/bahiaeconomica.com.br\/wp\/wp-content\/uploads\/2020\/12\/cropped-BE.png\",\"contentUrl\":\"https:\/\/bahiaeconomica.com.br\/wp\/wp-content\/uploads\/2020\/12\/cropped-BE.png\",\"width\":512,\"height\":512,\"caption\":\"Bahia Econ\u00f4mica\"},\"image\":{\"@id\":\"https:\/\/bahiaeconomica.com.br\/wp\/#\/schema\/logo\/image\/\"},\"sameAs\":[\"https:\/\/www.facebook.com\/bahiaeconomica\"]},{\"@type\":\"Person\",\"@id\":\"https:\/\/bahiaeconomica.com.br\/wp\/#\/schema\/person\/cb1ab5ba96ad3d9390805381c76284ec\",\"name\":\"admin\",\"url\":\"https:\/\/bahiaeconomica.com.br\/wp\/author\/admin\/\"}]}<\/script>\n<!-- \/ Yoast SEO plugin. -->","yoast_head_json":{"title":"PLANSERV: ROMA QUER O FIM DAS COTAS, NETO QUER AUMENTAR O N\u00daMERO DE CL\u00cdNICAS E JER\u00d4NIMO CRIAR ESPA\u00c7OS NO INTERIOR - Bahia Economica","description":"O maior portal de Economia da Bahia ECONOMIA \/ POL\u00cdTICA Bahia Economica","robots":{"index":"index","follow":"follow","max-snippet":"max-snippet:-1","max-image-preview":"max-image-preview:large","max-video-preview":"max-video-preview:-1"},"canonical":"https:\/\/bahiaeconomica.com.br\/wp\/2022\/09\/05\/planserv-roma-quer-o-fim-das-cotas-neto-quer-aumentar-o-numeros-de-clinicas-e-jeronimo-crias-espacos-no-interior\/","og_locale":"pt_BR","og_type":"article","og_title":"PLANSERV: ROMA QUER O FIM DAS COTAS, NETO QUER AUMENTAR O N\u00daMERO DE CL\u00cdNICAS E JER\u00d4NIMO CRIAR ESPA\u00c7OS NO INTERIOR - Bahia Economica","og_description":"O maior portal de Economia da Bahia ECONOMIA \/ POL\u00cdTICA Bahia Economica","og_url":"https:\/\/bahiaeconomica.com.br\/wp\/2022\/09\/05\/planserv-roma-quer-o-fim-das-cotas-neto-quer-aumentar-o-numeros-de-clinicas-e-jeronimo-crias-espacos-no-interior\/","og_site_name":"Bahia Economica","article_publisher":"https:\/\/www.facebook.com\/bahiaeconomica","article_published_time":"2022-09-05T22:10:00+00:00","article_modified_time":"2022-09-05T22:13:32+00:00","og_image":[{"width":360,"height":220,"url":"https:\/\/bahiaeconomica.com.br\/wp\/wp-content\/uploads\/2022\/09\/planserv.jpg","type":"image\/jpeg"}],"author":"admin","twitter_card":"summary_large_image","twitter_misc":{"Escrito por":"admin","Est. tempo de leitura":"2 minutos"},"schema":{"@context":"https:\/\/schema.org","@graph":[{"@type":"Article","@id":"https:\/\/bahiaeconomica.com.br\/wp\/2022\/09\/05\/planserv-roma-quer-o-fim-das-cotas-neto-quer-aumentar-o-numeros-de-clinicas-e-jeronimo-crias-espacos-no-interior\/#article","isPartOf":{"@id":"https:\/\/bahiaeconomica.com.br\/wp\/2022\/09\/05\/planserv-roma-quer-o-fim-das-cotas-neto-quer-aumentar-o-numeros-de-clinicas-e-jeronimo-crias-espacos-no-interior\/"},"author":{"name":"admin","@id":"https:\/\/bahiaeconomica.com.br\/wp\/#\/schema\/person\/cb1ab5ba96ad3d9390805381c76284ec"},"headline":"PLANSERV: ROMA QUER O FIM DAS COTAS, NETO QUER AUMENTAR O N\u00daMERO DE CL\u00cdNICAS E JER\u00d4NIMO CRIAR ESPA\u00c7OS NO INTERIOR","datePublished":"2022-09-05T22:10:00+00:00","dateModified":"2022-09-05T22:13:32+00:00","mainEntityOfPage":{"@id":"https:\/\/bahiaeconomica.com.br\/wp\/2022\/09\/05\/planserv-roma-quer-o-fim-das-cotas-neto-quer-aumentar-o-numeros-de-clinicas-e-jeronimo-crias-espacos-no-interior\/"},"wordCount":304,"publisher":{"@id":"https:\/\/bahiaeconomica.com.br\/wp\/#organization"},"keywords":["ACM Neto","candidatos","Governo","jer\u00f4nimo rodrigues","Jo\u00e3o Roma","plano de sa\u00fade","planserv","servidores do estado"],"articleSection":["ECONOMIA \/ POL\u00cdTICA"],"inLanguage":"pt-BR"},{"@type":"WebPage","@id":"https:\/\/bahiaeconomica.com.br\/wp\/2022\/09\/05\/planserv-roma-quer-o-fim-das-cotas-neto-quer-aumentar-o-numeros-de-clinicas-e-jeronimo-crias-espacos-no-interior\/","url":"https:\/\/bahiaeconomica.com.br\/wp\/2022\/09\/05\/planserv-roma-quer-o-fim-das-cotas-neto-quer-aumentar-o-numeros-de-clinicas-e-jeronimo-crias-espacos-no-interior\/","name":"PLANSERV: ROMA QUER O FIM DAS COTAS, NETO QUER AUMENTAR O N\u00daMERO DE CL\u00cdNICAS E JER\u00d4NIMO CRIAR ESPA\u00c7OS NO INTERIOR - Bahia Economica","isPartOf":{"@id":"https:\/\/bahiaeconomica.com.br\/wp\/#website"},"datePublished":"2022-09-05T22:10:00+00:00","dateModified":"2022-09-05T22:13:32+00:00","description":"O maior portal de Economia da Bahia ECONOMIA \/ POL\u00cdTICA Bahia Economica","breadcrumb":{"@id":"https:\/\/bahiaeconomica.com.br\/wp\/2022\/09\/05\/planserv-roma-quer-o-fim-das-cotas-neto-quer-aumentar-o-numeros-de-clinicas-e-jeronimo-crias-espacos-no-interior\/#breadcrumb"},"inLanguage":"pt-BR","potentialAction":[{"@type":"ReadAction","target":["https:\/\/bahiaeconomica.com.br\/wp\/2022\/09\/05\/planserv-roma-quer-o-fim-das-cotas-neto-quer-aumentar-o-numeros-de-clinicas-e-jeronimo-crias-espacos-no-interior\/"]}]},{"@type":"BreadcrumbList","@id":"https:\/\/bahiaeconomica.com.br\/wp\/2022\/09\/05\/planserv-roma-quer-o-fim-das-cotas-neto-quer-aumentar-o-numeros-de-clinicas-e-jeronimo-crias-espacos-no-interior\/#breadcrumb","itemListElement":[{"@type":"ListItem","position":1,"name":"In\u00edcio","item":"https:\/\/bahiaeconomica.com.br\/wp\/"},{"@type":"ListItem","position":2,"name":"PLANSERV: ROMA QUER O FIM DAS COTAS, NETO QUER AUMENTAR O N\u00daMERO DE CL\u00cdNICAS E JER\u00d4NIMO CRIAR ESPA\u00c7OS NO INTERIOR"}]},{"@type":"WebSite","@id":"https:\/\/bahiaeconomica.com.br\/wp\/#website","url":"https:\/\/bahiaeconomica.com.br\/wp\/","name":"Bahia Economica","description":"O maior portal de Economia da Bahia","publisher":{"@id":"https:\/\/bahiaeconomica.com.br\/wp\/#organization"},"potentialAction":[{"@type":"SearchAction","target":{"@type":"EntryPoint","urlTemplate":"https:\/\/bahiaeconomica.com.br\/wp\/?s={search_term_string}"},"query-input":"required name=search_term_string"}],"inLanguage":"pt-BR"},{"@type":"Organization","@id":"https:\/\/bahiaeconomica.com.br\/wp\/#organization","name":"Bahia Econ\u00f4mica","url":"https:\/\/bahiaeconomica.com.br\/wp\/","logo":{"@type":"ImageObject","inLanguage":"pt-BR","@id":"https:\/\/bahiaeconomica.com.br\/wp\/#\/schema\/logo\/image\/","url":"https:\/\/bahiaeconomica.com.br\/wp\/wp-content\/uploads\/2020\/12\/cropped-BE.png","contentUrl":"https:\/\/bahiaeconomica.com.br\/wp\/wp-content\/uploads\/2020\/12\/cropped-BE.png","width":512,"height":512,"caption":"Bahia Econ\u00f4mica"},"image":{"@id":"https:\/\/bahiaeconomica.com.br\/wp\/#\/schema\/logo\/image\/"},"sameAs":["https:\/\/www.facebook.com\/bahiaeconomica"]},{"@type":"Person","@id":"https:\/\/bahiaeconomica.com.br\/wp\/#\/schema\/person\/cb1ab5ba96ad3d9390805381c76284ec","name":"admin","url":"https:\/\/bahiaeconomica.com.br\/wp\/author\/admin\/"}]}},"views":28,"_links":{"self":[{"href":"https:\/\/bahiaeconomica.com.br\/wp\/wp-json\/wp\/v2\/posts\/689433"}],"collection":[{"href":"https:\/\/bahiaeconomica.com.br\/wp\/wp-json\/wp\/v2\/posts"}],"about":[{"href":"https:\/\/bahiaeconomica.com.br\/wp\/wp-json\/wp\/v2\/types\/post"}],"author":[{"embeddable":true,"href":"https:\/\/bahiaeconomica.com.br\/wp\/wp-json\/wp\/v2\/users\/1"}],"replies":[{"embeddable":true,"href":"https:\/\/bahiaeconomica.com.br\/wp\/wp-json\/wp\/v2\/comments?post=689433"}],"version-history":[{"count":5,"href":"https:\/\/bahiaeconomica.com.br\/wp\/wp-json\/wp\/v2\/posts\/689433\/revisions"}],"predecessor-version":[{"id":689461,"href":"https:\/\/bahiaeconomica.com.br\/wp\/wp-json\/wp\/v2\/posts\/689433\/revisions\/689461"}],"wp:featuredmedia":[{"embeddable":true,"href":"https:\/\/bahiaeconomica.com.br\/wp\/wp-json\/wp\/v2\/media\/689440"}],"wp:attachment":[{"href":"https:\/\/bahiaeconomica.com.br\/wp\/wp-json\/wp\/v2\/media?parent=689433"}],"wp:term":[{"taxonomy":"category","embeddable":true,"href":"https:\/\/bahiaeconomica.com.br\/wp\/wp-json\/wp\/v2\/categories?post=689433"},{"taxonomy":"post_tag","embeddable":true,"href":"https:\/\/bahiaeconomica.com.br\/wp\/wp-json\/wp\/v2\/tags?post=689433"}],"curies":[{"name":"wp","href":"https:\/\/api.w.org\/{rel}","templated":true}]}}