{"id":688618,"date":"2022-08-31T18:40:43","date_gmt":"2022-08-31T21:40:43","guid":{"rendered":"https:\/\/bahiaeconomica.com.br\/wp\/beta\/?p=688618"},"modified":"2022-08-31T18:21:17","modified_gmt":"2022-08-31T21:21:17","slug":"covid-19-veja-esquema-de-vacinacao-desta-quinta-1o","status":"publish","type":"post","link":"https:\/\/bahiaeconomica.com.br\/wp\/2022\/08\/31\/covid-19-veja-esquema-de-vacinacao-desta-quinta-1o\/","title":{"rendered":"COVID-19: VEJA ESQUEMA DE VACINA\u00c7\u00c3O DESTA QUINTA (1\u00ba)"},"content":{"rendered":"<p>A aplica\u00e7\u00e3o da 4\u00aa dose da vacina contra a Covid-19 para pessoas com 18 anos ou mais, em Salvador, segue nesta quinta-feira (01) em esquema \u201cLiberou Geral\u201d. A estrat\u00e9gia<!--more--> \u201cLiberou Geral\u201d contempla tamb\u00e9m a aplica\u00e7\u00e3o da 1\u00aa, 2\u00aa e 3\u00aa para indiv\u00edduos com 18 anos ou mais, independentemente de ser residente do munic\u00edpio, ou seja, mesmo n\u00e3o morando em Salvador ou n\u00e3o tendo tomado as doses aqui, o cidad\u00e3o ser\u00e1 contemplado. O \u00fanico requisito \u00e9 ter o cart\u00e3o SUS vinculado a algum munic\u00edpio do estado da Bahia.<\/p>\n<p>O interessado deve apresentar OBRIGATORIAMENTE originais e c\u00f3pias do cart\u00e3o de vacina, carteira nacional de vacina\u00e7\u00e3o digital (CONECTSUS atualizado), documento de identifica\u00e7\u00e3o com foto e comprovante de resid\u00eancia do munic\u00edpio do Estado da Bahia.<\/p>\n<p>A 4\u00aa dose para imunossupressos com 12 anos ou mais segue EXCLUSIVAMENTE com nome na lista da Secretaria Municipal da Sa\u00fade (SMS).<\/p>\n<p>Os demais grupos que n\u00e3o est\u00e3o inclu\u00eddos na estrat\u00e9gia \u2018Liberou Geral\u2019, devem residir em Salvador e ter o nome na lista do site da Secretaria Municipal da Sa\u00fade. Amanh\u00e3 segue ainda a vacina\u00e7\u00e3o para crian\u00e7as de 03 a 11 anos com nome na lista do site da SMS em institui\u00e7\u00f5es de ensino da capital baiana.<\/p>\n<p>A imuniza\u00e7\u00e3o tamb\u00e9m segue para os indiv\u00edduos com 18 anos ou mais vacinados com a Janssen no esquema prim\u00e1rio. Ou seja, de acordo com a nova determina\u00e7\u00e3o prevista pela Nota T\u00e9cnica N\u00ba 177\/2022- Minist\u00e9rio da Sa\u00fade, as pessoas que tomaram a segunda dose do imunizante da Johnson &amp; Johnson no intervalo de 4 meses estar\u00e3o aptas para receber a 3\u00aa dose do imunizante. A recomenda\u00e7\u00e3o do Minist\u00e9rio da Sa\u00fade \u00e9 que sejam usadas as vacinas AstraZeneca, Pfizer ou Janssen como segundo refor\u00e7o (3\u00aa dose).<\/p>\n<p>Confira os pontos de vacina\u00e7\u00e3o:<\/p>\n<p>1\u00aa DOSE DE CRIAN\u00c7AS DE 05 A 11 ANOS E 2\u00aa DOSE DA PFIZER PEDI\u00c1TRICA DE CRIAN\u00c7AS DE 05 A 11 ANOS<\/p>\n<p>Incluindo crian\u00e7as imunossupressas<\/p>\n<p>Postos fixos: UBS P\u00e9ricles Cardoso (Barbalho), UBS Virg\u00edlio Carvalho (Bonfim), USF Capelinha, USF Lealdina Barros (Vale da Muri\u00e7oca), USF Menino Joel (Nordeste de Amaralina), UBS Pires da Veiga (Pau da Lima), UBS Cecy Andrade (Castelo Branco), USF Jo\u00e3o Roma Filho (Jardim Nova Esperan\u00e7a), USF Cajazeiras IV, UBS Jos\u00e9 Mariane (Itapu\u00e3), CSU Pernambu\u00e9s, Multicentro Liberdade, USF Curralinho, UBS Manoel Victorino (Brotas), UBS S\u00e9rgio Arouca (Paripe), USF Bom Jesus dos Passos, USF Ilha de Mar\u00e9 e USF Paramana.<\/p>\n<p>OBSERVA\u00c7\u00c3O: De acordo com a NOTA T\u00c9CNICA N\u00ba 2\/2022-SECOVID\/GAB\/SECOVID\/MS que trata sobre a vacina\u00e7\u00e3o das crian\u00e7as de 5 a 11 anos: Crian\u00e7as com 11 anos que iniciaram o esquema vacinal com a vacina Pfizer pedi\u00e1trica, mas que, entre a primeira e a segunda dose, completaram 12 anos, dever\u00e3o completar o esquema com o imunizante da Pfizer pedi\u00e1trica.<\/p>\n<p>1\u00aa DOSE DE CRIAN\u00c7AS DE 03 E 04 ANOS \u2013 CORONAVAC PEDI\u00c1TRICA \u2013 COM O NOME NO SITE \u2013 08 \u00c0S 16 HORAS<\/p>\n<p>Incluindo as crian\u00e7as imunossupressas<\/p>\n<p>Postos fixos: USF Lealdina Barros (Vale da Muri\u00e7oca), CSU Pernambu\u00e9s, UBS Sergio Arouca (Paripe), USF Bom Jesus dos Passos, USF Ilha de Mar\u00e9 e USF Paramana.<\/p>\n<p>2\u00aa DOSE DE CRIAN\u00c7AS DE 03 A 11 ANOS \u2013 CORONAVAC PEDI\u00c1TRICA \u2013 COM O NOME NO SITE \u2013 08 \u00c0S 16 HORAS<\/p>\n<p>Incluindo as crian\u00e7as imunossupressas<\/p>\n<p>Postos fixos: USF Lealdina Barros (Vale da Muri\u00e7oca), USF Menino Joel (Nordeste de Amaralina), USF Curralinho, UBS Cosme de Farias, UBS Manoel Victorino (Brotas), CSU Pernambu\u00e9s, USF Cajazeiras V, USF Cajazeiras XI, UBS P\u00e9ricles Cardoso (Barbalho), USF Gamboa, UBS Virg\u00edlio Carvalho (Bonfim), USF Joanes Centro Oeste, UBS Jos\u00e9 Mariane (Itapu\u00e3), USF Mussurunga I, UBS Maria Concei\u00e7\u00e3o Imbassahy (Pau Mi\u00fado), Multicentro Liberdade, UBS Cecy Andrade (Castelo Branco), USF Jo\u00e3o Roma Filho (Jardim Nova Esperan\u00e7a), USF Luiz Braga (Piraj\u00e1), UBS Sergio Arouca (Paripe), USF S\u00e3o Tom\u00e9 de Paripe, USF Colinas de Periperi, USF Alto da Terezinha, USF Beira Mangue, USF Bom Jesus dos Passos, USF Ilha de Mar\u00e9 e USF Paramana.<\/p>\n<p>DOCUMENTOS:<\/p>\n<p>CRIAN\u00c7A ACOMPANHADA PELO PAI OU M\u00c3E: Necess\u00e1rio estar com nome no site da SMS e no ato da vacina\u00e7\u00e3o apresentar originais e c\u00f3pias do documento de identifica\u00e7\u00e3o com foto do pai ou da m\u00e3e que estiver presente, original e c\u00f3pia do documento de identifica\u00e7\u00e3o da crian\u00e7a, e originais da caderneta de vacina e cart\u00e3o SUS de Salvador da crian\u00e7a.<\/p>\n<p>CRIAN\u00c7A DESACOMPANHADA DO PAI OU DA M\u00c3E: Necess\u00e1rio estar com o nome no site e no ato da vacina\u00e7\u00e3o estar acompanhada por outra pessoa maior de 18 anos. Al\u00e9m disso, dever\u00e1 ser apresentado o Formul\u00e1rio de Vacina\u00e7\u00e3o preenchido e assinado pelo genitor da crian\u00e7a (pai ou m\u00e3e), c\u00f3pia do documento de identifica\u00e7\u00e3o com foto do respons\u00e1vel pela assinatura no documento, mais original e c\u00f3pia do documento de identifica\u00e7\u00e3o da crian\u00e7a, al\u00e9m dos originais da caderneta de vacina e do cart\u00e3o SUS de Salvador da crian\u00e7a. O Formul\u00e1rio de Vacina est\u00e1 dispon\u00edvel para impress\u00e3o no link: http:\/\/www.saude.salvador.ba.gov.br\/wp-content\/uploads\/2022\/01\/formulario-vacinacao-criancasV6.pdf.<\/p>\n<p>OBSERVA\u00c7\u00c3O: Os casos excepcionais relacionados \u00e0 falta de apresenta\u00e7\u00e3o da documenta\u00e7\u00e3o completa ser\u00e3o tratados individualmente no pr\u00f3prio ato\/local da vacina\u00e7\u00e3o, como vem ocorrendo desde o in\u00edcio da estrat\u00e9gia.<\/p>\n<p>VACINA\u00c7\u00c3O ADULTO \u2013 1\u00aa, 2\u00aa, 3\u00aa E 4\u00aa DOSES &#8211; 08 \u00c0S 16 HORAS<\/p>\n<p>DRIVE-THRU EXCLUSIVO PARA 3\u00aa DOSE DE ADOLESCENTES DE 12 A 17 ANOS; 4\u00aa DOSE DE ADULTOS DE 18 ANOS OU MAIS; 4\u00aa DOSE DE TRABALHADORES DA SA\u00daDE COM 18 ANOS OU MAIS:<\/p>\n<p>Atakad\u00e3o Atakarejo (Fazenda Coutos), Shopping Bela Vista (09h \u00e0s 16h) e 5\u00ba Centro de Sa\u00fade (Barris).<\/p>\n<p>PONTOS FIXOS EXCLUSIVOS PARA 3\u00aa e 4\u00aa DOSE: Home Center Ferreira Costa (08h \u00e0s 16h), Esta\u00e7\u00e3o Mussurunga (08h \u00e0s 16h) e Shopping Bela Vista (09h \u00e0s 16h).<\/p>\n<p>POSTOS FIXOS (08h \u00e0s 16h): 5\u00ba Centro de Sa\u00fade, UBS Santa Cruz (08 \u00e0s 14h30), USF Federa\u00e7\u00e3o, USF Menino Joel (Nordeste de Amaralina), USF Alto das Pombas, USF Sabino Silva (Nordeste de Amaralina), USF Lealdina Barros (Vale da Muri\u00e7oca), USF Imbu\u00ed, USF Curralinho, USF M\u00e1rio Andr\u00e9a (Sete Portas), USF Santa Luzia (Engenho Velho de Brotas), USF Vale do Matatu, USF Sussuarana I, USF S\u00e3o Gon\u00e7alo, USF Cajazeiras X, USF Boca da Mata, USF Yolanda Pires, USF Cajazeiras V, USF Cajazeiras XI, USF Jardim das Mangabeiras, UBS Ramiro de Azevedo (Campo da P\u00f3lvora), USF Terreiro de Jesus, UBS Ministro Alkimin (Massaranduba), USF Joanes Leste, USF Joanes Centro Oeste, USF Alto do Coqueirinho, USF Km 17, UBS Eduardo Mamede (Mussurunga), USF Parque S\u00e3o Crist\u00f3v\u00e3o, USF Jardim Campo Verde, USF Cora\u00e7\u00e3o de Maria, USF Aristides Maltez, USF Ceasa I e II, USF Itapu\u00e3, USF Jardim das Margaridas, UBS Orlando Imbassahy (Bairro da Paz), USF Vila Verde, USF S\u00e3o Crist\u00f3v\u00e3o, USF Mussurunga I, UBS S\u00e3o Crist\u00f3v\u00e3o, USF Nova Esperan\u00e7a, USF Santa M\u00f4nica, USF San Martim I, USF IAPI, USF San Martim III, UBS Cecy Andrade (Castelo Branco), USF Vila Nova de Pitua\u00e7u, USF Nova Bras\u00edlia, USF Dom Avelar, UBS Vale dos Lagos, USF Recanto da Lagoa II, USF Antonio Lazzarotto (Plataforma), UBS P\u00e9ricles Laranjeiras (Fazenda Grande do Retiro), USF San Martin II, USF Alto do Cabrito, USF Alto do Peru, USF Boa Vista S\u00e3o Caetano, USF Vista Alegre, USF Itacaranha, USF Alto de Coutos II, USF Plataforma, USF Tubar\u00e3o, USF Alto do Cruzeiro, USF Nova Constituinte, USF Congo, USF Fazenda Coutos III, UBS Periperi, USF Bom Jesus dos Passos, USF Ilha de Mar\u00e9 e USF Paramana.<\/p>\n<p>Confira os aprazamentos:<\/p>\n<p>2\u00aa DOSE \u2013 Crian\u00e7as e adolescentes de 03 a 17 anos \u2013 que tomaram a primeira dose at\u00e9 o dia 05\/08\/2022 \u2013 Com nome no site \u2013 CORONAVAC<\/p>\n<p>2\u00aa DOSE \u2013 Crian\u00e7as 05 a 11 anos \u2013 que tomaram a primeira dose at\u00e9 o dia 08\/07\/2022 \u2013 Com nome no site \u2013 Pfizer pedi\u00e1trica<\/p>\n<p>2\u00aa DOSE CORONAVAC \u2013 aprazados at\u00e9 01\/09\/2022 \u2013 Liberou Geral<\/p>\n<p>2\u00aa DOSE JANSSEN \u2013 para quem tomou a primeira dose\/dose \u00fanica da Janssen at\u00e9 a data de 01\/07\/2022 \u2013 Com nome no site<\/p>\n<p>2\u00aa DOSE OXFORD \u2013 aprazados at\u00e9 27\/09\/2022 \u2013 Com nome no site<\/p>\n<p>2\u00aa DOSE PFIZER \u2013 12 ANOS OU MAIS \u2013 aprazados at\u00e9 27\/09\/2022 \u2013 Liberou Geral<\/p>\n<p>2\u00aa DOSE DE GESTANTES E PU\u00c9RPERAS \u2013 aprazados at\u00e9 27\/09\/2022 \u2013 Com nome no site<\/p>\n<p>3\u00aa DOSE 12 A 17 ANOS \u2013 que tomaram a segunda dose at\u00e9 o dia 03\/05\/2022 \u2013 Com nome no site<\/p>\n<p>3\u00aa DOSE 18 ANOS OU MAIS \u2013 que tomaram a segunda dose at\u00e9 o dia 03\/05\/2022 \u2013 Liberou Geral<\/p>\n<p>3\u00aa DOSE IMUNOSSUPRIMIDOS com 12 anos ou mais que tomaram a segunda dose at\u00e9 o dia 06\/07\/2022 \u2013 PFIZER \u2013 com nome no Site<\/p>\n<p>3\u00aa DOSE GESTANTE E PU\u00c9RPERA \u2013 que tomaram a 2\u00aa dose at\u00e9 o dia 30\/03\/2022 \u2013 Com nome no site<\/p>\n<p>4\u00aa DOSE \u2013 PESSOAS COM 18 ANOS OU MAIS \u2013 que tomaram a 3\u00aa dose at\u00e9 o dia 04\/05\/2022 &#8211; Liberou Geral<\/p>\n<p>4\u00aa DOSE \u2013 PESSOAS COM 12 ANOS OU MAIS IMUNOSSUPRESSOS \u2013 Com nome na lista<\/p>\n<p>Exig\u00eancia: o interessado imunocomprometido deve ter 12 anos ou mais, j\u00e1 ter tomado as tr\u00eas doses do esquema vacinal, tendo tomado a terceira dose at\u00e9 o dia 04\/05\/2022. Al\u00e9m disso precisa obrigatoriamente estar com o nome no site da SMS, no link: http:\/\/www.saude.salvador.ba.gov.br\/servicos\/servicos-online\/gruposprioritariosvacinacao\/.<\/p>\n","protected":false},"excerpt":{"rendered":"<p>A aplica\u00e7\u00e3o da 4\u00aa dose da vacina contra a Covid-19 para pessoas com 18 anos ou mais, em Salvador, segue nesta quinta-feira (01) em esquema \u201cLiberou Geral\u201d. A estrat\u00e9gia<\/p>\n","protected":false},"author":1,"featured_media":667513,"comment_status":"closed","ping_status":"closed","sticky":false,"template":"","format":"standard","meta":[],"categories":[14,3,21],"tags":[],"acf":[],"yoast_head":"<!-- This site is optimized with the Yoast SEO plugin v20.8 - https:\/\/yoast.com\/wordpress\/plugins\/seo\/ -->\n<title>COVID-19: VEJA ESQUEMA DE VACINA\u00c7\u00c3O DESTA QUINTA (1\u00ba) - Bahia Economica<\/title>\n<meta name=\"description\" content=\"O maior portal de Economia da Bahia DESTAQUE DO DIA, ECONOMIA \/ POL\u00cdTICA, Sa\u00fade \/ Educa\u00e7\u00e3o Bahia Economica\" \/>\n<meta name=\"robots\" content=\"index, follow, max-snippet:-1, max-image-preview:large, max-video-preview:-1\" \/>\n<link rel=\"canonical\" href=\"https:\/\/bahiaeconomica.com.br\/wp\/2022\/08\/31\/covid-19-veja-esquema-de-vacinacao-desta-quinta-1o\/\" \/>\n<meta property=\"og:locale\" content=\"pt_BR\" \/>\n<meta property=\"og:type\" content=\"article\" \/>\n<meta property=\"og:title\" content=\"COVID-19: VEJA ESQUEMA DE VACINA\u00c7\u00c3O DESTA QUINTA (1\u00ba) - Bahia Economica\" \/>\n<meta property=\"og:description\" content=\"O maior portal de Economia da Bahia DESTAQUE DO DIA, ECONOMIA \/ POL\u00cdTICA, Sa\u00fade \/ Educa\u00e7\u00e3o Bahia Economica\" \/>\n<meta property=\"og:url\" content=\"https:\/\/bahiaeconomica.com.br\/wp\/2022\/08\/31\/covid-19-veja-esquema-de-vacinacao-desta-quinta-1o\/\" \/>\n<meta property=\"og:site_name\" content=\"Bahia Economica\" \/>\n<meta property=\"article:publisher\" content=\"https:\/\/www.facebook.com\/bahiaeconomica\" \/>\n<meta property=\"article:published_time\" content=\"2022-08-31T21:40:43+00:00\" \/>\n<meta property=\"article:modified_time\" content=\"2022-08-31T21:21:17+00:00\" \/>\n<meta property=\"og:image\" content=\"https:\/\/bahiaeconomica.com.br\/wp\/wp-content\/uploads\/2022\/05\/123427vacinacao-contra-covid-19-prossegue-nesta-quarta-em-salvador-3.jpg\" \/>\n\t<meta property=\"og:image:width\" content=\"1600\" \/>\n\t<meta property=\"og:image:height\" content=\"752\" \/>\n\t<meta property=\"og:image:type\" content=\"image\/jpeg\" \/>\n<meta name=\"author\" content=\"admin\" \/>\n<meta name=\"twitter:card\" content=\"summary_large_image\" \/>\n<meta name=\"twitter:label1\" content=\"Escrito por\" \/>\n\t<meta name=\"twitter:data1\" content=\"admin\" \/>\n\t<meta name=\"twitter:label2\" content=\"Est. tempo de leitura\" \/>\n\t<meta name=\"twitter:data2\" content=\"8 minutos\" \/>\n<script type=\"application\/ld+json\" class=\"yoast-schema-graph\">{\"@context\":\"https:\/\/schema.org\",\"@graph\":[{\"@type\":\"Article\",\"@id\":\"https:\/\/bahiaeconomica.com.br\/wp\/2022\/08\/31\/covid-19-veja-esquema-de-vacinacao-desta-quinta-1o\/#article\",\"isPartOf\":{\"@id\":\"https:\/\/bahiaeconomica.com.br\/wp\/2022\/08\/31\/covid-19-veja-esquema-de-vacinacao-desta-quinta-1o\/\"},\"author\":{\"name\":\"admin\",\"@id\":\"https:\/\/bahiaeconomica.com.br\/wp\/#\/schema\/person\/cb1ab5ba96ad3d9390805381c76284ec\"},\"headline\":\"COVID-19: VEJA ESQUEMA DE VACINA\u00c7\u00c3O DESTA QUINTA (1\u00ba)\",\"datePublished\":\"2022-08-31T21:40:43+00:00\",\"dateModified\":\"2022-08-31T21:21:17+00:00\",\"mainEntityOfPage\":{\"@id\":\"https:\/\/bahiaeconomica.com.br\/wp\/2022\/08\/31\/covid-19-veja-esquema-de-vacinacao-desta-quinta-1o\/\"},\"wordCount\":1526,\"publisher\":{\"@id\":\"https:\/\/bahiaeconomica.com.br\/wp\/#organization\"},\"articleSection\":[\"DESTAQUE DO DIA\",\"ECONOMIA \/ POL\u00cdTICA\",\"Sa\u00fade \/ Educa\u00e7\u00e3o\"],\"inLanguage\":\"pt-BR\"},{\"@type\":\"WebPage\",\"@id\":\"https:\/\/bahiaeconomica.com.br\/wp\/2022\/08\/31\/covid-19-veja-esquema-de-vacinacao-desta-quinta-1o\/\",\"url\":\"https:\/\/bahiaeconomica.com.br\/wp\/2022\/08\/31\/covid-19-veja-esquema-de-vacinacao-desta-quinta-1o\/\",\"name\":\"COVID-19: VEJA ESQUEMA DE VACINA\u00c7\u00c3O DESTA QUINTA (1\u00ba) - Bahia Economica\",\"isPartOf\":{\"@id\":\"https:\/\/bahiaeconomica.com.br\/wp\/#website\"},\"datePublished\":\"2022-08-31T21:40:43+00:00\",\"dateModified\":\"2022-08-31T21:21:17+00:00\",\"description\":\"O maior portal de Economia da Bahia DESTAQUE DO DIA, ECONOMIA \/ POL\u00cdTICA, Sa\u00fade \/ Educa\u00e7\u00e3o Bahia Economica\",\"breadcrumb\":{\"@id\":\"https:\/\/bahiaeconomica.com.br\/wp\/2022\/08\/31\/covid-19-veja-esquema-de-vacinacao-desta-quinta-1o\/#breadcrumb\"},\"inLanguage\":\"pt-BR\",\"potentialAction\":[{\"@type\":\"ReadAction\",\"target\":[\"https:\/\/bahiaeconomica.com.br\/wp\/2022\/08\/31\/covid-19-veja-esquema-de-vacinacao-desta-quinta-1o\/\"]}]},{\"@type\":\"BreadcrumbList\",\"@id\":\"https:\/\/bahiaeconomica.com.br\/wp\/2022\/08\/31\/covid-19-veja-esquema-de-vacinacao-desta-quinta-1o\/#breadcrumb\",\"itemListElement\":[{\"@type\":\"ListItem\",\"position\":1,\"name\":\"In\u00edcio\",\"item\":\"https:\/\/bahiaeconomica.com.br\/wp\/\"},{\"@type\":\"ListItem\",\"position\":2,\"name\":\"COVID-19: VEJA ESQUEMA DE VACINA\u00c7\u00c3O DESTA QUINTA (1\u00ba)\"}]},{\"@type\":\"WebSite\",\"@id\":\"https:\/\/bahiaeconomica.com.br\/wp\/#website\",\"url\":\"https:\/\/bahiaeconomica.com.br\/wp\/\",\"name\":\"Bahia Economica\",\"description\":\"O maior portal de Economia da Bahia\",\"publisher\":{\"@id\":\"https:\/\/bahiaeconomica.com.br\/wp\/#organization\"},\"potentialAction\":[{\"@type\":\"SearchAction\",\"target\":{\"@type\":\"EntryPoint\",\"urlTemplate\":\"https:\/\/bahiaeconomica.com.br\/wp\/?s={search_term_string}\"},\"query-input\":\"required name=search_term_string\"}],\"inLanguage\":\"pt-BR\"},{\"@type\":\"Organization\",\"@id\":\"https:\/\/bahiaeconomica.com.br\/wp\/#organization\",\"name\":\"Bahia Econ\u00f4mica\",\"url\":\"https:\/\/bahiaeconomica.com.br\/wp\/\",\"logo\":{\"@type\":\"ImageObject\",\"inLanguage\":\"pt-BR\",\"@id\":\"https:\/\/bahiaeconomica.com.br\/wp\/#\/schema\/logo\/image\/\",\"url\":\"https:\/\/bahiaeconomica.com.br\/wp\/wp-content\/uploads\/2020\/12\/cropped-BE.png\",\"contentUrl\":\"https:\/\/bahiaeconomica.com.br\/wp\/wp-content\/uploads\/2020\/12\/cropped-BE.png\",\"width\":512,\"height\":512,\"caption\":\"Bahia Econ\u00f4mica\"},\"image\":{\"@id\":\"https:\/\/bahiaeconomica.com.br\/wp\/#\/schema\/logo\/image\/\"},\"sameAs\":[\"https:\/\/www.facebook.com\/bahiaeconomica\"]},{\"@type\":\"Person\",\"@id\":\"https:\/\/bahiaeconomica.com.br\/wp\/#\/schema\/person\/cb1ab5ba96ad3d9390805381c76284ec\",\"name\":\"admin\",\"url\":\"https:\/\/bahiaeconomica.com.br\/wp\/author\/admin\/\"}]}<\/script>\n<!-- \/ Yoast SEO plugin. -->","yoast_head_json":{"title":"COVID-19: VEJA ESQUEMA DE VACINA\u00c7\u00c3O DESTA QUINTA (1\u00ba) - Bahia Economica","description":"O maior portal de Economia da Bahia DESTAQUE DO DIA, ECONOMIA \/ POL\u00cdTICA, Sa\u00fade \/ Educa\u00e7\u00e3o Bahia Economica","robots":{"index":"index","follow":"follow","max-snippet":"max-snippet:-1","max-image-preview":"max-image-preview:large","max-video-preview":"max-video-preview:-1"},"canonical":"https:\/\/bahiaeconomica.com.br\/wp\/2022\/08\/31\/covid-19-veja-esquema-de-vacinacao-desta-quinta-1o\/","og_locale":"pt_BR","og_type":"article","og_title":"COVID-19: VEJA ESQUEMA DE VACINA\u00c7\u00c3O DESTA QUINTA (1\u00ba) - Bahia Economica","og_description":"O maior portal de Economia da Bahia DESTAQUE DO DIA, ECONOMIA \/ POL\u00cdTICA, Sa\u00fade \/ Educa\u00e7\u00e3o Bahia Economica","og_url":"https:\/\/bahiaeconomica.com.br\/wp\/2022\/08\/31\/covid-19-veja-esquema-de-vacinacao-desta-quinta-1o\/","og_site_name":"Bahia Economica","article_publisher":"https:\/\/www.facebook.com\/bahiaeconomica","article_published_time":"2022-08-31T21:40:43+00:00","article_modified_time":"2022-08-31T21:21:17+00:00","og_image":[{"width":1600,"height":752,"url":"https:\/\/bahiaeconomica.com.br\/wp\/wp-content\/uploads\/2022\/05\/123427vacinacao-contra-covid-19-prossegue-nesta-quarta-em-salvador-3.jpg","type":"image\/jpeg"}],"author":"admin","twitter_card":"summary_large_image","twitter_misc":{"Escrito por":"admin","Est. tempo de leitura":"8 minutos"},"schema":{"@context":"https:\/\/schema.org","@graph":[{"@type":"Article","@id":"https:\/\/bahiaeconomica.com.br\/wp\/2022\/08\/31\/covid-19-veja-esquema-de-vacinacao-desta-quinta-1o\/#article","isPartOf":{"@id":"https:\/\/bahiaeconomica.com.br\/wp\/2022\/08\/31\/covid-19-veja-esquema-de-vacinacao-desta-quinta-1o\/"},"author":{"name":"admin","@id":"https:\/\/bahiaeconomica.com.br\/wp\/#\/schema\/person\/cb1ab5ba96ad3d9390805381c76284ec"},"headline":"COVID-19: VEJA ESQUEMA DE VACINA\u00c7\u00c3O DESTA QUINTA (1\u00ba)","datePublished":"2022-08-31T21:40:43+00:00","dateModified":"2022-08-31T21:21:17+00:00","mainEntityOfPage":{"@id":"https:\/\/bahiaeconomica.com.br\/wp\/2022\/08\/31\/covid-19-veja-esquema-de-vacinacao-desta-quinta-1o\/"},"wordCount":1526,"publisher":{"@id":"https:\/\/bahiaeconomica.com.br\/wp\/#organization"},"articleSection":["DESTAQUE DO DIA","ECONOMIA \/ POL\u00cdTICA","Sa\u00fade \/ Educa\u00e7\u00e3o"],"inLanguage":"pt-BR"},{"@type":"WebPage","@id":"https:\/\/bahiaeconomica.com.br\/wp\/2022\/08\/31\/covid-19-veja-esquema-de-vacinacao-desta-quinta-1o\/","url":"https:\/\/bahiaeconomica.com.br\/wp\/2022\/08\/31\/covid-19-veja-esquema-de-vacinacao-desta-quinta-1o\/","name":"COVID-19: VEJA ESQUEMA DE VACINA\u00c7\u00c3O DESTA QUINTA (1\u00ba) - Bahia Economica","isPartOf":{"@id":"https:\/\/bahiaeconomica.com.br\/wp\/#website"},"datePublished":"2022-08-31T21:40:43+00:00","dateModified":"2022-08-31T21:21:17+00:00","description":"O maior portal de Economia da Bahia DESTAQUE DO DIA, ECONOMIA \/ POL\u00cdTICA, Sa\u00fade \/ Educa\u00e7\u00e3o Bahia Economica","breadcrumb":{"@id":"https:\/\/bahiaeconomica.com.br\/wp\/2022\/08\/31\/covid-19-veja-esquema-de-vacinacao-desta-quinta-1o\/#breadcrumb"},"inLanguage":"pt-BR","potentialAction":[{"@type":"ReadAction","target":["https:\/\/bahiaeconomica.com.br\/wp\/2022\/08\/31\/covid-19-veja-esquema-de-vacinacao-desta-quinta-1o\/"]}]},{"@type":"BreadcrumbList","@id":"https:\/\/bahiaeconomica.com.br\/wp\/2022\/08\/31\/covid-19-veja-esquema-de-vacinacao-desta-quinta-1o\/#breadcrumb","itemListElement":[{"@type":"ListItem","position":1,"name":"In\u00edcio","item":"https:\/\/bahiaeconomica.com.br\/wp\/"},{"@type":"ListItem","position":2,"name":"COVID-19: VEJA ESQUEMA DE VACINA\u00c7\u00c3O DESTA QUINTA (1\u00ba)"}]},{"@type":"WebSite","@id":"https:\/\/bahiaeconomica.com.br\/wp\/#website","url":"https:\/\/bahiaeconomica.com.br\/wp\/","name":"Bahia Economica","description":"O maior portal de Economia da Bahia","publisher":{"@id":"https:\/\/bahiaeconomica.com.br\/wp\/#organization"},"potentialAction":[{"@type":"SearchAction","target":{"@type":"EntryPoint","urlTemplate":"https:\/\/bahiaeconomica.com.br\/wp\/?s={search_term_string}"},"query-input":"required name=search_term_string"}],"inLanguage":"pt-BR"},{"@type":"Organization","@id":"https:\/\/bahiaeconomica.com.br\/wp\/#organization","name":"Bahia Econ\u00f4mica","url":"https:\/\/bahiaeconomica.com.br\/wp\/","logo":{"@type":"ImageObject","inLanguage":"pt-BR","@id":"https:\/\/bahiaeconomica.com.br\/wp\/#\/schema\/logo\/image\/","url":"https:\/\/bahiaeconomica.com.br\/wp\/wp-content\/uploads\/2020\/12\/cropped-BE.png","contentUrl":"https:\/\/bahiaeconomica.com.br\/wp\/wp-content\/uploads\/2020\/12\/cropped-BE.png","width":512,"height":512,"caption":"Bahia Econ\u00f4mica"},"image":{"@id":"https:\/\/bahiaeconomica.com.br\/wp\/#\/schema\/logo\/image\/"},"sameAs":["https:\/\/www.facebook.com\/bahiaeconomica"]},{"@type":"Person","@id":"https:\/\/bahiaeconomica.com.br\/wp\/#\/schema\/person\/cb1ab5ba96ad3d9390805381c76284ec","name":"admin","url":"https:\/\/bahiaeconomica.com.br\/wp\/author\/admin\/"}]}},"views":1,"_links":{"self":[{"href":"https:\/\/bahiaeconomica.com.br\/wp\/wp-json\/wp\/v2\/posts\/688618"}],"collection":[{"href":"https:\/\/bahiaeconomica.com.br\/wp\/wp-json\/wp\/v2\/posts"}],"about":[{"href":"https:\/\/bahiaeconomica.com.br\/wp\/wp-json\/wp\/v2\/types\/post"}],"author":[{"embeddable":true,"href":"https:\/\/bahiaeconomica.com.br\/wp\/wp-json\/wp\/v2\/users\/1"}],"replies":[{"embeddable":true,"href":"https:\/\/bahiaeconomica.com.br\/wp\/wp-json\/wp\/v2\/comments?post=688618"}],"version-history":[{"count":1,"href":"https:\/\/bahiaeconomica.com.br\/wp\/wp-json\/wp\/v2\/posts\/688618\/revisions"}],"predecessor-version":[{"id":688619,"href":"https:\/\/bahiaeconomica.com.br\/wp\/wp-json\/wp\/v2\/posts\/688618\/revisions\/688619"}],"wp:featuredmedia":[{"embeddable":true,"href":"https:\/\/bahiaeconomica.com.br\/wp\/wp-json\/wp\/v2\/media\/667513"}],"wp:attachment":[{"href":"https:\/\/bahiaeconomica.com.br\/wp\/wp-json\/wp\/v2\/media?parent=688618"}],"wp:term":[{"taxonomy":"category","embeddable":true,"href":"https:\/\/bahiaeconomica.com.br\/wp\/wp-json\/wp\/v2\/categories?post=688618"},{"taxonomy":"post_tag","embeddable":true,"href":"https:\/\/bahiaeconomica.com.br\/wp\/wp-json\/wp\/v2\/tags?post=688618"}],"curies":[{"name":"wp","href":"https:\/\/api.w.org\/{rel}","templated":true}]}}