{"id":687740,"date":"2022-08-26T20:00:47","date_gmt":"2022-08-26T23:00:47","guid":{"rendered":"https:\/\/bahiaeconomica.com.br\/wp\/beta\/?p=687740"},"modified":"2022-08-26T19:52:16","modified_gmt":"2022-08-26T22:52:16","slug":"ipec-veja-rejeicao-dos-candidatos-ao-governo-da-bahia","status":"publish","type":"post","link":"https:\/\/bahiaeconomica.com.br\/wp\/2022\/08\/26\/ipec-veja-rejeicao-dos-candidatos-ao-governo-da-bahia\/","title":{"rendered":"IPEC: VEJA REJEI\u00c7\u00c3O DOS CANDIDATOS AO GOVERNO DA BAHIA"},"content":{"rendered":"<p>Pesquisa do Ipec, divulgada nesta quinta-feira (18) e encomendada pela TV Bahia, revela que Jer\u00f4nimo Rodrigues (PT) tem a<!--more--> maior rejei\u00e7\u00e3o entre os candidatos ao governo da Bahia: 24% dos entrevistados n\u00e3o votariam de jeito nenhum no fulano de tal.<\/p>\n<p>O candidato Jo\u00e3o Roma (PL) possui a segunda maior rejei\u00e7\u00e3o, com 23%, seguido de Kleber Rosa (PSOL) com 18%<\/p>\n<p>Marcelo Millet (PCO) tem 15%, seguido do ACM Neto com 14%. O menor \u00edndice de rejei\u00e7\u00e3o \u00e9 do Giovani Damico (PCB) com 13%<\/p>\n<p>ACM Neto tem XX% e Jer\u00f4nimo Rodrigues tem XX % na disputa para o governo da Bahia<\/p>\n<p>A pesquisa \u00e9 estimulada e os entrevistados responderam a seguinte pergunta: em qual voc\u00ea n\u00e3o votaria de jeito nenhum?<\/p>\n<p>Seis por cento dos entrevistados disseram que poderiam votar em todos os candidatos, outros 28% n\u00e3o souberam responder.<\/p>\n<p>Nesse item, o eleito teve a possibilidade de rejeitar mais de um candidatos. Por isso, a soma registrada passa de 100%.<\/p>\n<p>O Instituto em Pesquisa e Consultoria (IPEC) ouviu 1008 pessoas entre os dias 23 a 25 de agosto, em 51 cidades da Bahia. A margem de erro \u00e9 de 3 pontos percentuais para mais ou para menos, considerando um n\u00edvel de confian\u00e7a de 95%. A pesquisa foi registrada no Tribunal Superior Eleitoral (TSE) sob o n\u00famero BA &#8211; 028732022 (TRE) e BR &#8211; 00575\/222 (TSE).<\/p>\n<p>Candidatos que n\u00e3o votaria de jeito nenhum<\/p>\n<p>Jer\u00f4nimo Rodrigues (PT): 24%<\/p>\n<p>Jo\u00e3o Roma (PL): 23%<\/p>\n<p>Marcelo Millet (PCO): 15%<\/p>\n<p>ACM Neto (Uni\u00e3o Brasil): 14%<\/p>\n<p>Giovani Damico (PCB) : 13%<\/p>\n<p>Kleber Rosa (PSOL): 18%<\/p>\n<p>&nbsp;<\/p>\n<p>Fonte: G1 Bahia<\/p>\n<p>Foto: Divulga\u00e7\u00e3o<\/p>\n","protected":false},"excerpt":{"rendered":"<p>Pesquisa do Ipec, divulgada nesta quinta-feira (18) e encomendada pela TV Bahia, revela que Jer\u00f4nimo Rodrigues (PT) tem a<\/p>\n","protected":false},"author":1,"featured_media":679477,"comment_status":"closed","ping_status":"closed","sticky":false,"template":"","format":"standard","meta":[],"categories":[14,3],"tags":[167,85,233,2300,4701,950,5810,2507],"acf":[],"yoast_head":"<!-- This site is optimized with the Yoast SEO plugin v20.8 - https:\/\/yoast.com\/wordpress\/plugins\/seo\/ -->\n<title>IPEC: VEJA REJEI\u00c7\u00c3O DOS CANDIDATOS AO GOVERNO DA BAHIA - Bahia Economica<\/title>\n<meta name=\"description\" content=\"O maior portal de Economia da Bahia DESTAQUE DO DIA, ECONOMIA \/ POL\u00cdTICA Bahia Economica\" \/>\n<meta name=\"robots\" content=\"index, follow, max-snippet:-1, max-image-preview:large, max-video-preview:-1\" \/>\n<link rel=\"canonical\" href=\"https:\/\/bahiaeconomica.com.br\/wp\/2022\/08\/26\/ipec-veja-rejeicao-dos-candidatos-ao-governo-da-bahia\/\" \/>\n<meta property=\"og:locale\" content=\"pt_BR\" \/>\n<meta property=\"og:type\" content=\"article\" \/>\n<meta property=\"og:title\" content=\"IPEC: VEJA REJEI\u00c7\u00c3O DOS CANDIDATOS AO GOVERNO DA BAHIA - Bahia Economica\" \/>\n<meta property=\"og:description\" content=\"O maior portal de Economia da Bahia DESTAQUE DO DIA, ECONOMIA \/ POL\u00cdTICA Bahia Economica\" \/>\n<meta property=\"og:url\" content=\"https:\/\/bahiaeconomica.com.br\/wp\/2022\/08\/26\/ipec-veja-rejeicao-dos-candidatos-ao-governo-da-bahia\/\" \/>\n<meta property=\"og:site_name\" content=\"Bahia Economica\" \/>\n<meta property=\"article:publisher\" content=\"https:\/\/www.facebook.com\/bahiaeconomica\" \/>\n<meta property=\"article:published_time\" content=\"2022-08-26T23:00:47+00:00\" \/>\n<meta property=\"article:modified_time\" content=\"2022-08-26T22:52:16+00:00\" \/>\n<meta property=\"og:image\" content=\"https:\/\/bahiaeconomica.com.br\/wp\/wp-content\/uploads\/2022\/07\/governo-da-bahia-1.jpg\" \/>\n\t<meta property=\"og:image:width\" content=\"360\" \/>\n\t<meta property=\"og:image:height\" content=\"220\" \/>\n\t<meta property=\"og:image:type\" content=\"image\/jpeg\" \/>\n<meta name=\"author\" content=\"admin\" \/>\n<meta name=\"twitter:card\" content=\"summary_large_image\" \/>\n<meta name=\"twitter:label1\" content=\"Escrito por\" \/>\n\t<meta name=\"twitter:data1\" content=\"admin\" \/>\n\t<meta name=\"twitter:label2\" content=\"Est. tempo de leitura\" \/>\n\t<meta name=\"twitter:data2\" content=\"1 minuto\" \/>\n<script type=\"application\/ld+json\" class=\"yoast-schema-graph\">{\"@context\":\"https:\/\/schema.org\",\"@graph\":[{\"@type\":\"Article\",\"@id\":\"https:\/\/bahiaeconomica.com.br\/wp\/2022\/08\/26\/ipec-veja-rejeicao-dos-candidatos-ao-governo-da-bahia\/#article\",\"isPartOf\":{\"@id\":\"https:\/\/bahiaeconomica.com.br\/wp\/2022\/08\/26\/ipec-veja-rejeicao-dos-candidatos-ao-governo-da-bahia\/\"},\"author\":{\"name\":\"admin\",\"@id\":\"https:\/\/bahiaeconomica.com.br\/wp\/#\/schema\/person\/cb1ab5ba96ad3d9390805381c76284ec\"},\"headline\":\"IPEC: VEJA REJEI\u00c7\u00c3O DOS CANDIDATOS AO GOVERNO DA BAHIA\",\"datePublished\":\"2022-08-26T23:00:47+00:00\",\"dateModified\":\"2022-08-26T22:52:16+00:00\",\"mainEntityOfPage\":{\"@id\":\"https:\/\/bahiaeconomica.com.br\/wp\/2022\/08\/26\/ipec-veja-rejeicao-dos-candidatos-ao-governo-da-bahia\/\"},\"wordCount\":260,\"publisher\":{\"@id\":\"https:\/\/bahiaeconomica.com.br\/wp\/#organization\"},\"keywords\":[\"ACM Neto\",\"Bahia\",\"Governo\",\"ipec\",\"jer\u00f4nimo rodrigues\",\"Jo\u00e3o Roma\",\"kleber rosa\",\"rejeicao\"],\"articleSection\":[\"DESTAQUE DO DIA\",\"ECONOMIA \/ POL\u00cdTICA\"],\"inLanguage\":\"pt-BR\"},{\"@type\":\"WebPage\",\"@id\":\"https:\/\/bahiaeconomica.com.br\/wp\/2022\/08\/26\/ipec-veja-rejeicao-dos-candidatos-ao-governo-da-bahia\/\",\"url\":\"https:\/\/bahiaeconomica.com.br\/wp\/2022\/08\/26\/ipec-veja-rejeicao-dos-candidatos-ao-governo-da-bahia\/\",\"name\":\"IPEC: VEJA REJEI\u00c7\u00c3O DOS CANDIDATOS AO GOVERNO DA BAHIA - Bahia Economica\",\"isPartOf\":{\"@id\":\"https:\/\/bahiaeconomica.com.br\/wp\/#website\"},\"datePublished\":\"2022-08-26T23:00:47+00:00\",\"dateModified\":\"2022-08-26T22:52:16+00:00\",\"description\":\"O maior portal de Economia da Bahia DESTAQUE DO DIA, ECONOMIA \/ POL\u00cdTICA Bahia Economica\",\"breadcrumb\":{\"@id\":\"https:\/\/bahiaeconomica.com.br\/wp\/2022\/08\/26\/ipec-veja-rejeicao-dos-candidatos-ao-governo-da-bahia\/#breadcrumb\"},\"inLanguage\":\"pt-BR\",\"potentialAction\":[{\"@type\":\"ReadAction\",\"target\":[\"https:\/\/bahiaeconomica.com.br\/wp\/2022\/08\/26\/ipec-veja-rejeicao-dos-candidatos-ao-governo-da-bahia\/\"]}]},{\"@type\":\"BreadcrumbList\",\"@id\":\"https:\/\/bahiaeconomica.com.br\/wp\/2022\/08\/26\/ipec-veja-rejeicao-dos-candidatos-ao-governo-da-bahia\/#breadcrumb\",\"itemListElement\":[{\"@type\":\"ListItem\",\"position\":1,\"name\":\"In\u00edcio\",\"item\":\"https:\/\/bahiaeconomica.com.br\/wp\/\"},{\"@type\":\"ListItem\",\"position\":2,\"name\":\"IPEC: VEJA REJEI\u00c7\u00c3O DOS CANDIDATOS AO GOVERNO DA BAHIA\"}]},{\"@type\":\"WebSite\",\"@id\":\"https:\/\/bahiaeconomica.com.br\/wp\/#website\",\"url\":\"https:\/\/bahiaeconomica.com.br\/wp\/\",\"name\":\"Bahia Economica\",\"description\":\"O maior portal de Economia da Bahia\",\"publisher\":{\"@id\":\"https:\/\/bahiaeconomica.com.br\/wp\/#organization\"},\"potentialAction\":[{\"@type\":\"SearchAction\",\"target\":{\"@type\":\"EntryPoint\",\"urlTemplate\":\"https:\/\/bahiaeconomica.com.br\/wp\/?s={search_term_string}\"},\"query-input\":\"required name=search_term_string\"}],\"inLanguage\":\"pt-BR\"},{\"@type\":\"Organization\",\"@id\":\"https:\/\/bahiaeconomica.com.br\/wp\/#organization\",\"name\":\"Bahia Econ\u00f4mica\",\"url\":\"https:\/\/bahiaeconomica.com.br\/wp\/\",\"logo\":{\"@type\":\"ImageObject\",\"inLanguage\":\"pt-BR\",\"@id\":\"https:\/\/bahiaeconomica.com.br\/wp\/#\/schema\/logo\/image\/\",\"url\":\"https:\/\/bahiaeconomica.com.br\/wp\/wp-content\/uploads\/2020\/12\/cropped-BE.png\",\"contentUrl\":\"https:\/\/bahiaeconomica.com.br\/wp\/wp-content\/uploads\/2020\/12\/cropped-BE.png\",\"width\":512,\"height\":512,\"caption\":\"Bahia Econ\u00f4mica\"},\"image\":{\"@id\":\"https:\/\/bahiaeconomica.com.br\/wp\/#\/schema\/logo\/image\/\"},\"sameAs\":[\"https:\/\/www.facebook.com\/bahiaeconomica\"]},{\"@type\":\"Person\",\"@id\":\"https:\/\/bahiaeconomica.com.br\/wp\/#\/schema\/person\/cb1ab5ba96ad3d9390805381c76284ec\",\"name\":\"admin\",\"url\":\"https:\/\/bahiaeconomica.com.br\/wp\/author\/admin\/\"}]}<\/script>\n<!-- \/ Yoast SEO plugin. -->","yoast_head_json":{"title":"IPEC: VEJA REJEI\u00c7\u00c3O DOS CANDIDATOS AO GOVERNO DA BAHIA - Bahia Economica","description":"O maior portal de Economia da Bahia DESTAQUE DO DIA, ECONOMIA \/ POL\u00cdTICA Bahia Economica","robots":{"index":"index","follow":"follow","max-snippet":"max-snippet:-1","max-image-preview":"max-image-preview:large","max-video-preview":"max-video-preview:-1"},"canonical":"https:\/\/bahiaeconomica.com.br\/wp\/2022\/08\/26\/ipec-veja-rejeicao-dos-candidatos-ao-governo-da-bahia\/","og_locale":"pt_BR","og_type":"article","og_title":"IPEC: VEJA REJEI\u00c7\u00c3O DOS CANDIDATOS AO GOVERNO DA BAHIA - Bahia Economica","og_description":"O maior portal de Economia da Bahia DESTAQUE DO DIA, ECONOMIA \/ POL\u00cdTICA Bahia Economica","og_url":"https:\/\/bahiaeconomica.com.br\/wp\/2022\/08\/26\/ipec-veja-rejeicao-dos-candidatos-ao-governo-da-bahia\/","og_site_name":"Bahia Economica","article_publisher":"https:\/\/www.facebook.com\/bahiaeconomica","article_published_time":"2022-08-26T23:00:47+00:00","article_modified_time":"2022-08-26T22:52:16+00:00","og_image":[{"width":360,"height":220,"url":"https:\/\/bahiaeconomica.com.br\/wp\/wp-content\/uploads\/2022\/07\/governo-da-bahia-1.jpg","type":"image\/jpeg"}],"author":"admin","twitter_card":"summary_large_image","twitter_misc":{"Escrito por":"admin","Est. tempo de leitura":"1 minuto"},"schema":{"@context":"https:\/\/schema.org","@graph":[{"@type":"Article","@id":"https:\/\/bahiaeconomica.com.br\/wp\/2022\/08\/26\/ipec-veja-rejeicao-dos-candidatos-ao-governo-da-bahia\/#article","isPartOf":{"@id":"https:\/\/bahiaeconomica.com.br\/wp\/2022\/08\/26\/ipec-veja-rejeicao-dos-candidatos-ao-governo-da-bahia\/"},"author":{"name":"admin","@id":"https:\/\/bahiaeconomica.com.br\/wp\/#\/schema\/person\/cb1ab5ba96ad3d9390805381c76284ec"},"headline":"IPEC: VEJA REJEI\u00c7\u00c3O DOS CANDIDATOS AO GOVERNO DA BAHIA","datePublished":"2022-08-26T23:00:47+00:00","dateModified":"2022-08-26T22:52:16+00:00","mainEntityOfPage":{"@id":"https:\/\/bahiaeconomica.com.br\/wp\/2022\/08\/26\/ipec-veja-rejeicao-dos-candidatos-ao-governo-da-bahia\/"},"wordCount":260,"publisher":{"@id":"https:\/\/bahiaeconomica.com.br\/wp\/#organization"},"keywords":["ACM Neto","Bahia","Governo","ipec","jer\u00f4nimo rodrigues","Jo\u00e3o Roma","kleber rosa","rejeicao"],"articleSection":["DESTAQUE DO DIA","ECONOMIA \/ POL\u00cdTICA"],"inLanguage":"pt-BR"},{"@type":"WebPage","@id":"https:\/\/bahiaeconomica.com.br\/wp\/2022\/08\/26\/ipec-veja-rejeicao-dos-candidatos-ao-governo-da-bahia\/","url":"https:\/\/bahiaeconomica.com.br\/wp\/2022\/08\/26\/ipec-veja-rejeicao-dos-candidatos-ao-governo-da-bahia\/","name":"IPEC: VEJA REJEI\u00c7\u00c3O DOS CANDIDATOS AO GOVERNO DA BAHIA - Bahia Economica","isPartOf":{"@id":"https:\/\/bahiaeconomica.com.br\/wp\/#website"},"datePublished":"2022-08-26T23:00:47+00:00","dateModified":"2022-08-26T22:52:16+00:00","description":"O maior portal de Economia da Bahia DESTAQUE DO DIA, ECONOMIA \/ POL\u00cdTICA Bahia Economica","breadcrumb":{"@id":"https:\/\/bahiaeconomica.com.br\/wp\/2022\/08\/26\/ipec-veja-rejeicao-dos-candidatos-ao-governo-da-bahia\/#breadcrumb"},"inLanguage":"pt-BR","potentialAction":[{"@type":"ReadAction","target":["https:\/\/bahiaeconomica.com.br\/wp\/2022\/08\/26\/ipec-veja-rejeicao-dos-candidatos-ao-governo-da-bahia\/"]}]},{"@type":"BreadcrumbList","@id":"https:\/\/bahiaeconomica.com.br\/wp\/2022\/08\/26\/ipec-veja-rejeicao-dos-candidatos-ao-governo-da-bahia\/#breadcrumb","itemListElement":[{"@type":"ListItem","position":1,"name":"In\u00edcio","item":"https:\/\/bahiaeconomica.com.br\/wp\/"},{"@type":"ListItem","position":2,"name":"IPEC: VEJA REJEI\u00c7\u00c3O DOS CANDIDATOS AO GOVERNO DA BAHIA"}]},{"@type":"WebSite","@id":"https:\/\/bahiaeconomica.com.br\/wp\/#website","url":"https:\/\/bahiaeconomica.com.br\/wp\/","name":"Bahia Economica","description":"O maior portal de Economia da Bahia","publisher":{"@id":"https:\/\/bahiaeconomica.com.br\/wp\/#organization"},"potentialAction":[{"@type":"SearchAction","target":{"@type":"EntryPoint","urlTemplate":"https:\/\/bahiaeconomica.com.br\/wp\/?s={search_term_string}"},"query-input":"required name=search_term_string"}],"inLanguage":"pt-BR"},{"@type":"Organization","@id":"https:\/\/bahiaeconomica.com.br\/wp\/#organization","name":"Bahia Econ\u00f4mica","url":"https:\/\/bahiaeconomica.com.br\/wp\/","logo":{"@type":"ImageObject","inLanguage":"pt-BR","@id":"https:\/\/bahiaeconomica.com.br\/wp\/#\/schema\/logo\/image\/","url":"https:\/\/bahiaeconomica.com.br\/wp\/wp-content\/uploads\/2020\/12\/cropped-BE.png","contentUrl":"https:\/\/bahiaeconomica.com.br\/wp\/wp-content\/uploads\/2020\/12\/cropped-BE.png","width":512,"height":512,"caption":"Bahia Econ\u00f4mica"},"image":{"@id":"https:\/\/bahiaeconomica.com.br\/wp\/#\/schema\/logo\/image\/"},"sameAs":["https:\/\/www.facebook.com\/bahiaeconomica"]},{"@type":"Person","@id":"https:\/\/bahiaeconomica.com.br\/wp\/#\/schema\/person\/cb1ab5ba96ad3d9390805381c76284ec","name":"admin","url":"https:\/\/bahiaeconomica.com.br\/wp\/author\/admin\/"}]}},"views":2,"_links":{"self":[{"href":"https:\/\/bahiaeconomica.com.br\/wp\/wp-json\/wp\/v2\/posts\/687740"}],"collection":[{"href":"https:\/\/bahiaeconomica.com.br\/wp\/wp-json\/wp\/v2\/posts"}],"about":[{"href":"https:\/\/bahiaeconomica.com.br\/wp\/wp-json\/wp\/v2\/types\/post"}],"author":[{"embeddable":true,"href":"https:\/\/bahiaeconomica.com.br\/wp\/wp-json\/wp\/v2\/users\/1"}],"replies":[{"embeddable":true,"href":"https:\/\/bahiaeconomica.com.br\/wp\/wp-json\/wp\/v2\/comments?post=687740"}],"version-history":[{"count":1,"href":"https:\/\/bahiaeconomica.com.br\/wp\/wp-json\/wp\/v2\/posts\/687740\/revisions"}],"predecessor-version":[{"id":687741,"href":"https:\/\/bahiaeconomica.com.br\/wp\/wp-json\/wp\/v2\/posts\/687740\/revisions\/687741"}],"wp:featuredmedia":[{"embeddable":true,"href":"https:\/\/bahiaeconomica.com.br\/wp\/wp-json\/wp\/v2\/media\/679477"}],"wp:attachment":[{"href":"https:\/\/bahiaeconomica.com.br\/wp\/wp-json\/wp\/v2\/media?parent=687740"}],"wp:term":[{"taxonomy":"category","embeddable":true,"href":"https:\/\/bahiaeconomica.com.br\/wp\/wp-json\/wp\/v2\/categories?post=687740"},{"taxonomy":"post_tag","embeddable":true,"href":"https:\/\/bahiaeconomica.com.br\/wp\/wp-json\/wp\/v2\/tags?post=687740"}],"curies":[{"name":"wp","href":"https:\/\/api.w.org\/{rel}","templated":true}]}}