{"id":687181,"date":"2022-08-24T20:00:02","date_gmt":"2022-08-24T23:00:02","guid":{"rendered":"https:\/\/bahiaeconomica.com.br\/wp\/beta\/?p=687181"},"modified":"2022-08-24T18:13:11","modified_gmt":"2022-08-24T21:13:11","slug":"sul-da-bahia-recebe-festivais-gastronomicos","status":"publish","type":"post","link":"https:\/\/bahiaeconomica.com.br\/wp\/2022\/08\/24\/sul-da-bahia-recebe-festivais-gastronomicos\/","title":{"rendered":"SUL DA BAHIA RECEBE FESTIVAIS GASTRON\u00d4MICOS"},"content":{"rendered":"<p>A beleza do extremo Sul da Bahia vai se juntar aos sabores da culin\u00e1ria em tr\u00eas festivais gastron\u00f4micos previstos para os pr\u00f3ximos dias na regi\u00e3o. As cidades de Prado <!--more-->e Eun\u00e1polis, al\u00e9m do distrito de Arraial d&#8217;Ajuda em Porto Seguro, receber\u00e3o eventos.\u00a0 Veja a lista:<\/p>\n<p>16\u00ba Festival Gastron\u00f4mico e Cultural de Prado<\/p>\n<p>\u201c\u00c9 daqui, \u00e9 da nossa gente\u201d. Esse \u00e9 o slogan do Festival Gastron\u00f4mico e Cultural do Prado de 2022, que visa promover a cria\u00e7\u00e3o de drinks e pratos baseados nos ingredientes locais, como a mandioca. Ali\u00e1s, o alimento \u2013 e seus derivados \u2013 s\u00e3o os queridinhos da edi\u00e7\u00e3o, sendo o componente principal do festival.<\/p>\n<p>O evento, realizado pela APRHOPE (Associa\u00e7\u00e3o Pradense de Restaurantes, Hot\u00e9is, Operadoras de Turismo e Estabelecimentos Comerciais), Prefeitura Municipal de Prado, Sebrae e correaliza\u00e7\u00e3o do Senac, acontece de 7 a 23 de outubro em Prado, e contar\u00e1 ainda com apresenta\u00e7\u00f5es culturais e musicais, garantindo entretenimento, lazer e \u2013 claro \u2013 uma explos\u00e3o de sabores.<\/p>\n<p>4\u00ba Festival Gastron\u00f4mico Esquina do Mundo em Arraial<br \/>\nAnote na agenda: do dia 01 a 15 de novembro acontece a 4\u00aa edi\u00e7\u00e3o do Festival Gastron\u00f4mico Esquina do Mundo, em Arraial d\u2019Ajuda, Porto Seguro. O evento trabalha com 5 categorias: o prato principal, pizzas e lanches, sobremesas e sorvetes, petiscos e drinks.<\/p>\n<p>A regi\u00e3o, que j\u00e1 \u00e9 atrativa por suas belezas, fica ainda mais em evid\u00eancia durante os festivais.\u00a0A pesca, a agricultura, a pecu\u00e1ria assim como o turismo e a gastronomia s\u00e3o fortalecidos e geram resultados com n\u00fameros expressivos. Nas edi\u00e7\u00f5es anteriores foram injetados 4 milh\u00f5es de reais na economia.<\/p>\n<p>O evento tem a tem\u00e1tica \u201cO Campo Encontra o Mar\u201d e \u00e9 uma realiza\u00e7\u00e3o da Associa\u00e7\u00e3o Brasileira de Bares e Restaurantes e correaliza\u00e7\u00e3o do Sebrae, Senac e Prefeitura Municipal de Porto Seguro. Al\u00e9m do mais, conta com o apoio institucional da Associa\u00e7\u00e3o Brasileira da Ind\u00fastria de Hot\u00e9is \u2013 ABIH, Escola de Gest\u00e3o em Neg\u00f3cios da Gastronomia \u2013 EGG e TV Santa Cruz.<\/p>\n<p>3\u00ba Festival Gastron\u00f4mico de Eun\u00e1polis<br \/>\nTodo mundo tem uma lembran\u00e7a nost\u00e1lgica de momentos especiais ligadas a algum tipo de refei\u00e7\u00e3o. Os\u00a0almo\u00e7os em fam\u00edlia. Um pedido de casamento. Um \u00a0jantar de comemora\u00e7\u00e3o da promo\u00e7\u00e3o do trabalho. A culin\u00e1ria tem o incr\u00edvel poder de marcar uma ocasi\u00e3o ou per\u00edodos inteiros, independente do motivo.<\/p>\n<p>Ela possibilita associa\u00e7\u00f5es exclusiva, fortalecendo inclusive v\u00ednculos emocionais. E \u00e9 essa a proposta da 3\u00aa edi\u00e7\u00e3o do Festival Gastron\u00f4mico de Eun\u00e1polis, que ter\u00e1 como tema \u201cGastronomia Afetiva: Sabores do Cora\u00e7\u00e3o\u201d.<\/p>\n<p>Sendo mais uma op\u00e7\u00e3o para os amantes da boa gastronomia, esse ano o festival contempla o impressionante n\u00famero de 40 restaurante inscritos \u2013 o maior desde o lan\u00e7amento do evento. O Festival Gastron\u00f4mico de Eun\u00e1polis tamb\u00e9m apresenta cinco categorias. S\u00e3o elas: prato principal, comida de boteco, lanches, pizzas e sobremesa.<\/p>\n<p>O evento \u00e9 realizado pelo Sebrae, CDL, Prefeitura Municipal e correaliza\u00e7\u00e3o do Senac, com Patroc\u00ednio Master do Governo do Estado, Baden Baden e Bahia G\u00e1s. Ser\u00e1 realizado de 25 de agosto a 11 de setembro.<\/p>\n<p>&nbsp;<\/p>\n<p>&nbsp;<\/p>\n","protected":false},"excerpt":{"rendered":"<p>A beleza do extremo Sul da Bahia vai se juntar aos sabores da culin\u00e1ria em tr\u00eas festivais gastron\u00f4micos previstos para os pr\u00f3ximos dias na regi\u00e3o. As cidades de Prado<\/p>\n","protected":false},"author":1,"featured_media":687182,"comment_status":"closed","ping_status":"closed","sticky":false,"template":"","format":"standard","meta":[],"categories":[14,3],"tags":[],"acf":[],"yoast_head":"<!-- This site is optimized with the Yoast SEO plugin v20.8 - https:\/\/yoast.com\/wordpress\/plugins\/seo\/ -->\n<title>SUL DA BAHIA RECEBE FESTIVAIS GASTRON\u00d4MICOS - Bahia Economica<\/title>\n<meta name=\"description\" content=\"O maior portal de Economia da Bahia DESTAQUE DO DIA, ECONOMIA \/ POL\u00cdTICA Bahia Economica\" \/>\n<meta name=\"robots\" content=\"index, follow, max-snippet:-1, max-image-preview:large, max-video-preview:-1\" \/>\n<link rel=\"canonical\" href=\"https:\/\/bahiaeconomica.com.br\/wp\/2022\/08\/24\/sul-da-bahia-recebe-festivais-gastronomicos\/\" \/>\n<meta property=\"og:locale\" content=\"pt_BR\" \/>\n<meta property=\"og:type\" content=\"article\" \/>\n<meta property=\"og:title\" content=\"SUL DA BAHIA RECEBE FESTIVAIS GASTRON\u00d4MICOS - Bahia Economica\" \/>\n<meta property=\"og:description\" content=\"O maior portal de Economia da Bahia DESTAQUE DO DIA, ECONOMIA \/ POL\u00cdTICA Bahia Economica\" \/>\n<meta property=\"og:url\" content=\"https:\/\/bahiaeconomica.com.br\/wp\/2022\/08\/24\/sul-da-bahia-recebe-festivais-gastronomicos\/\" \/>\n<meta property=\"og:site_name\" content=\"Bahia Economica\" \/>\n<meta property=\"article:publisher\" content=\"https:\/\/www.facebook.com\/bahiaeconomica\" \/>\n<meta property=\"article:published_time\" content=\"2022-08-24T23:00:02+00:00\" \/>\n<meta property=\"article:modified_time\" content=\"2022-08-24T21:13:11+00:00\" \/>\n<meta property=\"og:image\" content=\"https:\/\/bahiaeconomica.com.br\/wp\/wp-content\/uploads\/2022\/08\/Museu-da-Gastronomia-Pelourinho-salvador-bahia-Foto-Amanda-Oliveira-27-510x376-1.jpg\" \/>\n\t<meta property=\"og:image:width\" content=\"500\" \/>\n\t<meta property=\"og:image:height\" content=\"300\" \/>\n\t<meta property=\"og:image:type\" content=\"image\/jpeg\" \/>\n<meta name=\"author\" content=\"admin\" \/>\n<meta name=\"twitter:card\" content=\"summary_large_image\" \/>\n<meta name=\"twitter:label1\" content=\"Escrito por\" \/>\n\t<meta name=\"twitter:data1\" content=\"admin\" \/>\n\t<meta name=\"twitter:label2\" content=\"Est. tempo de leitura\" \/>\n\t<meta name=\"twitter:data2\" content=\"3 minutos\" \/>\n<script type=\"application\/ld+json\" class=\"yoast-schema-graph\">{\"@context\":\"https:\/\/schema.org\",\"@graph\":[{\"@type\":\"Article\",\"@id\":\"https:\/\/bahiaeconomica.com.br\/wp\/2022\/08\/24\/sul-da-bahia-recebe-festivais-gastronomicos\/#article\",\"isPartOf\":{\"@id\":\"https:\/\/bahiaeconomica.com.br\/wp\/2022\/08\/24\/sul-da-bahia-recebe-festivais-gastronomicos\/\"},\"author\":{\"name\":\"admin\",\"@id\":\"https:\/\/bahiaeconomica.com.br\/wp\/#\/schema\/person\/cb1ab5ba96ad3d9390805381c76284ec\"},\"headline\":\"SUL DA BAHIA RECEBE FESTIVAIS GASTRON\u00d4MICOS\",\"datePublished\":\"2022-08-24T23:00:02+00:00\",\"dateModified\":\"2022-08-24T21:13:11+00:00\",\"mainEntityOfPage\":{\"@id\":\"https:\/\/bahiaeconomica.com.br\/wp\/2022\/08\/24\/sul-da-bahia-recebe-festivais-gastronomicos\/\"},\"wordCount\":538,\"publisher\":{\"@id\":\"https:\/\/bahiaeconomica.com.br\/wp\/#organization\"},\"articleSection\":[\"DESTAQUE DO DIA\",\"ECONOMIA \/ POL\u00cdTICA\"],\"inLanguage\":\"pt-BR\"},{\"@type\":\"WebPage\",\"@id\":\"https:\/\/bahiaeconomica.com.br\/wp\/2022\/08\/24\/sul-da-bahia-recebe-festivais-gastronomicos\/\",\"url\":\"https:\/\/bahiaeconomica.com.br\/wp\/2022\/08\/24\/sul-da-bahia-recebe-festivais-gastronomicos\/\",\"name\":\"SUL DA BAHIA RECEBE FESTIVAIS GASTRON\u00d4MICOS - Bahia Economica\",\"isPartOf\":{\"@id\":\"https:\/\/bahiaeconomica.com.br\/wp\/#website\"},\"datePublished\":\"2022-08-24T23:00:02+00:00\",\"dateModified\":\"2022-08-24T21:13:11+00:00\",\"description\":\"O maior portal de Economia da Bahia DESTAQUE DO DIA, ECONOMIA \/ POL\u00cdTICA Bahia Economica\",\"breadcrumb\":{\"@id\":\"https:\/\/bahiaeconomica.com.br\/wp\/2022\/08\/24\/sul-da-bahia-recebe-festivais-gastronomicos\/#breadcrumb\"},\"inLanguage\":\"pt-BR\",\"potentialAction\":[{\"@type\":\"ReadAction\",\"target\":[\"https:\/\/bahiaeconomica.com.br\/wp\/2022\/08\/24\/sul-da-bahia-recebe-festivais-gastronomicos\/\"]}]},{\"@type\":\"BreadcrumbList\",\"@id\":\"https:\/\/bahiaeconomica.com.br\/wp\/2022\/08\/24\/sul-da-bahia-recebe-festivais-gastronomicos\/#breadcrumb\",\"itemListElement\":[{\"@type\":\"ListItem\",\"position\":1,\"name\":\"In\u00edcio\",\"item\":\"https:\/\/bahiaeconomica.com.br\/wp\/\"},{\"@type\":\"ListItem\",\"position\":2,\"name\":\"SUL DA BAHIA RECEBE FESTIVAIS GASTRON\u00d4MICOS\"}]},{\"@type\":\"WebSite\",\"@id\":\"https:\/\/bahiaeconomica.com.br\/wp\/#website\",\"url\":\"https:\/\/bahiaeconomica.com.br\/wp\/\",\"name\":\"Bahia Economica\",\"description\":\"O maior portal de Economia da Bahia\",\"publisher\":{\"@id\":\"https:\/\/bahiaeconomica.com.br\/wp\/#organization\"},\"potentialAction\":[{\"@type\":\"SearchAction\",\"target\":{\"@type\":\"EntryPoint\",\"urlTemplate\":\"https:\/\/bahiaeconomica.com.br\/wp\/?s={search_term_string}\"},\"query-input\":\"required name=search_term_string\"}],\"inLanguage\":\"pt-BR\"},{\"@type\":\"Organization\",\"@id\":\"https:\/\/bahiaeconomica.com.br\/wp\/#organization\",\"name\":\"Bahia Econ\u00f4mica\",\"url\":\"https:\/\/bahiaeconomica.com.br\/wp\/\",\"logo\":{\"@type\":\"ImageObject\",\"inLanguage\":\"pt-BR\",\"@id\":\"https:\/\/bahiaeconomica.com.br\/wp\/#\/schema\/logo\/image\/\",\"url\":\"https:\/\/bahiaeconomica.com.br\/wp\/wp-content\/uploads\/2020\/12\/cropped-BE.png\",\"contentUrl\":\"https:\/\/bahiaeconomica.com.br\/wp\/wp-content\/uploads\/2020\/12\/cropped-BE.png\",\"width\":512,\"height\":512,\"caption\":\"Bahia Econ\u00f4mica\"},\"image\":{\"@id\":\"https:\/\/bahiaeconomica.com.br\/wp\/#\/schema\/logo\/image\/\"},\"sameAs\":[\"https:\/\/www.facebook.com\/bahiaeconomica\"]},{\"@type\":\"Person\",\"@id\":\"https:\/\/bahiaeconomica.com.br\/wp\/#\/schema\/person\/cb1ab5ba96ad3d9390805381c76284ec\",\"name\":\"admin\",\"url\":\"https:\/\/bahiaeconomica.com.br\/wp\/author\/admin\/\"}]}<\/script>\n<!-- \/ Yoast SEO plugin. -->","yoast_head_json":{"title":"SUL DA BAHIA RECEBE FESTIVAIS GASTRON\u00d4MICOS - Bahia Economica","description":"O maior portal de Economia da Bahia DESTAQUE DO DIA, ECONOMIA \/ POL\u00cdTICA Bahia Economica","robots":{"index":"index","follow":"follow","max-snippet":"max-snippet:-1","max-image-preview":"max-image-preview:large","max-video-preview":"max-video-preview:-1"},"canonical":"https:\/\/bahiaeconomica.com.br\/wp\/2022\/08\/24\/sul-da-bahia-recebe-festivais-gastronomicos\/","og_locale":"pt_BR","og_type":"article","og_title":"SUL DA BAHIA RECEBE FESTIVAIS GASTRON\u00d4MICOS - Bahia Economica","og_description":"O maior portal de Economia da Bahia DESTAQUE DO DIA, ECONOMIA \/ POL\u00cdTICA Bahia Economica","og_url":"https:\/\/bahiaeconomica.com.br\/wp\/2022\/08\/24\/sul-da-bahia-recebe-festivais-gastronomicos\/","og_site_name":"Bahia Economica","article_publisher":"https:\/\/www.facebook.com\/bahiaeconomica","article_published_time":"2022-08-24T23:00:02+00:00","article_modified_time":"2022-08-24T21:13:11+00:00","og_image":[{"width":500,"height":300,"url":"https:\/\/bahiaeconomica.com.br\/wp\/wp-content\/uploads\/2022\/08\/Museu-da-Gastronomia-Pelourinho-salvador-bahia-Foto-Amanda-Oliveira-27-510x376-1.jpg","type":"image\/jpeg"}],"author":"admin","twitter_card":"summary_large_image","twitter_misc":{"Escrito por":"admin","Est. tempo de leitura":"3 minutos"},"schema":{"@context":"https:\/\/schema.org","@graph":[{"@type":"Article","@id":"https:\/\/bahiaeconomica.com.br\/wp\/2022\/08\/24\/sul-da-bahia-recebe-festivais-gastronomicos\/#article","isPartOf":{"@id":"https:\/\/bahiaeconomica.com.br\/wp\/2022\/08\/24\/sul-da-bahia-recebe-festivais-gastronomicos\/"},"author":{"name":"admin","@id":"https:\/\/bahiaeconomica.com.br\/wp\/#\/schema\/person\/cb1ab5ba96ad3d9390805381c76284ec"},"headline":"SUL DA BAHIA RECEBE FESTIVAIS GASTRON\u00d4MICOS","datePublished":"2022-08-24T23:00:02+00:00","dateModified":"2022-08-24T21:13:11+00:00","mainEntityOfPage":{"@id":"https:\/\/bahiaeconomica.com.br\/wp\/2022\/08\/24\/sul-da-bahia-recebe-festivais-gastronomicos\/"},"wordCount":538,"publisher":{"@id":"https:\/\/bahiaeconomica.com.br\/wp\/#organization"},"articleSection":["DESTAQUE DO DIA","ECONOMIA \/ POL\u00cdTICA"],"inLanguage":"pt-BR"},{"@type":"WebPage","@id":"https:\/\/bahiaeconomica.com.br\/wp\/2022\/08\/24\/sul-da-bahia-recebe-festivais-gastronomicos\/","url":"https:\/\/bahiaeconomica.com.br\/wp\/2022\/08\/24\/sul-da-bahia-recebe-festivais-gastronomicos\/","name":"SUL DA BAHIA RECEBE FESTIVAIS GASTRON\u00d4MICOS - Bahia Economica","isPartOf":{"@id":"https:\/\/bahiaeconomica.com.br\/wp\/#website"},"datePublished":"2022-08-24T23:00:02+00:00","dateModified":"2022-08-24T21:13:11+00:00","description":"O maior portal de Economia da Bahia DESTAQUE DO DIA, ECONOMIA \/ POL\u00cdTICA Bahia Economica","breadcrumb":{"@id":"https:\/\/bahiaeconomica.com.br\/wp\/2022\/08\/24\/sul-da-bahia-recebe-festivais-gastronomicos\/#breadcrumb"},"inLanguage":"pt-BR","potentialAction":[{"@type":"ReadAction","target":["https:\/\/bahiaeconomica.com.br\/wp\/2022\/08\/24\/sul-da-bahia-recebe-festivais-gastronomicos\/"]}]},{"@type":"BreadcrumbList","@id":"https:\/\/bahiaeconomica.com.br\/wp\/2022\/08\/24\/sul-da-bahia-recebe-festivais-gastronomicos\/#breadcrumb","itemListElement":[{"@type":"ListItem","position":1,"name":"In\u00edcio","item":"https:\/\/bahiaeconomica.com.br\/wp\/"},{"@type":"ListItem","position":2,"name":"SUL DA BAHIA RECEBE FESTIVAIS GASTRON\u00d4MICOS"}]},{"@type":"WebSite","@id":"https:\/\/bahiaeconomica.com.br\/wp\/#website","url":"https:\/\/bahiaeconomica.com.br\/wp\/","name":"Bahia Economica","description":"O maior portal de Economia da Bahia","publisher":{"@id":"https:\/\/bahiaeconomica.com.br\/wp\/#organization"},"potentialAction":[{"@type":"SearchAction","target":{"@type":"EntryPoint","urlTemplate":"https:\/\/bahiaeconomica.com.br\/wp\/?s={search_term_string}"},"query-input":"required name=search_term_string"}],"inLanguage":"pt-BR"},{"@type":"Organization","@id":"https:\/\/bahiaeconomica.com.br\/wp\/#organization","name":"Bahia Econ\u00f4mica","url":"https:\/\/bahiaeconomica.com.br\/wp\/","logo":{"@type":"ImageObject","inLanguage":"pt-BR","@id":"https:\/\/bahiaeconomica.com.br\/wp\/#\/schema\/logo\/image\/","url":"https:\/\/bahiaeconomica.com.br\/wp\/wp-content\/uploads\/2020\/12\/cropped-BE.png","contentUrl":"https:\/\/bahiaeconomica.com.br\/wp\/wp-content\/uploads\/2020\/12\/cropped-BE.png","width":512,"height":512,"caption":"Bahia Econ\u00f4mica"},"image":{"@id":"https:\/\/bahiaeconomica.com.br\/wp\/#\/schema\/logo\/image\/"},"sameAs":["https:\/\/www.facebook.com\/bahiaeconomica"]},{"@type":"Person","@id":"https:\/\/bahiaeconomica.com.br\/wp\/#\/schema\/person\/cb1ab5ba96ad3d9390805381c76284ec","name":"admin","url":"https:\/\/bahiaeconomica.com.br\/wp\/author\/admin\/"}]}},"views":2,"_links":{"self":[{"href":"https:\/\/bahiaeconomica.com.br\/wp\/wp-json\/wp\/v2\/posts\/687181"}],"collection":[{"href":"https:\/\/bahiaeconomica.com.br\/wp\/wp-json\/wp\/v2\/posts"}],"about":[{"href":"https:\/\/bahiaeconomica.com.br\/wp\/wp-json\/wp\/v2\/types\/post"}],"author":[{"embeddable":true,"href":"https:\/\/bahiaeconomica.com.br\/wp\/wp-json\/wp\/v2\/users\/1"}],"replies":[{"embeddable":true,"href":"https:\/\/bahiaeconomica.com.br\/wp\/wp-json\/wp\/v2\/comments?post=687181"}],"version-history":[{"count":1,"href":"https:\/\/bahiaeconomica.com.br\/wp\/wp-json\/wp\/v2\/posts\/687181\/revisions"}],"predecessor-version":[{"id":687183,"href":"https:\/\/bahiaeconomica.com.br\/wp\/wp-json\/wp\/v2\/posts\/687181\/revisions\/687183"}],"wp:featuredmedia":[{"embeddable":true,"href":"https:\/\/bahiaeconomica.com.br\/wp\/wp-json\/wp\/v2\/media\/687182"}],"wp:attachment":[{"href":"https:\/\/bahiaeconomica.com.br\/wp\/wp-json\/wp\/v2\/media?parent=687181"}],"wp:term":[{"taxonomy":"category","embeddable":true,"href":"https:\/\/bahiaeconomica.com.br\/wp\/wp-json\/wp\/v2\/categories?post=687181"},{"taxonomy":"post_tag","embeddable":true,"href":"https:\/\/bahiaeconomica.com.br\/wp\/wp-json\/wp\/v2\/tags?post=687181"}],"curies":[{"name":"wp","href":"https:\/\/api.w.org\/{rel}","templated":true}]}}