{"id":686891,"date":"2022-08-23T19:30:34","date_gmt":"2022-08-23T22:30:34","guid":{"rendered":"https:\/\/bahiaeconomica.com.br\/wp\/beta\/?p=686891"},"modified":"2022-08-23T19:17:04","modified_gmt":"2022-08-23T22:17:04","slug":"bolsonaro-diz-que-nao-cabe-ao-brasil-discutir-guerra-na-ucrania","status":"publish","type":"post","link":"https:\/\/bahiaeconomica.com.br\/wp\/2022\/08\/23\/bolsonaro-diz-que-nao-cabe-ao-brasil-discutir-guerra-na-ucrania\/","title":{"rendered":"BOLSONARO DIZ QUE N\u00c3O CABE AO BRASIL DISCUTIR GUERRA NA UCR\u00c2NIA"},"content":{"rendered":"<p>O presidente Jair Bolsonaro disse hoje (23) que n\u00e3o cabe a ele, enquanto mandat\u00e1rio brasileiro, entrar na discuss\u00e3o sobre o lado que estaria certo no conflito entre R\u00fassia e Ucr\u00e2nia. A afirma\u00e7\u00e3o foi feita durante a<!--more--> abertura do Congresso A\u00e7o Brasil 2022, em S\u00e3o Paulo, ap\u00f3s Bolsonaro ter dito que recebeu do presidente da Ucr\u00e2nia, Volodymyr Zelenskiy, pedido para que o Brasil adotasse \u201cposi\u00e7\u00e3o firme nas san\u00e7\u00f5es contra a R\u00fassia\u201d.<\/p>\n<p>\u201cFui massacrado pela m\u00eddia, e at\u00e9 mesmo por colegas, quando conversei com o Vladimir Putin [presidente da R\u00fassia]. Tudo que conversei com ele foi resolvido de perto e sem m\u00e1scara. Putin demonstrou confian\u00e7a na gente. Inclusive me convidou para conhecer a sala dele, em um gesto de carinho\u201d, disse Bolsonaro.<\/p>\n<p>\u201cH\u00e1 poucas semanas, o Zelenskiy me ligou pedindo posi\u00e7\u00e3o firme do Brasil nas san\u00e7\u00f5es contra a R\u00fassia. Eu disse a ele que, se tivesse poder, n\u00e3o deixaria que a guerra acontecesse. Mas n\u00e3o vou discutir quem est\u00e1 certo ou errado. Sou presidente do Brasil\u201d, disse ele, ao lembrar o papel do Brasil para a seguran\u00e7a alimentar de 1 bilh\u00e3o de pessoas.<\/p>\n<p>Na avalia\u00e7\u00e3o do presidente, os esfor\u00e7os do governo brasileiro t\u00eam de ser no sentido de garantir a seguran\u00e7a alimentar interna, o que passa pela necessidade de haver fertilizantes dispon\u00edveis para os produtores brasileiros \u2013 o que, segundo ele, foi viabilizado gra\u00e7as ao encontro que teve com Putin.<\/p>\n<p>\u201cSem fertilizantes, estar\u00edamos com s\u00e9rios problemas\u201d, disse. \u201cO mundo est\u00e1 chegando a 8 bilh\u00f5es de habitantes, e todos sabemos que, com fome, n\u00e3o se faz muita coisa. Devemos nos preocupar com a seguran\u00e7a alimentar brasileira porque, em casa em que falta p\u00e3o, todos brigam e ningu\u00e9m tem raz\u00e3o\u201d, complementou.<\/p>\n<p>Segundo Bolsonaro, o continente europeu corre riscos tanto do ponto de vista alimentar quanto energ\u00e9tico. \u201cAl\u00e9m da onda de calor muito forte, que causa inc\u00eandios, eles est\u00e3o com problemas de seguran\u00e7a alimentar. Nem \u00e9 inverno ainda, e se fecharem o g\u00e1s [fornecido pela R\u00fassia], a coisa vai complicar\u201d, afirmou.<\/p>\n<p>O presidente voltou a argumentar que o Brasil poder\u00e1 ajudar a Europa n\u00e3o apenas com alimentos, mas tamb\u00e9m com fornecimento de energia limpa, atendendo \u00e0 demanda europeia por esse tipo de fonte energ\u00e9tica.<\/p>\n<p>\u201cO vento na Bahia \u00e0 noite sopra o tempo todo. Com isso, a energia verde pode ser a seguran\u00e7a energ\u00e9tica do Brasil, al\u00e9m da possibilidade de exportarmos hidrog\u00eanio verde obtido a partir da hidr\u00f3lise [fazendo uso da energia obtida a partir] desses ventos que v\u00eam do mar\u201d, completou. (Ag\u00eancia Brasil)<\/p>\n<p>&nbsp;<\/p>\n<p>Foto: Reprodu\u00e7\u00e3o<\/p>\n","protected":false},"excerpt":{"rendered":"<p>O presidente Jair Bolsonaro disse hoje (23) que n\u00e3o cabe a ele, enquanto mandat\u00e1rio brasileiro, entrar na discuss\u00e3o sobre o lado que estaria certo no conflito entre R\u00fassia e Ucr\u00e2nia. A afirma\u00e7\u00e3o foi feita durante a<\/p>\n","protected":false},"author":1,"featured_media":676590,"comment_status":"closed","ping_status":"closed","sticky":false,"template":"","format":"standard","meta":[],"categories":[14,3],"tags":[95,8094],"acf":[],"yoast_head":"<!-- This site is optimized with the Yoast SEO plugin v20.8 - https:\/\/yoast.com\/wordpress\/plugins\/seo\/ -->\n<title>BOLSONARO DIZ QUE N\u00c3O CABE AO BRASIL DISCUTIR GUERRA NA UCR\u00c2NIA - Bahia Economica<\/title>\n<meta name=\"description\" content=\"O maior portal de Economia da Bahia DESTAQUE DO DIA, ECONOMIA \/ POL\u00cdTICA Bahia Economica\" \/>\n<meta name=\"robots\" content=\"index, follow, max-snippet:-1, max-image-preview:large, max-video-preview:-1\" \/>\n<link rel=\"canonical\" href=\"https:\/\/bahiaeconomica.com.br\/wp\/2022\/08\/23\/bolsonaro-diz-que-nao-cabe-ao-brasil-discutir-guerra-na-ucrania\/\" \/>\n<meta property=\"og:locale\" content=\"pt_BR\" \/>\n<meta property=\"og:type\" content=\"article\" \/>\n<meta property=\"og:title\" content=\"BOLSONARO DIZ QUE N\u00c3O CABE AO BRASIL DISCUTIR GUERRA NA UCR\u00c2NIA - Bahia Economica\" \/>\n<meta property=\"og:description\" content=\"O maior portal de Economia da Bahia DESTAQUE DO DIA, ECONOMIA \/ POL\u00cdTICA Bahia Economica\" \/>\n<meta property=\"og:url\" content=\"https:\/\/bahiaeconomica.com.br\/wp\/2022\/08\/23\/bolsonaro-diz-que-nao-cabe-ao-brasil-discutir-guerra-na-ucrania\/\" \/>\n<meta property=\"og:site_name\" content=\"Bahia Economica\" \/>\n<meta property=\"article:publisher\" content=\"https:\/\/www.facebook.com\/bahiaeconomica\" \/>\n<meta property=\"article:published_time\" content=\"2022-08-23T22:30:34+00:00\" \/>\n<meta property=\"article:modified_time\" content=\"2022-08-23T22:17:04+00:00\" \/>\n<meta property=\"og:image\" content=\"https:\/\/bahiaeconomica.com.br\/wp\/wp-content\/uploads\/2022\/07\/bolsonaro-foto-evaristo-sa.jpg\" \/>\n\t<meta property=\"og:image:width\" content=\"770\" \/>\n\t<meta property=\"og:image:height\" content=\"474\" \/>\n\t<meta property=\"og:image:type\" content=\"image\/jpeg\" \/>\n<meta name=\"author\" content=\"admin\" \/>\n<meta name=\"twitter:card\" content=\"summary_large_image\" \/>\n<meta name=\"twitter:label1\" content=\"Escrito por\" \/>\n\t<meta name=\"twitter:data1\" content=\"admin\" \/>\n\t<meta name=\"twitter:label2\" content=\"Est. tempo de leitura\" \/>\n\t<meta name=\"twitter:data2\" content=\"2 minutos\" \/>\n<script type=\"application\/ld+json\" class=\"yoast-schema-graph\">{\"@context\":\"https:\/\/schema.org\",\"@graph\":[{\"@type\":\"Article\",\"@id\":\"https:\/\/bahiaeconomica.com.br\/wp\/2022\/08\/23\/bolsonaro-diz-que-nao-cabe-ao-brasil-discutir-guerra-na-ucrania\/#article\",\"isPartOf\":{\"@id\":\"https:\/\/bahiaeconomica.com.br\/wp\/2022\/08\/23\/bolsonaro-diz-que-nao-cabe-ao-brasil-discutir-guerra-na-ucrania\/\"},\"author\":{\"name\":\"admin\",\"@id\":\"https:\/\/bahiaeconomica.com.br\/wp\/#\/schema\/person\/cb1ab5ba96ad3d9390805381c76284ec\"},\"headline\":\"BOLSONARO DIZ QUE N\u00c3O CABE AO BRASIL DISCUTIR GUERRA NA UCR\u00c2NIA\",\"datePublished\":\"2022-08-23T22:30:34+00:00\",\"dateModified\":\"2022-08-23T22:17:04+00:00\",\"mainEntityOfPage\":{\"@id\":\"https:\/\/bahiaeconomica.com.br\/wp\/2022\/08\/23\/bolsonaro-diz-que-nao-cabe-ao-brasil-discutir-guerra-na-ucrania\/\"},\"wordCount\":473,\"publisher\":{\"@id\":\"https:\/\/bahiaeconomica.com.br\/wp\/#organization\"},\"keywords\":[\"Bolsonaro\",\"R\u00fassia e Ucr\u00e2nia\"],\"articleSection\":[\"DESTAQUE DO DIA\",\"ECONOMIA \/ POL\u00cdTICA\"],\"inLanguage\":\"pt-BR\"},{\"@type\":\"WebPage\",\"@id\":\"https:\/\/bahiaeconomica.com.br\/wp\/2022\/08\/23\/bolsonaro-diz-que-nao-cabe-ao-brasil-discutir-guerra-na-ucrania\/\",\"url\":\"https:\/\/bahiaeconomica.com.br\/wp\/2022\/08\/23\/bolsonaro-diz-que-nao-cabe-ao-brasil-discutir-guerra-na-ucrania\/\",\"name\":\"BOLSONARO DIZ QUE N\u00c3O CABE AO BRASIL DISCUTIR GUERRA NA UCR\u00c2NIA - Bahia Economica\",\"isPartOf\":{\"@id\":\"https:\/\/bahiaeconomica.com.br\/wp\/#website\"},\"datePublished\":\"2022-08-23T22:30:34+00:00\",\"dateModified\":\"2022-08-23T22:17:04+00:00\",\"description\":\"O maior portal de Economia da Bahia DESTAQUE DO DIA, ECONOMIA \/ POL\u00cdTICA Bahia Economica\",\"breadcrumb\":{\"@id\":\"https:\/\/bahiaeconomica.com.br\/wp\/2022\/08\/23\/bolsonaro-diz-que-nao-cabe-ao-brasil-discutir-guerra-na-ucrania\/#breadcrumb\"},\"inLanguage\":\"pt-BR\",\"potentialAction\":[{\"@type\":\"ReadAction\",\"target\":[\"https:\/\/bahiaeconomica.com.br\/wp\/2022\/08\/23\/bolsonaro-diz-que-nao-cabe-ao-brasil-discutir-guerra-na-ucrania\/\"]}]},{\"@type\":\"BreadcrumbList\",\"@id\":\"https:\/\/bahiaeconomica.com.br\/wp\/2022\/08\/23\/bolsonaro-diz-que-nao-cabe-ao-brasil-discutir-guerra-na-ucrania\/#breadcrumb\",\"itemListElement\":[{\"@type\":\"ListItem\",\"position\":1,\"name\":\"In\u00edcio\",\"item\":\"https:\/\/bahiaeconomica.com.br\/wp\/\"},{\"@type\":\"ListItem\",\"position\":2,\"name\":\"BOLSONARO DIZ QUE N\u00c3O CABE AO BRASIL DISCUTIR GUERRA NA UCR\u00c2NIA\"}]},{\"@type\":\"WebSite\",\"@id\":\"https:\/\/bahiaeconomica.com.br\/wp\/#website\",\"url\":\"https:\/\/bahiaeconomica.com.br\/wp\/\",\"name\":\"Bahia Economica\",\"description\":\"O maior portal de Economia da Bahia\",\"publisher\":{\"@id\":\"https:\/\/bahiaeconomica.com.br\/wp\/#organization\"},\"potentialAction\":[{\"@type\":\"SearchAction\",\"target\":{\"@type\":\"EntryPoint\",\"urlTemplate\":\"https:\/\/bahiaeconomica.com.br\/wp\/?s={search_term_string}\"},\"query-input\":\"required name=search_term_string\"}],\"inLanguage\":\"pt-BR\"},{\"@type\":\"Organization\",\"@id\":\"https:\/\/bahiaeconomica.com.br\/wp\/#organization\",\"name\":\"Bahia Econ\u00f4mica\",\"url\":\"https:\/\/bahiaeconomica.com.br\/wp\/\",\"logo\":{\"@type\":\"ImageObject\",\"inLanguage\":\"pt-BR\",\"@id\":\"https:\/\/bahiaeconomica.com.br\/wp\/#\/schema\/logo\/image\/\",\"url\":\"https:\/\/bahiaeconomica.com.br\/wp\/wp-content\/uploads\/2020\/12\/cropped-BE.png\",\"contentUrl\":\"https:\/\/bahiaeconomica.com.br\/wp\/wp-content\/uploads\/2020\/12\/cropped-BE.png\",\"width\":512,\"height\":512,\"caption\":\"Bahia Econ\u00f4mica\"},\"image\":{\"@id\":\"https:\/\/bahiaeconomica.com.br\/wp\/#\/schema\/logo\/image\/\"},\"sameAs\":[\"https:\/\/www.facebook.com\/bahiaeconomica\"]},{\"@type\":\"Person\",\"@id\":\"https:\/\/bahiaeconomica.com.br\/wp\/#\/schema\/person\/cb1ab5ba96ad3d9390805381c76284ec\",\"name\":\"admin\",\"url\":\"https:\/\/bahiaeconomica.com.br\/wp\/author\/admin\/\"}]}<\/script>\n<!-- \/ Yoast SEO plugin. -->","yoast_head_json":{"title":"BOLSONARO DIZ QUE N\u00c3O CABE AO BRASIL DISCUTIR GUERRA NA UCR\u00c2NIA - Bahia Economica","description":"O maior portal de Economia da Bahia DESTAQUE DO DIA, ECONOMIA \/ POL\u00cdTICA Bahia Economica","robots":{"index":"index","follow":"follow","max-snippet":"max-snippet:-1","max-image-preview":"max-image-preview:large","max-video-preview":"max-video-preview:-1"},"canonical":"https:\/\/bahiaeconomica.com.br\/wp\/2022\/08\/23\/bolsonaro-diz-que-nao-cabe-ao-brasil-discutir-guerra-na-ucrania\/","og_locale":"pt_BR","og_type":"article","og_title":"BOLSONARO DIZ QUE N\u00c3O CABE AO BRASIL DISCUTIR GUERRA NA UCR\u00c2NIA - Bahia Economica","og_description":"O maior portal de Economia da Bahia DESTAQUE DO DIA, ECONOMIA \/ POL\u00cdTICA Bahia Economica","og_url":"https:\/\/bahiaeconomica.com.br\/wp\/2022\/08\/23\/bolsonaro-diz-que-nao-cabe-ao-brasil-discutir-guerra-na-ucrania\/","og_site_name":"Bahia Economica","article_publisher":"https:\/\/www.facebook.com\/bahiaeconomica","article_published_time":"2022-08-23T22:30:34+00:00","article_modified_time":"2022-08-23T22:17:04+00:00","og_image":[{"width":770,"height":474,"url":"https:\/\/bahiaeconomica.com.br\/wp\/wp-content\/uploads\/2022\/07\/bolsonaro-foto-evaristo-sa.jpg","type":"image\/jpeg"}],"author":"admin","twitter_card":"summary_large_image","twitter_misc":{"Escrito por":"admin","Est. tempo de leitura":"2 minutos"},"schema":{"@context":"https:\/\/schema.org","@graph":[{"@type":"Article","@id":"https:\/\/bahiaeconomica.com.br\/wp\/2022\/08\/23\/bolsonaro-diz-que-nao-cabe-ao-brasil-discutir-guerra-na-ucrania\/#article","isPartOf":{"@id":"https:\/\/bahiaeconomica.com.br\/wp\/2022\/08\/23\/bolsonaro-diz-que-nao-cabe-ao-brasil-discutir-guerra-na-ucrania\/"},"author":{"name":"admin","@id":"https:\/\/bahiaeconomica.com.br\/wp\/#\/schema\/person\/cb1ab5ba96ad3d9390805381c76284ec"},"headline":"BOLSONARO DIZ QUE N\u00c3O CABE AO BRASIL DISCUTIR GUERRA NA UCR\u00c2NIA","datePublished":"2022-08-23T22:30:34+00:00","dateModified":"2022-08-23T22:17:04+00:00","mainEntityOfPage":{"@id":"https:\/\/bahiaeconomica.com.br\/wp\/2022\/08\/23\/bolsonaro-diz-que-nao-cabe-ao-brasil-discutir-guerra-na-ucrania\/"},"wordCount":473,"publisher":{"@id":"https:\/\/bahiaeconomica.com.br\/wp\/#organization"},"keywords":["Bolsonaro","R\u00fassia e Ucr\u00e2nia"],"articleSection":["DESTAQUE DO DIA","ECONOMIA \/ POL\u00cdTICA"],"inLanguage":"pt-BR"},{"@type":"WebPage","@id":"https:\/\/bahiaeconomica.com.br\/wp\/2022\/08\/23\/bolsonaro-diz-que-nao-cabe-ao-brasil-discutir-guerra-na-ucrania\/","url":"https:\/\/bahiaeconomica.com.br\/wp\/2022\/08\/23\/bolsonaro-diz-que-nao-cabe-ao-brasil-discutir-guerra-na-ucrania\/","name":"BOLSONARO DIZ QUE N\u00c3O CABE AO BRASIL DISCUTIR GUERRA NA UCR\u00c2NIA - Bahia Economica","isPartOf":{"@id":"https:\/\/bahiaeconomica.com.br\/wp\/#website"},"datePublished":"2022-08-23T22:30:34+00:00","dateModified":"2022-08-23T22:17:04+00:00","description":"O maior portal de Economia da Bahia DESTAQUE DO DIA, ECONOMIA \/ POL\u00cdTICA Bahia Economica","breadcrumb":{"@id":"https:\/\/bahiaeconomica.com.br\/wp\/2022\/08\/23\/bolsonaro-diz-que-nao-cabe-ao-brasil-discutir-guerra-na-ucrania\/#breadcrumb"},"inLanguage":"pt-BR","potentialAction":[{"@type":"ReadAction","target":["https:\/\/bahiaeconomica.com.br\/wp\/2022\/08\/23\/bolsonaro-diz-que-nao-cabe-ao-brasil-discutir-guerra-na-ucrania\/"]}]},{"@type":"BreadcrumbList","@id":"https:\/\/bahiaeconomica.com.br\/wp\/2022\/08\/23\/bolsonaro-diz-que-nao-cabe-ao-brasil-discutir-guerra-na-ucrania\/#breadcrumb","itemListElement":[{"@type":"ListItem","position":1,"name":"In\u00edcio","item":"https:\/\/bahiaeconomica.com.br\/wp\/"},{"@type":"ListItem","position":2,"name":"BOLSONARO DIZ QUE N\u00c3O CABE AO BRASIL DISCUTIR GUERRA NA UCR\u00c2NIA"}]},{"@type":"WebSite","@id":"https:\/\/bahiaeconomica.com.br\/wp\/#website","url":"https:\/\/bahiaeconomica.com.br\/wp\/","name":"Bahia Economica","description":"O maior portal de Economia da Bahia","publisher":{"@id":"https:\/\/bahiaeconomica.com.br\/wp\/#organization"},"potentialAction":[{"@type":"SearchAction","target":{"@type":"EntryPoint","urlTemplate":"https:\/\/bahiaeconomica.com.br\/wp\/?s={search_term_string}"},"query-input":"required name=search_term_string"}],"inLanguage":"pt-BR"},{"@type":"Organization","@id":"https:\/\/bahiaeconomica.com.br\/wp\/#organization","name":"Bahia Econ\u00f4mica","url":"https:\/\/bahiaeconomica.com.br\/wp\/","logo":{"@type":"ImageObject","inLanguage":"pt-BR","@id":"https:\/\/bahiaeconomica.com.br\/wp\/#\/schema\/logo\/image\/","url":"https:\/\/bahiaeconomica.com.br\/wp\/wp-content\/uploads\/2020\/12\/cropped-BE.png","contentUrl":"https:\/\/bahiaeconomica.com.br\/wp\/wp-content\/uploads\/2020\/12\/cropped-BE.png","width":512,"height":512,"caption":"Bahia Econ\u00f4mica"},"image":{"@id":"https:\/\/bahiaeconomica.com.br\/wp\/#\/schema\/logo\/image\/"},"sameAs":["https:\/\/www.facebook.com\/bahiaeconomica"]},{"@type":"Person","@id":"https:\/\/bahiaeconomica.com.br\/wp\/#\/schema\/person\/cb1ab5ba96ad3d9390805381c76284ec","name":"admin","url":"https:\/\/bahiaeconomica.com.br\/wp\/author\/admin\/"}]}},"views":3,"_links":{"self":[{"href":"https:\/\/bahiaeconomica.com.br\/wp\/wp-json\/wp\/v2\/posts\/686891"}],"collection":[{"href":"https:\/\/bahiaeconomica.com.br\/wp\/wp-json\/wp\/v2\/posts"}],"about":[{"href":"https:\/\/bahiaeconomica.com.br\/wp\/wp-json\/wp\/v2\/types\/post"}],"author":[{"embeddable":true,"href":"https:\/\/bahiaeconomica.com.br\/wp\/wp-json\/wp\/v2\/users\/1"}],"replies":[{"embeddable":true,"href":"https:\/\/bahiaeconomica.com.br\/wp\/wp-json\/wp\/v2\/comments?post=686891"}],"version-history":[{"count":1,"href":"https:\/\/bahiaeconomica.com.br\/wp\/wp-json\/wp\/v2\/posts\/686891\/revisions"}],"predecessor-version":[{"id":686892,"href":"https:\/\/bahiaeconomica.com.br\/wp\/wp-json\/wp\/v2\/posts\/686891\/revisions\/686892"}],"wp:featuredmedia":[{"embeddable":true,"href":"https:\/\/bahiaeconomica.com.br\/wp\/wp-json\/wp\/v2\/media\/676590"}],"wp:attachment":[{"href":"https:\/\/bahiaeconomica.com.br\/wp\/wp-json\/wp\/v2\/media?parent=686891"}],"wp:term":[{"taxonomy":"category","embeddable":true,"href":"https:\/\/bahiaeconomica.com.br\/wp\/wp-json\/wp\/v2\/categories?post=686891"},{"taxonomy":"post_tag","embeddable":true,"href":"https:\/\/bahiaeconomica.com.br\/wp\/wp-json\/wp\/v2\/tags?post=686891"}],"curies":[{"name":"wp","href":"https:\/\/api.w.org\/{rel}","templated":true}]}}