{"id":685386,"date":"2022-08-15T18:43:20","date_gmt":"2022-08-15T21:43:20","guid":{"rendered":"https:\/\/bahiaeconomica.com.br\/wp\/beta\/?p=685386"},"modified":"2022-08-15T18:43:20","modified_gmt":"2022-08-15T21:43:20","slug":"prefeitura-inaugura-programa-bairro-novo-em-salvador","status":"publish","type":"post","link":"https:\/\/bahiaeconomica.com.br\/wp\/2022\/08\/15\/prefeitura-inaugura-programa-bairro-novo-em-salvador\/","title":{"rendered":"PREFEITURA INAUGURA PROGRAMA BAIRRO NOVO EM SALVADOR"},"content":{"rendered":"<p>Uma nova iniciativa da Prefeitura chega para promover mais qualidade de vida \u00e0 popula\u00e7\u00e3o que vive em localidades que<!--more--> possuem car\u00eancias urban\u00edsticas e baixo \u00edndice de desenvolvimento. O prefeito Bruno Reis anunciou, nesta segunda-feira (15), o lan\u00e7amento do programa Bairro Novo, que beneficiar\u00e1 as regi\u00f5es do Miolo e Sub\u00farbio de Salvador com obras de infraestrutura, a\u00e7\u00f5es de manuten\u00e7\u00e3o e melhoria nas condi\u00e7\u00f5es de habita\u00e7\u00e3o.<\/p>\n<p>Durante a entrega das melhorias, o prefeito ressaltou que a inten\u00e7\u00e3o do Bairro Novo \u00e9 melhorar de vez a vida dos moradores das comunidades de Salvador. Especificamente no Vale dos Lagos, foram realizadas a\u00e7\u00f5es de recapeamento asf\u00e1ltico, pavimenta\u00e7\u00e3o, drenagem, conten\u00e7\u00e3o, muretas de alvenaria, tampas de acessibilidade, recupera\u00e7\u00e3o de campos e quadrado, pra\u00e7as e servi\u00e7os de pintura, instala\u00e7\u00e3o de placas de orienta\u00e7\u00e3o e sinaliza\u00e7\u00e3o, limpeza e tapa-buracos.<\/p>\n<p>&#8220;Para quem mora aqui, \u00e9 uma maravilha encontrar o bairro todo organizado e acess\u00edvel, pois, ao mudar a cidade, mudamos junto a vida das pessoas. Com isso, ganha toda a comunidade. E isso vale para todos os bairros que est\u00e3o com obras do Bairro Novo em andamento: Rio Sena, Ilha Amarela, Itacaranha, Terezinha e Plataforma, que tamb\u00e9m ganhar\u00e3o este conjunto de interven\u00e7\u00f5es&#8221;, ressaltou Bruno Reis.<\/p>\n<p>A ideia do programa \u00e9 aprofundar as medidas que v\u00eam sendo realizadas pela gest\u00e3o nos \u00faltimos anos, atrav\u00e9s de uma pol\u00edtica de incorpora\u00e7\u00e3o e integra\u00e7\u00e3o \u00e0 vida urbana de grande parte da popula\u00e7\u00e3o que vive situa\u00e7\u00e3o de vulnerabilidade social. Desse modo, ser\u00e3o selecionados bairros populares e as Zonas Especiais de Interesse Social (Zeis) nas regi\u00f5es do Sub\u00farbio e Miolo.<\/p>\n<p>O Sub\u00farbio, por exemplo, abriga 26,66% da popula\u00e7\u00e3o da capital baiana e possui como uma das caracter\u00edsticas principais a ocupa\u00e7\u00e3o informal em encostas e baixadas (\u00e1reas de risco). J\u00e1 a \u00e1rea do Miolo, entre a BR-324 e a Avenida Lu\u00eds Viana Filho (Paralela), possui predomin\u00e2ncia de assentamentos informais e que demandam a\u00e7\u00f5es integradas de saneamento b\u00e1sico, sistema de drenagem, melhoria do vi\u00e1rio e mobili\u00e1rio urbano.<\/p>\n<p>Vale dos Lagos \u2013 O ponto de partida do programa Bairro Novo foi o Vale dos Lagos. As interven\u00e7\u00f5es por l\u00e1 tiveram investimento de R$7,2 milh\u00f5es e alcan\u00e7ou os principais logradouros p\u00fablicos da \u00e1rea, como Estrada da Muri\u00e7oca, Rua Mata Atl\u00e2ntica I, Rua 10 de Dezembro, Rua Jornalista Maria D&#8217;Ajuda Medeiros, Rua Jornalista Regina C\u00e9lia Santana Dias e Rua Professor Milton Santos \u2013 Alameda Oscar Cruz.<\/p>\n<p>Nesses trechos foram executados servi\u00e7os de pavimenta\u00e7\u00e3o, meio-fio, conten\u00e7\u00e3o, drenagem, constru\u00e7\u00e3o de muretas, muros e rampas de acesso. Al\u00e9m disso, uma geomanta de 652 m\u00b2 de \u00e1rea foi aplicada na encosta da Alameda Oscar Cruz. A prote\u00e7\u00e3o deu mais tranquilidade e seguran\u00e7a aos moradores evitando que futuros deslizamentos de terra ocorram em per\u00edodos de chuva.<\/p>\n<p>As novidades n\u00e3o param por a\u00ed. Dois espa\u00e7os p\u00fablicos foram constru\u00eddos no bairro e hoje estimulam o lazer e o conv\u00edvio social. As novas pra\u00e7as Vila S\u00e3o Francisco e a da Rua 10 de Dezembro\/Alameda Oscar Cruz contam com academias de sa\u00fade, parque infantil e diversos atrativos que podem ser aproveitados por crian\u00e7as e adultos.<\/p>\n<p>Os campos de futebol da Rua Mata Atl\u00e2ntica I e da Rua Jornalista Regina C\u00e9lia Santana Dias, assim como as quadras poliesportivas do Condom\u00ednio Limeira I e da Rua Milton Santos foram completamente recuperados.<\/p>\n<p>Toda a ilumina\u00e7\u00e3o p\u00fablica do Vale dos Lagos foi modernizada ap\u00f3s a coloca\u00e7\u00e3o de 462 pontos de LED em 38 logradouros. As pra\u00e7as, campos e quadras da regi\u00e3o tamb\u00e9m est\u00e3o mais iluminados e aptos para atividades esportivas noturnas. Nesses locais foram implantados 35 pontos de luz, 50 projetores e 18 postes de fibra.<\/p>\n<p>J\u00e1 as sinaliza\u00e7\u00f5es de tr\u00e2nsito horizontal e vertical foram refor\u00e7adas nas principais vias do Vale dos Lagos, a exemplos da Estrada da Muri\u00e7oca e em ruas como a Jornalista Lu\u00eds Eduardo Lobo e Jornalista Regina C\u00e9lia Santana Dias.<\/p>\n<p>Foram realizadas pinturas e feitos refor\u00e7os em redutores de velocidade, delimita\u00e7\u00f5es de vagas de estacionamento e faixas demarcat\u00f3rias. Tamb\u00e9m foram implantadas placas de proibi\u00e7\u00e3o de estacionar e de parar, bem como equipamentos informando sobre rotat\u00f3ria e pontos de \u00f4nibus.<\/p>\n<p>As a\u00e7\u00f5es de limpeza em toda a localidade foram intensificadas ap\u00f3s a conclus\u00e3o de servi\u00e7os de ro\u00e7agem mecanizada, capina\u00e7\u00e3o, gancheamento, sacheamento, varri\u00e7\u00e3o e coleta de res\u00edduos. O paisagismo, por sua vez, foi valorizado com a implementa\u00e7\u00e3o de vasos com plantas em determinados trechos.<\/p>\n<p style=\"text-align: center;\"><iframe  id=\"_ytid_71889\"  width=\"480\" height=\"270\"  data-origwidth=\"480\" data-origheight=\"270\" src=\"https:\/\/www.youtube.com\/embed\/j_BQFDziSLM?enablejsapi=1&autoplay=0&cc_load_policy=0&cc_lang_pref=&iv_load_policy=1&loop=0&modestbranding=0&rel=1&fs=1&playsinline=0&autohide=2&theme=dark&color=red&controls=1&\" class=\"__youtube_prefs__  no-lazyload\" title=\"YouTube player\"  allow=\"accelerometer; autoplay; clipboard-write; encrypted-media; gyroscope; picture-in-picture\" allowfullscreen data-no-lazy=\"1\" data-skipgform_ajax_framebjll=\"\"><\/iframe><\/p>\n<p>Foto: Divulga\u00e7\u00e3o<\/p>\n","protected":false},"excerpt":{"rendered":"<p>Uma nova iniciativa da Prefeitura chega para promover mais qualidade de vida \u00e0 popula\u00e7\u00e3o que vive em localidades que<\/p>\n","protected":false},"author":1,"featured_media":685389,"comment_status":"closed","ping_status":"closed","sticky":false,"template":"","format":"standard","meta":[],"categories":[7],"tags":[7957,4863,836,1703,73],"acf":[],"yoast_head":"<!-- This site is optimized with the Yoast SEO plugin v20.8 - https:\/\/yoast.com\/wordpress\/plugins\/seo\/ -->\n<title>PREFEITURA INAUGURA PROGRAMA BAIRRO NOVO EM SALVADOR - Bahia Economica<\/title>\n<meta name=\"description\" content=\"O maior portal de Economia da Bahia BAHIA INVEST Bahia Economica\" \/>\n<meta name=\"robots\" content=\"index, follow, max-snippet:-1, max-image-preview:large, max-video-preview:-1\" \/>\n<link rel=\"canonical\" href=\"https:\/\/bahiaeconomica.com.br\/wp\/2022\/08\/15\/prefeitura-inaugura-programa-bairro-novo-em-salvador\/\" \/>\n<meta property=\"og:locale\" content=\"pt_BR\" \/>\n<meta property=\"og:type\" content=\"article\" \/>\n<meta property=\"og:title\" content=\"PREFEITURA INAUGURA PROGRAMA BAIRRO NOVO EM SALVADOR - Bahia Economica\" \/>\n<meta property=\"og:description\" content=\"O maior portal de Economia da Bahia BAHIA INVEST Bahia Economica\" \/>\n<meta property=\"og:url\" content=\"https:\/\/bahiaeconomica.com.br\/wp\/2022\/08\/15\/prefeitura-inaugura-programa-bairro-novo-em-salvador\/\" \/>\n<meta property=\"og:site_name\" content=\"Bahia Economica\" \/>\n<meta property=\"article:publisher\" content=\"https:\/\/www.facebook.com\/bahiaeconomica\" \/>\n<meta property=\"article:published_time\" content=\"2022-08-15T21:43:20+00:00\" \/>\n<meta property=\"og:image\" content=\"https:\/\/bahiaeconomica.com.br\/wp\/wp-content\/uploads\/2022\/08\/foto-prefeito-bruno-reis-prefeitura-salvador.jpg\" \/>\n\t<meta property=\"og:image:width\" content=\"1024\" \/>\n\t<meta property=\"og:image:height\" content=\"683\" \/>\n\t<meta property=\"og:image:type\" content=\"image\/jpeg\" \/>\n<meta name=\"author\" content=\"admin\" \/>\n<meta name=\"twitter:card\" content=\"summary_large_image\" \/>\n<meta name=\"twitter:label1\" content=\"Escrito por\" \/>\n\t<meta name=\"twitter:data1\" content=\"admin\" \/>\n\t<meta name=\"twitter:label2\" content=\"Est. tempo de leitura\" \/>\n\t<meta name=\"twitter:data2\" content=\"4 minutos\" \/>\n<script type=\"application\/ld+json\" class=\"yoast-schema-graph\">{\"@context\":\"https:\/\/schema.org\",\"@graph\":[{\"@type\":\"Article\",\"@id\":\"https:\/\/bahiaeconomica.com.br\/wp\/2022\/08\/15\/prefeitura-inaugura-programa-bairro-novo-em-salvador\/#article\",\"isPartOf\":{\"@id\":\"https:\/\/bahiaeconomica.com.br\/wp\/2022\/08\/15\/prefeitura-inaugura-programa-bairro-novo-em-salvador\/\"},\"author\":{\"name\":\"admin\",\"@id\":\"https:\/\/bahiaeconomica.com.br\/wp\/#\/schema\/person\/cb1ab5ba96ad3d9390805381c76284ec\"},\"headline\":\"PREFEITURA INAUGURA PROGRAMA BAIRRO NOVO EM SALVADOR\",\"datePublished\":\"2022-08-15T21:43:20+00:00\",\"dateModified\":\"2022-08-15T21:43:20+00:00\",\"mainEntityOfPage\":{\"@id\":\"https:\/\/bahiaeconomica.com.br\/wp\/2022\/08\/15\/prefeitura-inaugura-programa-bairro-novo-em-salvador\/\"},\"wordCount\":810,\"publisher\":{\"@id\":\"https:\/\/bahiaeconomica.com.br\/wp\/#organization\"},\"keywords\":[\"BAIRRO NOVO\",\"inaugura\",\"prefeitura\",\"programa\",\"Salvador\"],\"articleSection\":[\"BAHIA INVEST\"],\"inLanguage\":\"pt-BR\"},{\"@type\":\"WebPage\",\"@id\":\"https:\/\/bahiaeconomica.com.br\/wp\/2022\/08\/15\/prefeitura-inaugura-programa-bairro-novo-em-salvador\/\",\"url\":\"https:\/\/bahiaeconomica.com.br\/wp\/2022\/08\/15\/prefeitura-inaugura-programa-bairro-novo-em-salvador\/\",\"name\":\"PREFEITURA INAUGURA PROGRAMA BAIRRO NOVO EM SALVADOR - Bahia Economica\",\"isPartOf\":{\"@id\":\"https:\/\/bahiaeconomica.com.br\/wp\/#website\"},\"datePublished\":\"2022-08-15T21:43:20+00:00\",\"dateModified\":\"2022-08-15T21:43:20+00:00\",\"description\":\"O maior portal de Economia da Bahia BAHIA INVEST Bahia Economica\",\"breadcrumb\":{\"@id\":\"https:\/\/bahiaeconomica.com.br\/wp\/2022\/08\/15\/prefeitura-inaugura-programa-bairro-novo-em-salvador\/#breadcrumb\"},\"inLanguage\":\"pt-BR\",\"potentialAction\":[{\"@type\":\"ReadAction\",\"target\":[\"https:\/\/bahiaeconomica.com.br\/wp\/2022\/08\/15\/prefeitura-inaugura-programa-bairro-novo-em-salvador\/\"]}]},{\"@type\":\"BreadcrumbList\",\"@id\":\"https:\/\/bahiaeconomica.com.br\/wp\/2022\/08\/15\/prefeitura-inaugura-programa-bairro-novo-em-salvador\/#breadcrumb\",\"itemListElement\":[{\"@type\":\"ListItem\",\"position\":1,\"name\":\"In\u00edcio\",\"item\":\"https:\/\/bahiaeconomica.com.br\/wp\/\"},{\"@type\":\"ListItem\",\"position\":2,\"name\":\"PREFEITURA INAUGURA PROGRAMA BAIRRO NOVO EM SALVADOR\"}]},{\"@type\":\"WebSite\",\"@id\":\"https:\/\/bahiaeconomica.com.br\/wp\/#website\",\"url\":\"https:\/\/bahiaeconomica.com.br\/wp\/\",\"name\":\"Bahia Economica\",\"description\":\"O maior portal de Economia da Bahia\",\"publisher\":{\"@id\":\"https:\/\/bahiaeconomica.com.br\/wp\/#organization\"},\"potentialAction\":[{\"@type\":\"SearchAction\",\"target\":{\"@type\":\"EntryPoint\",\"urlTemplate\":\"https:\/\/bahiaeconomica.com.br\/wp\/?s={search_term_string}\"},\"query-input\":\"required name=search_term_string\"}],\"inLanguage\":\"pt-BR\"},{\"@type\":\"Organization\",\"@id\":\"https:\/\/bahiaeconomica.com.br\/wp\/#organization\",\"name\":\"Bahia Econ\u00f4mica\",\"url\":\"https:\/\/bahiaeconomica.com.br\/wp\/\",\"logo\":{\"@type\":\"ImageObject\",\"inLanguage\":\"pt-BR\",\"@id\":\"https:\/\/bahiaeconomica.com.br\/wp\/#\/schema\/logo\/image\/\",\"url\":\"https:\/\/bahiaeconomica.com.br\/wp\/wp-content\/uploads\/2020\/12\/cropped-BE.png\",\"contentUrl\":\"https:\/\/bahiaeconomica.com.br\/wp\/wp-content\/uploads\/2020\/12\/cropped-BE.png\",\"width\":512,\"height\":512,\"caption\":\"Bahia Econ\u00f4mica\"},\"image\":{\"@id\":\"https:\/\/bahiaeconomica.com.br\/wp\/#\/schema\/logo\/image\/\"},\"sameAs\":[\"https:\/\/www.facebook.com\/bahiaeconomica\"]},{\"@type\":\"Person\",\"@id\":\"https:\/\/bahiaeconomica.com.br\/wp\/#\/schema\/person\/cb1ab5ba96ad3d9390805381c76284ec\",\"name\":\"admin\",\"url\":\"https:\/\/bahiaeconomica.com.br\/wp\/author\/admin\/\"}]}<\/script>\n<!-- \/ Yoast SEO plugin. -->","yoast_head_json":{"title":"PREFEITURA INAUGURA PROGRAMA BAIRRO NOVO EM SALVADOR - Bahia Economica","description":"O maior portal de Economia da Bahia BAHIA INVEST Bahia Economica","robots":{"index":"index","follow":"follow","max-snippet":"max-snippet:-1","max-image-preview":"max-image-preview:large","max-video-preview":"max-video-preview:-1"},"canonical":"https:\/\/bahiaeconomica.com.br\/wp\/2022\/08\/15\/prefeitura-inaugura-programa-bairro-novo-em-salvador\/","og_locale":"pt_BR","og_type":"article","og_title":"PREFEITURA INAUGURA PROGRAMA BAIRRO NOVO EM SALVADOR - Bahia Economica","og_description":"O maior portal de Economia da Bahia BAHIA INVEST Bahia Economica","og_url":"https:\/\/bahiaeconomica.com.br\/wp\/2022\/08\/15\/prefeitura-inaugura-programa-bairro-novo-em-salvador\/","og_site_name":"Bahia Economica","article_publisher":"https:\/\/www.facebook.com\/bahiaeconomica","article_published_time":"2022-08-15T21:43:20+00:00","og_image":[{"width":1024,"height":683,"url":"https:\/\/bahiaeconomica.com.br\/wp\/wp-content\/uploads\/2022\/08\/foto-prefeito-bruno-reis-prefeitura-salvador.jpg","type":"image\/jpeg"}],"author":"admin","twitter_card":"summary_large_image","twitter_misc":{"Escrito por":"admin","Est. tempo de leitura":"4 minutos"},"schema":{"@context":"https:\/\/schema.org","@graph":[{"@type":"Article","@id":"https:\/\/bahiaeconomica.com.br\/wp\/2022\/08\/15\/prefeitura-inaugura-programa-bairro-novo-em-salvador\/#article","isPartOf":{"@id":"https:\/\/bahiaeconomica.com.br\/wp\/2022\/08\/15\/prefeitura-inaugura-programa-bairro-novo-em-salvador\/"},"author":{"name":"admin","@id":"https:\/\/bahiaeconomica.com.br\/wp\/#\/schema\/person\/cb1ab5ba96ad3d9390805381c76284ec"},"headline":"PREFEITURA INAUGURA PROGRAMA BAIRRO NOVO EM SALVADOR","datePublished":"2022-08-15T21:43:20+00:00","dateModified":"2022-08-15T21:43:20+00:00","mainEntityOfPage":{"@id":"https:\/\/bahiaeconomica.com.br\/wp\/2022\/08\/15\/prefeitura-inaugura-programa-bairro-novo-em-salvador\/"},"wordCount":810,"publisher":{"@id":"https:\/\/bahiaeconomica.com.br\/wp\/#organization"},"keywords":["BAIRRO NOVO","inaugura","prefeitura","programa","Salvador"],"articleSection":["BAHIA INVEST"],"inLanguage":"pt-BR"},{"@type":"WebPage","@id":"https:\/\/bahiaeconomica.com.br\/wp\/2022\/08\/15\/prefeitura-inaugura-programa-bairro-novo-em-salvador\/","url":"https:\/\/bahiaeconomica.com.br\/wp\/2022\/08\/15\/prefeitura-inaugura-programa-bairro-novo-em-salvador\/","name":"PREFEITURA INAUGURA PROGRAMA BAIRRO NOVO EM SALVADOR - Bahia Economica","isPartOf":{"@id":"https:\/\/bahiaeconomica.com.br\/wp\/#website"},"datePublished":"2022-08-15T21:43:20+00:00","dateModified":"2022-08-15T21:43:20+00:00","description":"O maior portal de Economia da Bahia BAHIA INVEST Bahia Economica","breadcrumb":{"@id":"https:\/\/bahiaeconomica.com.br\/wp\/2022\/08\/15\/prefeitura-inaugura-programa-bairro-novo-em-salvador\/#breadcrumb"},"inLanguage":"pt-BR","potentialAction":[{"@type":"ReadAction","target":["https:\/\/bahiaeconomica.com.br\/wp\/2022\/08\/15\/prefeitura-inaugura-programa-bairro-novo-em-salvador\/"]}]},{"@type":"BreadcrumbList","@id":"https:\/\/bahiaeconomica.com.br\/wp\/2022\/08\/15\/prefeitura-inaugura-programa-bairro-novo-em-salvador\/#breadcrumb","itemListElement":[{"@type":"ListItem","position":1,"name":"In\u00edcio","item":"https:\/\/bahiaeconomica.com.br\/wp\/"},{"@type":"ListItem","position":2,"name":"PREFEITURA INAUGURA PROGRAMA BAIRRO NOVO EM SALVADOR"}]},{"@type":"WebSite","@id":"https:\/\/bahiaeconomica.com.br\/wp\/#website","url":"https:\/\/bahiaeconomica.com.br\/wp\/","name":"Bahia Economica","description":"O maior portal de Economia da Bahia","publisher":{"@id":"https:\/\/bahiaeconomica.com.br\/wp\/#organization"},"potentialAction":[{"@type":"SearchAction","target":{"@type":"EntryPoint","urlTemplate":"https:\/\/bahiaeconomica.com.br\/wp\/?s={search_term_string}"},"query-input":"required name=search_term_string"}],"inLanguage":"pt-BR"},{"@type":"Organization","@id":"https:\/\/bahiaeconomica.com.br\/wp\/#organization","name":"Bahia Econ\u00f4mica","url":"https:\/\/bahiaeconomica.com.br\/wp\/","logo":{"@type":"ImageObject","inLanguage":"pt-BR","@id":"https:\/\/bahiaeconomica.com.br\/wp\/#\/schema\/logo\/image\/","url":"https:\/\/bahiaeconomica.com.br\/wp\/wp-content\/uploads\/2020\/12\/cropped-BE.png","contentUrl":"https:\/\/bahiaeconomica.com.br\/wp\/wp-content\/uploads\/2020\/12\/cropped-BE.png","width":512,"height":512,"caption":"Bahia Econ\u00f4mica"},"image":{"@id":"https:\/\/bahiaeconomica.com.br\/wp\/#\/schema\/logo\/image\/"},"sameAs":["https:\/\/www.facebook.com\/bahiaeconomica"]},{"@type":"Person","@id":"https:\/\/bahiaeconomica.com.br\/wp\/#\/schema\/person\/cb1ab5ba96ad3d9390805381c76284ec","name":"admin","url":"https:\/\/bahiaeconomica.com.br\/wp\/author\/admin\/"}]}},"views":65,"_links":{"self":[{"href":"https:\/\/bahiaeconomica.com.br\/wp\/wp-json\/wp\/v2\/posts\/685386"}],"collection":[{"href":"https:\/\/bahiaeconomica.com.br\/wp\/wp-json\/wp\/v2\/posts"}],"about":[{"href":"https:\/\/bahiaeconomica.com.br\/wp\/wp-json\/wp\/v2\/types\/post"}],"author":[{"embeddable":true,"href":"https:\/\/bahiaeconomica.com.br\/wp\/wp-json\/wp\/v2\/users\/1"}],"replies":[{"embeddable":true,"href":"https:\/\/bahiaeconomica.com.br\/wp\/wp-json\/wp\/v2\/comments?post=685386"}],"version-history":[{"count":1,"href":"https:\/\/bahiaeconomica.com.br\/wp\/wp-json\/wp\/v2\/posts\/685386\/revisions"}],"predecessor-version":[{"id":685393,"href":"https:\/\/bahiaeconomica.com.br\/wp\/wp-json\/wp\/v2\/posts\/685386\/revisions\/685393"}],"wp:featuredmedia":[{"embeddable":true,"href":"https:\/\/bahiaeconomica.com.br\/wp\/wp-json\/wp\/v2\/media\/685389"}],"wp:attachment":[{"href":"https:\/\/bahiaeconomica.com.br\/wp\/wp-json\/wp\/v2\/media?parent=685386"}],"wp:term":[{"taxonomy":"category","embeddable":true,"href":"https:\/\/bahiaeconomica.com.br\/wp\/wp-json\/wp\/v2\/categories?post=685386"},{"taxonomy":"post_tag","embeddable":true,"href":"https:\/\/bahiaeconomica.com.br\/wp\/wp-json\/wp\/v2\/tags?post=685386"}],"curies":[{"name":"wp","href":"https:\/\/api.w.org\/{rel}","templated":true}]}}