{"id":685143,"date":"2022-08-15T09:08:44","date_gmt":"2022-08-15T12:08:44","guid":{"rendered":"https:\/\/bahiaeconomica.com.br\/wp\/beta\/?p=685143"},"modified":"2022-08-15T09:08:44","modified_gmt":"2022-08-15T12:08:44","slug":"bale-folclorico-da-bahia-abre-inscricoes-para-cursos","status":"publish","type":"post","link":"https:\/\/bahiaeconomica.com.br\/wp\/2022\/08\/15\/bale-folclorico-da-bahia-abre-inscricoes-para-cursos\/","title":{"rendered":"BAL\u00c9 FOLCL\u00d3RICO DA BAHIA ABRE INSCRI\u00c7\u00d5ES PARA CURSOS"},"content":{"rendered":"<p dir=\"ltr\" style=\"text-align: justify;\">O Bal\u00e9 Folcl\u00f3rico da Bahia abriu inscri\u00e7\u00f5es, neste s\u00e1bado (13), para oficinas gratuitas de t\u00e9cnicas de figurino, adere\u00e7os, cenotecnia e ilumina\u00e7\u00e3o. As atividades ser\u00e3o realizadas no Teatro Castro Alves (TCA), em Salvador, de 22 de agosto at\u00e9 20 de novembro.<\/p>\n<p dir=\"ltr\" style=\"text-align: justify;\">A iniciativa tem como objetivo promover a forma\u00e7\u00e3o, aperfei\u00e7oamento de profissionais e preparar pessoas para novos desafios. Para participar \u00e9 preciso ter experi\u00eancia na \u00e1rea. As inscri\u00e7\u00f5es podem ser feitas\u00a0atrav\u00e9s do formul\u00e1rio\u00a0dispon\u00edvel na internet, e haver\u00e1 uma sele\u00e7\u00e3o pr\u00e9via dos candidatos.<\/p>\n<p dir=\"ltr\" style=\"text-align: justify;\">O Bal\u00e9 Folcl\u00f3rico da Bahia ainda promove a montagem de uma exposi\u00e7\u00e3o e do novo espet\u00e1culo \u201cO Bal\u00e9 Que Voc\u00ea N\u00e3o V\u00ea\u201d, com estreia mundial prevista para novembro no TCA. Entre os participantes das oficinas est\u00e3o a Meninos Rei, marca baiana que que tem ganhado destaque no mundo da moda h\u00e1 seis anos, reverenciando a ancestralidade, e tendo como base os tecidos africanos. As pe\u00e7as se conectam com o contempor\u00e2neo em cria\u00e7\u00f5es modernas afro-urbanas.<\/p>\n<p dir=\"ltr\" style=\"text-align: justify;\">O cen\u00f3grafo, figurinista, aderecista e maquiador, idealizador e coordenador do Acervo Boca de Cena Maur\u00edcio Martins, tamb\u00e9m marca presen\u00e7a nas atividades, assim como Adriano Passos, coordenador de Cenotecnia do Teatro Castro Alves, experiente em todas as frentes da constru\u00e7\u00e3o cenogr\u00e1fica: serralheria, marcenaria, pintura e el\u00e9trica. Todas essas etapas ser\u00e3o ensinadas na oficina conduzida por ele.<\/p>\n<p dir=\"ltr\" style=\"text-align: justify;\">Irma Vidal, artista iluminadora, professora do N\u00facleo Cultural ICEIA, produtora e assessora t\u00e9cnica do Teatro Castro Alves, onde tamb\u00e9m j\u00e1 atuou como diretora de cena e gerente t\u00e9cnica do Bal\u00e9 do Teatro, \u00e9 respons\u00e1vel pela oficina de cria\u00e7\u00e3o e constru\u00e7\u00e3o da ilumina\u00e7\u00e3o das coreografias Okan e Bolero.<\/p>\n<p dir=\"ltr\">Foto: Divulga\u00e7\u00e3o<\/p>\n","protected":false},"excerpt":{"rendered":"<p>O Bal\u00e9 Folcl\u00f3rico da Bahia abriu inscri\u00e7\u00f5es, neste s\u00e1bado (13), para oficinas gratuitas de t\u00e9cnicas de figurino, adere\u00e7os, cenotecnia e ilumina\u00e7\u00e3o. As atividades ser\u00e3o realizadas no Teatro Castro Alves (TCA), em Salvador, de 22 de agosto at\u00e9 20 de novembro. A iniciativa tem como objetivo promover a forma\u00e7\u00e3o, aperfei\u00e7oamento de profissionais e preparar pessoas para [&hellip;]<\/p>\n","protected":false},"author":1,"featured_media":685145,"comment_status":"closed","ping_status":"closed","sticky":false,"template":"","format":"standard","meta":[],"categories":[689],"tags":[],"acf":[],"yoast_head":"<!-- This site is optimized with the Yoast SEO plugin v20.8 - https:\/\/yoast.com\/wordpress\/plugins\/seo\/ -->\n<title>BAL\u00c9 FOLCL\u00d3RICO DA BAHIA ABRE INSCRI\u00c7\u00d5ES PARA CURSOS - Bahia Economica<\/title>\n<meta name=\"description\" content=\"O maior portal de Economia da Bahia CULTURA E ARTE Bahia Economica\" \/>\n<meta name=\"robots\" content=\"index, follow, max-snippet:-1, max-image-preview:large, max-video-preview:-1\" \/>\n<link rel=\"canonical\" href=\"https:\/\/bahiaeconomica.com.br\/wp\/2022\/08\/15\/bale-folclorico-da-bahia-abre-inscricoes-para-cursos\/\" \/>\n<meta property=\"og:locale\" content=\"pt_BR\" \/>\n<meta property=\"og:type\" content=\"article\" \/>\n<meta property=\"og:title\" content=\"BAL\u00c9 FOLCL\u00d3RICO DA BAHIA ABRE INSCRI\u00c7\u00d5ES PARA CURSOS - Bahia Economica\" \/>\n<meta property=\"og:description\" content=\"O maior portal de Economia da Bahia CULTURA E ARTE Bahia Economica\" \/>\n<meta property=\"og:url\" content=\"https:\/\/bahiaeconomica.com.br\/wp\/2022\/08\/15\/bale-folclorico-da-bahia-abre-inscricoes-para-cursos\/\" \/>\n<meta property=\"og:site_name\" content=\"Bahia Economica\" \/>\n<meta property=\"article:publisher\" content=\"https:\/\/www.facebook.com\/bahiaeconomica\" \/>\n<meta property=\"article:published_time\" content=\"2022-08-15T12:08:44+00:00\" \/>\n<meta property=\"og:image\" content=\"https:\/\/bahiaeconomica.com.br\/wp\/wp-content\/uploads\/2022\/08\/bale-folclorico-divulgacao.jpg\" \/>\n\t<meta property=\"og:image:width\" content=\"380\" \/>\n\t<meta property=\"og:image:height\" content=\"280\" \/>\n\t<meta property=\"og:image:type\" content=\"image\/jpeg\" \/>\n<meta name=\"author\" content=\"admin\" \/>\n<meta name=\"twitter:card\" content=\"summary_large_image\" \/>\n<meta name=\"twitter:label1\" content=\"Escrito por\" \/>\n\t<meta name=\"twitter:data1\" content=\"admin\" \/>\n\t<meta name=\"twitter:label2\" content=\"Est. tempo de leitura\" \/>\n\t<meta name=\"twitter:data2\" content=\"1 minuto\" \/>\n<script type=\"application\/ld+json\" class=\"yoast-schema-graph\">{\"@context\":\"https:\/\/schema.org\",\"@graph\":[{\"@type\":\"Article\",\"@id\":\"https:\/\/bahiaeconomica.com.br\/wp\/2022\/08\/15\/bale-folclorico-da-bahia-abre-inscricoes-para-cursos\/#article\",\"isPartOf\":{\"@id\":\"https:\/\/bahiaeconomica.com.br\/wp\/2022\/08\/15\/bale-folclorico-da-bahia-abre-inscricoes-para-cursos\/\"},\"author\":{\"name\":\"admin\",\"@id\":\"https:\/\/bahiaeconomica.com.br\/wp\/#\/schema\/person\/cb1ab5ba96ad3d9390805381c76284ec\"},\"headline\":\"BAL\u00c9 FOLCL\u00d3RICO DA BAHIA ABRE INSCRI\u00c7\u00d5ES PARA CURSOS\",\"datePublished\":\"2022-08-15T12:08:44+00:00\",\"dateModified\":\"2022-08-15T12:08:44+00:00\",\"mainEntityOfPage\":{\"@id\":\"https:\/\/bahiaeconomica.com.br\/wp\/2022\/08\/15\/bale-folclorico-da-bahia-abre-inscricoes-para-cursos\/\"},\"wordCount\":307,\"publisher\":{\"@id\":\"https:\/\/bahiaeconomica.com.br\/wp\/#organization\"},\"articleSection\":[\"CULTURA E ARTE\"],\"inLanguage\":\"pt-BR\"},{\"@type\":\"WebPage\",\"@id\":\"https:\/\/bahiaeconomica.com.br\/wp\/2022\/08\/15\/bale-folclorico-da-bahia-abre-inscricoes-para-cursos\/\",\"url\":\"https:\/\/bahiaeconomica.com.br\/wp\/2022\/08\/15\/bale-folclorico-da-bahia-abre-inscricoes-para-cursos\/\",\"name\":\"BAL\u00c9 FOLCL\u00d3RICO DA BAHIA ABRE INSCRI\u00c7\u00d5ES PARA CURSOS - Bahia Economica\",\"isPartOf\":{\"@id\":\"https:\/\/bahiaeconomica.com.br\/wp\/#website\"},\"datePublished\":\"2022-08-15T12:08:44+00:00\",\"dateModified\":\"2022-08-15T12:08:44+00:00\",\"description\":\"O maior portal de Economia da Bahia CULTURA E ARTE Bahia Economica\",\"breadcrumb\":{\"@id\":\"https:\/\/bahiaeconomica.com.br\/wp\/2022\/08\/15\/bale-folclorico-da-bahia-abre-inscricoes-para-cursos\/#breadcrumb\"},\"inLanguage\":\"pt-BR\",\"potentialAction\":[{\"@type\":\"ReadAction\",\"target\":[\"https:\/\/bahiaeconomica.com.br\/wp\/2022\/08\/15\/bale-folclorico-da-bahia-abre-inscricoes-para-cursos\/\"]}]},{\"@type\":\"BreadcrumbList\",\"@id\":\"https:\/\/bahiaeconomica.com.br\/wp\/2022\/08\/15\/bale-folclorico-da-bahia-abre-inscricoes-para-cursos\/#breadcrumb\",\"itemListElement\":[{\"@type\":\"ListItem\",\"position\":1,\"name\":\"In\u00edcio\",\"item\":\"https:\/\/bahiaeconomica.com.br\/wp\/\"},{\"@type\":\"ListItem\",\"position\":2,\"name\":\"BAL\u00c9 FOLCL\u00d3RICO DA BAHIA ABRE INSCRI\u00c7\u00d5ES PARA CURSOS\"}]},{\"@type\":\"WebSite\",\"@id\":\"https:\/\/bahiaeconomica.com.br\/wp\/#website\",\"url\":\"https:\/\/bahiaeconomica.com.br\/wp\/\",\"name\":\"Bahia Economica\",\"description\":\"O maior portal de Economia da Bahia\",\"publisher\":{\"@id\":\"https:\/\/bahiaeconomica.com.br\/wp\/#organization\"},\"potentialAction\":[{\"@type\":\"SearchAction\",\"target\":{\"@type\":\"EntryPoint\",\"urlTemplate\":\"https:\/\/bahiaeconomica.com.br\/wp\/?s={search_term_string}\"},\"query-input\":\"required name=search_term_string\"}],\"inLanguage\":\"pt-BR\"},{\"@type\":\"Organization\",\"@id\":\"https:\/\/bahiaeconomica.com.br\/wp\/#organization\",\"name\":\"Bahia Econ\u00f4mica\",\"url\":\"https:\/\/bahiaeconomica.com.br\/wp\/\",\"logo\":{\"@type\":\"ImageObject\",\"inLanguage\":\"pt-BR\",\"@id\":\"https:\/\/bahiaeconomica.com.br\/wp\/#\/schema\/logo\/image\/\",\"url\":\"https:\/\/bahiaeconomica.com.br\/wp\/wp-content\/uploads\/2020\/12\/cropped-BE.png\",\"contentUrl\":\"https:\/\/bahiaeconomica.com.br\/wp\/wp-content\/uploads\/2020\/12\/cropped-BE.png\",\"width\":512,\"height\":512,\"caption\":\"Bahia Econ\u00f4mica\"},\"image\":{\"@id\":\"https:\/\/bahiaeconomica.com.br\/wp\/#\/schema\/logo\/image\/\"},\"sameAs\":[\"https:\/\/www.facebook.com\/bahiaeconomica\"]},{\"@type\":\"Person\",\"@id\":\"https:\/\/bahiaeconomica.com.br\/wp\/#\/schema\/person\/cb1ab5ba96ad3d9390805381c76284ec\",\"name\":\"admin\",\"url\":\"https:\/\/bahiaeconomica.com.br\/wp\/author\/admin\/\"}]}<\/script>\n<!-- \/ Yoast SEO plugin. -->","yoast_head_json":{"title":"BAL\u00c9 FOLCL\u00d3RICO DA BAHIA ABRE INSCRI\u00c7\u00d5ES PARA CURSOS - Bahia Economica","description":"O maior portal de Economia da Bahia CULTURA E ARTE Bahia Economica","robots":{"index":"index","follow":"follow","max-snippet":"max-snippet:-1","max-image-preview":"max-image-preview:large","max-video-preview":"max-video-preview:-1"},"canonical":"https:\/\/bahiaeconomica.com.br\/wp\/2022\/08\/15\/bale-folclorico-da-bahia-abre-inscricoes-para-cursos\/","og_locale":"pt_BR","og_type":"article","og_title":"BAL\u00c9 FOLCL\u00d3RICO DA BAHIA ABRE INSCRI\u00c7\u00d5ES PARA CURSOS - Bahia Economica","og_description":"O maior portal de Economia da Bahia CULTURA E ARTE Bahia Economica","og_url":"https:\/\/bahiaeconomica.com.br\/wp\/2022\/08\/15\/bale-folclorico-da-bahia-abre-inscricoes-para-cursos\/","og_site_name":"Bahia Economica","article_publisher":"https:\/\/www.facebook.com\/bahiaeconomica","article_published_time":"2022-08-15T12:08:44+00:00","og_image":[{"width":380,"height":280,"url":"https:\/\/bahiaeconomica.com.br\/wp\/wp-content\/uploads\/2022\/08\/bale-folclorico-divulgacao.jpg","type":"image\/jpeg"}],"author":"admin","twitter_card":"summary_large_image","twitter_misc":{"Escrito por":"admin","Est. tempo de leitura":"1 minuto"},"schema":{"@context":"https:\/\/schema.org","@graph":[{"@type":"Article","@id":"https:\/\/bahiaeconomica.com.br\/wp\/2022\/08\/15\/bale-folclorico-da-bahia-abre-inscricoes-para-cursos\/#article","isPartOf":{"@id":"https:\/\/bahiaeconomica.com.br\/wp\/2022\/08\/15\/bale-folclorico-da-bahia-abre-inscricoes-para-cursos\/"},"author":{"name":"admin","@id":"https:\/\/bahiaeconomica.com.br\/wp\/#\/schema\/person\/cb1ab5ba96ad3d9390805381c76284ec"},"headline":"BAL\u00c9 FOLCL\u00d3RICO DA BAHIA ABRE INSCRI\u00c7\u00d5ES PARA CURSOS","datePublished":"2022-08-15T12:08:44+00:00","dateModified":"2022-08-15T12:08:44+00:00","mainEntityOfPage":{"@id":"https:\/\/bahiaeconomica.com.br\/wp\/2022\/08\/15\/bale-folclorico-da-bahia-abre-inscricoes-para-cursos\/"},"wordCount":307,"publisher":{"@id":"https:\/\/bahiaeconomica.com.br\/wp\/#organization"},"articleSection":["CULTURA E ARTE"],"inLanguage":"pt-BR"},{"@type":"WebPage","@id":"https:\/\/bahiaeconomica.com.br\/wp\/2022\/08\/15\/bale-folclorico-da-bahia-abre-inscricoes-para-cursos\/","url":"https:\/\/bahiaeconomica.com.br\/wp\/2022\/08\/15\/bale-folclorico-da-bahia-abre-inscricoes-para-cursos\/","name":"BAL\u00c9 FOLCL\u00d3RICO DA BAHIA ABRE INSCRI\u00c7\u00d5ES PARA CURSOS - Bahia Economica","isPartOf":{"@id":"https:\/\/bahiaeconomica.com.br\/wp\/#website"},"datePublished":"2022-08-15T12:08:44+00:00","dateModified":"2022-08-15T12:08:44+00:00","description":"O maior portal de Economia da Bahia CULTURA E ARTE Bahia Economica","breadcrumb":{"@id":"https:\/\/bahiaeconomica.com.br\/wp\/2022\/08\/15\/bale-folclorico-da-bahia-abre-inscricoes-para-cursos\/#breadcrumb"},"inLanguage":"pt-BR","potentialAction":[{"@type":"ReadAction","target":["https:\/\/bahiaeconomica.com.br\/wp\/2022\/08\/15\/bale-folclorico-da-bahia-abre-inscricoes-para-cursos\/"]}]},{"@type":"BreadcrumbList","@id":"https:\/\/bahiaeconomica.com.br\/wp\/2022\/08\/15\/bale-folclorico-da-bahia-abre-inscricoes-para-cursos\/#breadcrumb","itemListElement":[{"@type":"ListItem","position":1,"name":"In\u00edcio","item":"https:\/\/bahiaeconomica.com.br\/wp\/"},{"@type":"ListItem","position":2,"name":"BAL\u00c9 FOLCL\u00d3RICO DA BAHIA ABRE INSCRI\u00c7\u00d5ES PARA CURSOS"}]},{"@type":"WebSite","@id":"https:\/\/bahiaeconomica.com.br\/wp\/#website","url":"https:\/\/bahiaeconomica.com.br\/wp\/","name":"Bahia Economica","description":"O maior portal de Economia da Bahia","publisher":{"@id":"https:\/\/bahiaeconomica.com.br\/wp\/#organization"},"potentialAction":[{"@type":"SearchAction","target":{"@type":"EntryPoint","urlTemplate":"https:\/\/bahiaeconomica.com.br\/wp\/?s={search_term_string}"},"query-input":"required name=search_term_string"}],"inLanguage":"pt-BR"},{"@type":"Organization","@id":"https:\/\/bahiaeconomica.com.br\/wp\/#organization","name":"Bahia Econ\u00f4mica","url":"https:\/\/bahiaeconomica.com.br\/wp\/","logo":{"@type":"ImageObject","inLanguage":"pt-BR","@id":"https:\/\/bahiaeconomica.com.br\/wp\/#\/schema\/logo\/image\/","url":"https:\/\/bahiaeconomica.com.br\/wp\/wp-content\/uploads\/2020\/12\/cropped-BE.png","contentUrl":"https:\/\/bahiaeconomica.com.br\/wp\/wp-content\/uploads\/2020\/12\/cropped-BE.png","width":512,"height":512,"caption":"Bahia Econ\u00f4mica"},"image":{"@id":"https:\/\/bahiaeconomica.com.br\/wp\/#\/schema\/logo\/image\/"},"sameAs":["https:\/\/www.facebook.com\/bahiaeconomica"]},{"@type":"Person","@id":"https:\/\/bahiaeconomica.com.br\/wp\/#\/schema\/person\/cb1ab5ba96ad3d9390805381c76284ec","name":"admin","url":"https:\/\/bahiaeconomica.com.br\/wp\/author\/admin\/"}]}},"views":2,"_links":{"self":[{"href":"https:\/\/bahiaeconomica.com.br\/wp\/wp-json\/wp\/v2\/posts\/685143"}],"collection":[{"href":"https:\/\/bahiaeconomica.com.br\/wp\/wp-json\/wp\/v2\/posts"}],"about":[{"href":"https:\/\/bahiaeconomica.com.br\/wp\/wp-json\/wp\/v2\/types\/post"}],"author":[{"embeddable":true,"href":"https:\/\/bahiaeconomica.com.br\/wp\/wp-json\/wp\/v2\/users\/1"}],"replies":[{"embeddable":true,"href":"https:\/\/bahiaeconomica.com.br\/wp\/wp-json\/wp\/v2\/comments?post=685143"}],"version-history":[{"count":1,"href":"https:\/\/bahiaeconomica.com.br\/wp\/wp-json\/wp\/v2\/posts\/685143\/revisions"}],"predecessor-version":[{"id":685146,"href":"https:\/\/bahiaeconomica.com.br\/wp\/wp-json\/wp\/v2\/posts\/685143\/revisions\/685146"}],"wp:featuredmedia":[{"embeddable":true,"href":"https:\/\/bahiaeconomica.com.br\/wp\/wp-json\/wp\/v2\/media\/685145"}],"wp:attachment":[{"href":"https:\/\/bahiaeconomica.com.br\/wp\/wp-json\/wp\/v2\/media?parent=685143"}],"wp:term":[{"taxonomy":"category","embeddable":true,"href":"https:\/\/bahiaeconomica.com.br\/wp\/wp-json\/wp\/v2\/categories?post=685143"},{"taxonomy":"post_tag","embeddable":true,"href":"https:\/\/bahiaeconomica.com.br\/wp\/wp-json\/wp\/v2\/tags?post=685143"}],"curies":[{"name":"wp","href":"https:\/\/api.w.org\/{rel}","templated":true}]}}