{"id":684532,"date":"2022-08-11T16:24:38","date_gmt":"2022-08-11T19:24:38","guid":{"rendered":"https:\/\/bahiaeconomica.com.br\/wp\/beta\/?p=684532"},"modified":"2022-08-11T16:35:20","modified_gmt":"2022-08-11T19:35:20","slug":"salario-minimo-ideal-e-5x-menor-que-o-ideal-calcula-dieese","status":"publish","type":"post","link":"https:\/\/bahiaeconomica.com.br\/wp\/2022\/08\/11\/salario-minimo-ideal-e-5x-menor-que-o-ideal-calcula-dieese\/","title":{"rendered":"SAL\u00c1RIO M\u00cdNIMO \u00c9 5x MENOR QUE O IDEAL, CALCULA DIEESE"},"content":{"rendered":"<p>O sal\u00e1rio m\u00ednimo ideal para atender \u00e0s necessidades de uma fam\u00edlia de quatro pessoas deveria ter sido de R$ 6.388,55 em julho, segundo a Pesquisa Nacional <!--more-->da Cesta B\u00e1sica de Alimentos, realizada pelo Departamento Intersindical de Estat\u00edstica e Estudos Socioecon\u00f4micos (Dieese). O valor corresponde a 5,27 vezes o piso federal atual, de R$ 1.212.<\/p>\n<p>A estimativa do Dieese \u00e9 realizada mensalmente e indica qual \u00e9 o rendimento m\u00ednimo necess\u00e1rio para que um trabalhador e sua fam\u00edlia possam suprir as despesas do m\u00eas com alimenta\u00e7\u00e3o, moradia, sa\u00fade, educa\u00e7\u00e3o, vestu\u00e1rio, higiene, transporte, lazer e previd\u00eancia.<\/p>\n<p>A estimativa do valor ideal para julho tem como base os pre\u00e7os da cesta b\u00e1sica de S\u00e3o Paulo, com custo de R$ 760,45, a mais cara do m\u00eas entre as 17 capitais que s\u00e3o analisadas na pesquisa<\/p>\n<p>Segundo o Dieese, considerando o pre\u00e7o da cesta b\u00e1sica, o trabalhador que recebe um sal\u00e1rio m\u00ednimo comprometeu em m\u00e9dia 59,27% do seu rendimento l\u00edquido de julho para adquirir os produtos aliment\u00edcios b\u00e1sicos.<\/p>\n<p>Pre\u00e7os e produtos<br \/>\nO Dieese indica tamb\u00e9m que o valor da cesta b\u00e1sica diminuiu em julho em 10 das 17 capitais nas quais a pesquisa \u00e9 realizada, com as redu\u00e7\u00f5es mais expressivas ocorrendo em Natal (-3,96%), Jo\u00e3o Pessoa (-2,40%), Fortaleza (-2,37%) e S\u00e3o Paulo (-2,13%). As sete cidades que tiveram alta foram Vit\u00f3ria (1,14%), Salvador (0,98%), Bras\u00edlia (0,80%), Recife (0,70%), Campo Grande (0,62%), Belo Horizonte (0,51%) e Bel\u00e9m (0,14%).<\/p>\n<p>A cesta b\u00e1sica mais cara, como mencionado anteriormente, foi a de S\u00e3o Paulo (R$ 760,45), seguida por Florian\u00f3polis (R$ 753,73), Porto Alegre (R$ 752,84) e Rio de Janeiro (R$ 723,75).<\/p>\n<p>Entre os produtos que tiveram aumento, o Dieese destaca o leite integral e a manteiga, com alta em todas as cidades pesquisadas. O motivo, segundo o Dieese, seria a extens\u00e3o do per\u00edodo de entressafra, devido ao clima seco e \u00e0 aus\u00eancia de chuvas, somada ao aumento do custo de produ\u00e7\u00e3o e \u00e0 maior demanda pelo produto.<\/p>\n<p>O p\u00e3o franc\u00eas tamb\u00e9m subiu em todas as cidades, exceto em Aracaju (-0,57%), enquanto a farinha de trigo, coletada no Centro-Sul, teve alta no pre\u00e7o em oito das 10 capitais onde \u00e9 pesquisada. O Dieese aponta que, apesar da queda no mercado internacional, internamente as cota\u00e7\u00f5es do trigo e da farinha seguiram em alto patamar, consequ\u00eancia da baixa oferta e da taxa de c\u00e2mbio desvalorizada.<\/p>\n<p>A banana (prata e nanica\/caturra) aumentou em 15 das 17 capitais e, em 12 meses, a fruta apresentou alta de at\u00e9 70,24% em Belo Horizonte. A raz\u00e3o seria a menor oferta, diante de uma demanda firme dos consumidores.<\/p>\n<p>J\u00e1 entre os produtos que apresentaram redu\u00e7\u00e3o, a batata teve queda em todas as cidades na regi\u00e3o Centro-Sul, onde o produto \u00e9 pesquisado, devido \u00e0 normaliza\u00e7\u00e3o da oferta. Em 12 meses, por\u00e9m, as cidades apresentaram aumento, como em S\u00e3o Paulo, onde a batata dobrou de pre\u00e7o.<\/p>\n<p>O tomate tamb\u00e9m teve redu\u00e7\u00e3o de pre\u00e7o em todas as capitais, com um aumento da oferta. E o pre\u00e7o do \u00f3leo de soja tamb\u00e9m teve queda em todas as cidades, exceto em Vit\u00f3ria (0,49%). Em 12 meses, por\u00e9m, o produto subiu em todas as cidades, com percentuais que variaram entre 17,75%, em Belo Horizonte, e 62,24%, em Curitiba.<\/p>\n<p>Para o Dieese, apesar de os pre\u00e7os internacionais da soja ca\u00edrem, por conta da menor demanda dos EUA e da China, no Brasil, a menor demanda devido ao alto pre\u00e7o explica a redu\u00e7\u00e3o no valor m\u00e9dio do produto.<\/p>\n<p>&nbsp;<\/p>\n<p>&nbsp;<\/p>\n<p>&nbsp;<\/p>\n","protected":false},"excerpt":{"rendered":"<p>O sal\u00e1rio m\u00ednimo ideal para atender \u00e0s necessidades de uma fam\u00edlia de quatro pessoas deveria ter sido de R$ 6.388,55 em julho, segundo a Pesquisa Nacional<\/p>\n","protected":false},"author":1,"featured_media":489353,"comment_status":"closed","ping_status":"closed","sticky":false,"template":"","format":"standard","meta":[],"categories":[14,3],"tags":[],"acf":[],"yoast_head":"<!-- This site is optimized with the Yoast SEO plugin v20.8 - https:\/\/yoast.com\/wordpress\/plugins\/seo\/ -->\n<title>SAL\u00c1RIO M\u00cdNIMO \u00c9 5x MENOR QUE O IDEAL, CALCULA DIEESE - Bahia Economica<\/title>\n<meta name=\"description\" content=\"O maior portal de Economia da Bahia DESTAQUE DO DIA, ECONOMIA \/ POL\u00cdTICA Bahia Economica\" \/>\n<meta name=\"robots\" content=\"index, follow, max-snippet:-1, max-image-preview:large, max-video-preview:-1\" \/>\n<link rel=\"canonical\" href=\"https:\/\/bahiaeconomica.com.br\/wp\/2022\/08\/11\/salario-minimo-ideal-e-5x-menor-que-o-ideal-calcula-dieese\/\" \/>\n<meta property=\"og:locale\" content=\"pt_BR\" \/>\n<meta property=\"og:type\" content=\"article\" \/>\n<meta property=\"og:title\" content=\"SAL\u00c1RIO M\u00cdNIMO \u00c9 5x MENOR QUE O IDEAL, CALCULA DIEESE - Bahia Economica\" \/>\n<meta property=\"og:description\" content=\"O maior portal de Economia da Bahia DESTAQUE DO DIA, ECONOMIA \/ POL\u00cdTICA Bahia Economica\" \/>\n<meta property=\"og:url\" content=\"https:\/\/bahiaeconomica.com.br\/wp\/2022\/08\/11\/salario-minimo-ideal-e-5x-menor-que-o-ideal-calcula-dieese\/\" \/>\n<meta property=\"og:site_name\" content=\"Bahia Economica\" \/>\n<meta property=\"article:publisher\" content=\"https:\/\/www.facebook.com\/bahiaeconomica\" \/>\n<meta property=\"article:published_time\" content=\"2022-08-11T19:24:38+00:00\" \/>\n<meta property=\"article:modified_time\" content=\"2022-08-11T19:35:20+00:00\" \/>\n<meta property=\"og:image\" content=\"https:\/\/bahiaeconomica.com.br\/wp\/wp-content\/uploads\/2020\/08\/salario-1.jpg\" \/>\n\t<meta property=\"og:image:width\" content=\"360\" \/>\n\t<meta property=\"og:image:height\" content=\"220\" \/>\n\t<meta property=\"og:image:type\" content=\"image\/jpeg\" \/>\n<meta name=\"author\" content=\"admin\" \/>\n<meta name=\"twitter:card\" content=\"summary_large_image\" \/>\n<meta name=\"twitter:label1\" content=\"Escrito por\" \/>\n\t<meta name=\"twitter:data1\" content=\"admin\" \/>\n\t<meta name=\"twitter:label2\" content=\"Est. tempo de leitura\" \/>\n\t<meta name=\"twitter:data2\" content=\"3 minutos\" \/>\n<script type=\"application\/ld+json\" class=\"yoast-schema-graph\">{\"@context\":\"https:\/\/schema.org\",\"@graph\":[{\"@type\":\"Article\",\"@id\":\"https:\/\/bahiaeconomica.com.br\/wp\/2022\/08\/11\/salario-minimo-ideal-e-5x-menor-que-o-ideal-calcula-dieese\/#article\",\"isPartOf\":{\"@id\":\"https:\/\/bahiaeconomica.com.br\/wp\/2022\/08\/11\/salario-minimo-ideal-e-5x-menor-que-o-ideal-calcula-dieese\/\"},\"author\":{\"name\":\"admin\",\"@id\":\"https:\/\/bahiaeconomica.com.br\/wp\/#\/schema\/person\/cb1ab5ba96ad3d9390805381c76284ec\"},\"headline\":\"SAL\u00c1RIO M\u00cdNIMO \u00c9 5x MENOR QUE O IDEAL, CALCULA DIEESE\",\"datePublished\":\"2022-08-11T19:24:38+00:00\",\"dateModified\":\"2022-08-11T19:35:20+00:00\",\"mainEntityOfPage\":{\"@id\":\"https:\/\/bahiaeconomica.com.br\/wp\/2022\/08\/11\/salario-minimo-ideal-e-5x-menor-que-o-ideal-calcula-dieese\/\"},\"wordCount\":610,\"publisher\":{\"@id\":\"https:\/\/bahiaeconomica.com.br\/wp\/#organization\"},\"articleSection\":[\"DESTAQUE DO DIA\",\"ECONOMIA \/ POL\u00cdTICA\"],\"inLanguage\":\"pt-BR\"},{\"@type\":\"WebPage\",\"@id\":\"https:\/\/bahiaeconomica.com.br\/wp\/2022\/08\/11\/salario-minimo-ideal-e-5x-menor-que-o-ideal-calcula-dieese\/\",\"url\":\"https:\/\/bahiaeconomica.com.br\/wp\/2022\/08\/11\/salario-minimo-ideal-e-5x-menor-que-o-ideal-calcula-dieese\/\",\"name\":\"SAL\u00c1RIO M\u00cdNIMO \u00c9 5x MENOR QUE O IDEAL, CALCULA DIEESE - Bahia Economica\",\"isPartOf\":{\"@id\":\"https:\/\/bahiaeconomica.com.br\/wp\/#website\"},\"datePublished\":\"2022-08-11T19:24:38+00:00\",\"dateModified\":\"2022-08-11T19:35:20+00:00\",\"description\":\"O maior portal de Economia da Bahia DESTAQUE DO DIA, ECONOMIA \/ POL\u00cdTICA Bahia Economica\",\"breadcrumb\":{\"@id\":\"https:\/\/bahiaeconomica.com.br\/wp\/2022\/08\/11\/salario-minimo-ideal-e-5x-menor-que-o-ideal-calcula-dieese\/#breadcrumb\"},\"inLanguage\":\"pt-BR\",\"potentialAction\":[{\"@type\":\"ReadAction\",\"target\":[\"https:\/\/bahiaeconomica.com.br\/wp\/2022\/08\/11\/salario-minimo-ideal-e-5x-menor-que-o-ideal-calcula-dieese\/\"]}]},{\"@type\":\"BreadcrumbList\",\"@id\":\"https:\/\/bahiaeconomica.com.br\/wp\/2022\/08\/11\/salario-minimo-ideal-e-5x-menor-que-o-ideal-calcula-dieese\/#breadcrumb\",\"itemListElement\":[{\"@type\":\"ListItem\",\"position\":1,\"name\":\"In\u00edcio\",\"item\":\"https:\/\/bahiaeconomica.com.br\/wp\/\"},{\"@type\":\"ListItem\",\"position\":2,\"name\":\"SAL\u00c1RIO M\u00cdNIMO \u00c9 5x MENOR QUE O IDEAL, CALCULA DIEESE\"}]},{\"@type\":\"WebSite\",\"@id\":\"https:\/\/bahiaeconomica.com.br\/wp\/#website\",\"url\":\"https:\/\/bahiaeconomica.com.br\/wp\/\",\"name\":\"Bahia Economica\",\"description\":\"O maior portal de Economia da Bahia\",\"publisher\":{\"@id\":\"https:\/\/bahiaeconomica.com.br\/wp\/#organization\"},\"potentialAction\":[{\"@type\":\"SearchAction\",\"target\":{\"@type\":\"EntryPoint\",\"urlTemplate\":\"https:\/\/bahiaeconomica.com.br\/wp\/?s={search_term_string}\"},\"query-input\":\"required name=search_term_string\"}],\"inLanguage\":\"pt-BR\"},{\"@type\":\"Organization\",\"@id\":\"https:\/\/bahiaeconomica.com.br\/wp\/#organization\",\"name\":\"Bahia Econ\u00f4mica\",\"url\":\"https:\/\/bahiaeconomica.com.br\/wp\/\",\"logo\":{\"@type\":\"ImageObject\",\"inLanguage\":\"pt-BR\",\"@id\":\"https:\/\/bahiaeconomica.com.br\/wp\/#\/schema\/logo\/image\/\",\"url\":\"https:\/\/bahiaeconomica.com.br\/wp\/wp-content\/uploads\/2020\/12\/cropped-BE.png\",\"contentUrl\":\"https:\/\/bahiaeconomica.com.br\/wp\/wp-content\/uploads\/2020\/12\/cropped-BE.png\",\"width\":512,\"height\":512,\"caption\":\"Bahia Econ\u00f4mica\"},\"image\":{\"@id\":\"https:\/\/bahiaeconomica.com.br\/wp\/#\/schema\/logo\/image\/\"},\"sameAs\":[\"https:\/\/www.facebook.com\/bahiaeconomica\"]},{\"@type\":\"Person\",\"@id\":\"https:\/\/bahiaeconomica.com.br\/wp\/#\/schema\/person\/cb1ab5ba96ad3d9390805381c76284ec\",\"name\":\"admin\",\"url\":\"https:\/\/bahiaeconomica.com.br\/wp\/author\/admin\/\"}]}<\/script>\n<!-- \/ Yoast SEO plugin. -->","yoast_head_json":{"title":"SAL\u00c1RIO M\u00cdNIMO \u00c9 5x MENOR QUE O IDEAL, CALCULA DIEESE - Bahia Economica","description":"O maior portal de Economia da Bahia DESTAQUE DO DIA, ECONOMIA \/ POL\u00cdTICA Bahia Economica","robots":{"index":"index","follow":"follow","max-snippet":"max-snippet:-1","max-image-preview":"max-image-preview:large","max-video-preview":"max-video-preview:-1"},"canonical":"https:\/\/bahiaeconomica.com.br\/wp\/2022\/08\/11\/salario-minimo-ideal-e-5x-menor-que-o-ideal-calcula-dieese\/","og_locale":"pt_BR","og_type":"article","og_title":"SAL\u00c1RIO M\u00cdNIMO \u00c9 5x MENOR QUE O IDEAL, CALCULA DIEESE - Bahia Economica","og_description":"O maior portal de Economia da Bahia DESTAQUE DO DIA, ECONOMIA \/ POL\u00cdTICA Bahia Economica","og_url":"https:\/\/bahiaeconomica.com.br\/wp\/2022\/08\/11\/salario-minimo-ideal-e-5x-menor-que-o-ideal-calcula-dieese\/","og_site_name":"Bahia Economica","article_publisher":"https:\/\/www.facebook.com\/bahiaeconomica","article_published_time":"2022-08-11T19:24:38+00:00","article_modified_time":"2022-08-11T19:35:20+00:00","og_image":[{"width":360,"height":220,"url":"https:\/\/bahiaeconomica.com.br\/wp\/wp-content\/uploads\/2020\/08\/salario-1.jpg","type":"image\/jpeg"}],"author":"admin","twitter_card":"summary_large_image","twitter_misc":{"Escrito por":"admin","Est. tempo de leitura":"3 minutos"},"schema":{"@context":"https:\/\/schema.org","@graph":[{"@type":"Article","@id":"https:\/\/bahiaeconomica.com.br\/wp\/2022\/08\/11\/salario-minimo-ideal-e-5x-menor-que-o-ideal-calcula-dieese\/#article","isPartOf":{"@id":"https:\/\/bahiaeconomica.com.br\/wp\/2022\/08\/11\/salario-minimo-ideal-e-5x-menor-que-o-ideal-calcula-dieese\/"},"author":{"name":"admin","@id":"https:\/\/bahiaeconomica.com.br\/wp\/#\/schema\/person\/cb1ab5ba96ad3d9390805381c76284ec"},"headline":"SAL\u00c1RIO M\u00cdNIMO \u00c9 5x MENOR QUE O IDEAL, CALCULA DIEESE","datePublished":"2022-08-11T19:24:38+00:00","dateModified":"2022-08-11T19:35:20+00:00","mainEntityOfPage":{"@id":"https:\/\/bahiaeconomica.com.br\/wp\/2022\/08\/11\/salario-minimo-ideal-e-5x-menor-que-o-ideal-calcula-dieese\/"},"wordCount":610,"publisher":{"@id":"https:\/\/bahiaeconomica.com.br\/wp\/#organization"},"articleSection":["DESTAQUE DO DIA","ECONOMIA \/ POL\u00cdTICA"],"inLanguage":"pt-BR"},{"@type":"WebPage","@id":"https:\/\/bahiaeconomica.com.br\/wp\/2022\/08\/11\/salario-minimo-ideal-e-5x-menor-que-o-ideal-calcula-dieese\/","url":"https:\/\/bahiaeconomica.com.br\/wp\/2022\/08\/11\/salario-minimo-ideal-e-5x-menor-que-o-ideal-calcula-dieese\/","name":"SAL\u00c1RIO M\u00cdNIMO \u00c9 5x MENOR QUE O IDEAL, CALCULA DIEESE - Bahia Economica","isPartOf":{"@id":"https:\/\/bahiaeconomica.com.br\/wp\/#website"},"datePublished":"2022-08-11T19:24:38+00:00","dateModified":"2022-08-11T19:35:20+00:00","description":"O maior portal de Economia da Bahia DESTAQUE DO DIA, ECONOMIA \/ POL\u00cdTICA Bahia Economica","breadcrumb":{"@id":"https:\/\/bahiaeconomica.com.br\/wp\/2022\/08\/11\/salario-minimo-ideal-e-5x-menor-que-o-ideal-calcula-dieese\/#breadcrumb"},"inLanguage":"pt-BR","potentialAction":[{"@type":"ReadAction","target":["https:\/\/bahiaeconomica.com.br\/wp\/2022\/08\/11\/salario-minimo-ideal-e-5x-menor-que-o-ideal-calcula-dieese\/"]}]},{"@type":"BreadcrumbList","@id":"https:\/\/bahiaeconomica.com.br\/wp\/2022\/08\/11\/salario-minimo-ideal-e-5x-menor-que-o-ideal-calcula-dieese\/#breadcrumb","itemListElement":[{"@type":"ListItem","position":1,"name":"In\u00edcio","item":"https:\/\/bahiaeconomica.com.br\/wp\/"},{"@type":"ListItem","position":2,"name":"SAL\u00c1RIO M\u00cdNIMO \u00c9 5x MENOR QUE O IDEAL, CALCULA DIEESE"}]},{"@type":"WebSite","@id":"https:\/\/bahiaeconomica.com.br\/wp\/#website","url":"https:\/\/bahiaeconomica.com.br\/wp\/","name":"Bahia Economica","description":"O maior portal de Economia da Bahia","publisher":{"@id":"https:\/\/bahiaeconomica.com.br\/wp\/#organization"},"potentialAction":[{"@type":"SearchAction","target":{"@type":"EntryPoint","urlTemplate":"https:\/\/bahiaeconomica.com.br\/wp\/?s={search_term_string}"},"query-input":"required name=search_term_string"}],"inLanguage":"pt-BR"},{"@type":"Organization","@id":"https:\/\/bahiaeconomica.com.br\/wp\/#organization","name":"Bahia Econ\u00f4mica","url":"https:\/\/bahiaeconomica.com.br\/wp\/","logo":{"@type":"ImageObject","inLanguage":"pt-BR","@id":"https:\/\/bahiaeconomica.com.br\/wp\/#\/schema\/logo\/image\/","url":"https:\/\/bahiaeconomica.com.br\/wp\/wp-content\/uploads\/2020\/12\/cropped-BE.png","contentUrl":"https:\/\/bahiaeconomica.com.br\/wp\/wp-content\/uploads\/2020\/12\/cropped-BE.png","width":512,"height":512,"caption":"Bahia Econ\u00f4mica"},"image":{"@id":"https:\/\/bahiaeconomica.com.br\/wp\/#\/schema\/logo\/image\/"},"sameAs":["https:\/\/www.facebook.com\/bahiaeconomica"]},{"@type":"Person","@id":"https:\/\/bahiaeconomica.com.br\/wp\/#\/schema\/person\/cb1ab5ba96ad3d9390805381c76284ec","name":"admin","url":"https:\/\/bahiaeconomica.com.br\/wp\/author\/admin\/"}]}},"views":4,"_links":{"self":[{"href":"https:\/\/bahiaeconomica.com.br\/wp\/wp-json\/wp\/v2\/posts\/684532"}],"collection":[{"href":"https:\/\/bahiaeconomica.com.br\/wp\/wp-json\/wp\/v2\/posts"}],"about":[{"href":"https:\/\/bahiaeconomica.com.br\/wp\/wp-json\/wp\/v2\/types\/post"}],"author":[{"embeddable":true,"href":"https:\/\/bahiaeconomica.com.br\/wp\/wp-json\/wp\/v2\/users\/1"}],"replies":[{"embeddable":true,"href":"https:\/\/bahiaeconomica.com.br\/wp\/wp-json\/wp\/v2\/comments?post=684532"}],"version-history":[{"count":2,"href":"https:\/\/bahiaeconomica.com.br\/wp\/wp-json\/wp\/v2\/posts\/684532\/revisions"}],"predecessor-version":[{"id":684542,"href":"https:\/\/bahiaeconomica.com.br\/wp\/wp-json\/wp\/v2\/posts\/684532\/revisions\/684542"}],"wp:featuredmedia":[{"embeddable":true,"href":"https:\/\/bahiaeconomica.com.br\/wp\/wp-json\/wp\/v2\/media\/489353"}],"wp:attachment":[{"href":"https:\/\/bahiaeconomica.com.br\/wp\/wp-json\/wp\/v2\/media?parent=684532"}],"wp:term":[{"taxonomy":"category","embeddable":true,"href":"https:\/\/bahiaeconomica.com.br\/wp\/wp-json\/wp\/v2\/categories?post=684532"},{"taxonomy":"post_tag","embeddable":true,"href":"https:\/\/bahiaeconomica.com.br\/wp\/wp-json\/wp\/v2\/tags?post=684532"}],"curies":[{"name":"wp","href":"https:\/\/api.w.org\/{rel}","templated":true}]}}