{"id":682927,"date":"2022-08-05T07:43:43","date_gmt":"2022-08-05T10:43:43","guid":{"rendered":"https:\/\/bahiaeconomica.com.br\/wp\/beta\/?p=682927"},"modified":"2022-08-05T08:33:02","modified_gmt":"2022-08-05T11:33:02","slug":"mexico-passara-a-exigir-visto-impresso-no-passaporte-de-brasileiros","status":"publish","type":"post","link":"https:\/\/bahiaeconomica.com.br\/wp\/2022\/08\/05\/mexico-passara-a-exigir-visto-impresso-no-passaporte-de-brasileiros\/","title":{"rendered":"M\u00c9XICO PASSAR\u00c1 A EXIGIR VISTO IMPRESSO NO PASSAPORTE"},"content":{"rendered":"<p>Brasileiros que quiserem ir ao M\u00e9xico precisar\u00e3o, a partir do dia 18 de agosto, apresentar visto f\u00edsico, impresso no passaporte, para entrar no pa\u00eds. Atualmente, basta uma autoriza\u00e7\u00e3o<!--more--> eletr\u00f4nica emitida no site do Instituto Nacional de Migra\u00e7\u00e3o do M\u00e9xico. A medida foi anunciada pela Secretaria das Rela\u00e7\u00f5es Exteriores (SRE) daquele pa\u00eds. Para solicitar o visto, os brasileiros dever\u00e3o fazer um agendamento no site da SRE. Com o n\u00famero do agendamento, ser\u00e1 necess\u00e1rio ir ao consulado mexicano selecionado no ato do agendamento e apresentar a documenta\u00e7\u00e3o solicitada. Os brasileiros tamb\u00e9m dever\u00e3o cumprir os requisitos publicados nas p\u00e1ginas eletr\u00f4nicas de qualquer uma das representa\u00e7\u00f5es consulares mexicanas. \u201cEssas a\u00e7\u00f5es buscam fortalecer a migra\u00e7\u00e3o segura, ordenada e regular e erradicar as campanhas de desinforma\u00e7\u00e3o que lucram com os migrantes\u201d, afirmou o governo mexicano, em nota.<\/p>\n<p>Foto: PF\/Divulga\u00e7\u00e3o<\/p>\n","protected":false},"excerpt":{"rendered":"<p>Brasileiros que quiserem ir ao M\u00e9xico precisar\u00e3o, a partir do dia 18 de agosto, apresentar visto f\u00edsico, impresso no passaporte, para entrar no pa\u00eds. Atualmente, basta uma autoriza\u00e7\u00e3o<\/p>\n","protected":false},"author":1,"featured_media":435295,"comment_status":"closed","ping_status":"closed","sticky":false,"template":"","format":"standard","meta":[],"categories":[14,3],"tags":[],"acf":[],"yoast_head":"<!-- This site is optimized with the Yoast SEO plugin v20.8 - https:\/\/yoast.com\/wordpress\/plugins\/seo\/ -->\n<title>M\u00c9XICO PASSAR\u00c1 A EXIGIR VISTO IMPRESSO NO PASSAPORTE - Bahia Economica<\/title>\n<meta name=\"description\" content=\"O maior portal de Economia da Bahia DESTAQUE DO DIA, ECONOMIA \/ POL\u00cdTICA Bahia Economica\" \/>\n<meta name=\"robots\" content=\"index, follow, max-snippet:-1, max-image-preview:large, max-video-preview:-1\" \/>\n<link rel=\"canonical\" href=\"https:\/\/bahiaeconomica.com.br\/wp\/2022\/08\/05\/mexico-passara-a-exigir-visto-impresso-no-passaporte-de-brasileiros\/\" \/>\n<meta property=\"og:locale\" content=\"pt_BR\" \/>\n<meta property=\"og:type\" content=\"article\" \/>\n<meta property=\"og:title\" content=\"M\u00c9XICO PASSAR\u00c1 A EXIGIR VISTO IMPRESSO NO PASSAPORTE - Bahia Economica\" \/>\n<meta property=\"og:description\" content=\"O maior portal de Economia da Bahia DESTAQUE DO DIA, ECONOMIA \/ POL\u00cdTICA Bahia Economica\" \/>\n<meta property=\"og:url\" content=\"https:\/\/bahiaeconomica.com.br\/wp\/2022\/08\/05\/mexico-passara-a-exigir-visto-impresso-no-passaporte-de-brasileiros\/\" \/>\n<meta property=\"og:site_name\" content=\"Bahia Economica\" \/>\n<meta property=\"article:publisher\" content=\"https:\/\/www.facebook.com\/bahiaeconomica\" \/>\n<meta property=\"article:published_time\" content=\"2022-08-05T10:43:43+00:00\" \/>\n<meta property=\"article:modified_time\" content=\"2022-08-05T11:33:02+00:00\" \/>\n<meta property=\"og:image\" content=\"https:\/\/bahiaeconomica.com.br\/wp\/wp-content\/uploads\/2020\/01\/marcelo_camargo-agencia_brasil_-2-e1579028278959.jpg\" \/>\n\t<meta property=\"og:image:width\" content=\"500\" \/>\n\t<meta property=\"og:image:height\" content=\"333\" \/>\n\t<meta property=\"og:image:type\" content=\"image\/jpeg\" \/>\n<meta name=\"author\" content=\"admin\" \/>\n<meta name=\"twitter:card\" content=\"summary_large_image\" \/>\n<meta name=\"twitter:label1\" content=\"Escrito por\" \/>\n\t<meta name=\"twitter:data1\" content=\"admin\" \/>\n\t<meta name=\"twitter:label2\" content=\"Est. tempo de leitura\" \/>\n\t<meta name=\"twitter:data2\" content=\"1 minuto\" \/>\n<script type=\"application\/ld+json\" class=\"yoast-schema-graph\">{\"@context\":\"https:\/\/schema.org\",\"@graph\":[{\"@type\":\"Article\",\"@id\":\"https:\/\/bahiaeconomica.com.br\/wp\/2022\/08\/05\/mexico-passara-a-exigir-visto-impresso-no-passaporte-de-brasileiros\/#article\",\"isPartOf\":{\"@id\":\"https:\/\/bahiaeconomica.com.br\/wp\/2022\/08\/05\/mexico-passara-a-exigir-visto-impresso-no-passaporte-de-brasileiros\/\"},\"author\":{\"name\":\"admin\",\"@id\":\"https:\/\/bahiaeconomica.com.br\/wp\/#\/schema\/person\/cb1ab5ba96ad3d9390805381c76284ec\"},\"headline\":\"M\u00c9XICO PASSAR\u00c1 A EXIGIR VISTO IMPRESSO NO PASSAPORTE\",\"datePublished\":\"2022-08-05T10:43:43+00:00\",\"dateModified\":\"2022-08-05T11:33:02+00:00\",\"mainEntityOfPage\":{\"@id\":\"https:\/\/bahiaeconomica.com.br\/wp\/2022\/08\/05\/mexico-passara-a-exigir-visto-impresso-no-passaporte-de-brasileiros\/\"},\"wordCount\":165,\"publisher\":{\"@id\":\"https:\/\/bahiaeconomica.com.br\/wp\/#organization\"},\"articleSection\":[\"DESTAQUE DO DIA\",\"ECONOMIA \/ POL\u00cdTICA\"],\"inLanguage\":\"pt-BR\"},{\"@type\":\"WebPage\",\"@id\":\"https:\/\/bahiaeconomica.com.br\/wp\/2022\/08\/05\/mexico-passara-a-exigir-visto-impresso-no-passaporte-de-brasileiros\/\",\"url\":\"https:\/\/bahiaeconomica.com.br\/wp\/2022\/08\/05\/mexico-passara-a-exigir-visto-impresso-no-passaporte-de-brasileiros\/\",\"name\":\"M\u00c9XICO PASSAR\u00c1 A EXIGIR VISTO IMPRESSO NO PASSAPORTE - Bahia Economica\",\"isPartOf\":{\"@id\":\"https:\/\/bahiaeconomica.com.br\/wp\/#website\"},\"datePublished\":\"2022-08-05T10:43:43+00:00\",\"dateModified\":\"2022-08-05T11:33:02+00:00\",\"description\":\"O maior portal de Economia da Bahia DESTAQUE DO DIA, ECONOMIA \/ POL\u00cdTICA Bahia Economica\",\"breadcrumb\":{\"@id\":\"https:\/\/bahiaeconomica.com.br\/wp\/2022\/08\/05\/mexico-passara-a-exigir-visto-impresso-no-passaporte-de-brasileiros\/#breadcrumb\"},\"inLanguage\":\"pt-BR\",\"potentialAction\":[{\"@type\":\"ReadAction\",\"target\":[\"https:\/\/bahiaeconomica.com.br\/wp\/2022\/08\/05\/mexico-passara-a-exigir-visto-impresso-no-passaporte-de-brasileiros\/\"]}]},{\"@type\":\"BreadcrumbList\",\"@id\":\"https:\/\/bahiaeconomica.com.br\/wp\/2022\/08\/05\/mexico-passara-a-exigir-visto-impresso-no-passaporte-de-brasileiros\/#breadcrumb\",\"itemListElement\":[{\"@type\":\"ListItem\",\"position\":1,\"name\":\"In\u00edcio\",\"item\":\"https:\/\/bahiaeconomica.com.br\/wp\/\"},{\"@type\":\"ListItem\",\"position\":2,\"name\":\"M\u00c9XICO PASSAR\u00c1 A EXIGIR VISTO IMPRESSO NO PASSAPORTE\"}]},{\"@type\":\"WebSite\",\"@id\":\"https:\/\/bahiaeconomica.com.br\/wp\/#website\",\"url\":\"https:\/\/bahiaeconomica.com.br\/wp\/\",\"name\":\"Bahia Economica\",\"description\":\"O maior portal de Economia da Bahia\",\"publisher\":{\"@id\":\"https:\/\/bahiaeconomica.com.br\/wp\/#organization\"},\"potentialAction\":[{\"@type\":\"SearchAction\",\"target\":{\"@type\":\"EntryPoint\",\"urlTemplate\":\"https:\/\/bahiaeconomica.com.br\/wp\/?s={search_term_string}\"},\"query-input\":\"required name=search_term_string\"}],\"inLanguage\":\"pt-BR\"},{\"@type\":\"Organization\",\"@id\":\"https:\/\/bahiaeconomica.com.br\/wp\/#organization\",\"name\":\"Bahia Econ\u00f4mica\",\"url\":\"https:\/\/bahiaeconomica.com.br\/wp\/\",\"logo\":{\"@type\":\"ImageObject\",\"inLanguage\":\"pt-BR\",\"@id\":\"https:\/\/bahiaeconomica.com.br\/wp\/#\/schema\/logo\/image\/\",\"url\":\"https:\/\/bahiaeconomica.com.br\/wp\/wp-content\/uploads\/2020\/12\/cropped-BE.png\",\"contentUrl\":\"https:\/\/bahiaeconomica.com.br\/wp\/wp-content\/uploads\/2020\/12\/cropped-BE.png\",\"width\":512,\"height\":512,\"caption\":\"Bahia Econ\u00f4mica\"},\"image\":{\"@id\":\"https:\/\/bahiaeconomica.com.br\/wp\/#\/schema\/logo\/image\/\"},\"sameAs\":[\"https:\/\/www.facebook.com\/bahiaeconomica\"]},{\"@type\":\"Person\",\"@id\":\"https:\/\/bahiaeconomica.com.br\/wp\/#\/schema\/person\/cb1ab5ba96ad3d9390805381c76284ec\",\"name\":\"admin\",\"url\":\"https:\/\/bahiaeconomica.com.br\/wp\/author\/admin\/\"}]}<\/script>\n<!-- \/ Yoast SEO plugin. -->","yoast_head_json":{"title":"M\u00c9XICO PASSAR\u00c1 A EXIGIR VISTO IMPRESSO NO PASSAPORTE - Bahia Economica","description":"O maior portal de Economia da Bahia DESTAQUE DO DIA, ECONOMIA \/ POL\u00cdTICA Bahia Economica","robots":{"index":"index","follow":"follow","max-snippet":"max-snippet:-1","max-image-preview":"max-image-preview:large","max-video-preview":"max-video-preview:-1"},"canonical":"https:\/\/bahiaeconomica.com.br\/wp\/2022\/08\/05\/mexico-passara-a-exigir-visto-impresso-no-passaporte-de-brasileiros\/","og_locale":"pt_BR","og_type":"article","og_title":"M\u00c9XICO PASSAR\u00c1 A EXIGIR VISTO IMPRESSO NO PASSAPORTE - Bahia Economica","og_description":"O maior portal de Economia da Bahia DESTAQUE DO DIA, ECONOMIA \/ POL\u00cdTICA Bahia Economica","og_url":"https:\/\/bahiaeconomica.com.br\/wp\/2022\/08\/05\/mexico-passara-a-exigir-visto-impresso-no-passaporte-de-brasileiros\/","og_site_name":"Bahia Economica","article_publisher":"https:\/\/www.facebook.com\/bahiaeconomica","article_published_time":"2022-08-05T10:43:43+00:00","article_modified_time":"2022-08-05T11:33:02+00:00","og_image":[{"width":500,"height":333,"url":"https:\/\/bahiaeconomica.com.br\/wp\/wp-content\/uploads\/2020\/01\/marcelo_camargo-agencia_brasil_-2-e1579028278959.jpg","type":"image\/jpeg"}],"author":"admin","twitter_card":"summary_large_image","twitter_misc":{"Escrito por":"admin","Est. tempo de leitura":"1 minuto"},"schema":{"@context":"https:\/\/schema.org","@graph":[{"@type":"Article","@id":"https:\/\/bahiaeconomica.com.br\/wp\/2022\/08\/05\/mexico-passara-a-exigir-visto-impresso-no-passaporte-de-brasileiros\/#article","isPartOf":{"@id":"https:\/\/bahiaeconomica.com.br\/wp\/2022\/08\/05\/mexico-passara-a-exigir-visto-impresso-no-passaporte-de-brasileiros\/"},"author":{"name":"admin","@id":"https:\/\/bahiaeconomica.com.br\/wp\/#\/schema\/person\/cb1ab5ba96ad3d9390805381c76284ec"},"headline":"M\u00c9XICO PASSAR\u00c1 A EXIGIR VISTO IMPRESSO NO PASSAPORTE","datePublished":"2022-08-05T10:43:43+00:00","dateModified":"2022-08-05T11:33:02+00:00","mainEntityOfPage":{"@id":"https:\/\/bahiaeconomica.com.br\/wp\/2022\/08\/05\/mexico-passara-a-exigir-visto-impresso-no-passaporte-de-brasileiros\/"},"wordCount":165,"publisher":{"@id":"https:\/\/bahiaeconomica.com.br\/wp\/#organization"},"articleSection":["DESTAQUE DO DIA","ECONOMIA \/ POL\u00cdTICA"],"inLanguage":"pt-BR"},{"@type":"WebPage","@id":"https:\/\/bahiaeconomica.com.br\/wp\/2022\/08\/05\/mexico-passara-a-exigir-visto-impresso-no-passaporte-de-brasileiros\/","url":"https:\/\/bahiaeconomica.com.br\/wp\/2022\/08\/05\/mexico-passara-a-exigir-visto-impresso-no-passaporte-de-brasileiros\/","name":"M\u00c9XICO PASSAR\u00c1 A EXIGIR VISTO IMPRESSO NO PASSAPORTE - Bahia Economica","isPartOf":{"@id":"https:\/\/bahiaeconomica.com.br\/wp\/#website"},"datePublished":"2022-08-05T10:43:43+00:00","dateModified":"2022-08-05T11:33:02+00:00","description":"O maior portal de Economia da Bahia DESTAQUE DO DIA, ECONOMIA \/ POL\u00cdTICA Bahia Economica","breadcrumb":{"@id":"https:\/\/bahiaeconomica.com.br\/wp\/2022\/08\/05\/mexico-passara-a-exigir-visto-impresso-no-passaporte-de-brasileiros\/#breadcrumb"},"inLanguage":"pt-BR","potentialAction":[{"@type":"ReadAction","target":["https:\/\/bahiaeconomica.com.br\/wp\/2022\/08\/05\/mexico-passara-a-exigir-visto-impresso-no-passaporte-de-brasileiros\/"]}]},{"@type":"BreadcrumbList","@id":"https:\/\/bahiaeconomica.com.br\/wp\/2022\/08\/05\/mexico-passara-a-exigir-visto-impresso-no-passaporte-de-brasileiros\/#breadcrumb","itemListElement":[{"@type":"ListItem","position":1,"name":"In\u00edcio","item":"https:\/\/bahiaeconomica.com.br\/wp\/"},{"@type":"ListItem","position":2,"name":"M\u00c9XICO PASSAR\u00c1 A EXIGIR VISTO IMPRESSO NO PASSAPORTE"}]},{"@type":"WebSite","@id":"https:\/\/bahiaeconomica.com.br\/wp\/#website","url":"https:\/\/bahiaeconomica.com.br\/wp\/","name":"Bahia Economica","description":"O maior portal de Economia da Bahia","publisher":{"@id":"https:\/\/bahiaeconomica.com.br\/wp\/#organization"},"potentialAction":[{"@type":"SearchAction","target":{"@type":"EntryPoint","urlTemplate":"https:\/\/bahiaeconomica.com.br\/wp\/?s={search_term_string}"},"query-input":"required name=search_term_string"}],"inLanguage":"pt-BR"},{"@type":"Organization","@id":"https:\/\/bahiaeconomica.com.br\/wp\/#organization","name":"Bahia Econ\u00f4mica","url":"https:\/\/bahiaeconomica.com.br\/wp\/","logo":{"@type":"ImageObject","inLanguage":"pt-BR","@id":"https:\/\/bahiaeconomica.com.br\/wp\/#\/schema\/logo\/image\/","url":"https:\/\/bahiaeconomica.com.br\/wp\/wp-content\/uploads\/2020\/12\/cropped-BE.png","contentUrl":"https:\/\/bahiaeconomica.com.br\/wp\/wp-content\/uploads\/2020\/12\/cropped-BE.png","width":512,"height":512,"caption":"Bahia Econ\u00f4mica"},"image":{"@id":"https:\/\/bahiaeconomica.com.br\/wp\/#\/schema\/logo\/image\/"},"sameAs":["https:\/\/www.facebook.com\/bahiaeconomica"]},{"@type":"Person","@id":"https:\/\/bahiaeconomica.com.br\/wp\/#\/schema\/person\/cb1ab5ba96ad3d9390805381c76284ec","name":"admin","url":"https:\/\/bahiaeconomica.com.br\/wp\/author\/admin\/"}]}},"views":2,"_links":{"self":[{"href":"https:\/\/bahiaeconomica.com.br\/wp\/wp-json\/wp\/v2\/posts\/682927"}],"collection":[{"href":"https:\/\/bahiaeconomica.com.br\/wp\/wp-json\/wp\/v2\/posts"}],"about":[{"href":"https:\/\/bahiaeconomica.com.br\/wp\/wp-json\/wp\/v2\/types\/post"}],"author":[{"embeddable":true,"href":"https:\/\/bahiaeconomica.com.br\/wp\/wp-json\/wp\/v2\/users\/1"}],"replies":[{"embeddable":true,"href":"https:\/\/bahiaeconomica.com.br\/wp\/wp-json\/wp\/v2\/comments?post=682927"}],"version-history":[{"count":2,"href":"https:\/\/bahiaeconomica.com.br\/wp\/wp-json\/wp\/v2\/posts\/682927\/revisions"}],"predecessor-version":[{"id":682953,"href":"https:\/\/bahiaeconomica.com.br\/wp\/wp-json\/wp\/v2\/posts\/682927\/revisions\/682953"}],"wp:featuredmedia":[{"embeddable":true,"href":"https:\/\/bahiaeconomica.com.br\/wp\/wp-json\/wp\/v2\/media\/435295"}],"wp:attachment":[{"href":"https:\/\/bahiaeconomica.com.br\/wp\/wp-json\/wp\/v2\/media?parent=682927"}],"wp:term":[{"taxonomy":"category","embeddable":true,"href":"https:\/\/bahiaeconomica.com.br\/wp\/wp-json\/wp\/v2\/categories?post=682927"},{"taxonomy":"post_tag","embeddable":true,"href":"https:\/\/bahiaeconomica.com.br\/wp\/wp-json\/wp\/v2\/tags?post=682927"}],"curies":[{"name":"wp","href":"https:\/\/api.w.org\/{rel}","templated":true}]}}