{"id":682907,"date":"2022-08-05T13:20:33","date_gmt":"2022-08-05T16:20:33","guid":{"rendered":"https:\/\/bahiaeconomica.com.br\/wp\/beta\/?p=682907"},"modified":"2022-08-05T13:54:23","modified_gmt":"2022-08-05T16:54:23","slug":"instituto-de-auditores-fiscais-da-bahia-abre-inscricoes-em-premio","status":"publish","type":"post","link":"https:\/\/bahiaeconomica.com.br\/wp\/2022\/08\/05\/instituto-de-auditores-fiscais-da-bahia-abre-inscricoes-em-premio\/","title":{"rendered":"INSTITUTO DE AUDITORES FISCAIS DA BAHIA ABRE INSCRI\u00c7\u00d5ES EM PR\u00caMIO"},"content":{"rendered":"<p>Est\u00e1 com inscri\u00e7\u00f5es abertas a edi\u00e7\u00e3o 2022 do Pr\u00eamio IAF de Educa\u00e7\u00e3o Fiscal. Pr\u00eamio vai beneficiar projetos com foco na discuss\u00e3o sobre a import\u00e2ncia social dos tributos. <!--more-->Podem participar \u00f3rg\u00e3os p\u00fablicos e entidades privadas, escolas e universidades p\u00fablicas e privadas, constitu\u00eddas como pessoas jur\u00eddicas, jornalistas e outras pessoas f\u00edsicas da \u00e1rea de imprensa e tecnologia que tenham desenvolvido projetos ou aplicativos voltados para a educa\u00e7\u00e3o fiscal.<\/p>\n<p>As inscri\u00e7\u00f5es podem ser feitas at\u00e9 o dia 31 de outubro, atrav\u00e9s de formul\u00e1rio dispon\u00edvel no site premioiafeducacaofiscal.org.br, onde os candidatos podem consultar o regulamento. Os pr\u00eamios somam R$48 mil, divididos nas categorias: escolas, institui\u00e7\u00f5es, imprensa e tecnologia. Ser\u00e3o selecionados doze projetos, analisados por um j\u00fari t\u00e9cnico. O objetivo da premia\u00e7\u00e3o \u00e9 dar oportunidade a discuss\u00e3o sobre o tema, incentivar o acompanhamento da qualidade dos gastos p\u00fablicos.<\/p>\n<p>O presidente do IAF, Marcos Carneiro, destaca que o instituto vem atuando de modo a provocar o debate sobre o tema. \u201cO trabalho do IAF visa conscientizar as pessoas sobre a necessidade do exerc\u00edcio da cidadania, acompanhando o ingresso das receitas e o seu retorno para a sociedade, atrav\u00e9s de servi\u00e7os p\u00fablicos\u00a0 de qualidade, caracterizando assim o verdadeiro controle social. Salvador sediou neste ano o 6\u00ba Congresso Luso-Brasileiro de Auditores Fiscais, quando reunimos especialistas e autoridades no assunto e oportunizamos que mais pessoas conhecessem e entendessem essa discuss\u00e3o. O pr\u00eamio \u00e9 uma a\u00e7\u00e3o muito importante para a continuidade desse debate\u201d, conta.<\/p>\n<p>Podem ser inscritos projetos em execu\u00e7\u00e3o at\u00e9 30 de setembro deste ano, que abranjam aspectos como conceitos tribut\u00e1rios b\u00e1sicos, fun\u00e7\u00e3o social dos tributos, atua\u00e7\u00e3o do fisco da Bahia, combate \u00e0 sonega\u00e7\u00e3o e \u00e0 corrup\u00e7\u00e3o, import\u00e2ncia da Nota Fiscal, acompanhamento das contas p\u00fablicas, transpar\u00eancia e qualidade dos gastos p\u00fablicos, preserva\u00e7\u00e3o do patrim\u00f4nio p\u00fablico e combate ao vandalismo. A solenidade de premia\u00e7\u00e3o acontece no dia 16 de dezembro.<\/p>\n<p>Foto: divulga\u00e7\u00e3o<\/p>\n<p>&nbsp;<\/p>\n","protected":false},"excerpt":{"rendered":"<p>Est\u00e1 com inscri\u00e7\u00f5es abertas a edi\u00e7\u00e3o 2022 do Pr\u00eamio IAF de Educa\u00e7\u00e3o Fiscal. Pr\u00eamio vai beneficiar projetos com foco na discuss\u00e3o sobre a import\u00e2ncia social dos tributos.<\/p>\n","protected":false},"author":1,"featured_media":682909,"comment_status":"closed","ping_status":"closed","sticky":false,"template":"","format":"standard","meta":[],"categories":[14,3],"tags":[],"acf":[],"yoast_head":"<!-- This site is optimized with the Yoast SEO plugin v20.8 - https:\/\/yoast.com\/wordpress\/plugins\/seo\/ -->\n<title>INSTITUTO DE AUDITORES FISCAIS DA BAHIA ABRE INSCRI\u00c7\u00d5ES EM PR\u00caMIO - Bahia Economica<\/title>\n<meta name=\"description\" content=\"O maior portal de Economia da Bahia DESTAQUE DO DIA, ECONOMIA \/ POL\u00cdTICA Bahia Economica\" \/>\n<meta name=\"robots\" content=\"index, follow, max-snippet:-1, max-image-preview:large, max-video-preview:-1\" \/>\n<link rel=\"canonical\" href=\"https:\/\/bahiaeconomica.com.br\/wp\/2022\/08\/05\/instituto-de-auditores-fiscais-da-bahia-abre-inscricoes-em-premio\/\" \/>\n<meta property=\"og:locale\" content=\"pt_BR\" \/>\n<meta property=\"og:type\" content=\"article\" \/>\n<meta property=\"og:title\" content=\"INSTITUTO DE AUDITORES FISCAIS DA BAHIA ABRE INSCRI\u00c7\u00d5ES EM PR\u00caMIO - Bahia Economica\" \/>\n<meta property=\"og:description\" content=\"O maior portal de Economia da Bahia DESTAQUE DO DIA, ECONOMIA \/ POL\u00cdTICA Bahia Economica\" \/>\n<meta property=\"og:url\" content=\"https:\/\/bahiaeconomica.com.br\/wp\/2022\/08\/05\/instituto-de-auditores-fiscais-da-bahia-abre-inscricoes-em-premio\/\" \/>\n<meta property=\"og:site_name\" content=\"Bahia Economica\" \/>\n<meta property=\"article:publisher\" content=\"https:\/\/www.facebook.com\/bahiaeconomica\" \/>\n<meta property=\"article:published_time\" content=\"2022-08-05T16:20:33+00:00\" \/>\n<meta property=\"article:modified_time\" content=\"2022-08-05T16:54:23+00:00\" \/>\n<meta property=\"og:image\" content=\"https:\/\/bahiaeconomica.com.br\/wp\/wp-content\/uploads\/2022\/08\/csm_premio_iaf_0594c8106a.jpg\" \/>\n\t<meta property=\"og:image:width\" content=\"940\" \/>\n\t<meta property=\"og:image:height\" content=\"627\" \/>\n\t<meta property=\"og:image:type\" content=\"image\/jpeg\" \/>\n<meta name=\"author\" content=\"admin\" \/>\n<meta name=\"twitter:card\" content=\"summary_large_image\" \/>\n<meta name=\"twitter:label1\" content=\"Escrito por\" \/>\n\t<meta name=\"twitter:data1\" content=\"admin\" \/>\n\t<meta name=\"twitter:label2\" content=\"Est. tempo de leitura\" \/>\n\t<meta name=\"twitter:data2\" content=\"2 minutos\" \/>\n<script type=\"application\/ld+json\" class=\"yoast-schema-graph\">{\"@context\":\"https:\/\/schema.org\",\"@graph\":[{\"@type\":\"Article\",\"@id\":\"https:\/\/bahiaeconomica.com.br\/wp\/2022\/08\/05\/instituto-de-auditores-fiscais-da-bahia-abre-inscricoes-em-premio\/#article\",\"isPartOf\":{\"@id\":\"https:\/\/bahiaeconomica.com.br\/wp\/2022\/08\/05\/instituto-de-auditores-fiscais-da-bahia-abre-inscricoes-em-premio\/\"},\"author\":{\"name\":\"admin\",\"@id\":\"https:\/\/bahiaeconomica.com.br\/wp\/#\/schema\/person\/cb1ab5ba96ad3d9390805381c76284ec\"},\"headline\":\"INSTITUTO DE AUDITORES FISCAIS DA BAHIA ABRE INSCRI\u00c7\u00d5ES EM PR\u00caMIO\",\"datePublished\":\"2022-08-05T16:20:33+00:00\",\"dateModified\":\"2022-08-05T16:54:23+00:00\",\"mainEntityOfPage\":{\"@id\":\"https:\/\/bahiaeconomica.com.br\/wp\/2022\/08\/05\/instituto-de-auditores-fiscais-da-bahia-abre-inscricoes-em-premio\/\"},\"wordCount\":357,\"publisher\":{\"@id\":\"https:\/\/bahiaeconomica.com.br\/wp\/#organization\"},\"articleSection\":[\"DESTAQUE DO DIA\",\"ECONOMIA \/ POL\u00cdTICA\"],\"inLanguage\":\"pt-BR\"},{\"@type\":\"WebPage\",\"@id\":\"https:\/\/bahiaeconomica.com.br\/wp\/2022\/08\/05\/instituto-de-auditores-fiscais-da-bahia-abre-inscricoes-em-premio\/\",\"url\":\"https:\/\/bahiaeconomica.com.br\/wp\/2022\/08\/05\/instituto-de-auditores-fiscais-da-bahia-abre-inscricoes-em-premio\/\",\"name\":\"INSTITUTO DE AUDITORES FISCAIS DA BAHIA ABRE INSCRI\u00c7\u00d5ES EM PR\u00caMIO - Bahia Economica\",\"isPartOf\":{\"@id\":\"https:\/\/bahiaeconomica.com.br\/wp\/#website\"},\"datePublished\":\"2022-08-05T16:20:33+00:00\",\"dateModified\":\"2022-08-05T16:54:23+00:00\",\"description\":\"O maior portal de Economia da Bahia DESTAQUE DO DIA, ECONOMIA \/ POL\u00cdTICA Bahia Economica\",\"breadcrumb\":{\"@id\":\"https:\/\/bahiaeconomica.com.br\/wp\/2022\/08\/05\/instituto-de-auditores-fiscais-da-bahia-abre-inscricoes-em-premio\/#breadcrumb\"},\"inLanguage\":\"pt-BR\",\"potentialAction\":[{\"@type\":\"ReadAction\",\"target\":[\"https:\/\/bahiaeconomica.com.br\/wp\/2022\/08\/05\/instituto-de-auditores-fiscais-da-bahia-abre-inscricoes-em-premio\/\"]}]},{\"@type\":\"BreadcrumbList\",\"@id\":\"https:\/\/bahiaeconomica.com.br\/wp\/2022\/08\/05\/instituto-de-auditores-fiscais-da-bahia-abre-inscricoes-em-premio\/#breadcrumb\",\"itemListElement\":[{\"@type\":\"ListItem\",\"position\":1,\"name\":\"In\u00edcio\",\"item\":\"https:\/\/bahiaeconomica.com.br\/wp\/\"},{\"@type\":\"ListItem\",\"position\":2,\"name\":\"INSTITUTO DE AUDITORES FISCAIS DA BAHIA ABRE INSCRI\u00c7\u00d5ES EM PR\u00caMIO\"}]},{\"@type\":\"WebSite\",\"@id\":\"https:\/\/bahiaeconomica.com.br\/wp\/#website\",\"url\":\"https:\/\/bahiaeconomica.com.br\/wp\/\",\"name\":\"Bahia Economica\",\"description\":\"O maior portal de Economia da Bahia\",\"publisher\":{\"@id\":\"https:\/\/bahiaeconomica.com.br\/wp\/#organization\"},\"potentialAction\":[{\"@type\":\"SearchAction\",\"target\":{\"@type\":\"EntryPoint\",\"urlTemplate\":\"https:\/\/bahiaeconomica.com.br\/wp\/?s={search_term_string}\"},\"query-input\":\"required name=search_term_string\"}],\"inLanguage\":\"pt-BR\"},{\"@type\":\"Organization\",\"@id\":\"https:\/\/bahiaeconomica.com.br\/wp\/#organization\",\"name\":\"Bahia Econ\u00f4mica\",\"url\":\"https:\/\/bahiaeconomica.com.br\/wp\/\",\"logo\":{\"@type\":\"ImageObject\",\"inLanguage\":\"pt-BR\",\"@id\":\"https:\/\/bahiaeconomica.com.br\/wp\/#\/schema\/logo\/image\/\",\"url\":\"https:\/\/bahiaeconomica.com.br\/wp\/wp-content\/uploads\/2020\/12\/cropped-BE.png\",\"contentUrl\":\"https:\/\/bahiaeconomica.com.br\/wp\/wp-content\/uploads\/2020\/12\/cropped-BE.png\",\"width\":512,\"height\":512,\"caption\":\"Bahia Econ\u00f4mica\"},\"image\":{\"@id\":\"https:\/\/bahiaeconomica.com.br\/wp\/#\/schema\/logo\/image\/\"},\"sameAs\":[\"https:\/\/www.facebook.com\/bahiaeconomica\"]},{\"@type\":\"Person\",\"@id\":\"https:\/\/bahiaeconomica.com.br\/wp\/#\/schema\/person\/cb1ab5ba96ad3d9390805381c76284ec\",\"name\":\"admin\",\"url\":\"https:\/\/bahiaeconomica.com.br\/wp\/author\/admin\/\"}]}<\/script>\n<!-- \/ Yoast SEO plugin. -->","yoast_head_json":{"title":"INSTITUTO DE AUDITORES FISCAIS DA BAHIA ABRE INSCRI\u00c7\u00d5ES EM PR\u00caMIO - Bahia Economica","description":"O maior portal de Economia da Bahia DESTAQUE DO DIA, ECONOMIA \/ POL\u00cdTICA Bahia Economica","robots":{"index":"index","follow":"follow","max-snippet":"max-snippet:-1","max-image-preview":"max-image-preview:large","max-video-preview":"max-video-preview:-1"},"canonical":"https:\/\/bahiaeconomica.com.br\/wp\/2022\/08\/05\/instituto-de-auditores-fiscais-da-bahia-abre-inscricoes-em-premio\/","og_locale":"pt_BR","og_type":"article","og_title":"INSTITUTO DE AUDITORES FISCAIS DA BAHIA ABRE INSCRI\u00c7\u00d5ES EM PR\u00caMIO - Bahia Economica","og_description":"O maior portal de Economia da Bahia DESTAQUE DO DIA, ECONOMIA \/ POL\u00cdTICA Bahia Economica","og_url":"https:\/\/bahiaeconomica.com.br\/wp\/2022\/08\/05\/instituto-de-auditores-fiscais-da-bahia-abre-inscricoes-em-premio\/","og_site_name":"Bahia Economica","article_publisher":"https:\/\/www.facebook.com\/bahiaeconomica","article_published_time":"2022-08-05T16:20:33+00:00","article_modified_time":"2022-08-05T16:54:23+00:00","og_image":[{"width":940,"height":627,"url":"https:\/\/bahiaeconomica.com.br\/wp\/wp-content\/uploads\/2022\/08\/csm_premio_iaf_0594c8106a.jpg","type":"image\/jpeg"}],"author":"admin","twitter_card":"summary_large_image","twitter_misc":{"Escrito por":"admin","Est. tempo de leitura":"2 minutos"},"schema":{"@context":"https:\/\/schema.org","@graph":[{"@type":"Article","@id":"https:\/\/bahiaeconomica.com.br\/wp\/2022\/08\/05\/instituto-de-auditores-fiscais-da-bahia-abre-inscricoes-em-premio\/#article","isPartOf":{"@id":"https:\/\/bahiaeconomica.com.br\/wp\/2022\/08\/05\/instituto-de-auditores-fiscais-da-bahia-abre-inscricoes-em-premio\/"},"author":{"name":"admin","@id":"https:\/\/bahiaeconomica.com.br\/wp\/#\/schema\/person\/cb1ab5ba96ad3d9390805381c76284ec"},"headline":"INSTITUTO DE AUDITORES FISCAIS DA BAHIA ABRE INSCRI\u00c7\u00d5ES EM PR\u00caMIO","datePublished":"2022-08-05T16:20:33+00:00","dateModified":"2022-08-05T16:54:23+00:00","mainEntityOfPage":{"@id":"https:\/\/bahiaeconomica.com.br\/wp\/2022\/08\/05\/instituto-de-auditores-fiscais-da-bahia-abre-inscricoes-em-premio\/"},"wordCount":357,"publisher":{"@id":"https:\/\/bahiaeconomica.com.br\/wp\/#organization"},"articleSection":["DESTAQUE DO DIA","ECONOMIA \/ POL\u00cdTICA"],"inLanguage":"pt-BR"},{"@type":"WebPage","@id":"https:\/\/bahiaeconomica.com.br\/wp\/2022\/08\/05\/instituto-de-auditores-fiscais-da-bahia-abre-inscricoes-em-premio\/","url":"https:\/\/bahiaeconomica.com.br\/wp\/2022\/08\/05\/instituto-de-auditores-fiscais-da-bahia-abre-inscricoes-em-premio\/","name":"INSTITUTO DE AUDITORES FISCAIS DA BAHIA ABRE INSCRI\u00c7\u00d5ES EM PR\u00caMIO - Bahia Economica","isPartOf":{"@id":"https:\/\/bahiaeconomica.com.br\/wp\/#website"},"datePublished":"2022-08-05T16:20:33+00:00","dateModified":"2022-08-05T16:54:23+00:00","description":"O maior portal de Economia da Bahia DESTAQUE DO DIA, ECONOMIA \/ POL\u00cdTICA Bahia Economica","breadcrumb":{"@id":"https:\/\/bahiaeconomica.com.br\/wp\/2022\/08\/05\/instituto-de-auditores-fiscais-da-bahia-abre-inscricoes-em-premio\/#breadcrumb"},"inLanguage":"pt-BR","potentialAction":[{"@type":"ReadAction","target":["https:\/\/bahiaeconomica.com.br\/wp\/2022\/08\/05\/instituto-de-auditores-fiscais-da-bahia-abre-inscricoes-em-premio\/"]}]},{"@type":"BreadcrumbList","@id":"https:\/\/bahiaeconomica.com.br\/wp\/2022\/08\/05\/instituto-de-auditores-fiscais-da-bahia-abre-inscricoes-em-premio\/#breadcrumb","itemListElement":[{"@type":"ListItem","position":1,"name":"In\u00edcio","item":"https:\/\/bahiaeconomica.com.br\/wp\/"},{"@type":"ListItem","position":2,"name":"INSTITUTO DE AUDITORES FISCAIS DA BAHIA ABRE INSCRI\u00c7\u00d5ES EM PR\u00caMIO"}]},{"@type":"WebSite","@id":"https:\/\/bahiaeconomica.com.br\/wp\/#website","url":"https:\/\/bahiaeconomica.com.br\/wp\/","name":"Bahia Economica","description":"O maior portal de Economia da Bahia","publisher":{"@id":"https:\/\/bahiaeconomica.com.br\/wp\/#organization"},"potentialAction":[{"@type":"SearchAction","target":{"@type":"EntryPoint","urlTemplate":"https:\/\/bahiaeconomica.com.br\/wp\/?s={search_term_string}"},"query-input":"required name=search_term_string"}],"inLanguage":"pt-BR"},{"@type":"Organization","@id":"https:\/\/bahiaeconomica.com.br\/wp\/#organization","name":"Bahia Econ\u00f4mica","url":"https:\/\/bahiaeconomica.com.br\/wp\/","logo":{"@type":"ImageObject","inLanguage":"pt-BR","@id":"https:\/\/bahiaeconomica.com.br\/wp\/#\/schema\/logo\/image\/","url":"https:\/\/bahiaeconomica.com.br\/wp\/wp-content\/uploads\/2020\/12\/cropped-BE.png","contentUrl":"https:\/\/bahiaeconomica.com.br\/wp\/wp-content\/uploads\/2020\/12\/cropped-BE.png","width":512,"height":512,"caption":"Bahia Econ\u00f4mica"},"image":{"@id":"https:\/\/bahiaeconomica.com.br\/wp\/#\/schema\/logo\/image\/"},"sameAs":["https:\/\/www.facebook.com\/bahiaeconomica"]},{"@type":"Person","@id":"https:\/\/bahiaeconomica.com.br\/wp\/#\/schema\/person\/cb1ab5ba96ad3d9390805381c76284ec","name":"admin","url":"https:\/\/bahiaeconomica.com.br\/wp\/author\/admin\/"}]}},"views":5,"_links":{"self":[{"href":"https:\/\/bahiaeconomica.com.br\/wp\/wp-json\/wp\/v2\/posts\/682907"}],"collection":[{"href":"https:\/\/bahiaeconomica.com.br\/wp\/wp-json\/wp\/v2\/posts"}],"about":[{"href":"https:\/\/bahiaeconomica.com.br\/wp\/wp-json\/wp\/v2\/types\/post"}],"author":[{"embeddable":true,"href":"https:\/\/bahiaeconomica.com.br\/wp\/wp-json\/wp\/v2\/users\/1"}],"replies":[{"embeddable":true,"href":"https:\/\/bahiaeconomica.com.br\/wp\/wp-json\/wp\/v2\/comments?post=682907"}],"version-history":[{"count":1,"href":"https:\/\/bahiaeconomica.com.br\/wp\/wp-json\/wp\/v2\/posts\/682907\/revisions"}],"predecessor-version":[{"id":682910,"href":"https:\/\/bahiaeconomica.com.br\/wp\/wp-json\/wp\/v2\/posts\/682907\/revisions\/682910"}],"wp:featuredmedia":[{"embeddable":true,"href":"https:\/\/bahiaeconomica.com.br\/wp\/wp-json\/wp\/v2\/media\/682909"}],"wp:attachment":[{"href":"https:\/\/bahiaeconomica.com.br\/wp\/wp-json\/wp\/v2\/media?parent=682907"}],"wp:term":[{"taxonomy":"category","embeddable":true,"href":"https:\/\/bahiaeconomica.com.br\/wp\/wp-json\/wp\/v2\/categories?post=682907"},{"taxonomy":"post_tag","embeddable":true,"href":"https:\/\/bahiaeconomica.com.br\/wp\/wp-json\/wp\/v2\/tags?post=682907"}],"curies":[{"name":"wp","href":"https:\/\/api.w.org\/{rel}","templated":true}]}}