{"id":682618,"date":"2022-08-04T07:46:06","date_gmt":"2022-08-04T10:46:06","guid":{"rendered":"https:\/\/bahiaeconomica.com.br\/wp\/beta\/?p=682618"},"modified":"2022-08-04T08:48:21","modified_gmt":"2022-08-04T11:48:21","slug":"a-politica-economica-virou-uma-especie-de-frankenstein","status":"publish","type":"post","link":"https:\/\/bahiaeconomica.com.br\/wp\/2022\/08\/04\/a-politica-economica-virou-uma-especie-de-frankenstein\/","title":{"rendered":"A POL\u00cdTICA ECON\u00d4MICA VIROU UMA ESP\u00c9CIE DE FRANKENSTEIN\u00a0"},"content":{"rendered":"<p style=\"text-align: justify;\">O Copom \u2013 Comit\u00ea de Pol\u00edtica Monet\u00e1ria aumentou os juros em 0,5%, nesta quarta-feira, elevando a taxa Selic<!--more--> para 13,75%. Em pouco mais de um ano a taxa de juros brasileira foi multiplicada por sete.\u00a0\u00a0E dificilmente este aumento o encerrar\u00e1 o ciclo de alta. Os juros n\u00e3o v\u00e3o cair, pelo contr\u00e1rio, a previs\u00e3o \u00e9 de que aumentem ou fiquem nesse patamar at\u00e9 2023. H\u00e1, \u00e9 verdade, a melhoria de alguns indicadores, mas, perdoe-me o leitor \u00e1vido por um coment\u00e1rio otimista, s\u00e3o n\u00fameros fr\u00e1geis embrulhados num pacote eleitoral.<\/p>\n<p style=\"text-align: justify;\">A infla\u00e7\u00e3o, por exemplo,\u00a0\u00a0desacelerou, mas atrav\u00e9s da queda dos pre\u00e7os administrados pelo governo, como combust\u00edveis e energia, e ainda n\u00e3o est\u00e1 definida a sustentabilidade dessa redu\u00e7\u00e3o. E, infelizmente, os pre\u00e7os da maioria dos produtos, especialmente alimentos, seguem em alta. E ainda vigora na economia um movimento inflacion\u00e1rio inercial do tipo: infla\u00e7\u00e3o alta gera infla\u00e7\u00e3o alta, porque os agentes econ\u00f4micos tendem a fazer reajustes preventivos at\u00e9 ter certeza da queda generalizada de pre\u00e7os.<\/p>\n<p style=\"text-align: justify;\">Al\u00e9m disso, os sal\u00e1rios nominais est\u00e3o crescendo desde o final de 2021, o que \u00e9 bom para o crescimento econ\u00f4mico, mas tende a gerar novos reajustes nos pre\u00e7os. Para que possa haver um movimento de redu\u00e7\u00e3o nos juros, o governo deveria estar dando sinais de que n\u00e3o haver\u00e1 expans\u00e3o de gastos p\u00fablicos. Mas o que est\u00e1 correndo \u00e9 o contr\u00e1rio, causando um dilema de pol\u00edtica econ\u00f4mica que se expressa assim: o Banco Central aumenta os juros para tirar dinheiro da economia e assim reduzir o consumo e fazer a infla\u00e7\u00e3o cair, enquanto o governo expande os gastos jogando dinheiro no mercado e aumentando o consumo e a infla\u00e7\u00e3o.<\/p>\n<p style=\"text-align: justify;\">O aux\u00edlio emergencial \u00e9 fundamental para a popula\u00e7\u00e3o brasileira e precisa ser mantido para o ano de 2023, mas precisa\u00a0\u00a0ser pago\u00a0\u00a0com o corte de gastos e n\u00e3o com mais\u00a0\u00a0despesas. E ainda tem o aux\u00edlio taxista, o aux\u00edlio caminhoneiro e os bilh\u00f5es do or\u00e7amento secreto. J\u00e1 a redu\u00e7\u00e3o de impostos \u00e9 conversa pra boi dormir, pois ela s\u00f3 existe\u00a0\u00a0porque a infla\u00e7\u00e3o est\u00e1 inflando a arrecada\u00e7\u00e3o, afinal se os impostos est\u00e3o aumentando \u00e9 porque as empresas est\u00e3o reajustando pre\u00e7os. Quando a infla\u00e7\u00e3o cair, a arrecada\u00e7\u00e3o vai cair tamb\u00e9m e o governo vai aumentar a tributa\u00e7\u00e3o. Infelizmente, n\u00e3o h\u00e1 nos comp\u00eandios econ\u00f4micos a possibilidade de combater a infla\u00e7\u00e3o mantendo o crescimento econ\u00f4mico.<\/p>\n<p style=\"text-align: justify;\">Os Estados Unidos, por exemplo, j\u00e1 aumentaram os juros e j\u00e1 est\u00e3o em recess\u00e3o t\u00e9cnica. Mas o Brasil gosta do auto engano e assim os juros v\u00e3o permanecer altos, para manter o patamar inflacion\u00e1rio. A pol\u00edtica econ\u00f4mica do governo \u00e9 um Frankenstein desencontrado, com o Banco Central\u00a0\u00a0movendo o corpo para o lado dos juros altos e o governo para o aumento dos gastos p\u00fablicos e do consumo. E tudo isso enrolado na perda de credibilidade fiscal. Por isso, os juros v\u00e3o permanecer na estratosfera, pelo menos at\u00e9 2023 quando assumir o novo presidente.<\/p>\n<p>\u00a0\u00a0 \u00a0 \u00a0 \u00a0 \u00a0 \u00a0 \u00a0 \u00a0 \u00a0 \u00a0 \u00a0 \u00a0 \u00a0 \u00a0 \u00a0 \u00a0\u00a0\u00a0 \u00a0 \u00a0 \u00a0\u00a0O PRE\u00c7O DO M2 EM SALVADOR<\/p>\n<p style=\"text-align: justify;\">\u00a0Os im\u00f3veis em Salvador t\u00eam pre\u00e7o do m2 bem inferior a capitais como Rio ou S\u00e3o Paulo e\u00a0est\u00e3o\u00a0em n\u00edvel mais elevado do que Fortaleza e Recife quando a compara\u00e7\u00e3o se d\u00e1 nos bairros mais ricos de cada cidade. Enquanto os bairros chiques de Salvador, como Vit\u00f3ria, Horto Florestal, Barra e Ondina,\u00a0\u00a0tem o pre\u00e7o do m2\u00a0\u00a0variando entre R$ 13,3 mil a R$ 7,9\u00a0\u00a0mil, nos bairros mais valorizados de S\u00e3o Paulo, como Jardim Am\u00e9rica, Jardim Panorama ou Vila Nova Concei\u00e7\u00e3o, o pre\u00e7o varia entre R$ 21,0 mil e R$ 24,5 mil. No Rio de Janeiro, o pre\u00e7o do m2 no Leblon e Ipanema atinge\u00a0R$ 23,0\u00a0mil e\u00a0R$ 21,9\u00a0mil, respectivamente.\u00a0\u00a0Morar\u00a0em um bairro\u00a0chique do Rio \u00e9 80% mais caro do que em Salvador.<\/p>\n<p>\u00a0\u00a0 \u00a0 \u00a0 \u00a0 \u00a0 \u00a0 \u00a0 \u00a0 \u00a0 \u00a0 \u00a0 \u00a0 \u00a0 \u00a0 \u00a0 \u00a0 \u00a0 \u00a0 \u00a0 \u00a0 \u00a0 \u00a0 \u00a0\u00a0EMPREGO NA BAHIA<\/p>\n<p style=\"text-align: justify;\">\u00a0No 1\u00ba semestre de 2022, a Bahia criou 76 mil novos postos de trabalho com carteira assinada. N\u00e3o foi um grande desempenho, no mesmo per\u00edodo do ano passado havia criado 70 mil novos empregos, mas h\u00e1 um movimento de recupera\u00e7\u00e3o econ\u00f4mica. Entre as cidades que mais geraram empregos, Salvador se destaca sendo respons\u00e1vel por 30% do total de empregos formais, seguido por Feira de Santana, Juazeiro, Alagoinhas e Lauro de Freitas. Vit\u00f3ria da Conquista, Cama\u00e7ari e os munic\u00edpios do Oeste, Luiz Eduardo Magalh\u00e3es, Barreira e S\u00e3o Desiderio, vem a seguir. Emprego \u00e9 sin\u00f4nimo de atividade econ\u00f4mica e esses munic\u00edpios t\u00eam economia mais diversificada e s\u00e3o l\u00edderes na forma\u00e7\u00e3o do PIB baiano.<\/p>\n<p>&nbsp;<\/p>\n<table>\n<tbody>\n<tr>\n<td><\/td>\n<td><span style=\"font-weight: 500;\">Responder<\/span><span style=\"font-weight: 500;\">Responder a todos<\/span><span style=\"font-weight: 500;\">Encaminhar<\/span><\/td>\n<\/tr>\n<\/tbody>\n<\/table>\n","protected":false},"excerpt":{"rendered":"<p>O Copom \u2013 Comit\u00ea de Pol\u00edtica Monet\u00e1ria aumentou os juros em 0,5%, nesta quarta-feira, elevando a taxa Selic<\/p>\n","protected":false},"author":1,"featured_media":655778,"comment_status":"closed","ping_status":"closed","sticky":false,"template":"","format":"standard","meta":[],"categories":[3],"tags":[7757,7756,1971,4531,1338,7758],"acf":[],"yoast_head":"<!-- This site is optimized with the Yoast SEO plugin v20.8 - https:\/\/yoast.com\/wordpress\/plugins\/seo\/ -->\n<title>A POL\u00cdTICA ECON\u00d4MICA VIROU UMA ESP\u00c9CIE DE FRANKENSTEIN\u00a0 - Bahia Economica<\/title>\n<meta name=\"description\" content=\"O maior portal de Economia da Bahia ECONOMIA \/ POL\u00cdTICA Bahia Economica\" \/>\n<meta name=\"robots\" content=\"index, follow, max-snippet:-1, max-image-preview:large, max-video-preview:-1\" \/>\n<link rel=\"canonical\" href=\"https:\/\/bahiaeconomica.com.br\/wp\/2022\/08\/04\/a-politica-economica-virou-uma-especie-de-frankenstein\/\" \/>\n<meta property=\"og:locale\" content=\"pt_BR\" \/>\n<meta property=\"og:type\" content=\"article\" \/>\n<meta property=\"og:title\" content=\"A POL\u00cdTICA ECON\u00d4MICA VIROU UMA ESP\u00c9CIE DE FRANKENSTEIN\u00a0 - Bahia Economica\" \/>\n<meta property=\"og:description\" content=\"O maior portal de Economia da Bahia ECONOMIA \/ POL\u00cdTICA Bahia Economica\" \/>\n<meta property=\"og:url\" content=\"https:\/\/bahiaeconomica.com.br\/wp\/2022\/08\/04\/a-politica-economica-virou-uma-especie-de-frankenstein\/\" \/>\n<meta property=\"og:site_name\" content=\"Bahia Economica\" \/>\n<meta property=\"article:publisher\" content=\"https:\/\/www.facebook.com\/bahiaeconomica\" \/>\n<meta property=\"article:published_time\" content=\"2022-08-04T10:46:06+00:00\" \/>\n<meta property=\"article:modified_time\" content=\"2022-08-04T11:48:21+00:00\" \/>\n<meta property=\"og:image\" content=\"https:\/\/bahiaeconomica.com.br\/wp\/wp-content\/uploads\/2022\/04\/avena3.png\" \/>\n\t<meta property=\"og:image:width\" content=\"366\" \/>\n\t<meta property=\"og:image:height\" content=\"345\" \/>\n\t<meta property=\"og:image:type\" content=\"image\/png\" \/>\n<meta name=\"author\" content=\"admin\" \/>\n<meta name=\"twitter:card\" content=\"summary_large_image\" \/>\n<meta name=\"twitter:label1\" content=\"Escrito por\" \/>\n\t<meta name=\"twitter:data1\" content=\"admin\" \/>\n\t<meta name=\"twitter:label2\" content=\"Est. tempo de leitura\" \/>\n\t<meta name=\"twitter:data2\" content=\"4 minutos\" \/>\n<script type=\"application\/ld+json\" class=\"yoast-schema-graph\">{\"@context\":\"https:\/\/schema.org\",\"@graph\":[{\"@type\":\"Article\",\"@id\":\"https:\/\/bahiaeconomica.com.br\/wp\/2022\/08\/04\/a-politica-economica-virou-uma-especie-de-frankenstein\/#article\",\"isPartOf\":{\"@id\":\"https:\/\/bahiaeconomica.com.br\/wp\/2022\/08\/04\/a-politica-economica-virou-uma-especie-de-frankenstein\/\"},\"author\":{\"name\":\"admin\",\"@id\":\"https:\/\/bahiaeconomica.com.br\/wp\/#\/schema\/person\/cb1ab5ba96ad3d9390805381c76284ec\"},\"headline\":\"A POL\u00cdTICA ECON\u00d4MICA VIROU UMA ESP\u00c9CIE DE FRANKENSTEIN\u00a0\",\"datePublished\":\"2022-08-04T10:46:06+00:00\",\"dateModified\":\"2022-08-04T11:48:21+00:00\",\"mainEntityOfPage\":{\"@id\":\"https:\/\/bahiaeconomica.com.br\/wp\/2022\/08\/04\/a-politica-economica-virou-uma-especie-de-frankenstein\/\"},\"wordCount\":813,\"publisher\":{\"@id\":\"https:\/\/bahiaeconomica.com.br\/wp\/#organization\"},\"keywords\":[\"a pol\u00edtica\",\"a vena\",\"armando\",\"coluna jornal A tarde\",\"Econ\u00f4mica\",\"tornou-se um frankenstein\"],\"articleSection\":[\"ECONOMIA \/ POL\u00cdTICA\"],\"inLanguage\":\"pt-BR\"},{\"@type\":\"WebPage\",\"@id\":\"https:\/\/bahiaeconomica.com.br\/wp\/2022\/08\/04\/a-politica-economica-virou-uma-especie-de-frankenstein\/\",\"url\":\"https:\/\/bahiaeconomica.com.br\/wp\/2022\/08\/04\/a-politica-economica-virou-uma-especie-de-frankenstein\/\",\"name\":\"A POL\u00cdTICA ECON\u00d4MICA VIROU UMA ESP\u00c9CIE DE FRANKENSTEIN\u00a0 - Bahia Economica\",\"isPartOf\":{\"@id\":\"https:\/\/bahiaeconomica.com.br\/wp\/#website\"},\"datePublished\":\"2022-08-04T10:46:06+00:00\",\"dateModified\":\"2022-08-04T11:48:21+00:00\",\"description\":\"O maior portal de Economia da Bahia ECONOMIA \/ POL\u00cdTICA Bahia Economica\",\"breadcrumb\":{\"@id\":\"https:\/\/bahiaeconomica.com.br\/wp\/2022\/08\/04\/a-politica-economica-virou-uma-especie-de-frankenstein\/#breadcrumb\"},\"inLanguage\":\"pt-BR\",\"potentialAction\":[{\"@type\":\"ReadAction\",\"target\":[\"https:\/\/bahiaeconomica.com.br\/wp\/2022\/08\/04\/a-politica-economica-virou-uma-especie-de-frankenstein\/\"]}]},{\"@type\":\"BreadcrumbList\",\"@id\":\"https:\/\/bahiaeconomica.com.br\/wp\/2022\/08\/04\/a-politica-economica-virou-uma-especie-de-frankenstein\/#breadcrumb\",\"itemListElement\":[{\"@type\":\"ListItem\",\"position\":1,\"name\":\"In\u00edcio\",\"item\":\"https:\/\/bahiaeconomica.com.br\/wp\/\"},{\"@type\":\"ListItem\",\"position\":2,\"name\":\"A POL\u00cdTICA ECON\u00d4MICA VIROU UMA ESP\u00c9CIE DE FRANKENSTEIN\u00a0\"}]},{\"@type\":\"WebSite\",\"@id\":\"https:\/\/bahiaeconomica.com.br\/wp\/#website\",\"url\":\"https:\/\/bahiaeconomica.com.br\/wp\/\",\"name\":\"Bahia Economica\",\"description\":\"O maior portal de Economia da Bahia\",\"publisher\":{\"@id\":\"https:\/\/bahiaeconomica.com.br\/wp\/#organization\"},\"potentialAction\":[{\"@type\":\"SearchAction\",\"target\":{\"@type\":\"EntryPoint\",\"urlTemplate\":\"https:\/\/bahiaeconomica.com.br\/wp\/?s={search_term_string}\"},\"query-input\":\"required name=search_term_string\"}],\"inLanguage\":\"pt-BR\"},{\"@type\":\"Organization\",\"@id\":\"https:\/\/bahiaeconomica.com.br\/wp\/#organization\",\"name\":\"Bahia Econ\u00f4mica\",\"url\":\"https:\/\/bahiaeconomica.com.br\/wp\/\",\"logo\":{\"@type\":\"ImageObject\",\"inLanguage\":\"pt-BR\",\"@id\":\"https:\/\/bahiaeconomica.com.br\/wp\/#\/schema\/logo\/image\/\",\"url\":\"https:\/\/bahiaeconomica.com.br\/wp\/wp-content\/uploads\/2020\/12\/cropped-BE.png\",\"contentUrl\":\"https:\/\/bahiaeconomica.com.br\/wp\/wp-content\/uploads\/2020\/12\/cropped-BE.png\",\"width\":512,\"height\":512,\"caption\":\"Bahia Econ\u00f4mica\"},\"image\":{\"@id\":\"https:\/\/bahiaeconomica.com.br\/wp\/#\/schema\/logo\/image\/\"},\"sameAs\":[\"https:\/\/www.facebook.com\/bahiaeconomica\"]},{\"@type\":\"Person\",\"@id\":\"https:\/\/bahiaeconomica.com.br\/wp\/#\/schema\/person\/cb1ab5ba96ad3d9390805381c76284ec\",\"name\":\"admin\",\"url\":\"https:\/\/bahiaeconomica.com.br\/wp\/author\/admin\/\"}]}<\/script>\n<!-- \/ Yoast SEO plugin. -->","yoast_head_json":{"title":"A POL\u00cdTICA ECON\u00d4MICA VIROU UMA ESP\u00c9CIE DE FRANKENSTEIN\u00a0 - Bahia Economica","description":"O maior portal de Economia da Bahia ECONOMIA \/ POL\u00cdTICA Bahia Economica","robots":{"index":"index","follow":"follow","max-snippet":"max-snippet:-1","max-image-preview":"max-image-preview:large","max-video-preview":"max-video-preview:-1"},"canonical":"https:\/\/bahiaeconomica.com.br\/wp\/2022\/08\/04\/a-politica-economica-virou-uma-especie-de-frankenstein\/","og_locale":"pt_BR","og_type":"article","og_title":"A POL\u00cdTICA ECON\u00d4MICA VIROU UMA ESP\u00c9CIE DE FRANKENSTEIN\u00a0 - Bahia Economica","og_description":"O maior portal de Economia da Bahia ECONOMIA \/ POL\u00cdTICA Bahia Economica","og_url":"https:\/\/bahiaeconomica.com.br\/wp\/2022\/08\/04\/a-politica-economica-virou-uma-especie-de-frankenstein\/","og_site_name":"Bahia Economica","article_publisher":"https:\/\/www.facebook.com\/bahiaeconomica","article_published_time":"2022-08-04T10:46:06+00:00","article_modified_time":"2022-08-04T11:48:21+00:00","og_image":[{"width":366,"height":345,"url":"https:\/\/bahiaeconomica.com.br\/wp\/wp-content\/uploads\/2022\/04\/avena3.png","type":"image\/png"}],"author":"admin","twitter_card":"summary_large_image","twitter_misc":{"Escrito por":"admin","Est. tempo de leitura":"4 minutos"},"schema":{"@context":"https:\/\/schema.org","@graph":[{"@type":"Article","@id":"https:\/\/bahiaeconomica.com.br\/wp\/2022\/08\/04\/a-politica-economica-virou-uma-especie-de-frankenstein\/#article","isPartOf":{"@id":"https:\/\/bahiaeconomica.com.br\/wp\/2022\/08\/04\/a-politica-economica-virou-uma-especie-de-frankenstein\/"},"author":{"name":"admin","@id":"https:\/\/bahiaeconomica.com.br\/wp\/#\/schema\/person\/cb1ab5ba96ad3d9390805381c76284ec"},"headline":"A POL\u00cdTICA ECON\u00d4MICA VIROU UMA ESP\u00c9CIE DE FRANKENSTEIN\u00a0","datePublished":"2022-08-04T10:46:06+00:00","dateModified":"2022-08-04T11:48:21+00:00","mainEntityOfPage":{"@id":"https:\/\/bahiaeconomica.com.br\/wp\/2022\/08\/04\/a-politica-economica-virou-uma-especie-de-frankenstein\/"},"wordCount":813,"publisher":{"@id":"https:\/\/bahiaeconomica.com.br\/wp\/#organization"},"keywords":["a pol\u00edtica","a vena","armando","coluna jornal A tarde","Econ\u00f4mica","tornou-se um frankenstein"],"articleSection":["ECONOMIA \/ POL\u00cdTICA"],"inLanguage":"pt-BR"},{"@type":"WebPage","@id":"https:\/\/bahiaeconomica.com.br\/wp\/2022\/08\/04\/a-politica-economica-virou-uma-especie-de-frankenstein\/","url":"https:\/\/bahiaeconomica.com.br\/wp\/2022\/08\/04\/a-politica-economica-virou-uma-especie-de-frankenstein\/","name":"A POL\u00cdTICA ECON\u00d4MICA VIROU UMA ESP\u00c9CIE DE FRANKENSTEIN\u00a0 - Bahia Economica","isPartOf":{"@id":"https:\/\/bahiaeconomica.com.br\/wp\/#website"},"datePublished":"2022-08-04T10:46:06+00:00","dateModified":"2022-08-04T11:48:21+00:00","description":"O maior portal de Economia da Bahia ECONOMIA \/ POL\u00cdTICA Bahia Economica","breadcrumb":{"@id":"https:\/\/bahiaeconomica.com.br\/wp\/2022\/08\/04\/a-politica-economica-virou-uma-especie-de-frankenstein\/#breadcrumb"},"inLanguage":"pt-BR","potentialAction":[{"@type":"ReadAction","target":["https:\/\/bahiaeconomica.com.br\/wp\/2022\/08\/04\/a-politica-economica-virou-uma-especie-de-frankenstein\/"]}]},{"@type":"BreadcrumbList","@id":"https:\/\/bahiaeconomica.com.br\/wp\/2022\/08\/04\/a-politica-economica-virou-uma-especie-de-frankenstein\/#breadcrumb","itemListElement":[{"@type":"ListItem","position":1,"name":"In\u00edcio","item":"https:\/\/bahiaeconomica.com.br\/wp\/"},{"@type":"ListItem","position":2,"name":"A POL\u00cdTICA ECON\u00d4MICA VIROU UMA ESP\u00c9CIE DE FRANKENSTEIN\u00a0"}]},{"@type":"WebSite","@id":"https:\/\/bahiaeconomica.com.br\/wp\/#website","url":"https:\/\/bahiaeconomica.com.br\/wp\/","name":"Bahia Economica","description":"O maior portal de Economia da Bahia","publisher":{"@id":"https:\/\/bahiaeconomica.com.br\/wp\/#organization"},"potentialAction":[{"@type":"SearchAction","target":{"@type":"EntryPoint","urlTemplate":"https:\/\/bahiaeconomica.com.br\/wp\/?s={search_term_string}"},"query-input":"required name=search_term_string"}],"inLanguage":"pt-BR"},{"@type":"Organization","@id":"https:\/\/bahiaeconomica.com.br\/wp\/#organization","name":"Bahia Econ\u00f4mica","url":"https:\/\/bahiaeconomica.com.br\/wp\/","logo":{"@type":"ImageObject","inLanguage":"pt-BR","@id":"https:\/\/bahiaeconomica.com.br\/wp\/#\/schema\/logo\/image\/","url":"https:\/\/bahiaeconomica.com.br\/wp\/wp-content\/uploads\/2020\/12\/cropped-BE.png","contentUrl":"https:\/\/bahiaeconomica.com.br\/wp\/wp-content\/uploads\/2020\/12\/cropped-BE.png","width":512,"height":512,"caption":"Bahia Econ\u00f4mica"},"image":{"@id":"https:\/\/bahiaeconomica.com.br\/wp\/#\/schema\/logo\/image\/"},"sameAs":["https:\/\/www.facebook.com\/bahiaeconomica"]},{"@type":"Person","@id":"https:\/\/bahiaeconomica.com.br\/wp\/#\/schema\/person\/cb1ab5ba96ad3d9390805381c76284ec","name":"admin","url":"https:\/\/bahiaeconomica.com.br\/wp\/author\/admin\/"}]}},"views":2,"_links":{"self":[{"href":"https:\/\/bahiaeconomica.com.br\/wp\/wp-json\/wp\/v2\/posts\/682618"}],"collection":[{"href":"https:\/\/bahiaeconomica.com.br\/wp\/wp-json\/wp\/v2\/posts"}],"about":[{"href":"https:\/\/bahiaeconomica.com.br\/wp\/wp-json\/wp\/v2\/types\/post"}],"author":[{"embeddable":true,"href":"https:\/\/bahiaeconomica.com.br\/wp\/wp-json\/wp\/v2\/users\/1"}],"replies":[{"embeddable":true,"href":"https:\/\/bahiaeconomica.com.br\/wp\/wp-json\/wp\/v2\/comments?post=682618"}],"version-history":[{"count":1,"href":"https:\/\/bahiaeconomica.com.br\/wp\/wp-json\/wp\/v2\/posts\/682618\/revisions"}],"predecessor-version":[{"id":682621,"href":"https:\/\/bahiaeconomica.com.br\/wp\/wp-json\/wp\/v2\/posts\/682618\/revisions\/682621"}],"wp:featuredmedia":[{"embeddable":true,"href":"https:\/\/bahiaeconomica.com.br\/wp\/wp-json\/wp\/v2\/media\/655778"}],"wp:attachment":[{"href":"https:\/\/bahiaeconomica.com.br\/wp\/wp-json\/wp\/v2\/media?parent=682618"}],"wp:term":[{"taxonomy":"category","embeddable":true,"href":"https:\/\/bahiaeconomica.com.br\/wp\/wp-json\/wp\/v2\/categories?post=682618"},{"taxonomy":"post_tag","embeddable":true,"href":"https:\/\/bahiaeconomica.com.br\/wp\/wp-json\/wp\/v2\/tags?post=682618"}],"curies":[{"name":"wp","href":"https:\/\/api.w.org\/{rel}","templated":true}]}}