{"id":682264,"date":"2022-08-03T07:37:58","date_gmt":"2022-08-03T10:37:58","guid":{"rendered":"https:\/\/bahiaeconomica.com.br\/wp\/beta\/?p=682264"},"modified":"2022-08-03T07:37:58","modified_gmt":"2022-08-03T10:37:58","slug":"estado-de-calamidade-pode-flexibilizar-regras-trabalhistas","status":"publish","type":"post","link":"https:\/\/bahiaeconomica.com.br\/wp\/2022\/08\/03\/estado-de-calamidade-pode-flexibilizar-regras-trabalhistas\/","title":{"rendered":"ESTADO DE CALAMIDADE PODE FLEXIBILIZAR REGRAS TRABALHISTAS"},"content":{"rendered":"<p>Com objetivo de facilitar medidas de auxilio em momentos de calamidade, o plen\u00e1rio da C\u00e2mara dos Deputados aprovou a medida provis\u00f3ria que flexibiliza regras trabalhistas<!--more--> alternativas durante estado de calamidade p\u00fablica. A mat\u00e9ria segue para o Senado. Entre as medidas est\u00e1 a possibilidade de empresas cortarem ou suspenderem temporariamente jornadas e sal\u00e1rios dos trabalhadores. O texto da MP prev\u00ea que haja o reconhecimento do governo federal para o estado de calamidade, que pode ser decretado em \u00e2mbito nacional, estadual ou municipal. Para n\u00e3o perder a validade, a MP precisa ser votada at\u00e9 o dia 7 de agosto pelos senadores.<\/p>\n<p>A proposta inclui teletrabalho; a antecipa\u00e7\u00e3o de f\u00e9rias individuais; a concess\u00e3o de f\u00e9rias coletivas; o aproveitamento e a antecipa\u00e7\u00e3o de feriados; o banco de horas; e a suspens\u00e3o da exigibilidade dos recolhimentos do Fundo de Garantia do Tempo de Servi\u00e7o (FGTS). Segundo o governo, o objetivo da MP \u00e9 preservar o emprego e a renda, garantindo a continuidade das atividades e reduzindo o impacto social decorrente do estado de calamidade p\u00fablica. A MP tamb\u00e9m retoma, com algumas mudan\u00e7as, regras do Programa Emergencial de Manuten\u00e7\u00e3o do Emprego e da Renda, adotado durante a crise causada pela pandemia de covid-19. O programa passa a ser permanente, podendo ser institu\u00eddo para combater consequ\u00eancias de estado de calamidade p\u00fablica.<\/p>\n<p>\u201cN\u00e3o se deve desprezar a experi\u00eancia exitosa das medidas de enfrentamento ao covid-19 que foram fundamentais para a preserva\u00e7\u00e3o de empregos e renda, agora para o caso de calamidade p\u00fablica\u201d, argumentou o relator, deputado Sanderson (PL-RS). \u201cPrecisamos, nesse sentido, contar com uma pol\u00edtica p\u00fablica permanente. Assim, \u00e9 importante dotar o Estado brasileiro de mais agilidade para o enfrentamento de calamidades p\u00fablicas. Em rela\u00e7\u00e3o aos recolhimentos do FGTS, a medida provis\u00f3ria d\u00e1 poderes ao Minist\u00e9rio do Trabalho para suspender a exigibilidade por at\u00e9 quatro meses nos estabelecimentos situados em munic\u00edpios com estado de calamidade p\u00fablica reconhecido pelo governo federal.<\/p>\n<p>A medida alcan\u00e7a todas as empresas, independentemente do setor em que atuam, do regime tribut\u00e1rio ou de ades\u00e3o. Os dep\u00f3sitos ao fundo ser\u00e3o retomados ap\u00f3s o fim da medida alternativa, em seis parcelas, sem incid\u00eancia de juros, multas ou outros encargos. A proposta inclui trabalhadores rurais, dom\u00e9sticos e tempor\u00e1rios urbanos, al\u00e9m de aprendizes e estagi\u00e1rios. Segundo texto, o Minist\u00e9rio do Trabalho e Previd\u00eancia estabelecer\u00e1 o prazo de ado\u00e7\u00e3o das medidas alternativas, que poder\u00e1 ser de at\u00e9 90 dias, prorrog\u00e1vel enquanto durar o estado de calamidade p\u00fablica decretado.<\/p>\n","protected":false},"excerpt":{"rendered":"<p>Com objetivo de facilitar medidas de auxilio em momentos de calamidade, o plen\u00e1rio da C\u00e2mara dos Deputados aprovou a medida provis\u00f3ria que flexibiliza regras trabalhistas<\/p>\n","protected":false},"author":1,"featured_media":565385,"comment_status":"closed","ping_status":"closed","sticky":false,"template":"","format":"standard","meta":[],"categories":[14,3,8],"tags":[],"acf":[],"yoast_head":"<!-- This site is optimized with the Yoast SEO plugin v20.8 - https:\/\/yoast.com\/wordpress\/plugins\/seo\/ -->\n<title>ESTADO DE CALAMIDADE PODE FLEXIBILIZAR REGRAS TRABALHISTAS - Bahia Economica<\/title>\n<meta name=\"description\" content=\"O maior portal de Economia da Bahia DESTAQUE DO DIA, ECONOMIA \/ POL\u00cdTICA, EMPREGOS \/ CONCURSOS Bahia Economica\" \/>\n<meta name=\"robots\" content=\"index, follow, max-snippet:-1, max-image-preview:large, max-video-preview:-1\" \/>\n<link rel=\"canonical\" href=\"https:\/\/bahiaeconomica.com.br\/wp\/2022\/08\/03\/estado-de-calamidade-pode-flexibilizar-regras-trabalhistas\/\" \/>\n<meta property=\"og:locale\" content=\"pt_BR\" \/>\n<meta property=\"og:type\" content=\"article\" \/>\n<meta property=\"og:title\" content=\"ESTADO DE CALAMIDADE PODE FLEXIBILIZAR REGRAS TRABALHISTAS - Bahia Economica\" \/>\n<meta property=\"og:description\" content=\"O maior portal de Economia da Bahia DESTAQUE DO DIA, ECONOMIA \/ POL\u00cdTICA, EMPREGOS \/ CONCURSOS Bahia Economica\" \/>\n<meta property=\"og:url\" content=\"https:\/\/bahiaeconomica.com.br\/wp\/2022\/08\/03\/estado-de-calamidade-pode-flexibilizar-regras-trabalhistas\/\" \/>\n<meta property=\"og:site_name\" content=\"Bahia Economica\" \/>\n<meta property=\"article:publisher\" content=\"https:\/\/www.facebook.com\/bahiaeconomica\" \/>\n<meta property=\"article:published_time\" content=\"2022-08-03T10:37:58+00:00\" \/>\n<meta property=\"og:image\" content=\"https:\/\/bahiaeconomica.com.br\/wp\/wp-content\/uploads\/2021\/05\/trabalho-divida-empresa.jpg\" \/>\n\t<meta property=\"og:image:width\" content=\"500\" \/>\n\t<meta property=\"og:image:height\" content=\"315\" \/>\n\t<meta property=\"og:image:type\" content=\"image\/jpeg\" \/>\n<meta name=\"author\" content=\"admin\" \/>\n<meta name=\"twitter:card\" content=\"summary_large_image\" \/>\n<meta name=\"twitter:label1\" content=\"Escrito por\" \/>\n\t<meta name=\"twitter:data1\" content=\"admin\" \/>\n\t<meta name=\"twitter:label2\" content=\"Est. tempo de leitura\" \/>\n\t<meta name=\"twitter:data2\" content=\"2 minutos\" \/>\n<script type=\"application\/ld+json\" class=\"yoast-schema-graph\">{\"@context\":\"https:\/\/schema.org\",\"@graph\":[{\"@type\":\"Article\",\"@id\":\"https:\/\/bahiaeconomica.com.br\/wp\/2022\/08\/03\/estado-de-calamidade-pode-flexibilizar-regras-trabalhistas\/#article\",\"isPartOf\":{\"@id\":\"https:\/\/bahiaeconomica.com.br\/wp\/2022\/08\/03\/estado-de-calamidade-pode-flexibilizar-regras-trabalhistas\/\"},\"author\":{\"name\":\"admin\",\"@id\":\"https:\/\/bahiaeconomica.com.br\/wp\/#\/schema\/person\/cb1ab5ba96ad3d9390805381c76284ec\"},\"headline\":\"ESTADO DE CALAMIDADE PODE FLEXIBILIZAR REGRAS TRABALHISTAS\",\"datePublished\":\"2022-08-03T10:37:58+00:00\",\"dateModified\":\"2022-08-03T10:37:58+00:00\",\"mainEntityOfPage\":{\"@id\":\"https:\/\/bahiaeconomica.com.br\/wp\/2022\/08\/03\/estado-de-calamidade-pode-flexibilizar-regras-trabalhistas\/\"},\"wordCount\":451,\"publisher\":{\"@id\":\"https:\/\/bahiaeconomica.com.br\/wp\/#organization\"},\"articleSection\":[\"DESTAQUE DO DIA\",\"ECONOMIA \/ POL\u00cdTICA\",\"EMPREGOS \/ CONCURSOS\"],\"inLanguage\":\"pt-BR\"},{\"@type\":\"WebPage\",\"@id\":\"https:\/\/bahiaeconomica.com.br\/wp\/2022\/08\/03\/estado-de-calamidade-pode-flexibilizar-regras-trabalhistas\/\",\"url\":\"https:\/\/bahiaeconomica.com.br\/wp\/2022\/08\/03\/estado-de-calamidade-pode-flexibilizar-regras-trabalhistas\/\",\"name\":\"ESTADO DE CALAMIDADE PODE FLEXIBILIZAR REGRAS TRABALHISTAS - Bahia Economica\",\"isPartOf\":{\"@id\":\"https:\/\/bahiaeconomica.com.br\/wp\/#website\"},\"datePublished\":\"2022-08-03T10:37:58+00:00\",\"dateModified\":\"2022-08-03T10:37:58+00:00\",\"description\":\"O maior portal de Economia da Bahia DESTAQUE DO DIA, ECONOMIA \/ POL\u00cdTICA, EMPREGOS \/ CONCURSOS Bahia Economica\",\"breadcrumb\":{\"@id\":\"https:\/\/bahiaeconomica.com.br\/wp\/2022\/08\/03\/estado-de-calamidade-pode-flexibilizar-regras-trabalhistas\/#breadcrumb\"},\"inLanguage\":\"pt-BR\",\"potentialAction\":[{\"@type\":\"ReadAction\",\"target\":[\"https:\/\/bahiaeconomica.com.br\/wp\/2022\/08\/03\/estado-de-calamidade-pode-flexibilizar-regras-trabalhistas\/\"]}]},{\"@type\":\"BreadcrumbList\",\"@id\":\"https:\/\/bahiaeconomica.com.br\/wp\/2022\/08\/03\/estado-de-calamidade-pode-flexibilizar-regras-trabalhistas\/#breadcrumb\",\"itemListElement\":[{\"@type\":\"ListItem\",\"position\":1,\"name\":\"In\u00edcio\",\"item\":\"https:\/\/bahiaeconomica.com.br\/wp\/\"},{\"@type\":\"ListItem\",\"position\":2,\"name\":\"ESTADO DE CALAMIDADE PODE FLEXIBILIZAR REGRAS TRABALHISTAS\"}]},{\"@type\":\"WebSite\",\"@id\":\"https:\/\/bahiaeconomica.com.br\/wp\/#website\",\"url\":\"https:\/\/bahiaeconomica.com.br\/wp\/\",\"name\":\"Bahia Economica\",\"description\":\"O maior portal de Economia da Bahia\",\"publisher\":{\"@id\":\"https:\/\/bahiaeconomica.com.br\/wp\/#organization\"},\"potentialAction\":[{\"@type\":\"SearchAction\",\"target\":{\"@type\":\"EntryPoint\",\"urlTemplate\":\"https:\/\/bahiaeconomica.com.br\/wp\/?s={search_term_string}\"},\"query-input\":\"required name=search_term_string\"}],\"inLanguage\":\"pt-BR\"},{\"@type\":\"Organization\",\"@id\":\"https:\/\/bahiaeconomica.com.br\/wp\/#organization\",\"name\":\"Bahia Econ\u00f4mica\",\"url\":\"https:\/\/bahiaeconomica.com.br\/wp\/\",\"logo\":{\"@type\":\"ImageObject\",\"inLanguage\":\"pt-BR\",\"@id\":\"https:\/\/bahiaeconomica.com.br\/wp\/#\/schema\/logo\/image\/\",\"url\":\"https:\/\/bahiaeconomica.com.br\/wp\/wp-content\/uploads\/2020\/12\/cropped-BE.png\",\"contentUrl\":\"https:\/\/bahiaeconomica.com.br\/wp\/wp-content\/uploads\/2020\/12\/cropped-BE.png\",\"width\":512,\"height\":512,\"caption\":\"Bahia Econ\u00f4mica\"},\"image\":{\"@id\":\"https:\/\/bahiaeconomica.com.br\/wp\/#\/schema\/logo\/image\/\"},\"sameAs\":[\"https:\/\/www.facebook.com\/bahiaeconomica\"]},{\"@type\":\"Person\",\"@id\":\"https:\/\/bahiaeconomica.com.br\/wp\/#\/schema\/person\/cb1ab5ba96ad3d9390805381c76284ec\",\"name\":\"admin\",\"url\":\"https:\/\/bahiaeconomica.com.br\/wp\/author\/admin\/\"}]}<\/script>\n<!-- \/ Yoast SEO plugin. -->","yoast_head_json":{"title":"ESTADO DE CALAMIDADE PODE FLEXIBILIZAR REGRAS TRABALHISTAS - Bahia Economica","description":"O maior portal de Economia da Bahia DESTAQUE DO DIA, ECONOMIA \/ POL\u00cdTICA, EMPREGOS \/ CONCURSOS Bahia Economica","robots":{"index":"index","follow":"follow","max-snippet":"max-snippet:-1","max-image-preview":"max-image-preview:large","max-video-preview":"max-video-preview:-1"},"canonical":"https:\/\/bahiaeconomica.com.br\/wp\/2022\/08\/03\/estado-de-calamidade-pode-flexibilizar-regras-trabalhistas\/","og_locale":"pt_BR","og_type":"article","og_title":"ESTADO DE CALAMIDADE PODE FLEXIBILIZAR REGRAS TRABALHISTAS - Bahia Economica","og_description":"O maior portal de Economia da Bahia DESTAQUE DO DIA, ECONOMIA \/ POL\u00cdTICA, EMPREGOS \/ CONCURSOS Bahia Economica","og_url":"https:\/\/bahiaeconomica.com.br\/wp\/2022\/08\/03\/estado-de-calamidade-pode-flexibilizar-regras-trabalhistas\/","og_site_name":"Bahia Economica","article_publisher":"https:\/\/www.facebook.com\/bahiaeconomica","article_published_time":"2022-08-03T10:37:58+00:00","og_image":[{"width":500,"height":315,"url":"https:\/\/bahiaeconomica.com.br\/wp\/wp-content\/uploads\/2021\/05\/trabalho-divida-empresa.jpg","type":"image\/jpeg"}],"author":"admin","twitter_card":"summary_large_image","twitter_misc":{"Escrito por":"admin","Est. tempo de leitura":"2 minutos"},"schema":{"@context":"https:\/\/schema.org","@graph":[{"@type":"Article","@id":"https:\/\/bahiaeconomica.com.br\/wp\/2022\/08\/03\/estado-de-calamidade-pode-flexibilizar-regras-trabalhistas\/#article","isPartOf":{"@id":"https:\/\/bahiaeconomica.com.br\/wp\/2022\/08\/03\/estado-de-calamidade-pode-flexibilizar-regras-trabalhistas\/"},"author":{"name":"admin","@id":"https:\/\/bahiaeconomica.com.br\/wp\/#\/schema\/person\/cb1ab5ba96ad3d9390805381c76284ec"},"headline":"ESTADO DE CALAMIDADE PODE FLEXIBILIZAR REGRAS TRABALHISTAS","datePublished":"2022-08-03T10:37:58+00:00","dateModified":"2022-08-03T10:37:58+00:00","mainEntityOfPage":{"@id":"https:\/\/bahiaeconomica.com.br\/wp\/2022\/08\/03\/estado-de-calamidade-pode-flexibilizar-regras-trabalhistas\/"},"wordCount":451,"publisher":{"@id":"https:\/\/bahiaeconomica.com.br\/wp\/#organization"},"articleSection":["DESTAQUE DO DIA","ECONOMIA \/ POL\u00cdTICA","EMPREGOS \/ CONCURSOS"],"inLanguage":"pt-BR"},{"@type":"WebPage","@id":"https:\/\/bahiaeconomica.com.br\/wp\/2022\/08\/03\/estado-de-calamidade-pode-flexibilizar-regras-trabalhistas\/","url":"https:\/\/bahiaeconomica.com.br\/wp\/2022\/08\/03\/estado-de-calamidade-pode-flexibilizar-regras-trabalhistas\/","name":"ESTADO DE CALAMIDADE PODE FLEXIBILIZAR REGRAS TRABALHISTAS - Bahia Economica","isPartOf":{"@id":"https:\/\/bahiaeconomica.com.br\/wp\/#website"},"datePublished":"2022-08-03T10:37:58+00:00","dateModified":"2022-08-03T10:37:58+00:00","description":"O maior portal de Economia da Bahia DESTAQUE DO DIA, ECONOMIA \/ POL\u00cdTICA, EMPREGOS \/ CONCURSOS Bahia Economica","breadcrumb":{"@id":"https:\/\/bahiaeconomica.com.br\/wp\/2022\/08\/03\/estado-de-calamidade-pode-flexibilizar-regras-trabalhistas\/#breadcrumb"},"inLanguage":"pt-BR","potentialAction":[{"@type":"ReadAction","target":["https:\/\/bahiaeconomica.com.br\/wp\/2022\/08\/03\/estado-de-calamidade-pode-flexibilizar-regras-trabalhistas\/"]}]},{"@type":"BreadcrumbList","@id":"https:\/\/bahiaeconomica.com.br\/wp\/2022\/08\/03\/estado-de-calamidade-pode-flexibilizar-regras-trabalhistas\/#breadcrumb","itemListElement":[{"@type":"ListItem","position":1,"name":"In\u00edcio","item":"https:\/\/bahiaeconomica.com.br\/wp\/"},{"@type":"ListItem","position":2,"name":"ESTADO DE CALAMIDADE PODE FLEXIBILIZAR REGRAS TRABALHISTAS"}]},{"@type":"WebSite","@id":"https:\/\/bahiaeconomica.com.br\/wp\/#website","url":"https:\/\/bahiaeconomica.com.br\/wp\/","name":"Bahia Economica","description":"O maior portal de Economia da Bahia","publisher":{"@id":"https:\/\/bahiaeconomica.com.br\/wp\/#organization"},"potentialAction":[{"@type":"SearchAction","target":{"@type":"EntryPoint","urlTemplate":"https:\/\/bahiaeconomica.com.br\/wp\/?s={search_term_string}"},"query-input":"required name=search_term_string"}],"inLanguage":"pt-BR"},{"@type":"Organization","@id":"https:\/\/bahiaeconomica.com.br\/wp\/#organization","name":"Bahia Econ\u00f4mica","url":"https:\/\/bahiaeconomica.com.br\/wp\/","logo":{"@type":"ImageObject","inLanguage":"pt-BR","@id":"https:\/\/bahiaeconomica.com.br\/wp\/#\/schema\/logo\/image\/","url":"https:\/\/bahiaeconomica.com.br\/wp\/wp-content\/uploads\/2020\/12\/cropped-BE.png","contentUrl":"https:\/\/bahiaeconomica.com.br\/wp\/wp-content\/uploads\/2020\/12\/cropped-BE.png","width":512,"height":512,"caption":"Bahia Econ\u00f4mica"},"image":{"@id":"https:\/\/bahiaeconomica.com.br\/wp\/#\/schema\/logo\/image\/"},"sameAs":["https:\/\/www.facebook.com\/bahiaeconomica"]},{"@type":"Person","@id":"https:\/\/bahiaeconomica.com.br\/wp\/#\/schema\/person\/cb1ab5ba96ad3d9390805381c76284ec","name":"admin","url":"https:\/\/bahiaeconomica.com.br\/wp\/author\/admin\/"}]}},"views":3,"_links":{"self":[{"href":"https:\/\/bahiaeconomica.com.br\/wp\/wp-json\/wp\/v2\/posts\/682264"}],"collection":[{"href":"https:\/\/bahiaeconomica.com.br\/wp\/wp-json\/wp\/v2\/posts"}],"about":[{"href":"https:\/\/bahiaeconomica.com.br\/wp\/wp-json\/wp\/v2\/types\/post"}],"author":[{"embeddable":true,"href":"https:\/\/bahiaeconomica.com.br\/wp\/wp-json\/wp\/v2\/users\/1"}],"replies":[{"embeddable":true,"href":"https:\/\/bahiaeconomica.com.br\/wp\/wp-json\/wp\/v2\/comments?post=682264"}],"version-history":[{"count":1,"href":"https:\/\/bahiaeconomica.com.br\/wp\/wp-json\/wp\/v2\/posts\/682264\/revisions"}],"predecessor-version":[{"id":682266,"href":"https:\/\/bahiaeconomica.com.br\/wp\/wp-json\/wp\/v2\/posts\/682264\/revisions\/682266"}],"wp:featuredmedia":[{"embeddable":true,"href":"https:\/\/bahiaeconomica.com.br\/wp\/wp-json\/wp\/v2\/media\/565385"}],"wp:attachment":[{"href":"https:\/\/bahiaeconomica.com.br\/wp\/wp-json\/wp\/v2\/media?parent=682264"}],"wp:term":[{"taxonomy":"category","embeddable":true,"href":"https:\/\/bahiaeconomica.com.br\/wp\/wp-json\/wp\/v2\/categories?post=682264"},{"taxonomy":"post_tag","embeddable":true,"href":"https:\/\/bahiaeconomica.com.br\/wp\/wp-json\/wp\/v2\/tags?post=682264"}],"curies":[{"name":"wp","href":"https:\/\/api.w.org\/{rel}","templated":true}]}}