{"id":682237,"date":"2022-08-03T13:20:31","date_gmt":"2022-08-03T16:20:31","guid":{"rendered":"https:\/\/bahiaeconomica.com.br\/wp\/beta\/?p=682237"},"modified":"2022-08-03T13:31:14","modified_gmt":"2022-08-03T16:31:14","slug":"pp-anuncia-veto-a-coligacoes-com-o-pt-em-todos-os-estados","status":"publish","type":"post","link":"https:\/\/bahiaeconomica.com.br\/wp\/2022\/08\/03\/pp-anuncia-veto-a-coligacoes-com-o-pt-em-todos-os-estados\/","title":{"rendered":"PP ANUNCIA VETO A COLIGA\u00c7\u00d5ES COM O PT EM TODOS OS ESTADOS"},"content":{"rendered":"<p>O PP, sigla do Centr\u00e3o que est\u00e1 na coliga\u00e7\u00e3o do presidente Jair Bolsonaro (PL), anunciou nesta ter\u00e7a-feira um veto a coliga\u00e7\u00f5es com o PT, partido do ex-presidente <!--more-->Lula, em todos os estados. A manifesta\u00e7\u00e3o da c\u00fapula do PP ocorreu dias depois de o partido ter entrado na Justi\u00e7a Eleitoral no Piau\u00ed, estado de seu presidente licenciado, ministro Ciro Nogueira (Casa Civil), numa tentativa de proibir a circula\u00e7\u00e3o de imagens que mostrem Bolsonaro com candidatos apoiados pelo partido na disputa ao governo local.<\/p>\n<p>Em paralelo \u00e0 tentativa de esconder a imagem de Bolsonaro em estados do Nordeste, onde o presidente \u00e9 considerado um candidato com forte rejei\u00e7\u00e3o, o PP fez um aceno ao Pal\u00e1cio do Planalto proibindo apoios ao PT em todo o pa\u00eds. Nogueira, presidente licenciado do PP, discursou ao lado de Bolsonaro na conven\u00e7\u00e3o nacional do partido, na \u00faltima quarta-feira, e publicou registros do evento em suas redes sociais.<\/p>\n<p>J\u00e1 na conven\u00e7\u00e3o estadual do PP no Piau\u00ed, no fim de semana, a imagem de Bolsonaro n\u00e3o apareceu no evento que declarou apoio \u00e0 candidatura de Silvio Mendes (Uni\u00e3o) ao governo, tendo como vice a deputada federal Iracema Portella (PP), ex-mulher de Nogueira. No estado, o PP alegou ser fake news qualquer imagem que vincule Mendes e Portella a Bolsonaro, sob o argumento de que o PL tem candidatura pr\u00f3pria ao governo, com o major Diego Melo.<\/p>\n<p>O presidente em exerc\u00edcio do PP, deputado federal Cl\u00e1udio Cajado, chegou a declarar no in\u00edcio do ano que n\u00e3o via &#8220;problema nenhum&#8221; em manter a alian\u00e7a com o PT em seu estado, a Bahia, e apoiar Bolsonaro nacionalmente. \u00c0 \u00e9poca, o PP fazia parte da base do governador Rui Costa (PT), e pleiteava assumir o Executivo baiano em um mandato-tamp\u00e3o com o vice-governador Jo\u00e3o Le\u00e3o (PP). Sem o espa\u00e7o desejado, Le\u00e3o rompeu com o PT e declarou apoio a ACM Neto (Uni\u00e3o).<\/p>\n<p>Foto: divulga\u00e7\u00e3o<\/p>\n","protected":false},"excerpt":{"rendered":"<p>O PP, sigla do Centr\u00e3o que est\u00e1 na coliga\u00e7\u00e3o do presidente Jair Bolsonaro (PL), anunciou nesta ter\u00e7a-feira um veto a coliga\u00e7\u00f5es com o PT, partido do ex-presidente<\/p>\n","protected":false},"author":1,"featured_media":671105,"comment_status":"closed","ping_status":"closed","sticky":false,"template":"","format":"standard","meta":[],"categories":[14,3],"tags":[],"acf":[],"yoast_head":"<!-- This site is optimized with the Yoast SEO plugin v20.8 - https:\/\/yoast.com\/wordpress\/plugins\/seo\/ -->\n<title>PP ANUNCIA VETO A COLIGA\u00c7\u00d5ES COM O PT EM TODOS OS ESTADOS - Bahia Economica<\/title>\n<meta name=\"description\" content=\"O maior portal de Economia da Bahia DESTAQUE DO DIA, ECONOMIA \/ POL\u00cdTICA Bahia Economica\" \/>\n<meta name=\"robots\" content=\"index, follow, max-snippet:-1, max-image-preview:large, max-video-preview:-1\" \/>\n<link rel=\"canonical\" href=\"https:\/\/bahiaeconomica.com.br\/wp\/2022\/08\/03\/pp-anuncia-veto-a-coligacoes-com-o-pt-em-todos-os-estados\/\" \/>\n<meta property=\"og:locale\" content=\"pt_BR\" \/>\n<meta property=\"og:type\" content=\"article\" \/>\n<meta property=\"og:title\" content=\"PP ANUNCIA VETO A COLIGA\u00c7\u00d5ES COM O PT EM TODOS OS ESTADOS - Bahia Economica\" \/>\n<meta property=\"og:description\" content=\"O maior portal de Economia da Bahia DESTAQUE DO DIA, ECONOMIA \/ POL\u00cdTICA Bahia Economica\" \/>\n<meta property=\"og:url\" content=\"https:\/\/bahiaeconomica.com.br\/wp\/2022\/08\/03\/pp-anuncia-veto-a-coligacoes-com-o-pt-em-todos-os-estados\/\" \/>\n<meta property=\"og:site_name\" content=\"Bahia Economica\" \/>\n<meta property=\"article:publisher\" content=\"https:\/\/www.facebook.com\/bahiaeconomica\" \/>\n<meta property=\"article:published_time\" content=\"2022-08-03T16:20:31+00:00\" \/>\n<meta property=\"article:modified_time\" content=\"2022-08-03T16:31:14+00:00\" \/>\n<meta property=\"og:image\" content=\"https:\/\/bahiaeconomica.com.br\/wp\/wp-content\/uploads\/2022\/06\/ciro-nogueira-foto-Edilson-RodriguesAgencia-Senado.jpg\" \/>\n\t<meta property=\"og:image:width\" content=\"360\" \/>\n\t<meta property=\"og:image:height\" content=\"220\" \/>\n\t<meta property=\"og:image:type\" content=\"image\/jpeg\" \/>\n<meta name=\"author\" content=\"admin\" \/>\n<meta name=\"twitter:card\" content=\"summary_large_image\" \/>\n<meta name=\"twitter:label1\" content=\"Escrito por\" \/>\n\t<meta name=\"twitter:data1\" content=\"admin\" \/>\n\t<meta name=\"twitter:label2\" content=\"Est. tempo de leitura\" \/>\n\t<meta name=\"twitter:data2\" content=\"2 minutos\" \/>\n<script type=\"application\/ld+json\" class=\"yoast-schema-graph\">{\"@context\":\"https:\/\/schema.org\",\"@graph\":[{\"@type\":\"Article\",\"@id\":\"https:\/\/bahiaeconomica.com.br\/wp\/2022\/08\/03\/pp-anuncia-veto-a-coligacoes-com-o-pt-em-todos-os-estados\/#article\",\"isPartOf\":{\"@id\":\"https:\/\/bahiaeconomica.com.br\/wp\/2022\/08\/03\/pp-anuncia-veto-a-coligacoes-com-o-pt-em-todos-os-estados\/\"},\"author\":{\"name\":\"admin\",\"@id\":\"https:\/\/bahiaeconomica.com.br\/wp\/#\/schema\/person\/cb1ab5ba96ad3d9390805381c76284ec\"},\"headline\":\"PP ANUNCIA VETO A COLIGA\u00c7\u00d5ES COM O PT EM TODOS OS ESTADOS\",\"datePublished\":\"2022-08-03T16:20:31+00:00\",\"dateModified\":\"2022-08-03T16:31:14+00:00\",\"mainEntityOfPage\":{\"@id\":\"https:\/\/bahiaeconomica.com.br\/wp\/2022\/08\/03\/pp-anuncia-veto-a-coligacoes-com-o-pt-em-todos-os-estados\/\"},\"wordCount\":348,\"publisher\":{\"@id\":\"https:\/\/bahiaeconomica.com.br\/wp\/#organization\"},\"articleSection\":[\"DESTAQUE DO DIA\",\"ECONOMIA \/ POL\u00cdTICA\"],\"inLanguage\":\"pt-BR\"},{\"@type\":\"WebPage\",\"@id\":\"https:\/\/bahiaeconomica.com.br\/wp\/2022\/08\/03\/pp-anuncia-veto-a-coligacoes-com-o-pt-em-todos-os-estados\/\",\"url\":\"https:\/\/bahiaeconomica.com.br\/wp\/2022\/08\/03\/pp-anuncia-veto-a-coligacoes-com-o-pt-em-todos-os-estados\/\",\"name\":\"PP ANUNCIA VETO A COLIGA\u00c7\u00d5ES COM O PT EM TODOS OS ESTADOS - Bahia Economica\",\"isPartOf\":{\"@id\":\"https:\/\/bahiaeconomica.com.br\/wp\/#website\"},\"datePublished\":\"2022-08-03T16:20:31+00:00\",\"dateModified\":\"2022-08-03T16:31:14+00:00\",\"description\":\"O maior portal de Economia da Bahia DESTAQUE DO DIA, ECONOMIA \/ POL\u00cdTICA Bahia Economica\",\"breadcrumb\":{\"@id\":\"https:\/\/bahiaeconomica.com.br\/wp\/2022\/08\/03\/pp-anuncia-veto-a-coligacoes-com-o-pt-em-todos-os-estados\/#breadcrumb\"},\"inLanguage\":\"pt-BR\",\"potentialAction\":[{\"@type\":\"ReadAction\",\"target\":[\"https:\/\/bahiaeconomica.com.br\/wp\/2022\/08\/03\/pp-anuncia-veto-a-coligacoes-com-o-pt-em-todos-os-estados\/\"]}]},{\"@type\":\"BreadcrumbList\",\"@id\":\"https:\/\/bahiaeconomica.com.br\/wp\/2022\/08\/03\/pp-anuncia-veto-a-coligacoes-com-o-pt-em-todos-os-estados\/#breadcrumb\",\"itemListElement\":[{\"@type\":\"ListItem\",\"position\":1,\"name\":\"In\u00edcio\",\"item\":\"https:\/\/bahiaeconomica.com.br\/wp\/\"},{\"@type\":\"ListItem\",\"position\":2,\"name\":\"PP ANUNCIA VETO A COLIGA\u00c7\u00d5ES COM O PT EM TODOS OS ESTADOS\"}]},{\"@type\":\"WebSite\",\"@id\":\"https:\/\/bahiaeconomica.com.br\/wp\/#website\",\"url\":\"https:\/\/bahiaeconomica.com.br\/wp\/\",\"name\":\"Bahia Economica\",\"description\":\"O maior portal de Economia da Bahia\",\"publisher\":{\"@id\":\"https:\/\/bahiaeconomica.com.br\/wp\/#organization\"},\"potentialAction\":[{\"@type\":\"SearchAction\",\"target\":{\"@type\":\"EntryPoint\",\"urlTemplate\":\"https:\/\/bahiaeconomica.com.br\/wp\/?s={search_term_string}\"},\"query-input\":\"required name=search_term_string\"}],\"inLanguage\":\"pt-BR\"},{\"@type\":\"Organization\",\"@id\":\"https:\/\/bahiaeconomica.com.br\/wp\/#organization\",\"name\":\"Bahia Econ\u00f4mica\",\"url\":\"https:\/\/bahiaeconomica.com.br\/wp\/\",\"logo\":{\"@type\":\"ImageObject\",\"inLanguage\":\"pt-BR\",\"@id\":\"https:\/\/bahiaeconomica.com.br\/wp\/#\/schema\/logo\/image\/\",\"url\":\"https:\/\/bahiaeconomica.com.br\/wp\/wp-content\/uploads\/2020\/12\/cropped-BE.png\",\"contentUrl\":\"https:\/\/bahiaeconomica.com.br\/wp\/wp-content\/uploads\/2020\/12\/cropped-BE.png\",\"width\":512,\"height\":512,\"caption\":\"Bahia Econ\u00f4mica\"},\"image\":{\"@id\":\"https:\/\/bahiaeconomica.com.br\/wp\/#\/schema\/logo\/image\/\"},\"sameAs\":[\"https:\/\/www.facebook.com\/bahiaeconomica\"]},{\"@type\":\"Person\",\"@id\":\"https:\/\/bahiaeconomica.com.br\/wp\/#\/schema\/person\/cb1ab5ba96ad3d9390805381c76284ec\",\"name\":\"admin\",\"url\":\"https:\/\/bahiaeconomica.com.br\/wp\/author\/admin\/\"}]}<\/script>\n<!-- \/ Yoast SEO plugin. -->","yoast_head_json":{"title":"PP ANUNCIA VETO A COLIGA\u00c7\u00d5ES COM O PT EM TODOS OS ESTADOS - Bahia Economica","description":"O maior portal de Economia da Bahia DESTAQUE DO DIA, ECONOMIA \/ POL\u00cdTICA Bahia Economica","robots":{"index":"index","follow":"follow","max-snippet":"max-snippet:-1","max-image-preview":"max-image-preview:large","max-video-preview":"max-video-preview:-1"},"canonical":"https:\/\/bahiaeconomica.com.br\/wp\/2022\/08\/03\/pp-anuncia-veto-a-coligacoes-com-o-pt-em-todos-os-estados\/","og_locale":"pt_BR","og_type":"article","og_title":"PP ANUNCIA VETO A COLIGA\u00c7\u00d5ES COM O PT EM TODOS OS ESTADOS - Bahia Economica","og_description":"O maior portal de Economia da Bahia DESTAQUE DO DIA, ECONOMIA \/ POL\u00cdTICA Bahia Economica","og_url":"https:\/\/bahiaeconomica.com.br\/wp\/2022\/08\/03\/pp-anuncia-veto-a-coligacoes-com-o-pt-em-todos-os-estados\/","og_site_name":"Bahia Economica","article_publisher":"https:\/\/www.facebook.com\/bahiaeconomica","article_published_time":"2022-08-03T16:20:31+00:00","article_modified_time":"2022-08-03T16:31:14+00:00","og_image":[{"width":360,"height":220,"url":"https:\/\/bahiaeconomica.com.br\/wp\/wp-content\/uploads\/2022\/06\/ciro-nogueira-foto-Edilson-RodriguesAgencia-Senado.jpg","type":"image\/jpeg"}],"author":"admin","twitter_card":"summary_large_image","twitter_misc":{"Escrito por":"admin","Est. tempo de leitura":"2 minutos"},"schema":{"@context":"https:\/\/schema.org","@graph":[{"@type":"Article","@id":"https:\/\/bahiaeconomica.com.br\/wp\/2022\/08\/03\/pp-anuncia-veto-a-coligacoes-com-o-pt-em-todos-os-estados\/#article","isPartOf":{"@id":"https:\/\/bahiaeconomica.com.br\/wp\/2022\/08\/03\/pp-anuncia-veto-a-coligacoes-com-o-pt-em-todos-os-estados\/"},"author":{"name":"admin","@id":"https:\/\/bahiaeconomica.com.br\/wp\/#\/schema\/person\/cb1ab5ba96ad3d9390805381c76284ec"},"headline":"PP ANUNCIA VETO A COLIGA\u00c7\u00d5ES COM O PT EM TODOS OS ESTADOS","datePublished":"2022-08-03T16:20:31+00:00","dateModified":"2022-08-03T16:31:14+00:00","mainEntityOfPage":{"@id":"https:\/\/bahiaeconomica.com.br\/wp\/2022\/08\/03\/pp-anuncia-veto-a-coligacoes-com-o-pt-em-todos-os-estados\/"},"wordCount":348,"publisher":{"@id":"https:\/\/bahiaeconomica.com.br\/wp\/#organization"},"articleSection":["DESTAQUE DO DIA","ECONOMIA \/ POL\u00cdTICA"],"inLanguage":"pt-BR"},{"@type":"WebPage","@id":"https:\/\/bahiaeconomica.com.br\/wp\/2022\/08\/03\/pp-anuncia-veto-a-coligacoes-com-o-pt-em-todos-os-estados\/","url":"https:\/\/bahiaeconomica.com.br\/wp\/2022\/08\/03\/pp-anuncia-veto-a-coligacoes-com-o-pt-em-todos-os-estados\/","name":"PP ANUNCIA VETO A COLIGA\u00c7\u00d5ES COM O PT EM TODOS OS ESTADOS - Bahia Economica","isPartOf":{"@id":"https:\/\/bahiaeconomica.com.br\/wp\/#website"},"datePublished":"2022-08-03T16:20:31+00:00","dateModified":"2022-08-03T16:31:14+00:00","description":"O maior portal de Economia da Bahia DESTAQUE DO DIA, ECONOMIA \/ POL\u00cdTICA Bahia Economica","breadcrumb":{"@id":"https:\/\/bahiaeconomica.com.br\/wp\/2022\/08\/03\/pp-anuncia-veto-a-coligacoes-com-o-pt-em-todos-os-estados\/#breadcrumb"},"inLanguage":"pt-BR","potentialAction":[{"@type":"ReadAction","target":["https:\/\/bahiaeconomica.com.br\/wp\/2022\/08\/03\/pp-anuncia-veto-a-coligacoes-com-o-pt-em-todos-os-estados\/"]}]},{"@type":"BreadcrumbList","@id":"https:\/\/bahiaeconomica.com.br\/wp\/2022\/08\/03\/pp-anuncia-veto-a-coligacoes-com-o-pt-em-todos-os-estados\/#breadcrumb","itemListElement":[{"@type":"ListItem","position":1,"name":"In\u00edcio","item":"https:\/\/bahiaeconomica.com.br\/wp\/"},{"@type":"ListItem","position":2,"name":"PP ANUNCIA VETO A COLIGA\u00c7\u00d5ES COM O PT EM TODOS OS ESTADOS"}]},{"@type":"WebSite","@id":"https:\/\/bahiaeconomica.com.br\/wp\/#website","url":"https:\/\/bahiaeconomica.com.br\/wp\/","name":"Bahia Economica","description":"O maior portal de Economia da Bahia","publisher":{"@id":"https:\/\/bahiaeconomica.com.br\/wp\/#organization"},"potentialAction":[{"@type":"SearchAction","target":{"@type":"EntryPoint","urlTemplate":"https:\/\/bahiaeconomica.com.br\/wp\/?s={search_term_string}"},"query-input":"required name=search_term_string"}],"inLanguage":"pt-BR"},{"@type":"Organization","@id":"https:\/\/bahiaeconomica.com.br\/wp\/#organization","name":"Bahia Econ\u00f4mica","url":"https:\/\/bahiaeconomica.com.br\/wp\/","logo":{"@type":"ImageObject","inLanguage":"pt-BR","@id":"https:\/\/bahiaeconomica.com.br\/wp\/#\/schema\/logo\/image\/","url":"https:\/\/bahiaeconomica.com.br\/wp\/wp-content\/uploads\/2020\/12\/cropped-BE.png","contentUrl":"https:\/\/bahiaeconomica.com.br\/wp\/wp-content\/uploads\/2020\/12\/cropped-BE.png","width":512,"height":512,"caption":"Bahia Econ\u00f4mica"},"image":{"@id":"https:\/\/bahiaeconomica.com.br\/wp\/#\/schema\/logo\/image\/"},"sameAs":["https:\/\/www.facebook.com\/bahiaeconomica"]},{"@type":"Person","@id":"https:\/\/bahiaeconomica.com.br\/wp\/#\/schema\/person\/cb1ab5ba96ad3d9390805381c76284ec","name":"admin","url":"https:\/\/bahiaeconomica.com.br\/wp\/author\/admin\/"}]}},"views":8,"_links":{"self":[{"href":"https:\/\/bahiaeconomica.com.br\/wp\/wp-json\/wp\/v2\/posts\/682237"}],"collection":[{"href":"https:\/\/bahiaeconomica.com.br\/wp\/wp-json\/wp\/v2\/posts"}],"about":[{"href":"https:\/\/bahiaeconomica.com.br\/wp\/wp-json\/wp\/v2\/types\/post"}],"author":[{"embeddable":true,"href":"https:\/\/bahiaeconomica.com.br\/wp\/wp-json\/wp\/v2\/users\/1"}],"replies":[{"embeddable":true,"href":"https:\/\/bahiaeconomica.com.br\/wp\/wp-json\/wp\/v2\/comments?post=682237"}],"version-history":[{"count":2,"href":"https:\/\/bahiaeconomica.com.br\/wp\/wp-json\/wp\/v2\/posts\/682237\/revisions"}],"predecessor-version":[{"id":682240,"href":"https:\/\/bahiaeconomica.com.br\/wp\/wp-json\/wp\/v2\/posts\/682237\/revisions\/682240"}],"wp:featuredmedia":[{"embeddable":true,"href":"https:\/\/bahiaeconomica.com.br\/wp\/wp-json\/wp\/v2\/media\/671105"}],"wp:attachment":[{"href":"https:\/\/bahiaeconomica.com.br\/wp\/wp-json\/wp\/v2\/media?parent=682237"}],"wp:term":[{"taxonomy":"category","embeddable":true,"href":"https:\/\/bahiaeconomica.com.br\/wp\/wp-json\/wp\/v2\/categories?post=682237"},{"taxonomy":"post_tag","embeddable":true,"href":"https:\/\/bahiaeconomica.com.br\/wp\/wp-json\/wp\/v2\/tags?post=682237"}],"curies":[{"name":"wp","href":"https:\/\/api.w.org\/{rel}","templated":true}]}}