{"id":681078,"date":"2022-07-28T08:43:55","date_gmt":"2022-07-28T11:43:55","guid":{"rendered":"https:\/\/bahiaeconomica.com.br\/wp\/beta\/?p=681078"},"modified":"2022-07-28T08:44:31","modified_gmt":"2022-07-28T11:44:31","slug":"pf-indica-que-lider-do-governo-no-senado-pediu-propina-em-troca-de-ajuda-no-inmetro","status":"publish","type":"post","link":"https:\/\/bahiaeconomica.com.br\/wp\/2022\/07\/28\/pf-indica-que-lider-do-governo-no-senado-pediu-propina-em-troca-de-ajuda-no-inmetro\/","title":{"rendered":"PF INDICA QUE L\u00cdDER DO GOVERNO NO SENADO PEDIU PROPINA EM TROCA DE AJUDA NO INMETRO"},"content":{"rendered":"<p>O senador licenciado Eduardo Gomes (PL-TO) est\u00e1 na mira da Pol\u00edcia Federal. O \u00f3rg\u00e3o \u00a0encontrou trocas de mensagens indicando que o l\u00edder do governo de Jair Bolsonaro no Congresso Nacional, fez pedidos<!--more--> de dep\u00f3sitos banc\u00e1rios a um empres\u00e1rio ao qual prometeu ajudar a adiar uma portaria do Instituto Nacional de Metrologia, Qualidade e Tecnologia (Inmetro). Procurado, o parlamentar disse que os repasses financeiros eram \u201cempr\u00e9stimos\u201d e negou ter praticado qualquer irregularidade.<\/p>\n<p>Os di\u00e1logos de Gomes foram encontrados pela PF no celular de um amigo do parlamentar, o empres\u00e1rio Jorge Rodrigues Alves, que foi alvo da Opera\u00e7\u00e3o Lavanderia e atua nos setores de constru\u00e7\u00e3o civil e ilumina\u00e7\u00e3o. A a\u00e7\u00e3o policial foi deflagrada para investigar um suposto esquema de lavagem de dinheiro e fraudes em licita\u00e7\u00f5es no Tocantins.<\/p>\n<p>Ap\u00f3s analisar as mensagens, que continham comprovantes de dep\u00f3sitos a pessoas indicadas pelo senador, os investigadores encaminharam um relat\u00f3rio sigiloso \u00e0 4\u00aa Vara Federal do Tocantins no \u00faltimo dia 11 de julho. No documento, a PF solicita o envio do caso para o Supremo Tribunal Federal (STF) por envolver um parlamentar, que tem foro privilegiado na Corte, e afirma: \u201cH\u00e1, por fim, diversas conversas entre Jorge e o senador Eduardo Gomes, indicando que Jorge aparentemente paga contas para o senador e lhe envia dinheiro, assim como lhe pede favores e intercess\u00e3o em assuntos de suas empresas\u201d.<\/p>\n<p>De acordo com o relat\u00f3rio da PF, em 3 de abril de 2020, o senador enviou ao empres\u00e1rio os dados banc\u00e1rios de um assessor parlamentar, Jo\u00e3o Bosco Pinto da Silva, e pediu que fosse feito um pagamento para uma conta indicada. \u201cAcha que consegue 20?\u201d, perguntou Gomes. Na sequ\u00eancia, Alves respondeu: \u201cOpa! Certeza!\u201d. Questionado sobre o pagamento, o assessor de Gomes disse n\u00e3o se recordar do caso espec\u00edfico, mas confirmou emprestar sua conta banc\u00e1ria para o senador.<\/p>\n<p>Num di\u00e1logo anterior, o empres\u00e1rio prestou contas a Gomes sobre dep\u00f3sitos solicitados pelo parlamentar. De acordo com as mensagens obtidas pela PF, em 11 de junho de 2019, o senador apresentou uma lista de favorecidos a Alves para a realiza\u00e7\u00e3o de pagamentos. \u201cMe passa o que fez, por favor\u201d, escreveu o parlamentar ao seu amigo, que, logo em seguida, enviou comprovantes de transfer\u00eancias banc\u00e1rias feitas a cinco pessoas e empresas que totalizam R$ 42.255.<\/p>\n<p>Em 31 de janeiro de 2019, na v\u00e9spera de tomar posse no Senado, Gomes solicitou ao empres\u00e1rio um novo repasse \u201cpara custear o buffet de uma festa\u201d, segundo relat\u00f3rio policial. Diante do pedido, Alves respondeu: \u201cComo seria? Direto no buffet? Quanto? Estamos juntos, amigo\u201d. Gomes, ent\u00e3o, forneceu os dados banc\u00e1rios de uma mulher para a efetiva\u00e7\u00e3o do pagamento. (O globo)<\/p>\n<p>Foto: divulga\u00e7\u00e3o<\/p>\n","protected":false},"excerpt":{"rendered":"<p>O senador licenciado Eduardo Gomes (PL-TO) est\u00e1 na mira da Pol\u00edcia Federal. O \u00f3rg\u00e3o \u00a0encontrou trocas de mensagens indicando que o l\u00edder do governo de Jair Bolsonaro no Congresso Nacional, fez pedidos<\/p>\n","protected":false},"author":1,"featured_media":681079,"comment_status":"closed","ping_status":"closed","sticky":false,"template":"","format":"standard","meta":[],"categories":[3],"tags":[52,1061,233,4438],"acf":[],"yoast_head":"<!-- This site is optimized with the Yoast SEO plugin v20.8 - https:\/\/yoast.com\/wordpress\/plugins\/seo\/ -->\n<title>PF INDICA QUE L\u00cdDER DO GOVERNO NO SENADO PEDIU PROPINA EM TROCA DE AJUDA NO INMETRO - Bahia Economica<\/title>\n<meta name=\"description\" content=\"O maior portal de Economia da Bahia ECONOMIA \/ POL\u00cdTICA Bahia Economica\" \/>\n<meta name=\"robots\" content=\"index, follow, max-snippet:-1, max-image-preview:large, max-video-preview:-1\" \/>\n<link rel=\"canonical\" href=\"https:\/\/bahiaeconomica.com.br\/wp\/2022\/07\/28\/pf-indica-que-lider-do-governo-no-senado-pediu-propina-em-troca-de-ajuda-no-inmetro\/\" \/>\n<meta property=\"og:locale\" content=\"pt_BR\" \/>\n<meta property=\"og:type\" content=\"article\" \/>\n<meta property=\"og:title\" content=\"PF INDICA QUE L\u00cdDER DO GOVERNO NO SENADO PEDIU PROPINA EM TROCA DE AJUDA NO INMETRO - Bahia Economica\" \/>\n<meta property=\"og:description\" content=\"O maior portal de Economia da Bahia ECONOMIA \/ POL\u00cdTICA Bahia Economica\" \/>\n<meta property=\"og:url\" content=\"https:\/\/bahiaeconomica.com.br\/wp\/2022\/07\/28\/pf-indica-que-lider-do-governo-no-senado-pediu-propina-em-troca-de-ajuda-no-inmetro\/\" \/>\n<meta property=\"og:site_name\" content=\"Bahia Economica\" \/>\n<meta property=\"article:publisher\" content=\"https:\/\/www.facebook.com\/bahiaeconomica\" \/>\n<meta property=\"article:published_time\" content=\"2022-07-28T11:43:55+00:00\" \/>\n<meta property=\"article:modified_time\" content=\"2022-07-28T11:44:31+00:00\" \/>\n<meta property=\"og:image\" content=\"https:\/\/bahiaeconomica.com.br\/wp\/wp-content\/uploads\/2022\/07\/edsongomeslidergovernosenado770.jpg\" \/>\n\t<meta property=\"og:image:width\" content=\"770\" \/>\n\t<meta property=\"og:image:height\" content=\"474\" \/>\n\t<meta property=\"og:image:type\" content=\"image\/jpeg\" \/>\n<meta name=\"author\" content=\"admin\" \/>\n<meta name=\"twitter:card\" content=\"summary_large_image\" \/>\n<meta name=\"twitter:label1\" content=\"Escrito por\" \/>\n\t<meta name=\"twitter:data1\" content=\"admin\" \/>\n\t<meta name=\"twitter:label2\" content=\"Est. tempo de leitura\" \/>\n\t<meta name=\"twitter:data2\" content=\"2 minutos\" \/>\n<script type=\"application\/ld+json\" class=\"yoast-schema-graph\">{\"@context\":\"https:\/\/schema.org\",\"@graph\":[{\"@type\":\"Article\",\"@id\":\"https:\/\/bahiaeconomica.com.br\/wp\/2022\/07\/28\/pf-indica-que-lider-do-governo-no-senado-pediu-propina-em-troca-de-ajuda-no-inmetro\/#article\",\"isPartOf\":{\"@id\":\"https:\/\/bahiaeconomica.com.br\/wp\/2022\/07\/28\/pf-indica-que-lider-do-governo-no-senado-pediu-propina-em-troca-de-ajuda-no-inmetro\/\"},\"author\":{\"name\":\"admin\",\"@id\":\"https:\/\/bahiaeconomica.com.br\/wp\/#\/schema\/person\/cb1ab5ba96ad3d9390805381c76284ec\"},\"headline\":\"PF INDICA QUE L\u00cdDER DO GOVERNO NO SENADO PEDIU PROPINA EM TROCA DE AJUDA NO INMETRO\",\"datePublished\":\"2022-07-28T11:43:55+00:00\",\"dateModified\":\"2022-07-28T11:44:31+00:00\",\"mainEntityOfPage\":{\"@id\":\"https:\/\/bahiaeconomica.com.br\/wp\/2022\/07\/28\/pf-indica-que-lider-do-governo-no-senado-pediu-propina-em-troca-de-ajuda-no-inmetro\/\"},\"wordCount\":480,\"publisher\":{\"@id\":\"https:\/\/bahiaeconomica.com.br\/wp\/#organization\"},\"keywords\":[\"Brasil\",\"C\u00e2mara\",\"Governo\",\"l\u00edder\"],\"articleSection\":[\"ECONOMIA \/ POL\u00cdTICA\"],\"inLanguage\":\"pt-BR\"},{\"@type\":\"WebPage\",\"@id\":\"https:\/\/bahiaeconomica.com.br\/wp\/2022\/07\/28\/pf-indica-que-lider-do-governo-no-senado-pediu-propina-em-troca-de-ajuda-no-inmetro\/\",\"url\":\"https:\/\/bahiaeconomica.com.br\/wp\/2022\/07\/28\/pf-indica-que-lider-do-governo-no-senado-pediu-propina-em-troca-de-ajuda-no-inmetro\/\",\"name\":\"PF INDICA QUE L\u00cdDER DO GOVERNO NO SENADO PEDIU PROPINA EM TROCA DE AJUDA NO INMETRO - Bahia Economica\",\"isPartOf\":{\"@id\":\"https:\/\/bahiaeconomica.com.br\/wp\/#website\"},\"datePublished\":\"2022-07-28T11:43:55+00:00\",\"dateModified\":\"2022-07-28T11:44:31+00:00\",\"description\":\"O maior portal de Economia da Bahia ECONOMIA \/ POL\u00cdTICA Bahia Economica\",\"breadcrumb\":{\"@id\":\"https:\/\/bahiaeconomica.com.br\/wp\/2022\/07\/28\/pf-indica-que-lider-do-governo-no-senado-pediu-propina-em-troca-de-ajuda-no-inmetro\/#breadcrumb\"},\"inLanguage\":\"pt-BR\",\"potentialAction\":[{\"@type\":\"ReadAction\",\"target\":[\"https:\/\/bahiaeconomica.com.br\/wp\/2022\/07\/28\/pf-indica-que-lider-do-governo-no-senado-pediu-propina-em-troca-de-ajuda-no-inmetro\/\"]}]},{\"@type\":\"BreadcrumbList\",\"@id\":\"https:\/\/bahiaeconomica.com.br\/wp\/2022\/07\/28\/pf-indica-que-lider-do-governo-no-senado-pediu-propina-em-troca-de-ajuda-no-inmetro\/#breadcrumb\",\"itemListElement\":[{\"@type\":\"ListItem\",\"position\":1,\"name\":\"In\u00edcio\",\"item\":\"https:\/\/bahiaeconomica.com.br\/wp\/\"},{\"@type\":\"ListItem\",\"position\":2,\"name\":\"PF INDICA QUE L\u00cdDER DO GOVERNO NO SENADO PEDIU PROPINA EM TROCA DE AJUDA NO INMETRO\"}]},{\"@type\":\"WebSite\",\"@id\":\"https:\/\/bahiaeconomica.com.br\/wp\/#website\",\"url\":\"https:\/\/bahiaeconomica.com.br\/wp\/\",\"name\":\"Bahia Economica\",\"description\":\"O maior portal de Economia da Bahia\",\"publisher\":{\"@id\":\"https:\/\/bahiaeconomica.com.br\/wp\/#organization\"},\"potentialAction\":[{\"@type\":\"SearchAction\",\"target\":{\"@type\":\"EntryPoint\",\"urlTemplate\":\"https:\/\/bahiaeconomica.com.br\/wp\/?s={search_term_string}\"},\"query-input\":\"required name=search_term_string\"}],\"inLanguage\":\"pt-BR\"},{\"@type\":\"Organization\",\"@id\":\"https:\/\/bahiaeconomica.com.br\/wp\/#organization\",\"name\":\"Bahia Econ\u00f4mica\",\"url\":\"https:\/\/bahiaeconomica.com.br\/wp\/\",\"logo\":{\"@type\":\"ImageObject\",\"inLanguage\":\"pt-BR\",\"@id\":\"https:\/\/bahiaeconomica.com.br\/wp\/#\/schema\/logo\/image\/\",\"url\":\"https:\/\/bahiaeconomica.com.br\/wp\/wp-content\/uploads\/2020\/12\/cropped-BE.png\",\"contentUrl\":\"https:\/\/bahiaeconomica.com.br\/wp\/wp-content\/uploads\/2020\/12\/cropped-BE.png\",\"width\":512,\"height\":512,\"caption\":\"Bahia Econ\u00f4mica\"},\"image\":{\"@id\":\"https:\/\/bahiaeconomica.com.br\/wp\/#\/schema\/logo\/image\/\"},\"sameAs\":[\"https:\/\/www.facebook.com\/bahiaeconomica\"]},{\"@type\":\"Person\",\"@id\":\"https:\/\/bahiaeconomica.com.br\/wp\/#\/schema\/person\/cb1ab5ba96ad3d9390805381c76284ec\",\"name\":\"admin\",\"url\":\"https:\/\/bahiaeconomica.com.br\/wp\/author\/admin\/\"}]}<\/script>\n<!-- \/ Yoast SEO plugin. -->","yoast_head_json":{"title":"PF INDICA QUE L\u00cdDER DO GOVERNO NO SENADO PEDIU PROPINA EM TROCA DE AJUDA NO INMETRO - Bahia Economica","description":"O maior portal de Economia da Bahia ECONOMIA \/ POL\u00cdTICA Bahia Economica","robots":{"index":"index","follow":"follow","max-snippet":"max-snippet:-1","max-image-preview":"max-image-preview:large","max-video-preview":"max-video-preview:-1"},"canonical":"https:\/\/bahiaeconomica.com.br\/wp\/2022\/07\/28\/pf-indica-que-lider-do-governo-no-senado-pediu-propina-em-troca-de-ajuda-no-inmetro\/","og_locale":"pt_BR","og_type":"article","og_title":"PF INDICA QUE L\u00cdDER DO GOVERNO NO SENADO PEDIU PROPINA EM TROCA DE AJUDA NO INMETRO - Bahia Economica","og_description":"O maior portal de Economia da Bahia ECONOMIA \/ POL\u00cdTICA Bahia Economica","og_url":"https:\/\/bahiaeconomica.com.br\/wp\/2022\/07\/28\/pf-indica-que-lider-do-governo-no-senado-pediu-propina-em-troca-de-ajuda-no-inmetro\/","og_site_name":"Bahia Economica","article_publisher":"https:\/\/www.facebook.com\/bahiaeconomica","article_published_time":"2022-07-28T11:43:55+00:00","article_modified_time":"2022-07-28T11:44:31+00:00","og_image":[{"width":770,"height":474,"url":"https:\/\/bahiaeconomica.com.br\/wp\/wp-content\/uploads\/2022\/07\/edsongomeslidergovernosenado770.jpg","type":"image\/jpeg"}],"author":"admin","twitter_card":"summary_large_image","twitter_misc":{"Escrito por":"admin","Est. tempo de leitura":"2 minutos"},"schema":{"@context":"https:\/\/schema.org","@graph":[{"@type":"Article","@id":"https:\/\/bahiaeconomica.com.br\/wp\/2022\/07\/28\/pf-indica-que-lider-do-governo-no-senado-pediu-propina-em-troca-de-ajuda-no-inmetro\/#article","isPartOf":{"@id":"https:\/\/bahiaeconomica.com.br\/wp\/2022\/07\/28\/pf-indica-que-lider-do-governo-no-senado-pediu-propina-em-troca-de-ajuda-no-inmetro\/"},"author":{"name":"admin","@id":"https:\/\/bahiaeconomica.com.br\/wp\/#\/schema\/person\/cb1ab5ba96ad3d9390805381c76284ec"},"headline":"PF INDICA QUE L\u00cdDER DO GOVERNO NO SENADO PEDIU PROPINA EM TROCA DE AJUDA NO INMETRO","datePublished":"2022-07-28T11:43:55+00:00","dateModified":"2022-07-28T11:44:31+00:00","mainEntityOfPage":{"@id":"https:\/\/bahiaeconomica.com.br\/wp\/2022\/07\/28\/pf-indica-que-lider-do-governo-no-senado-pediu-propina-em-troca-de-ajuda-no-inmetro\/"},"wordCount":480,"publisher":{"@id":"https:\/\/bahiaeconomica.com.br\/wp\/#organization"},"keywords":["Brasil","C\u00e2mara","Governo","l\u00edder"],"articleSection":["ECONOMIA \/ POL\u00cdTICA"],"inLanguage":"pt-BR"},{"@type":"WebPage","@id":"https:\/\/bahiaeconomica.com.br\/wp\/2022\/07\/28\/pf-indica-que-lider-do-governo-no-senado-pediu-propina-em-troca-de-ajuda-no-inmetro\/","url":"https:\/\/bahiaeconomica.com.br\/wp\/2022\/07\/28\/pf-indica-que-lider-do-governo-no-senado-pediu-propina-em-troca-de-ajuda-no-inmetro\/","name":"PF INDICA QUE L\u00cdDER DO GOVERNO NO SENADO PEDIU PROPINA EM TROCA DE AJUDA NO INMETRO - Bahia Economica","isPartOf":{"@id":"https:\/\/bahiaeconomica.com.br\/wp\/#website"},"datePublished":"2022-07-28T11:43:55+00:00","dateModified":"2022-07-28T11:44:31+00:00","description":"O maior portal de Economia da Bahia ECONOMIA \/ POL\u00cdTICA Bahia Economica","breadcrumb":{"@id":"https:\/\/bahiaeconomica.com.br\/wp\/2022\/07\/28\/pf-indica-que-lider-do-governo-no-senado-pediu-propina-em-troca-de-ajuda-no-inmetro\/#breadcrumb"},"inLanguage":"pt-BR","potentialAction":[{"@type":"ReadAction","target":["https:\/\/bahiaeconomica.com.br\/wp\/2022\/07\/28\/pf-indica-que-lider-do-governo-no-senado-pediu-propina-em-troca-de-ajuda-no-inmetro\/"]}]},{"@type":"BreadcrumbList","@id":"https:\/\/bahiaeconomica.com.br\/wp\/2022\/07\/28\/pf-indica-que-lider-do-governo-no-senado-pediu-propina-em-troca-de-ajuda-no-inmetro\/#breadcrumb","itemListElement":[{"@type":"ListItem","position":1,"name":"In\u00edcio","item":"https:\/\/bahiaeconomica.com.br\/wp\/"},{"@type":"ListItem","position":2,"name":"PF INDICA QUE L\u00cdDER DO GOVERNO NO SENADO PEDIU PROPINA EM TROCA DE AJUDA NO INMETRO"}]},{"@type":"WebSite","@id":"https:\/\/bahiaeconomica.com.br\/wp\/#website","url":"https:\/\/bahiaeconomica.com.br\/wp\/","name":"Bahia Economica","description":"O maior portal de Economia da Bahia","publisher":{"@id":"https:\/\/bahiaeconomica.com.br\/wp\/#organization"},"potentialAction":[{"@type":"SearchAction","target":{"@type":"EntryPoint","urlTemplate":"https:\/\/bahiaeconomica.com.br\/wp\/?s={search_term_string}"},"query-input":"required name=search_term_string"}],"inLanguage":"pt-BR"},{"@type":"Organization","@id":"https:\/\/bahiaeconomica.com.br\/wp\/#organization","name":"Bahia Econ\u00f4mica","url":"https:\/\/bahiaeconomica.com.br\/wp\/","logo":{"@type":"ImageObject","inLanguage":"pt-BR","@id":"https:\/\/bahiaeconomica.com.br\/wp\/#\/schema\/logo\/image\/","url":"https:\/\/bahiaeconomica.com.br\/wp\/wp-content\/uploads\/2020\/12\/cropped-BE.png","contentUrl":"https:\/\/bahiaeconomica.com.br\/wp\/wp-content\/uploads\/2020\/12\/cropped-BE.png","width":512,"height":512,"caption":"Bahia Econ\u00f4mica"},"image":{"@id":"https:\/\/bahiaeconomica.com.br\/wp\/#\/schema\/logo\/image\/"},"sameAs":["https:\/\/www.facebook.com\/bahiaeconomica"]},{"@type":"Person","@id":"https:\/\/bahiaeconomica.com.br\/wp\/#\/schema\/person\/cb1ab5ba96ad3d9390805381c76284ec","name":"admin","url":"https:\/\/bahiaeconomica.com.br\/wp\/author\/admin\/"}]}},"views":8,"_links":{"self":[{"href":"https:\/\/bahiaeconomica.com.br\/wp\/wp-json\/wp\/v2\/posts\/681078"}],"collection":[{"href":"https:\/\/bahiaeconomica.com.br\/wp\/wp-json\/wp\/v2\/posts"}],"about":[{"href":"https:\/\/bahiaeconomica.com.br\/wp\/wp-json\/wp\/v2\/types\/post"}],"author":[{"embeddable":true,"href":"https:\/\/bahiaeconomica.com.br\/wp\/wp-json\/wp\/v2\/users\/1"}],"replies":[{"embeddable":true,"href":"https:\/\/bahiaeconomica.com.br\/wp\/wp-json\/wp\/v2\/comments?post=681078"}],"version-history":[{"count":1,"href":"https:\/\/bahiaeconomica.com.br\/wp\/wp-json\/wp\/v2\/posts\/681078\/revisions"}],"predecessor-version":[{"id":681081,"href":"https:\/\/bahiaeconomica.com.br\/wp\/wp-json\/wp\/v2\/posts\/681078\/revisions\/681081"}],"wp:featuredmedia":[{"embeddable":true,"href":"https:\/\/bahiaeconomica.com.br\/wp\/wp-json\/wp\/v2\/media\/681079"}],"wp:attachment":[{"href":"https:\/\/bahiaeconomica.com.br\/wp\/wp-json\/wp\/v2\/media?parent=681078"}],"wp:term":[{"taxonomy":"category","embeddable":true,"href":"https:\/\/bahiaeconomica.com.br\/wp\/wp-json\/wp\/v2\/categories?post=681078"},{"taxonomy":"post_tag","embeddable":true,"href":"https:\/\/bahiaeconomica.com.br\/wp\/wp-json\/wp\/v2\/tags?post=681078"}],"curies":[{"name":"wp","href":"https:\/\/api.w.org\/{rel}","templated":true}]}}