{"id":681016,"date":"2022-07-27T19:20:54","date_gmt":"2022-07-27T22:20:54","guid":{"rendered":"https:\/\/bahiaeconomica.com.br\/wp\/beta\/?p=681016"},"modified":"2022-07-27T18:03:58","modified_gmt":"2022-07-27T21:03:58","slug":"ssa-social-capacita-auditores-e-gestores-do-tcm-e-cgm","status":"publish","type":"post","link":"https:\/\/bahiaeconomica.com.br\/wp\/2022\/07\/27\/ssa-social-capacita-auditores-e-gestores-do-tcm-e-cgm\/","title":{"rendered":"SSA SOCIAL CAPACITA AUDITORES E GESTORES DO TCM E CGM"},"content":{"rendered":"<p>Trinta auditores e controladores do Tribunal de Contas do Munic\u00edpio (TCM) e da Controladoria Geral do Munic\u00edpio (CGM) passam por capacita\u00e7\u00e3o, promovida pelo projeto<!--more--> Salvador Social. O curso tem como objetivo promover conhecimento aos servidores para a qualifica\u00e7\u00e3o dos processos e dos servi\u00e7os p\u00fablicos prestados, al\u00e9m de ser um elemento central para a evolu\u00e7\u00e3o funcional nas carreiras p\u00fablicas, incluindo as carreiras dos Tribunais de Contas.<\/p>\n<p>&nbsp;<\/p>\n<p>&#8220;O avan\u00e7o de conhecimento na \u00e1rea de novas tecnologias e aplica\u00e7\u00e3o de sistemas de informa\u00e7\u00e3o ao setor p\u00fablico, bem como os novos modelos de auditoria de resultados, demandam o desenvolvimento de compet\u00eancias para a gest\u00e3o eficaz, transparente e compartilhada das pol\u00edticas p\u00fablicas. E isto \u00e9 fundamental no acompanhamento de projetos com organismos multilaterais, como o Salvador Social&#8221;, explica o secret\u00e1rio da Casa Civil, Luiz Carreira.<\/p>\n<p>&nbsp;<\/p>\n<p>O curso tem como espinha dorsal as auditorias de contas e operacional, al\u00e9m da Inova\u00e7\u00e3o no Setor P\u00fablico. A Ci\u00eancia da Administra\u00e7\u00e3o \u00e9 tomada como a base para a qualifica\u00e7\u00e3o do setor p\u00fablico e \u00e9 a partir dela que se desenha todo o conte\u00fado program\u00e1tico sobre o ciclo das pol\u00edticas p\u00fablicas, seu acompanhamento e a sua avalia\u00e7\u00e3o.<\/p>\n<p>&nbsp;<\/p>\n<p>Os servidores capacitados ter\u00e3o a fun\u00e7\u00e3o de multiplicadores dentro da Administra\u00e7\u00e3o P\u00fablica e de aplicar os conhecimentos adquiridos durante o per\u00edodo da Especializa\u00e7\u00e3o. O curso integra o componente de fortalecimento institucional previsto no projeto Salvador Social, com recursos destinados a estes \u00f3rg\u00e3os de fiscaliza\u00e7\u00e3o.<\/p>\n<p>&nbsp;<\/p>\n<p>Programa\u00a0\u2013 Iniciativa de impacto social da gest\u00e3o municipal para modernizar e melhorar a qualidade e o acesso aos servi\u00e7os de Sa\u00fade, Educa\u00e7\u00e3o e Assist\u00eancia Social da hist\u00f3ria da cidade, o Salvador Social \u00e9 um investimento de 250 milh\u00f5es de d\u00f3lares, financiado\u00a0pelo Banco Mundial. Est\u00e1 integrado ao Plano Estrat\u00e9gico de Salvador, com a implementa\u00e7\u00e3o de a\u00e7\u00f5es estrat\u00e9gicas do munic\u00edpio para aprimorar a presta\u00e7\u00e3o de servi\u00e7os sociais, com \u00eanfase em melhorias na efici\u00eancia do sistema de Sa\u00fade, na qualidade da Educa\u00e7\u00e3o e na efetividade da Prote\u00e7\u00e3o Social.<\/p>\n<p>&nbsp;<\/p>\n<p>O projeto conta com dois componentes. O primeiro \u00e9 fornecer apoio \u00e0 implementa\u00e7\u00e3o das principais a\u00e7\u00f5es estrat\u00e9gicas do munic\u00edpio nos tr\u00eas setores sociais: Sa\u00fade, Educa\u00e7\u00e3o e Promo\u00e7\u00e3o Social. O segundo visa prestar assist\u00eancia t\u00e9cnica \u00e0s secretarias municipais respons\u00e1veis pelo cumprimento das metas acordadas e \u00e0 Casa Civil, na coordena\u00e7\u00e3o e lideran\u00e7a da pol\u00edtica e gest\u00e3o transversais da administra\u00e7\u00e3o municipal.<\/p>\n<p>&nbsp;<\/p>\n<p>Coordenado pela Casa Civil, com o apoio das Unidades de Gerenciamento de Projeto (UGP), o Salvador Social \u00e9 executado pelas secretarias da Sa\u00fade (SMS), da Educa\u00e7\u00e3o (Smed), e de Promo\u00e7\u00e3o Social e Combate \u00e0 Pobreza (Sempre).<\/p>\n<p>&nbsp;<\/p>\n<p>&nbsp;<\/p>\n","protected":false},"excerpt":{"rendered":"<p>Trinta auditores e controladores do Tribunal de Contas do Munic\u00edpio (TCM) e da Controladoria Geral do Munic\u00edpio (CGM) passam por capacita\u00e7\u00e3o, promovida pelo projeto<\/p>\n","protected":false},"author":1,"featured_media":653010,"comment_status":"closed","ping_status":"closed","sticky":false,"template":"","format":"standard","meta":[],"categories":[14,3],"tags":[],"acf":[],"yoast_head":"<!-- This site is optimized with the Yoast SEO plugin v20.8 - https:\/\/yoast.com\/wordpress\/plugins\/seo\/ -->\n<title>SSA SOCIAL CAPACITA AUDITORES E GESTORES DO TCM E CGM - Bahia Economica<\/title>\n<meta name=\"description\" content=\"O maior portal de Economia da Bahia DESTAQUE DO DIA, ECONOMIA \/ POL\u00cdTICA Bahia Economica\" \/>\n<meta name=\"robots\" content=\"index, follow, max-snippet:-1, max-image-preview:large, max-video-preview:-1\" \/>\n<link rel=\"canonical\" href=\"https:\/\/bahiaeconomica.com.br\/wp\/2022\/07\/27\/ssa-social-capacita-auditores-e-gestores-do-tcm-e-cgm\/\" \/>\n<meta property=\"og:locale\" content=\"pt_BR\" \/>\n<meta property=\"og:type\" content=\"article\" \/>\n<meta property=\"og:title\" content=\"SSA SOCIAL CAPACITA AUDITORES E GESTORES DO TCM E CGM - Bahia Economica\" \/>\n<meta property=\"og:description\" content=\"O maior portal de Economia da Bahia DESTAQUE DO DIA, ECONOMIA \/ POL\u00cdTICA Bahia Economica\" \/>\n<meta property=\"og:url\" content=\"https:\/\/bahiaeconomica.com.br\/wp\/2022\/07\/27\/ssa-social-capacita-auditores-e-gestores-do-tcm-e-cgm\/\" \/>\n<meta property=\"og:site_name\" content=\"Bahia Economica\" \/>\n<meta property=\"article:publisher\" content=\"https:\/\/www.facebook.com\/bahiaeconomica\" \/>\n<meta property=\"article:published_time\" content=\"2022-07-27T22:20:54+00:00\" \/>\n<meta property=\"article:modified_time\" content=\"2022-07-27T21:03:58+00:00\" \/>\n<meta property=\"og:image\" content=\"https:\/\/bahiaeconomica.com.br\/wp\/wp-content\/uploads\/2022\/03\/tcm-prefeituras770.jpg\" \/>\n\t<meta property=\"og:image:width\" content=\"770\" \/>\n\t<meta property=\"og:image:height\" content=\"474\" \/>\n\t<meta property=\"og:image:type\" content=\"image\/jpeg\" \/>\n<meta name=\"author\" content=\"admin\" \/>\n<meta name=\"twitter:card\" content=\"summary_large_image\" \/>\n<meta name=\"twitter:label1\" content=\"Escrito por\" \/>\n\t<meta name=\"twitter:data1\" content=\"admin\" \/>\n\t<meta name=\"twitter:label2\" content=\"Est. tempo de leitura\" \/>\n\t<meta name=\"twitter:data2\" content=\"2 minutos\" \/>\n<script type=\"application\/ld+json\" class=\"yoast-schema-graph\">{\"@context\":\"https:\/\/schema.org\",\"@graph\":[{\"@type\":\"Article\",\"@id\":\"https:\/\/bahiaeconomica.com.br\/wp\/2022\/07\/27\/ssa-social-capacita-auditores-e-gestores-do-tcm-e-cgm\/#article\",\"isPartOf\":{\"@id\":\"https:\/\/bahiaeconomica.com.br\/wp\/2022\/07\/27\/ssa-social-capacita-auditores-e-gestores-do-tcm-e-cgm\/\"},\"author\":{\"name\":\"admin\",\"@id\":\"https:\/\/bahiaeconomica.com.br\/wp\/#\/schema\/person\/cb1ab5ba96ad3d9390805381c76284ec\"},\"headline\":\"SSA SOCIAL CAPACITA AUDITORES E GESTORES DO TCM E CGM\",\"datePublished\":\"2022-07-27T22:20:54+00:00\",\"dateModified\":\"2022-07-27T21:03:58+00:00\",\"mainEntityOfPage\":{\"@id\":\"https:\/\/bahiaeconomica.com.br\/wp\/2022\/07\/27\/ssa-social-capacita-auditores-e-gestores-do-tcm-e-cgm\/\"},\"wordCount\":496,\"publisher\":{\"@id\":\"https:\/\/bahiaeconomica.com.br\/wp\/#organization\"},\"articleSection\":[\"DESTAQUE DO DIA\",\"ECONOMIA \/ POL\u00cdTICA\"],\"inLanguage\":\"pt-BR\"},{\"@type\":\"WebPage\",\"@id\":\"https:\/\/bahiaeconomica.com.br\/wp\/2022\/07\/27\/ssa-social-capacita-auditores-e-gestores-do-tcm-e-cgm\/\",\"url\":\"https:\/\/bahiaeconomica.com.br\/wp\/2022\/07\/27\/ssa-social-capacita-auditores-e-gestores-do-tcm-e-cgm\/\",\"name\":\"SSA SOCIAL CAPACITA AUDITORES E GESTORES DO TCM E CGM - Bahia Economica\",\"isPartOf\":{\"@id\":\"https:\/\/bahiaeconomica.com.br\/wp\/#website\"},\"datePublished\":\"2022-07-27T22:20:54+00:00\",\"dateModified\":\"2022-07-27T21:03:58+00:00\",\"description\":\"O maior portal de Economia da Bahia DESTAQUE DO DIA, ECONOMIA \/ POL\u00cdTICA Bahia Economica\",\"breadcrumb\":{\"@id\":\"https:\/\/bahiaeconomica.com.br\/wp\/2022\/07\/27\/ssa-social-capacita-auditores-e-gestores-do-tcm-e-cgm\/#breadcrumb\"},\"inLanguage\":\"pt-BR\",\"potentialAction\":[{\"@type\":\"ReadAction\",\"target\":[\"https:\/\/bahiaeconomica.com.br\/wp\/2022\/07\/27\/ssa-social-capacita-auditores-e-gestores-do-tcm-e-cgm\/\"]}]},{\"@type\":\"BreadcrumbList\",\"@id\":\"https:\/\/bahiaeconomica.com.br\/wp\/2022\/07\/27\/ssa-social-capacita-auditores-e-gestores-do-tcm-e-cgm\/#breadcrumb\",\"itemListElement\":[{\"@type\":\"ListItem\",\"position\":1,\"name\":\"In\u00edcio\",\"item\":\"https:\/\/bahiaeconomica.com.br\/wp\/\"},{\"@type\":\"ListItem\",\"position\":2,\"name\":\"SSA SOCIAL CAPACITA AUDITORES E GESTORES DO TCM E CGM\"}]},{\"@type\":\"WebSite\",\"@id\":\"https:\/\/bahiaeconomica.com.br\/wp\/#website\",\"url\":\"https:\/\/bahiaeconomica.com.br\/wp\/\",\"name\":\"Bahia Economica\",\"description\":\"O maior portal de Economia da Bahia\",\"publisher\":{\"@id\":\"https:\/\/bahiaeconomica.com.br\/wp\/#organization\"},\"potentialAction\":[{\"@type\":\"SearchAction\",\"target\":{\"@type\":\"EntryPoint\",\"urlTemplate\":\"https:\/\/bahiaeconomica.com.br\/wp\/?s={search_term_string}\"},\"query-input\":\"required name=search_term_string\"}],\"inLanguage\":\"pt-BR\"},{\"@type\":\"Organization\",\"@id\":\"https:\/\/bahiaeconomica.com.br\/wp\/#organization\",\"name\":\"Bahia Econ\u00f4mica\",\"url\":\"https:\/\/bahiaeconomica.com.br\/wp\/\",\"logo\":{\"@type\":\"ImageObject\",\"inLanguage\":\"pt-BR\",\"@id\":\"https:\/\/bahiaeconomica.com.br\/wp\/#\/schema\/logo\/image\/\",\"url\":\"https:\/\/bahiaeconomica.com.br\/wp\/wp-content\/uploads\/2020\/12\/cropped-BE.png\",\"contentUrl\":\"https:\/\/bahiaeconomica.com.br\/wp\/wp-content\/uploads\/2020\/12\/cropped-BE.png\",\"width\":512,\"height\":512,\"caption\":\"Bahia Econ\u00f4mica\"},\"image\":{\"@id\":\"https:\/\/bahiaeconomica.com.br\/wp\/#\/schema\/logo\/image\/\"},\"sameAs\":[\"https:\/\/www.facebook.com\/bahiaeconomica\"]},{\"@type\":\"Person\",\"@id\":\"https:\/\/bahiaeconomica.com.br\/wp\/#\/schema\/person\/cb1ab5ba96ad3d9390805381c76284ec\",\"name\":\"admin\",\"url\":\"https:\/\/bahiaeconomica.com.br\/wp\/author\/admin\/\"}]}<\/script>\n<!-- \/ Yoast SEO plugin. -->","yoast_head_json":{"title":"SSA SOCIAL CAPACITA AUDITORES E GESTORES DO TCM E CGM - Bahia Economica","description":"O maior portal de Economia da Bahia DESTAQUE DO DIA, ECONOMIA \/ POL\u00cdTICA Bahia Economica","robots":{"index":"index","follow":"follow","max-snippet":"max-snippet:-1","max-image-preview":"max-image-preview:large","max-video-preview":"max-video-preview:-1"},"canonical":"https:\/\/bahiaeconomica.com.br\/wp\/2022\/07\/27\/ssa-social-capacita-auditores-e-gestores-do-tcm-e-cgm\/","og_locale":"pt_BR","og_type":"article","og_title":"SSA SOCIAL CAPACITA AUDITORES E GESTORES DO TCM E CGM - Bahia Economica","og_description":"O maior portal de Economia da Bahia DESTAQUE DO DIA, ECONOMIA \/ POL\u00cdTICA Bahia Economica","og_url":"https:\/\/bahiaeconomica.com.br\/wp\/2022\/07\/27\/ssa-social-capacita-auditores-e-gestores-do-tcm-e-cgm\/","og_site_name":"Bahia Economica","article_publisher":"https:\/\/www.facebook.com\/bahiaeconomica","article_published_time":"2022-07-27T22:20:54+00:00","article_modified_time":"2022-07-27T21:03:58+00:00","og_image":[{"width":770,"height":474,"url":"https:\/\/bahiaeconomica.com.br\/wp\/wp-content\/uploads\/2022\/03\/tcm-prefeituras770.jpg","type":"image\/jpeg"}],"author":"admin","twitter_card":"summary_large_image","twitter_misc":{"Escrito por":"admin","Est. tempo de leitura":"2 minutos"},"schema":{"@context":"https:\/\/schema.org","@graph":[{"@type":"Article","@id":"https:\/\/bahiaeconomica.com.br\/wp\/2022\/07\/27\/ssa-social-capacita-auditores-e-gestores-do-tcm-e-cgm\/#article","isPartOf":{"@id":"https:\/\/bahiaeconomica.com.br\/wp\/2022\/07\/27\/ssa-social-capacita-auditores-e-gestores-do-tcm-e-cgm\/"},"author":{"name":"admin","@id":"https:\/\/bahiaeconomica.com.br\/wp\/#\/schema\/person\/cb1ab5ba96ad3d9390805381c76284ec"},"headline":"SSA SOCIAL CAPACITA AUDITORES E GESTORES DO TCM E CGM","datePublished":"2022-07-27T22:20:54+00:00","dateModified":"2022-07-27T21:03:58+00:00","mainEntityOfPage":{"@id":"https:\/\/bahiaeconomica.com.br\/wp\/2022\/07\/27\/ssa-social-capacita-auditores-e-gestores-do-tcm-e-cgm\/"},"wordCount":496,"publisher":{"@id":"https:\/\/bahiaeconomica.com.br\/wp\/#organization"},"articleSection":["DESTAQUE DO DIA","ECONOMIA \/ POL\u00cdTICA"],"inLanguage":"pt-BR"},{"@type":"WebPage","@id":"https:\/\/bahiaeconomica.com.br\/wp\/2022\/07\/27\/ssa-social-capacita-auditores-e-gestores-do-tcm-e-cgm\/","url":"https:\/\/bahiaeconomica.com.br\/wp\/2022\/07\/27\/ssa-social-capacita-auditores-e-gestores-do-tcm-e-cgm\/","name":"SSA SOCIAL CAPACITA AUDITORES E GESTORES DO TCM E CGM - Bahia Economica","isPartOf":{"@id":"https:\/\/bahiaeconomica.com.br\/wp\/#website"},"datePublished":"2022-07-27T22:20:54+00:00","dateModified":"2022-07-27T21:03:58+00:00","description":"O maior portal de Economia da Bahia DESTAQUE DO DIA, ECONOMIA \/ POL\u00cdTICA Bahia Economica","breadcrumb":{"@id":"https:\/\/bahiaeconomica.com.br\/wp\/2022\/07\/27\/ssa-social-capacita-auditores-e-gestores-do-tcm-e-cgm\/#breadcrumb"},"inLanguage":"pt-BR","potentialAction":[{"@type":"ReadAction","target":["https:\/\/bahiaeconomica.com.br\/wp\/2022\/07\/27\/ssa-social-capacita-auditores-e-gestores-do-tcm-e-cgm\/"]}]},{"@type":"BreadcrumbList","@id":"https:\/\/bahiaeconomica.com.br\/wp\/2022\/07\/27\/ssa-social-capacita-auditores-e-gestores-do-tcm-e-cgm\/#breadcrumb","itemListElement":[{"@type":"ListItem","position":1,"name":"In\u00edcio","item":"https:\/\/bahiaeconomica.com.br\/wp\/"},{"@type":"ListItem","position":2,"name":"SSA SOCIAL CAPACITA AUDITORES E GESTORES DO TCM E CGM"}]},{"@type":"WebSite","@id":"https:\/\/bahiaeconomica.com.br\/wp\/#website","url":"https:\/\/bahiaeconomica.com.br\/wp\/","name":"Bahia Economica","description":"O maior portal de Economia da Bahia","publisher":{"@id":"https:\/\/bahiaeconomica.com.br\/wp\/#organization"},"potentialAction":[{"@type":"SearchAction","target":{"@type":"EntryPoint","urlTemplate":"https:\/\/bahiaeconomica.com.br\/wp\/?s={search_term_string}"},"query-input":"required name=search_term_string"}],"inLanguage":"pt-BR"},{"@type":"Organization","@id":"https:\/\/bahiaeconomica.com.br\/wp\/#organization","name":"Bahia Econ\u00f4mica","url":"https:\/\/bahiaeconomica.com.br\/wp\/","logo":{"@type":"ImageObject","inLanguage":"pt-BR","@id":"https:\/\/bahiaeconomica.com.br\/wp\/#\/schema\/logo\/image\/","url":"https:\/\/bahiaeconomica.com.br\/wp\/wp-content\/uploads\/2020\/12\/cropped-BE.png","contentUrl":"https:\/\/bahiaeconomica.com.br\/wp\/wp-content\/uploads\/2020\/12\/cropped-BE.png","width":512,"height":512,"caption":"Bahia Econ\u00f4mica"},"image":{"@id":"https:\/\/bahiaeconomica.com.br\/wp\/#\/schema\/logo\/image\/"},"sameAs":["https:\/\/www.facebook.com\/bahiaeconomica"]},{"@type":"Person","@id":"https:\/\/bahiaeconomica.com.br\/wp\/#\/schema\/person\/cb1ab5ba96ad3d9390805381c76284ec","name":"admin","url":"https:\/\/bahiaeconomica.com.br\/wp\/author\/admin\/"}]}},"views":5,"_links":{"self":[{"href":"https:\/\/bahiaeconomica.com.br\/wp\/wp-json\/wp\/v2\/posts\/681016"}],"collection":[{"href":"https:\/\/bahiaeconomica.com.br\/wp\/wp-json\/wp\/v2\/posts"}],"about":[{"href":"https:\/\/bahiaeconomica.com.br\/wp\/wp-json\/wp\/v2\/types\/post"}],"author":[{"embeddable":true,"href":"https:\/\/bahiaeconomica.com.br\/wp\/wp-json\/wp\/v2\/users\/1"}],"replies":[{"embeddable":true,"href":"https:\/\/bahiaeconomica.com.br\/wp\/wp-json\/wp\/v2\/comments?post=681016"}],"version-history":[{"count":1,"href":"https:\/\/bahiaeconomica.com.br\/wp\/wp-json\/wp\/v2\/posts\/681016\/revisions"}],"predecessor-version":[{"id":681017,"href":"https:\/\/bahiaeconomica.com.br\/wp\/wp-json\/wp\/v2\/posts\/681016\/revisions\/681017"}],"wp:featuredmedia":[{"embeddable":true,"href":"https:\/\/bahiaeconomica.com.br\/wp\/wp-json\/wp\/v2\/media\/653010"}],"wp:attachment":[{"href":"https:\/\/bahiaeconomica.com.br\/wp\/wp-json\/wp\/v2\/media?parent=681016"}],"wp:term":[{"taxonomy":"category","embeddable":true,"href":"https:\/\/bahiaeconomica.com.br\/wp\/wp-json\/wp\/v2\/categories?post=681016"},{"taxonomy":"post_tag","embeddable":true,"href":"https:\/\/bahiaeconomica.com.br\/wp\/wp-json\/wp\/v2\/tags?post=681016"}],"curies":[{"name":"wp","href":"https:\/\/api.w.org\/{rel}","templated":true}]}}