{"id":680897,"date":"2022-07-27T11:22:20","date_gmt":"2022-07-27T14:22:20","guid":{"rendered":"https:\/\/bahiaeconomica.com.br\/wp\/beta\/?p=680897"},"modified":"2022-07-27T11:27:00","modified_gmt":"2022-07-27T14:27:00","slug":"projeto-acelera-iao-anuncia-contratacao-de-fotografo-e-redator","status":"publish","type":"post","link":"https:\/\/bahiaeconomica.com.br\/wp\/2022\/07\/27\/projeto-acelera-iao-anuncia-contratacao-de-fotografo-e-redator\/","title":{"rendered":"ACELERA IA\u00d4 ANUNCIA CONTRATA\u00c7\u00c3O DE FOT\u00d3GRAFO E REDATOR"},"content":{"rendered":"<p>O projeto Acelera Ia\u00f4 est\u00e1 com vagas para a contrata\u00e7\u00e3o de um fot\u00f3grafo e um redator publicit\u00e1rio, preferencialmente negros ou negras. O curr\u00edculo e portf\u00f3lio devem ser enviados para o email: comunicacao@fabricacultural.org.br, at\u00e9 o dia 28 de julho. Os profissionais contratados atuar\u00e3o na sede da F\u00e1brica Cultural, na Ribeira, em Salvador.<!--more--><\/p>\n<p>As vagas s\u00e3o para atuar na comunica\u00e7\u00e3o dos trabalhos desenvolvidos pelos afroempreendedores do Ia\u00f4 Espa\u00e7o de Cria\u00e7\u00e3o. Durante o processo seletivo, ser\u00e3o avaliados habilidades como boa comunica\u00e7\u00e3o interpessoal e conhecimento do uso de ferramentas e aplicativos como drive, meet, trello e wetransfer.<\/p>\n<p>No caso da vaga de fot\u00f3grafo, ser\u00e1 avaliado a facilidade com com programas de edi\u00e7\u00e3o e ferramentas que o campo da fotografia contam como principais. No entanto, para redator \u00e9 importante ter facilidade com reda\u00e7\u00e3o e edi\u00e7\u00e3o de texto.<\/p>\n<p>Al\u00e9m da experi\u00eancia comprovada, o profissional deve ter disponibilidade para v\u00ednculo PJ [Pessoa Jur\u00eddica] e para 30 horas semanais no formato h\u00edbrido. Portanto, um dos crit\u00e9rios tamb\u00e9m ser\u00e1 a comprova\u00e7\u00e3o de cursos e qualifica\u00e7\u00e3o no campo de atua\u00e7\u00e3o.<\/p>\n<p>O curr\u00edculo e portf\u00f3lio valer\u00e3o como comprovante das experi\u00eancias com realiza\u00e7\u00e3o de ensaios fotogr\u00e1ficos agendados, edi\u00e7\u00e3o das fotos realizadas, entrega de fotos com qualidade e demais atividades relacionadas ao cargo.<\/p>\n<p>A vaga de Redator Publicit\u00e1rio segue as mesmas exig\u00eancias para o profissional que deseja ocupar a vaga. Ele deve comprovar a forma\u00e7\u00e3o atrav\u00e9s de cursos e qualifica\u00e7\u00f5es de produ\u00e7\u00e3o textual como letras, jornalismo, publicidade e dom\u00ednio das t\u00e9cnicas de produ\u00e7\u00e3o de textos publicit\u00e1rios.<\/p>\n","protected":false},"excerpt":{"rendered":"<p>O projeto Acelera Ia\u00f4 est\u00e1 com vagas para a contrata\u00e7\u00e3o de um fot\u00f3grafo e um redator publicit\u00e1rio, preferencialmente negros ou negras. O curr\u00edculo e portf\u00f3lio devem ser enviados para o email: comunicacao@fabricacultural.org.br, at\u00e9 o dia 28 de julho. Os profissionais contratados atuar\u00e3o na sede da F\u00e1brica Cultural, na Ribeira, em Salvador.<\/p>\n","protected":false},"author":1,"featured_media":680898,"comment_status":"closed","ping_status":"closed","sticky":false,"template":"","format":"standard","meta":[],"categories":[8],"tags":[7628,1013],"acf":[],"yoast_head":"<!-- This site is optimized with the Yoast SEO plugin v20.8 - https:\/\/yoast.com\/wordpress\/plugins\/seo\/ -->\n<title>ACELERA IA\u00d4 ANUNCIA CONTRATA\u00c7\u00c3O DE FOT\u00d3GRAFO E REDATOR - Bahia Economica<\/title>\n<meta name=\"description\" content=\"O maior portal de Economia da Bahia EMPREGOS \/ CONCURSOS Bahia Economica\" \/>\n<meta name=\"robots\" content=\"index, follow, max-snippet:-1, max-image-preview:large, max-video-preview:-1\" \/>\n<link rel=\"canonical\" href=\"https:\/\/bahiaeconomica.com.br\/wp\/2022\/07\/27\/projeto-acelera-iao-anuncia-contratacao-de-fotografo-e-redator\/\" \/>\n<meta property=\"og:locale\" content=\"pt_BR\" \/>\n<meta property=\"og:type\" content=\"article\" \/>\n<meta property=\"og:title\" content=\"ACELERA IA\u00d4 ANUNCIA CONTRATA\u00c7\u00c3O DE FOT\u00d3GRAFO E REDATOR - Bahia Economica\" \/>\n<meta property=\"og:description\" content=\"O maior portal de Economia da Bahia EMPREGOS \/ CONCURSOS Bahia Economica\" \/>\n<meta property=\"og:url\" content=\"https:\/\/bahiaeconomica.com.br\/wp\/2022\/07\/27\/projeto-acelera-iao-anuncia-contratacao-de-fotografo-e-redator\/\" \/>\n<meta property=\"og:site_name\" content=\"Bahia Economica\" \/>\n<meta property=\"article:publisher\" content=\"https:\/\/www.facebook.com\/bahiaeconomica\" \/>\n<meta property=\"article:published_time\" content=\"2022-07-27T14:22:20+00:00\" \/>\n<meta property=\"article:modified_time\" content=\"2022-07-27T14:27:00+00:00\" \/>\n<meta property=\"og:image\" content=\"https:\/\/bahiaeconomica.com.br\/wp\/wp-content\/uploads\/2022\/07\/ACELERA-IAO.jpg\" \/>\n\t<meta property=\"og:image:width\" content=\"1200\" \/>\n\t<meta property=\"og:image:height\" content=\"720\" \/>\n\t<meta property=\"og:image:type\" content=\"image\/jpeg\" \/>\n<meta name=\"author\" content=\"admin\" \/>\n<meta name=\"twitter:card\" content=\"summary_large_image\" \/>\n<meta name=\"twitter:label1\" content=\"Escrito por\" \/>\n\t<meta name=\"twitter:data1\" content=\"admin\" \/>\n\t<meta name=\"twitter:label2\" content=\"Est. tempo de leitura\" \/>\n\t<meta name=\"twitter:data2\" content=\"1 minuto\" \/>\n<script type=\"application\/ld+json\" class=\"yoast-schema-graph\">{\"@context\":\"https:\/\/schema.org\",\"@graph\":[{\"@type\":\"Article\",\"@id\":\"https:\/\/bahiaeconomica.com.br\/wp\/2022\/07\/27\/projeto-acelera-iao-anuncia-contratacao-de-fotografo-e-redator\/#article\",\"isPartOf\":{\"@id\":\"https:\/\/bahiaeconomica.com.br\/wp\/2022\/07\/27\/projeto-acelera-iao-anuncia-contratacao-de-fotografo-e-redator\/\"},\"author\":{\"name\":\"admin\",\"@id\":\"https:\/\/bahiaeconomica.com.br\/wp\/#\/schema\/person\/cb1ab5ba96ad3d9390805381c76284ec\"},\"headline\":\"ACELERA IA\u00d4 ANUNCIA CONTRATA\u00c7\u00c3O DE FOT\u00d3GRAFO E REDATOR\",\"datePublished\":\"2022-07-27T14:22:20+00:00\",\"dateModified\":\"2022-07-27T14:27:00+00:00\",\"mainEntityOfPage\":{\"@id\":\"https:\/\/bahiaeconomica.com.br\/wp\/2022\/07\/27\/projeto-acelera-iao-anuncia-contratacao-de-fotografo-e-redator\/\"},\"wordCount\":297,\"publisher\":{\"@id\":\"https:\/\/bahiaeconomica.com.br\/wp\/#organization\"},\"keywords\":[\"acelera ia\u00f4\",\"vagas\"],\"articleSection\":[\"EMPREGOS \/ CONCURSOS\"],\"inLanguage\":\"pt-BR\"},{\"@type\":\"WebPage\",\"@id\":\"https:\/\/bahiaeconomica.com.br\/wp\/2022\/07\/27\/projeto-acelera-iao-anuncia-contratacao-de-fotografo-e-redator\/\",\"url\":\"https:\/\/bahiaeconomica.com.br\/wp\/2022\/07\/27\/projeto-acelera-iao-anuncia-contratacao-de-fotografo-e-redator\/\",\"name\":\"ACELERA IA\u00d4 ANUNCIA CONTRATA\u00c7\u00c3O DE FOT\u00d3GRAFO E REDATOR - Bahia Economica\",\"isPartOf\":{\"@id\":\"https:\/\/bahiaeconomica.com.br\/wp\/#website\"},\"datePublished\":\"2022-07-27T14:22:20+00:00\",\"dateModified\":\"2022-07-27T14:27:00+00:00\",\"description\":\"O maior portal de Economia da Bahia EMPREGOS \/ CONCURSOS Bahia Economica\",\"breadcrumb\":{\"@id\":\"https:\/\/bahiaeconomica.com.br\/wp\/2022\/07\/27\/projeto-acelera-iao-anuncia-contratacao-de-fotografo-e-redator\/#breadcrumb\"},\"inLanguage\":\"pt-BR\",\"potentialAction\":[{\"@type\":\"ReadAction\",\"target\":[\"https:\/\/bahiaeconomica.com.br\/wp\/2022\/07\/27\/projeto-acelera-iao-anuncia-contratacao-de-fotografo-e-redator\/\"]}]},{\"@type\":\"BreadcrumbList\",\"@id\":\"https:\/\/bahiaeconomica.com.br\/wp\/2022\/07\/27\/projeto-acelera-iao-anuncia-contratacao-de-fotografo-e-redator\/#breadcrumb\",\"itemListElement\":[{\"@type\":\"ListItem\",\"position\":1,\"name\":\"In\u00edcio\",\"item\":\"https:\/\/bahiaeconomica.com.br\/wp\/\"},{\"@type\":\"ListItem\",\"position\":2,\"name\":\"ACELERA IA\u00d4 ANUNCIA CONTRATA\u00c7\u00c3O DE FOT\u00d3GRAFO E REDATOR\"}]},{\"@type\":\"WebSite\",\"@id\":\"https:\/\/bahiaeconomica.com.br\/wp\/#website\",\"url\":\"https:\/\/bahiaeconomica.com.br\/wp\/\",\"name\":\"Bahia Economica\",\"description\":\"O maior portal de Economia da Bahia\",\"publisher\":{\"@id\":\"https:\/\/bahiaeconomica.com.br\/wp\/#organization\"},\"potentialAction\":[{\"@type\":\"SearchAction\",\"target\":{\"@type\":\"EntryPoint\",\"urlTemplate\":\"https:\/\/bahiaeconomica.com.br\/wp\/?s={search_term_string}\"},\"query-input\":\"required name=search_term_string\"}],\"inLanguage\":\"pt-BR\"},{\"@type\":\"Organization\",\"@id\":\"https:\/\/bahiaeconomica.com.br\/wp\/#organization\",\"name\":\"Bahia Econ\u00f4mica\",\"url\":\"https:\/\/bahiaeconomica.com.br\/wp\/\",\"logo\":{\"@type\":\"ImageObject\",\"inLanguage\":\"pt-BR\",\"@id\":\"https:\/\/bahiaeconomica.com.br\/wp\/#\/schema\/logo\/image\/\",\"url\":\"https:\/\/bahiaeconomica.com.br\/wp\/wp-content\/uploads\/2020\/12\/cropped-BE.png\",\"contentUrl\":\"https:\/\/bahiaeconomica.com.br\/wp\/wp-content\/uploads\/2020\/12\/cropped-BE.png\",\"width\":512,\"height\":512,\"caption\":\"Bahia Econ\u00f4mica\"},\"image\":{\"@id\":\"https:\/\/bahiaeconomica.com.br\/wp\/#\/schema\/logo\/image\/\"},\"sameAs\":[\"https:\/\/www.facebook.com\/bahiaeconomica\"]},{\"@type\":\"Person\",\"@id\":\"https:\/\/bahiaeconomica.com.br\/wp\/#\/schema\/person\/cb1ab5ba96ad3d9390805381c76284ec\",\"name\":\"admin\",\"url\":\"https:\/\/bahiaeconomica.com.br\/wp\/author\/admin\/\"}]}<\/script>\n<!-- \/ Yoast SEO plugin. -->","yoast_head_json":{"title":"ACELERA IA\u00d4 ANUNCIA CONTRATA\u00c7\u00c3O DE FOT\u00d3GRAFO E REDATOR - Bahia Economica","description":"O maior portal de Economia da Bahia EMPREGOS \/ CONCURSOS Bahia Economica","robots":{"index":"index","follow":"follow","max-snippet":"max-snippet:-1","max-image-preview":"max-image-preview:large","max-video-preview":"max-video-preview:-1"},"canonical":"https:\/\/bahiaeconomica.com.br\/wp\/2022\/07\/27\/projeto-acelera-iao-anuncia-contratacao-de-fotografo-e-redator\/","og_locale":"pt_BR","og_type":"article","og_title":"ACELERA IA\u00d4 ANUNCIA CONTRATA\u00c7\u00c3O DE FOT\u00d3GRAFO E REDATOR - Bahia Economica","og_description":"O maior portal de Economia da Bahia EMPREGOS \/ CONCURSOS Bahia Economica","og_url":"https:\/\/bahiaeconomica.com.br\/wp\/2022\/07\/27\/projeto-acelera-iao-anuncia-contratacao-de-fotografo-e-redator\/","og_site_name":"Bahia Economica","article_publisher":"https:\/\/www.facebook.com\/bahiaeconomica","article_published_time":"2022-07-27T14:22:20+00:00","article_modified_time":"2022-07-27T14:27:00+00:00","og_image":[{"width":1200,"height":720,"url":"https:\/\/bahiaeconomica.com.br\/wp\/wp-content\/uploads\/2022\/07\/ACELERA-IAO.jpg","type":"image\/jpeg"}],"author":"admin","twitter_card":"summary_large_image","twitter_misc":{"Escrito por":"admin","Est. tempo de leitura":"1 minuto"},"schema":{"@context":"https:\/\/schema.org","@graph":[{"@type":"Article","@id":"https:\/\/bahiaeconomica.com.br\/wp\/2022\/07\/27\/projeto-acelera-iao-anuncia-contratacao-de-fotografo-e-redator\/#article","isPartOf":{"@id":"https:\/\/bahiaeconomica.com.br\/wp\/2022\/07\/27\/projeto-acelera-iao-anuncia-contratacao-de-fotografo-e-redator\/"},"author":{"name":"admin","@id":"https:\/\/bahiaeconomica.com.br\/wp\/#\/schema\/person\/cb1ab5ba96ad3d9390805381c76284ec"},"headline":"ACELERA IA\u00d4 ANUNCIA CONTRATA\u00c7\u00c3O DE FOT\u00d3GRAFO E REDATOR","datePublished":"2022-07-27T14:22:20+00:00","dateModified":"2022-07-27T14:27:00+00:00","mainEntityOfPage":{"@id":"https:\/\/bahiaeconomica.com.br\/wp\/2022\/07\/27\/projeto-acelera-iao-anuncia-contratacao-de-fotografo-e-redator\/"},"wordCount":297,"publisher":{"@id":"https:\/\/bahiaeconomica.com.br\/wp\/#organization"},"keywords":["acelera ia\u00f4","vagas"],"articleSection":["EMPREGOS \/ CONCURSOS"],"inLanguage":"pt-BR"},{"@type":"WebPage","@id":"https:\/\/bahiaeconomica.com.br\/wp\/2022\/07\/27\/projeto-acelera-iao-anuncia-contratacao-de-fotografo-e-redator\/","url":"https:\/\/bahiaeconomica.com.br\/wp\/2022\/07\/27\/projeto-acelera-iao-anuncia-contratacao-de-fotografo-e-redator\/","name":"ACELERA IA\u00d4 ANUNCIA CONTRATA\u00c7\u00c3O DE FOT\u00d3GRAFO E REDATOR - Bahia Economica","isPartOf":{"@id":"https:\/\/bahiaeconomica.com.br\/wp\/#website"},"datePublished":"2022-07-27T14:22:20+00:00","dateModified":"2022-07-27T14:27:00+00:00","description":"O maior portal de Economia da Bahia EMPREGOS \/ CONCURSOS Bahia Economica","breadcrumb":{"@id":"https:\/\/bahiaeconomica.com.br\/wp\/2022\/07\/27\/projeto-acelera-iao-anuncia-contratacao-de-fotografo-e-redator\/#breadcrumb"},"inLanguage":"pt-BR","potentialAction":[{"@type":"ReadAction","target":["https:\/\/bahiaeconomica.com.br\/wp\/2022\/07\/27\/projeto-acelera-iao-anuncia-contratacao-de-fotografo-e-redator\/"]}]},{"@type":"BreadcrumbList","@id":"https:\/\/bahiaeconomica.com.br\/wp\/2022\/07\/27\/projeto-acelera-iao-anuncia-contratacao-de-fotografo-e-redator\/#breadcrumb","itemListElement":[{"@type":"ListItem","position":1,"name":"In\u00edcio","item":"https:\/\/bahiaeconomica.com.br\/wp\/"},{"@type":"ListItem","position":2,"name":"ACELERA IA\u00d4 ANUNCIA CONTRATA\u00c7\u00c3O DE FOT\u00d3GRAFO E REDATOR"}]},{"@type":"WebSite","@id":"https:\/\/bahiaeconomica.com.br\/wp\/#website","url":"https:\/\/bahiaeconomica.com.br\/wp\/","name":"Bahia Economica","description":"O maior portal de Economia da Bahia","publisher":{"@id":"https:\/\/bahiaeconomica.com.br\/wp\/#organization"},"potentialAction":[{"@type":"SearchAction","target":{"@type":"EntryPoint","urlTemplate":"https:\/\/bahiaeconomica.com.br\/wp\/?s={search_term_string}"},"query-input":"required name=search_term_string"}],"inLanguage":"pt-BR"},{"@type":"Organization","@id":"https:\/\/bahiaeconomica.com.br\/wp\/#organization","name":"Bahia Econ\u00f4mica","url":"https:\/\/bahiaeconomica.com.br\/wp\/","logo":{"@type":"ImageObject","inLanguage":"pt-BR","@id":"https:\/\/bahiaeconomica.com.br\/wp\/#\/schema\/logo\/image\/","url":"https:\/\/bahiaeconomica.com.br\/wp\/wp-content\/uploads\/2020\/12\/cropped-BE.png","contentUrl":"https:\/\/bahiaeconomica.com.br\/wp\/wp-content\/uploads\/2020\/12\/cropped-BE.png","width":512,"height":512,"caption":"Bahia Econ\u00f4mica"},"image":{"@id":"https:\/\/bahiaeconomica.com.br\/wp\/#\/schema\/logo\/image\/"},"sameAs":["https:\/\/www.facebook.com\/bahiaeconomica"]},{"@type":"Person","@id":"https:\/\/bahiaeconomica.com.br\/wp\/#\/schema\/person\/cb1ab5ba96ad3d9390805381c76284ec","name":"admin","url":"https:\/\/bahiaeconomica.com.br\/wp\/author\/admin\/"}]}},"views":2,"_links":{"self":[{"href":"https:\/\/bahiaeconomica.com.br\/wp\/wp-json\/wp\/v2\/posts\/680897"}],"collection":[{"href":"https:\/\/bahiaeconomica.com.br\/wp\/wp-json\/wp\/v2\/posts"}],"about":[{"href":"https:\/\/bahiaeconomica.com.br\/wp\/wp-json\/wp\/v2\/types\/post"}],"author":[{"embeddable":true,"href":"https:\/\/bahiaeconomica.com.br\/wp\/wp-json\/wp\/v2\/users\/1"}],"replies":[{"embeddable":true,"href":"https:\/\/bahiaeconomica.com.br\/wp\/wp-json\/wp\/v2\/comments?post=680897"}],"version-history":[{"count":2,"href":"https:\/\/bahiaeconomica.com.br\/wp\/wp-json\/wp\/v2\/posts\/680897\/revisions"}],"predecessor-version":[{"id":680901,"href":"https:\/\/bahiaeconomica.com.br\/wp\/wp-json\/wp\/v2\/posts\/680897\/revisions\/680901"}],"wp:featuredmedia":[{"embeddable":true,"href":"https:\/\/bahiaeconomica.com.br\/wp\/wp-json\/wp\/v2\/media\/680898"}],"wp:attachment":[{"href":"https:\/\/bahiaeconomica.com.br\/wp\/wp-json\/wp\/v2\/media?parent=680897"}],"wp:term":[{"taxonomy":"category","embeddable":true,"href":"https:\/\/bahiaeconomica.com.br\/wp\/wp-json\/wp\/v2\/categories?post=680897"},{"taxonomy":"post_tag","embeddable":true,"href":"https:\/\/bahiaeconomica.com.br\/wp\/wp-json\/wp\/v2\/tags?post=680897"}],"curies":[{"name":"wp","href":"https:\/\/api.w.org\/{rel}","templated":true}]}}