{"id":680774,"date":"2022-07-27T06:55:24","date_gmt":"2022-07-27T09:55:24","guid":{"rendered":"https:\/\/bahiaeconomica.com.br\/wp\/beta\/?p=680774"},"modified":"2022-07-27T07:12:21","modified_gmt":"2022-07-27T10:12:21","slug":"plano-de-emergencia-para-conter-demanda-de-gas-russo-e-aprovado-pela-uniao-europeia","status":"publish","type":"post","link":"https:\/\/bahiaeconomica.com.br\/wp\/2022\/07\/27\/plano-de-emergencia-para-conter-demanda-de-gas-russo-e-aprovado-pela-uniao-europeia\/","title":{"rendered":"PLANO DE EMERG\u00caNCIA PARA CONTER DEMANDA DE G\u00c1S RUSSO \u00c9 APROVADO PELA UNI\u00c3O EUROPEIA"},"content":{"rendered":"<p>Segundo informa\u00e7\u00f5es da Reuters, foi aprovado, pela Uni\u00e3o Europeia (UE), um plano de emerg\u00eancia para conter a demanda de g\u00e1s, enquanto se preparam para novas redu\u00e7\u00f5es na oferta<!--more--> russa. A partir desta quarta-feira (27), a Europa enfrenta um aumento do aperto de g\u00e1s, ap\u00f3s a russa Gazprom afirmar que pretende reduzir os fluxos atrav\u00e9s do gasoduto Nord Stream 1, s\u00e9rie de gasodutos para transporte de g\u00e1s natural atrav\u00e9s do Mar B\u00e1ltico, para a Alemanha para um quinto da capacidade.<\/p>\n<p>Os pa\u00edses da UE j\u00e1 enfrentam redu\u00e7\u00e3o de suprimentos russos e temem que a R\u00fassia corte 100% os fluxos em resposta \u00e0s san\u00e7\u00f5es ocidentais por sua guerra com a Ucr\u00e2nia. Os ministros da Energia aprovaram uma proposta para que todos os pa\u00edses da UE reduzam por conta pr\u00f3pria a utiliza\u00e7\u00e3o do g\u00e1s em 15% de agosto a mar\u00e7o. Os cortes poderiam se tornar obrigat\u00f3rios em uma emerg\u00eancia de fornecimento, no entanto, foi realizado um acordo com o intuito de isentar v\u00e1rios pa\u00edses e ind\u00fastrias, depois que alguns governos resistiram \u00e0 proposta original da UE de impor um corte obrigat\u00f3rio de 15% a todos os pa\u00edses.<\/p>\n<p>Foto: Divulga\u00e7\u00e3o\/NordStream<\/p>\n<p>&nbsp;<\/p>\n","protected":false},"excerpt":{"rendered":"<p>Segundo informa\u00e7\u00f5es da Reuters, foi aprovado, pela Uni\u00e3o Europeia (UE), um plano de emerg\u00eancia para conter a demanda de g\u00e1s, enquanto se preparam para novas redu\u00e7\u00f5es na oferta<\/p>\n","protected":false},"author":1,"featured_media":680775,"comment_status":"closed","ping_status":"closed","sticky":false,"template":"","format":"standard","meta":[],"categories":[3],"tags":[7621,7622,7623,3320],"acf":[],"yoast_head":"<!-- This site is optimized with the Yoast SEO plugin v20.8 - https:\/\/yoast.com\/wordpress\/plugins\/seo\/ -->\n<title>PLANO DE EMERG\u00caNCIA PARA CONTER DEMANDA DE G\u00c1S RUSSO \u00c9 APROVADO PELA UNI\u00c3O EUROPEIA - Bahia Economica<\/title>\n<meta name=\"description\" content=\"O maior portal de Economia da Bahia ECONOMIA \/ POL\u00cdTICA Bahia Economica\" \/>\n<meta name=\"robots\" content=\"index, follow, max-snippet:-1, max-image-preview:large, max-video-preview:-1\" \/>\n<link rel=\"canonical\" href=\"https:\/\/bahiaeconomica.com.br\/wp\/2022\/07\/27\/plano-de-emergencia-para-conter-demanda-de-gas-russo-e-aprovado-pela-uniao-europeia\/\" \/>\n<meta property=\"og:locale\" content=\"pt_BR\" \/>\n<meta property=\"og:type\" content=\"article\" \/>\n<meta property=\"og:title\" content=\"PLANO DE EMERG\u00caNCIA PARA CONTER DEMANDA DE G\u00c1S RUSSO \u00c9 APROVADO PELA UNI\u00c3O EUROPEIA - Bahia Economica\" \/>\n<meta property=\"og:description\" content=\"O maior portal de Economia da Bahia ECONOMIA \/ POL\u00cdTICA Bahia Economica\" \/>\n<meta property=\"og:url\" content=\"https:\/\/bahiaeconomica.com.br\/wp\/2022\/07\/27\/plano-de-emergencia-para-conter-demanda-de-gas-russo-e-aprovado-pela-uniao-europeia\/\" \/>\n<meta property=\"og:site_name\" content=\"Bahia Economica\" \/>\n<meta property=\"article:publisher\" content=\"https:\/\/www.facebook.com\/bahiaeconomica\" \/>\n<meta property=\"article:published_time\" content=\"2022-07-27T09:55:24+00:00\" \/>\n<meta property=\"article:modified_time\" content=\"2022-07-27T10:12:21+00:00\" \/>\n<meta property=\"og:image\" content=\"https:\/\/bahiaeconomica.com.br\/wp\/wp-content\/uploads\/2022\/07\/hehe1.jpg\" \/>\n\t<meta property=\"og:image:width\" content=\"600\" \/>\n\t<meta property=\"og:image:height\" content=\"420\" \/>\n\t<meta property=\"og:image:type\" content=\"image\/jpeg\" \/>\n<meta name=\"author\" content=\"admin\" \/>\n<meta name=\"twitter:card\" content=\"summary_large_image\" \/>\n<meta name=\"twitter:label1\" content=\"Escrito por\" \/>\n\t<meta name=\"twitter:data1\" content=\"admin\" \/>\n\t<meta name=\"twitter:label2\" content=\"Est. tempo de leitura\" \/>\n\t<meta name=\"twitter:data2\" content=\"1 minuto\" \/>\n<script type=\"application\/ld+json\" class=\"yoast-schema-graph\">{\"@context\":\"https:\/\/schema.org\",\"@graph\":[{\"@type\":\"Article\",\"@id\":\"https:\/\/bahiaeconomica.com.br\/wp\/2022\/07\/27\/plano-de-emergencia-para-conter-demanda-de-gas-russo-e-aprovado-pela-uniao-europeia\/#article\",\"isPartOf\":{\"@id\":\"https:\/\/bahiaeconomica.com.br\/wp\/2022\/07\/27\/plano-de-emergencia-para-conter-demanda-de-gas-russo-e-aprovado-pela-uniao-europeia\/\"},\"author\":{\"name\":\"admin\",\"@id\":\"https:\/\/bahiaeconomica.com.br\/wp\/#\/schema\/person\/cb1ab5ba96ad3d9390805381c76284ec\"},\"headline\":\"PLANO DE EMERG\u00caNCIA PARA CONTER DEMANDA DE G\u00c1S RUSSO \u00c9 APROVADO PELA UNI\u00c3O EUROPEIA\",\"datePublished\":\"2022-07-27T09:55:24+00:00\",\"dateModified\":\"2022-07-27T10:12:21+00:00\",\"mainEntityOfPage\":{\"@id\":\"https:\/\/bahiaeconomica.com.br\/wp\/2022\/07\/27\/plano-de-emergencia-para-conter-demanda-de-gas-russo-e-aprovado-pela-uniao-europeia\/\"},\"wordCount\":228,\"publisher\":{\"@id\":\"https:\/\/bahiaeconomica.com.br\/wp\/#organization\"},\"keywords\":[\"Gazprom\",\"Nord Stream 1\",\"Plano de emerg\u00eancia\",\"uni\u00e3o europeia\"],\"articleSection\":[\"ECONOMIA \/ POL\u00cdTICA\"],\"inLanguage\":\"pt-BR\"},{\"@type\":\"WebPage\",\"@id\":\"https:\/\/bahiaeconomica.com.br\/wp\/2022\/07\/27\/plano-de-emergencia-para-conter-demanda-de-gas-russo-e-aprovado-pela-uniao-europeia\/\",\"url\":\"https:\/\/bahiaeconomica.com.br\/wp\/2022\/07\/27\/plano-de-emergencia-para-conter-demanda-de-gas-russo-e-aprovado-pela-uniao-europeia\/\",\"name\":\"PLANO DE EMERG\u00caNCIA PARA CONTER DEMANDA DE G\u00c1S RUSSO \u00c9 APROVADO PELA UNI\u00c3O EUROPEIA - Bahia Economica\",\"isPartOf\":{\"@id\":\"https:\/\/bahiaeconomica.com.br\/wp\/#website\"},\"datePublished\":\"2022-07-27T09:55:24+00:00\",\"dateModified\":\"2022-07-27T10:12:21+00:00\",\"description\":\"O maior portal de Economia da Bahia ECONOMIA \/ POL\u00cdTICA Bahia Economica\",\"breadcrumb\":{\"@id\":\"https:\/\/bahiaeconomica.com.br\/wp\/2022\/07\/27\/plano-de-emergencia-para-conter-demanda-de-gas-russo-e-aprovado-pela-uniao-europeia\/#breadcrumb\"},\"inLanguage\":\"pt-BR\",\"potentialAction\":[{\"@type\":\"ReadAction\",\"target\":[\"https:\/\/bahiaeconomica.com.br\/wp\/2022\/07\/27\/plano-de-emergencia-para-conter-demanda-de-gas-russo-e-aprovado-pela-uniao-europeia\/\"]}]},{\"@type\":\"BreadcrumbList\",\"@id\":\"https:\/\/bahiaeconomica.com.br\/wp\/2022\/07\/27\/plano-de-emergencia-para-conter-demanda-de-gas-russo-e-aprovado-pela-uniao-europeia\/#breadcrumb\",\"itemListElement\":[{\"@type\":\"ListItem\",\"position\":1,\"name\":\"In\u00edcio\",\"item\":\"https:\/\/bahiaeconomica.com.br\/wp\/\"},{\"@type\":\"ListItem\",\"position\":2,\"name\":\"PLANO DE EMERG\u00caNCIA PARA CONTER DEMANDA DE G\u00c1S RUSSO \u00c9 APROVADO PELA UNI\u00c3O EUROPEIA\"}]},{\"@type\":\"WebSite\",\"@id\":\"https:\/\/bahiaeconomica.com.br\/wp\/#website\",\"url\":\"https:\/\/bahiaeconomica.com.br\/wp\/\",\"name\":\"Bahia Economica\",\"description\":\"O maior portal de Economia da Bahia\",\"publisher\":{\"@id\":\"https:\/\/bahiaeconomica.com.br\/wp\/#organization\"},\"potentialAction\":[{\"@type\":\"SearchAction\",\"target\":{\"@type\":\"EntryPoint\",\"urlTemplate\":\"https:\/\/bahiaeconomica.com.br\/wp\/?s={search_term_string}\"},\"query-input\":\"required name=search_term_string\"}],\"inLanguage\":\"pt-BR\"},{\"@type\":\"Organization\",\"@id\":\"https:\/\/bahiaeconomica.com.br\/wp\/#organization\",\"name\":\"Bahia Econ\u00f4mica\",\"url\":\"https:\/\/bahiaeconomica.com.br\/wp\/\",\"logo\":{\"@type\":\"ImageObject\",\"inLanguage\":\"pt-BR\",\"@id\":\"https:\/\/bahiaeconomica.com.br\/wp\/#\/schema\/logo\/image\/\",\"url\":\"https:\/\/bahiaeconomica.com.br\/wp\/wp-content\/uploads\/2020\/12\/cropped-BE.png\",\"contentUrl\":\"https:\/\/bahiaeconomica.com.br\/wp\/wp-content\/uploads\/2020\/12\/cropped-BE.png\",\"width\":512,\"height\":512,\"caption\":\"Bahia Econ\u00f4mica\"},\"image\":{\"@id\":\"https:\/\/bahiaeconomica.com.br\/wp\/#\/schema\/logo\/image\/\"},\"sameAs\":[\"https:\/\/www.facebook.com\/bahiaeconomica\"]},{\"@type\":\"Person\",\"@id\":\"https:\/\/bahiaeconomica.com.br\/wp\/#\/schema\/person\/cb1ab5ba96ad3d9390805381c76284ec\",\"name\":\"admin\",\"url\":\"https:\/\/bahiaeconomica.com.br\/wp\/author\/admin\/\"}]}<\/script>\n<!-- \/ Yoast SEO plugin. -->","yoast_head_json":{"title":"PLANO DE EMERG\u00caNCIA PARA CONTER DEMANDA DE G\u00c1S RUSSO \u00c9 APROVADO PELA UNI\u00c3O EUROPEIA - Bahia Economica","description":"O maior portal de Economia da Bahia ECONOMIA \/ POL\u00cdTICA Bahia Economica","robots":{"index":"index","follow":"follow","max-snippet":"max-snippet:-1","max-image-preview":"max-image-preview:large","max-video-preview":"max-video-preview:-1"},"canonical":"https:\/\/bahiaeconomica.com.br\/wp\/2022\/07\/27\/plano-de-emergencia-para-conter-demanda-de-gas-russo-e-aprovado-pela-uniao-europeia\/","og_locale":"pt_BR","og_type":"article","og_title":"PLANO DE EMERG\u00caNCIA PARA CONTER DEMANDA DE G\u00c1S RUSSO \u00c9 APROVADO PELA UNI\u00c3O EUROPEIA - Bahia Economica","og_description":"O maior portal de Economia da Bahia ECONOMIA \/ POL\u00cdTICA Bahia Economica","og_url":"https:\/\/bahiaeconomica.com.br\/wp\/2022\/07\/27\/plano-de-emergencia-para-conter-demanda-de-gas-russo-e-aprovado-pela-uniao-europeia\/","og_site_name":"Bahia Economica","article_publisher":"https:\/\/www.facebook.com\/bahiaeconomica","article_published_time":"2022-07-27T09:55:24+00:00","article_modified_time":"2022-07-27T10:12:21+00:00","og_image":[{"width":600,"height":420,"url":"https:\/\/bahiaeconomica.com.br\/wp\/wp-content\/uploads\/2022\/07\/hehe1.jpg","type":"image\/jpeg"}],"author":"admin","twitter_card":"summary_large_image","twitter_misc":{"Escrito por":"admin","Est. tempo de leitura":"1 minuto"},"schema":{"@context":"https:\/\/schema.org","@graph":[{"@type":"Article","@id":"https:\/\/bahiaeconomica.com.br\/wp\/2022\/07\/27\/plano-de-emergencia-para-conter-demanda-de-gas-russo-e-aprovado-pela-uniao-europeia\/#article","isPartOf":{"@id":"https:\/\/bahiaeconomica.com.br\/wp\/2022\/07\/27\/plano-de-emergencia-para-conter-demanda-de-gas-russo-e-aprovado-pela-uniao-europeia\/"},"author":{"name":"admin","@id":"https:\/\/bahiaeconomica.com.br\/wp\/#\/schema\/person\/cb1ab5ba96ad3d9390805381c76284ec"},"headline":"PLANO DE EMERG\u00caNCIA PARA CONTER DEMANDA DE G\u00c1S RUSSO \u00c9 APROVADO PELA UNI\u00c3O EUROPEIA","datePublished":"2022-07-27T09:55:24+00:00","dateModified":"2022-07-27T10:12:21+00:00","mainEntityOfPage":{"@id":"https:\/\/bahiaeconomica.com.br\/wp\/2022\/07\/27\/plano-de-emergencia-para-conter-demanda-de-gas-russo-e-aprovado-pela-uniao-europeia\/"},"wordCount":228,"publisher":{"@id":"https:\/\/bahiaeconomica.com.br\/wp\/#organization"},"keywords":["Gazprom","Nord Stream 1","Plano de emerg\u00eancia","uni\u00e3o europeia"],"articleSection":["ECONOMIA \/ POL\u00cdTICA"],"inLanguage":"pt-BR"},{"@type":"WebPage","@id":"https:\/\/bahiaeconomica.com.br\/wp\/2022\/07\/27\/plano-de-emergencia-para-conter-demanda-de-gas-russo-e-aprovado-pela-uniao-europeia\/","url":"https:\/\/bahiaeconomica.com.br\/wp\/2022\/07\/27\/plano-de-emergencia-para-conter-demanda-de-gas-russo-e-aprovado-pela-uniao-europeia\/","name":"PLANO DE EMERG\u00caNCIA PARA CONTER DEMANDA DE G\u00c1S RUSSO \u00c9 APROVADO PELA UNI\u00c3O EUROPEIA - Bahia Economica","isPartOf":{"@id":"https:\/\/bahiaeconomica.com.br\/wp\/#website"},"datePublished":"2022-07-27T09:55:24+00:00","dateModified":"2022-07-27T10:12:21+00:00","description":"O maior portal de Economia da Bahia ECONOMIA \/ POL\u00cdTICA Bahia Economica","breadcrumb":{"@id":"https:\/\/bahiaeconomica.com.br\/wp\/2022\/07\/27\/plano-de-emergencia-para-conter-demanda-de-gas-russo-e-aprovado-pela-uniao-europeia\/#breadcrumb"},"inLanguage":"pt-BR","potentialAction":[{"@type":"ReadAction","target":["https:\/\/bahiaeconomica.com.br\/wp\/2022\/07\/27\/plano-de-emergencia-para-conter-demanda-de-gas-russo-e-aprovado-pela-uniao-europeia\/"]}]},{"@type":"BreadcrumbList","@id":"https:\/\/bahiaeconomica.com.br\/wp\/2022\/07\/27\/plano-de-emergencia-para-conter-demanda-de-gas-russo-e-aprovado-pela-uniao-europeia\/#breadcrumb","itemListElement":[{"@type":"ListItem","position":1,"name":"In\u00edcio","item":"https:\/\/bahiaeconomica.com.br\/wp\/"},{"@type":"ListItem","position":2,"name":"PLANO DE EMERG\u00caNCIA PARA CONTER DEMANDA DE G\u00c1S RUSSO \u00c9 APROVADO PELA UNI\u00c3O EUROPEIA"}]},{"@type":"WebSite","@id":"https:\/\/bahiaeconomica.com.br\/wp\/#website","url":"https:\/\/bahiaeconomica.com.br\/wp\/","name":"Bahia Economica","description":"O maior portal de Economia da Bahia","publisher":{"@id":"https:\/\/bahiaeconomica.com.br\/wp\/#organization"},"potentialAction":[{"@type":"SearchAction","target":{"@type":"EntryPoint","urlTemplate":"https:\/\/bahiaeconomica.com.br\/wp\/?s={search_term_string}"},"query-input":"required name=search_term_string"}],"inLanguage":"pt-BR"},{"@type":"Organization","@id":"https:\/\/bahiaeconomica.com.br\/wp\/#organization","name":"Bahia Econ\u00f4mica","url":"https:\/\/bahiaeconomica.com.br\/wp\/","logo":{"@type":"ImageObject","inLanguage":"pt-BR","@id":"https:\/\/bahiaeconomica.com.br\/wp\/#\/schema\/logo\/image\/","url":"https:\/\/bahiaeconomica.com.br\/wp\/wp-content\/uploads\/2020\/12\/cropped-BE.png","contentUrl":"https:\/\/bahiaeconomica.com.br\/wp\/wp-content\/uploads\/2020\/12\/cropped-BE.png","width":512,"height":512,"caption":"Bahia Econ\u00f4mica"},"image":{"@id":"https:\/\/bahiaeconomica.com.br\/wp\/#\/schema\/logo\/image\/"},"sameAs":["https:\/\/www.facebook.com\/bahiaeconomica"]},{"@type":"Person","@id":"https:\/\/bahiaeconomica.com.br\/wp\/#\/schema\/person\/cb1ab5ba96ad3d9390805381c76284ec","name":"admin","url":"https:\/\/bahiaeconomica.com.br\/wp\/author\/admin\/"}]}},"views":1,"_links":{"self":[{"href":"https:\/\/bahiaeconomica.com.br\/wp\/wp-json\/wp\/v2\/posts\/680774"}],"collection":[{"href":"https:\/\/bahiaeconomica.com.br\/wp\/wp-json\/wp\/v2\/posts"}],"about":[{"href":"https:\/\/bahiaeconomica.com.br\/wp\/wp-json\/wp\/v2\/types\/post"}],"author":[{"embeddable":true,"href":"https:\/\/bahiaeconomica.com.br\/wp\/wp-json\/wp\/v2\/users\/1"}],"replies":[{"embeddable":true,"href":"https:\/\/bahiaeconomica.com.br\/wp\/wp-json\/wp\/v2\/comments?post=680774"}],"version-history":[{"count":1,"href":"https:\/\/bahiaeconomica.com.br\/wp\/wp-json\/wp\/v2\/posts\/680774\/revisions"}],"predecessor-version":[{"id":680777,"href":"https:\/\/bahiaeconomica.com.br\/wp\/wp-json\/wp\/v2\/posts\/680774\/revisions\/680777"}],"wp:featuredmedia":[{"embeddable":true,"href":"https:\/\/bahiaeconomica.com.br\/wp\/wp-json\/wp\/v2\/media\/680775"}],"wp:attachment":[{"href":"https:\/\/bahiaeconomica.com.br\/wp\/wp-json\/wp\/v2\/media?parent=680774"}],"wp:term":[{"taxonomy":"category","embeddable":true,"href":"https:\/\/bahiaeconomica.com.br\/wp\/wp-json\/wp\/v2\/categories?post=680774"},{"taxonomy":"post_tag","embeddable":true,"href":"https:\/\/bahiaeconomica.com.br\/wp\/wp-json\/wp\/v2\/tags?post=680774"}],"curies":[{"name":"wp","href":"https:\/\/api.w.org\/{rel}","templated":true}]}}