{"id":680180,"date":"2022-07-22T13:28:11","date_gmt":"2022-07-22T16:28:11","guid":{"rendered":"https:\/\/bahiaeconomica.com.br\/wp\/beta\/?p=680180"},"modified":"2022-07-22T13:28:11","modified_gmt":"2022-07-22T16:28:11","slug":"nos-precisamos-de-um-congresso-que-defendera-valores-na-hora-de-votar-um-projeto-diz-dra-raissa-soares","status":"publish","type":"post","link":"https:\/\/bahiaeconomica.com.br\/wp\/2022\/07\/22\/nos-precisamos-de-um-congresso-que-defendera-valores-na-hora-de-votar-um-projeto-diz-dra-raissa-soares\/","title":{"rendered":"&#8216;N\u00d3S PRECISAMOS DE UM CONGRESSO QUE DEFENDER\u00c1 VALORES NA HORA DE VOTAR UM PROJETO\u2019, DIZ DRA. RAISSA SOARES"},"content":{"rendered":"<p>Agora oficialmente candidata ao Senado pelo PL na Bahia, a Dra. Raissa Soares alertou, em discurso realizado nesta sexta-feira (22) durante conven\u00e7\u00e3o que selou a candidatura<!--more--> de Jo\u00e3o Roma ao governo, a necessidade de eleger deputados de partidos que comp\u00f5em a base do ex-ministro da Cidadania. &#8220;N\u00f3s precisamos de uma Assembleia Legislativa absolutamente pujante e que defende valores. N\u00f3s precisamos de um Congresso que defender\u00e1 valores na hora de votar um projeto. Perguntem onde o seu candidato est\u00e1 filiado. Ent\u00e3o, cuidado. Informem as pessoas&#8221;, preveniu Raissa.<\/p>\n<p>&#8220;Precisamos trazer as verdadeiras legendas parceiras de Jo\u00e3o Roma, de Jair Bolsonaro e de Raissa Soares. N\u00f3s contaremos com cada um de voc\u00eas&#8221;. &#8220;Me perguntam qual \u00e9 o meu projeto de Senado. Eu respondo: o meu projeto de Senado \u00e9 defender o povo baiano, \u00e9 lutar por cada classe, \u00e9 lutar pela Sa\u00fade. Uma voz que tenha coer\u00eancia com os princ\u00edpios. N\u00f3s faremos a diferen\u00e7a&#8221;, continuou a m\u00e9dica bolsonarista. Nesta manh\u00e3, tamb\u00e9m foi oficializado o nome da tamb\u00e9m m\u00e9dica Leon\u00eddia Umbelina, presidente do Partido da Mulher Brasileira (PMB) de Feira de Santana, para o posto de vice da chapa encabe\u00e7ada por Roma.<\/p>\n","protected":false},"excerpt":{"rendered":"<p>Agora oficialmente candidata ao Senado pelo PL na Bahia, a Dra. Raissa Soares alertou, em discurso realizado nesta sexta-feira (22) durante conven\u00e7\u00e3o que selou a candidatura<\/p>\n","protected":false},"author":1,"featured_media":680181,"comment_status":"closed","ping_status":"closed","sticky":false,"template":"","format":"standard","meta":[],"categories":[3],"tags":[],"acf":[],"yoast_head":"<!-- This site is optimized with the Yoast SEO plugin v20.8 - https:\/\/yoast.com\/wordpress\/plugins\/seo\/ -->\n<title>&#039;N\u00d3S PRECISAMOS DE UM CONGRESSO QUE DEFENDER\u00c1 VALORES NA HORA DE VOTAR UM PROJETO\u2019, DIZ DRA. RAISSA SOARES - Bahia Economica<\/title>\n<meta name=\"description\" content=\"O maior portal de Economia da Bahia ECONOMIA \/ POL\u00cdTICA Bahia Economica\" \/>\n<meta name=\"robots\" content=\"index, follow, max-snippet:-1, max-image-preview:large, max-video-preview:-1\" \/>\n<link rel=\"canonical\" href=\"https:\/\/bahiaeconomica.com.br\/wp\/2022\/07\/22\/nos-precisamos-de-um-congresso-que-defendera-valores-na-hora-de-votar-um-projeto-diz-dra-raissa-soares\/\" \/>\n<meta property=\"og:locale\" content=\"pt_BR\" \/>\n<meta property=\"og:type\" content=\"article\" \/>\n<meta property=\"og:title\" content=\"&#039;N\u00d3S PRECISAMOS DE UM CONGRESSO QUE DEFENDER\u00c1 VALORES NA HORA DE VOTAR UM PROJETO\u2019, DIZ DRA. RAISSA SOARES - Bahia Economica\" \/>\n<meta property=\"og:description\" content=\"O maior portal de Economia da Bahia ECONOMIA \/ POL\u00cdTICA Bahia Economica\" \/>\n<meta property=\"og:url\" content=\"https:\/\/bahiaeconomica.com.br\/wp\/2022\/07\/22\/nos-precisamos-de-um-congresso-que-defendera-valores-na-hora-de-votar-um-projeto-diz-dra-raissa-soares\/\" \/>\n<meta property=\"og:site_name\" content=\"Bahia Economica\" \/>\n<meta property=\"article:publisher\" content=\"https:\/\/www.facebook.com\/bahiaeconomica\" \/>\n<meta property=\"article:published_time\" content=\"2022-07-22T16:28:11+00:00\" \/>\n<meta property=\"og:image\" content=\"https:\/\/bahiaeconomica.com.br\/wp\/wp-content\/uploads\/2022\/07\/WhatsApp-Image-2022-07-22-at-12.27.31.jpeg\" \/>\n\t<meta property=\"og:image:width\" content=\"1280\" \/>\n\t<meta property=\"og:image:height\" content=\"853\" \/>\n\t<meta property=\"og:image:type\" content=\"image\/jpeg\" \/>\n<meta name=\"author\" content=\"admin\" \/>\n<meta name=\"twitter:card\" content=\"summary_large_image\" \/>\n<meta name=\"twitter:label1\" content=\"Escrito por\" \/>\n\t<meta name=\"twitter:data1\" content=\"admin\" \/>\n\t<meta name=\"twitter:label2\" content=\"Est. tempo de leitura\" \/>\n\t<meta name=\"twitter:data2\" content=\"1 minuto\" \/>\n<script type=\"application\/ld+json\" class=\"yoast-schema-graph\">{\"@context\":\"https:\/\/schema.org\",\"@graph\":[{\"@type\":\"Article\",\"@id\":\"https:\/\/bahiaeconomica.com.br\/wp\/2022\/07\/22\/nos-precisamos-de-um-congresso-que-defendera-valores-na-hora-de-votar-um-projeto-diz-dra-raissa-soares\/#article\",\"isPartOf\":{\"@id\":\"https:\/\/bahiaeconomica.com.br\/wp\/2022\/07\/22\/nos-precisamos-de-um-congresso-que-defendera-valores-na-hora-de-votar-um-projeto-diz-dra-raissa-soares\/\"},\"author\":{\"name\":\"admin\",\"@id\":\"https:\/\/bahiaeconomica.com.br\/wp\/#\/schema\/person\/cb1ab5ba96ad3d9390805381c76284ec\"},\"headline\":\"&#8216;N\u00d3S PRECISAMOS DE UM CONGRESSO QUE DEFENDER\u00c1 VALORES NA HORA DE VOTAR UM PROJETO\u2019, DIZ DRA. RAISSA SOARES\",\"datePublished\":\"2022-07-22T16:28:11+00:00\",\"dateModified\":\"2022-07-22T16:28:11+00:00\",\"mainEntityOfPage\":{\"@id\":\"https:\/\/bahiaeconomica.com.br\/wp\/2022\/07\/22\/nos-precisamos-de-um-congresso-que-defendera-valores-na-hora-de-votar-um-projeto-diz-dra-raissa-soares\/\"},\"wordCount\":222,\"publisher\":{\"@id\":\"https:\/\/bahiaeconomica.com.br\/wp\/#organization\"},\"articleSection\":[\"ECONOMIA \/ POL\u00cdTICA\"],\"inLanguage\":\"pt-BR\"},{\"@type\":\"WebPage\",\"@id\":\"https:\/\/bahiaeconomica.com.br\/wp\/2022\/07\/22\/nos-precisamos-de-um-congresso-que-defendera-valores-na-hora-de-votar-um-projeto-diz-dra-raissa-soares\/\",\"url\":\"https:\/\/bahiaeconomica.com.br\/wp\/2022\/07\/22\/nos-precisamos-de-um-congresso-que-defendera-valores-na-hora-de-votar-um-projeto-diz-dra-raissa-soares\/\",\"name\":\"'N\u00d3S PRECISAMOS DE UM CONGRESSO QUE DEFENDER\u00c1 VALORES NA HORA DE VOTAR UM PROJETO\u2019, DIZ DRA. RAISSA SOARES - Bahia Economica\",\"isPartOf\":{\"@id\":\"https:\/\/bahiaeconomica.com.br\/wp\/#website\"},\"datePublished\":\"2022-07-22T16:28:11+00:00\",\"dateModified\":\"2022-07-22T16:28:11+00:00\",\"description\":\"O maior portal de Economia da Bahia ECONOMIA \/ POL\u00cdTICA Bahia Economica\",\"breadcrumb\":{\"@id\":\"https:\/\/bahiaeconomica.com.br\/wp\/2022\/07\/22\/nos-precisamos-de-um-congresso-que-defendera-valores-na-hora-de-votar-um-projeto-diz-dra-raissa-soares\/#breadcrumb\"},\"inLanguage\":\"pt-BR\",\"potentialAction\":[{\"@type\":\"ReadAction\",\"target\":[\"https:\/\/bahiaeconomica.com.br\/wp\/2022\/07\/22\/nos-precisamos-de-um-congresso-que-defendera-valores-na-hora-de-votar-um-projeto-diz-dra-raissa-soares\/\"]}]},{\"@type\":\"BreadcrumbList\",\"@id\":\"https:\/\/bahiaeconomica.com.br\/wp\/2022\/07\/22\/nos-precisamos-de-um-congresso-que-defendera-valores-na-hora-de-votar-um-projeto-diz-dra-raissa-soares\/#breadcrumb\",\"itemListElement\":[{\"@type\":\"ListItem\",\"position\":1,\"name\":\"In\u00edcio\",\"item\":\"https:\/\/bahiaeconomica.com.br\/wp\/\"},{\"@type\":\"ListItem\",\"position\":2,\"name\":\"&#8216;N\u00d3S PRECISAMOS DE UM CONGRESSO QUE DEFENDER\u00c1 VALORES NA HORA DE VOTAR UM PROJETO\u2019, DIZ DRA. RAISSA SOARES\"}]},{\"@type\":\"WebSite\",\"@id\":\"https:\/\/bahiaeconomica.com.br\/wp\/#website\",\"url\":\"https:\/\/bahiaeconomica.com.br\/wp\/\",\"name\":\"Bahia Economica\",\"description\":\"O maior portal de Economia da Bahia\",\"publisher\":{\"@id\":\"https:\/\/bahiaeconomica.com.br\/wp\/#organization\"},\"potentialAction\":[{\"@type\":\"SearchAction\",\"target\":{\"@type\":\"EntryPoint\",\"urlTemplate\":\"https:\/\/bahiaeconomica.com.br\/wp\/?s={search_term_string}\"},\"query-input\":\"required name=search_term_string\"}],\"inLanguage\":\"pt-BR\"},{\"@type\":\"Organization\",\"@id\":\"https:\/\/bahiaeconomica.com.br\/wp\/#organization\",\"name\":\"Bahia Econ\u00f4mica\",\"url\":\"https:\/\/bahiaeconomica.com.br\/wp\/\",\"logo\":{\"@type\":\"ImageObject\",\"inLanguage\":\"pt-BR\",\"@id\":\"https:\/\/bahiaeconomica.com.br\/wp\/#\/schema\/logo\/image\/\",\"url\":\"https:\/\/bahiaeconomica.com.br\/wp\/wp-content\/uploads\/2020\/12\/cropped-BE.png\",\"contentUrl\":\"https:\/\/bahiaeconomica.com.br\/wp\/wp-content\/uploads\/2020\/12\/cropped-BE.png\",\"width\":512,\"height\":512,\"caption\":\"Bahia Econ\u00f4mica\"},\"image\":{\"@id\":\"https:\/\/bahiaeconomica.com.br\/wp\/#\/schema\/logo\/image\/\"},\"sameAs\":[\"https:\/\/www.facebook.com\/bahiaeconomica\"]},{\"@type\":\"Person\",\"@id\":\"https:\/\/bahiaeconomica.com.br\/wp\/#\/schema\/person\/cb1ab5ba96ad3d9390805381c76284ec\",\"name\":\"admin\",\"url\":\"https:\/\/bahiaeconomica.com.br\/wp\/author\/admin\/\"}]}<\/script>\n<!-- \/ Yoast SEO plugin. -->","yoast_head_json":{"title":"'N\u00d3S PRECISAMOS DE UM CONGRESSO QUE DEFENDER\u00c1 VALORES NA HORA DE VOTAR UM PROJETO\u2019, DIZ DRA. RAISSA SOARES - Bahia Economica","description":"O maior portal de Economia da Bahia ECONOMIA \/ POL\u00cdTICA Bahia Economica","robots":{"index":"index","follow":"follow","max-snippet":"max-snippet:-1","max-image-preview":"max-image-preview:large","max-video-preview":"max-video-preview:-1"},"canonical":"https:\/\/bahiaeconomica.com.br\/wp\/2022\/07\/22\/nos-precisamos-de-um-congresso-que-defendera-valores-na-hora-de-votar-um-projeto-diz-dra-raissa-soares\/","og_locale":"pt_BR","og_type":"article","og_title":"'N\u00d3S PRECISAMOS DE UM CONGRESSO QUE DEFENDER\u00c1 VALORES NA HORA DE VOTAR UM PROJETO\u2019, DIZ DRA. RAISSA SOARES - Bahia Economica","og_description":"O maior portal de Economia da Bahia ECONOMIA \/ POL\u00cdTICA Bahia Economica","og_url":"https:\/\/bahiaeconomica.com.br\/wp\/2022\/07\/22\/nos-precisamos-de-um-congresso-que-defendera-valores-na-hora-de-votar-um-projeto-diz-dra-raissa-soares\/","og_site_name":"Bahia Economica","article_publisher":"https:\/\/www.facebook.com\/bahiaeconomica","article_published_time":"2022-07-22T16:28:11+00:00","og_image":[{"width":1280,"height":853,"url":"https:\/\/bahiaeconomica.com.br\/wp\/wp-content\/uploads\/2022\/07\/WhatsApp-Image-2022-07-22-at-12.27.31.jpeg","type":"image\/jpeg"}],"author":"admin","twitter_card":"summary_large_image","twitter_misc":{"Escrito por":"admin","Est. tempo de leitura":"1 minuto"},"schema":{"@context":"https:\/\/schema.org","@graph":[{"@type":"Article","@id":"https:\/\/bahiaeconomica.com.br\/wp\/2022\/07\/22\/nos-precisamos-de-um-congresso-que-defendera-valores-na-hora-de-votar-um-projeto-diz-dra-raissa-soares\/#article","isPartOf":{"@id":"https:\/\/bahiaeconomica.com.br\/wp\/2022\/07\/22\/nos-precisamos-de-um-congresso-que-defendera-valores-na-hora-de-votar-um-projeto-diz-dra-raissa-soares\/"},"author":{"name":"admin","@id":"https:\/\/bahiaeconomica.com.br\/wp\/#\/schema\/person\/cb1ab5ba96ad3d9390805381c76284ec"},"headline":"&#8216;N\u00d3S PRECISAMOS DE UM CONGRESSO QUE DEFENDER\u00c1 VALORES NA HORA DE VOTAR UM PROJETO\u2019, DIZ DRA. RAISSA SOARES","datePublished":"2022-07-22T16:28:11+00:00","dateModified":"2022-07-22T16:28:11+00:00","mainEntityOfPage":{"@id":"https:\/\/bahiaeconomica.com.br\/wp\/2022\/07\/22\/nos-precisamos-de-um-congresso-que-defendera-valores-na-hora-de-votar-um-projeto-diz-dra-raissa-soares\/"},"wordCount":222,"publisher":{"@id":"https:\/\/bahiaeconomica.com.br\/wp\/#organization"},"articleSection":["ECONOMIA \/ POL\u00cdTICA"],"inLanguage":"pt-BR"},{"@type":"WebPage","@id":"https:\/\/bahiaeconomica.com.br\/wp\/2022\/07\/22\/nos-precisamos-de-um-congresso-que-defendera-valores-na-hora-de-votar-um-projeto-diz-dra-raissa-soares\/","url":"https:\/\/bahiaeconomica.com.br\/wp\/2022\/07\/22\/nos-precisamos-de-um-congresso-que-defendera-valores-na-hora-de-votar-um-projeto-diz-dra-raissa-soares\/","name":"'N\u00d3S PRECISAMOS DE UM CONGRESSO QUE DEFENDER\u00c1 VALORES NA HORA DE VOTAR UM PROJETO\u2019, DIZ DRA. RAISSA SOARES - Bahia Economica","isPartOf":{"@id":"https:\/\/bahiaeconomica.com.br\/wp\/#website"},"datePublished":"2022-07-22T16:28:11+00:00","dateModified":"2022-07-22T16:28:11+00:00","description":"O maior portal de Economia da Bahia ECONOMIA \/ POL\u00cdTICA Bahia Economica","breadcrumb":{"@id":"https:\/\/bahiaeconomica.com.br\/wp\/2022\/07\/22\/nos-precisamos-de-um-congresso-que-defendera-valores-na-hora-de-votar-um-projeto-diz-dra-raissa-soares\/#breadcrumb"},"inLanguage":"pt-BR","potentialAction":[{"@type":"ReadAction","target":["https:\/\/bahiaeconomica.com.br\/wp\/2022\/07\/22\/nos-precisamos-de-um-congresso-que-defendera-valores-na-hora-de-votar-um-projeto-diz-dra-raissa-soares\/"]}]},{"@type":"BreadcrumbList","@id":"https:\/\/bahiaeconomica.com.br\/wp\/2022\/07\/22\/nos-precisamos-de-um-congresso-que-defendera-valores-na-hora-de-votar-um-projeto-diz-dra-raissa-soares\/#breadcrumb","itemListElement":[{"@type":"ListItem","position":1,"name":"In\u00edcio","item":"https:\/\/bahiaeconomica.com.br\/wp\/"},{"@type":"ListItem","position":2,"name":"&#8216;N\u00d3S PRECISAMOS DE UM CONGRESSO QUE DEFENDER\u00c1 VALORES NA HORA DE VOTAR UM PROJETO\u2019, DIZ DRA. RAISSA SOARES"}]},{"@type":"WebSite","@id":"https:\/\/bahiaeconomica.com.br\/wp\/#website","url":"https:\/\/bahiaeconomica.com.br\/wp\/","name":"Bahia Economica","description":"O maior portal de Economia da Bahia","publisher":{"@id":"https:\/\/bahiaeconomica.com.br\/wp\/#organization"},"potentialAction":[{"@type":"SearchAction","target":{"@type":"EntryPoint","urlTemplate":"https:\/\/bahiaeconomica.com.br\/wp\/?s={search_term_string}"},"query-input":"required name=search_term_string"}],"inLanguage":"pt-BR"},{"@type":"Organization","@id":"https:\/\/bahiaeconomica.com.br\/wp\/#organization","name":"Bahia Econ\u00f4mica","url":"https:\/\/bahiaeconomica.com.br\/wp\/","logo":{"@type":"ImageObject","inLanguage":"pt-BR","@id":"https:\/\/bahiaeconomica.com.br\/wp\/#\/schema\/logo\/image\/","url":"https:\/\/bahiaeconomica.com.br\/wp\/wp-content\/uploads\/2020\/12\/cropped-BE.png","contentUrl":"https:\/\/bahiaeconomica.com.br\/wp\/wp-content\/uploads\/2020\/12\/cropped-BE.png","width":512,"height":512,"caption":"Bahia Econ\u00f4mica"},"image":{"@id":"https:\/\/bahiaeconomica.com.br\/wp\/#\/schema\/logo\/image\/"},"sameAs":["https:\/\/www.facebook.com\/bahiaeconomica"]},{"@type":"Person","@id":"https:\/\/bahiaeconomica.com.br\/wp\/#\/schema\/person\/cb1ab5ba96ad3d9390805381c76284ec","name":"admin","url":"https:\/\/bahiaeconomica.com.br\/wp\/author\/admin\/"}]}},"views":3,"_links":{"self":[{"href":"https:\/\/bahiaeconomica.com.br\/wp\/wp-json\/wp\/v2\/posts\/680180"}],"collection":[{"href":"https:\/\/bahiaeconomica.com.br\/wp\/wp-json\/wp\/v2\/posts"}],"about":[{"href":"https:\/\/bahiaeconomica.com.br\/wp\/wp-json\/wp\/v2\/types\/post"}],"author":[{"embeddable":true,"href":"https:\/\/bahiaeconomica.com.br\/wp\/wp-json\/wp\/v2\/users\/1"}],"replies":[{"embeddable":true,"href":"https:\/\/bahiaeconomica.com.br\/wp\/wp-json\/wp\/v2\/comments?post=680180"}],"version-history":[{"count":1,"href":"https:\/\/bahiaeconomica.com.br\/wp\/wp-json\/wp\/v2\/posts\/680180\/revisions"}],"predecessor-version":[{"id":680182,"href":"https:\/\/bahiaeconomica.com.br\/wp\/wp-json\/wp\/v2\/posts\/680180\/revisions\/680182"}],"wp:featuredmedia":[{"embeddable":true,"href":"https:\/\/bahiaeconomica.com.br\/wp\/wp-json\/wp\/v2\/media\/680181"}],"wp:attachment":[{"href":"https:\/\/bahiaeconomica.com.br\/wp\/wp-json\/wp\/v2\/media?parent=680180"}],"wp:term":[{"taxonomy":"category","embeddable":true,"href":"https:\/\/bahiaeconomica.com.br\/wp\/wp-json\/wp\/v2\/categories?post=680180"},{"taxonomy":"post_tag","embeddable":true,"href":"https:\/\/bahiaeconomica.com.br\/wp\/wp-json\/wp\/v2\/tags?post=680180"}],"curies":[{"name":"wp","href":"https:\/\/api.w.org\/{rel}","templated":true}]}}