{"id":680162,"date":"2022-07-22T12:42:45","date_gmt":"2022-07-22T15:42:45","guid":{"rendered":"https:\/\/bahiaeconomica.com.br\/wp\/beta\/?p=680162"},"modified":"2022-07-22T12:42:45","modified_gmt":"2022-07-22T15:42:45","slug":"numero-de-casos-de-variola-dos-macacos-preocupa-a-oms","status":"publish","type":"post","link":"https:\/\/bahiaeconomica.com.br\/wp\/2022\/07\/22\/numero-de-casos-de-variola-dos-macacos-preocupa-a-oms\/","title":{"rendered":"N\u00daMERO DE CASOS DE VAR\u00cdOLA DOS MACACOS PREOCUPA A OMS"},"content":{"rendered":"<p>A Organiza\u00e7\u00e3o Mundial da Sa\u00fade (OMS) se mostrou preocupada com a quantidade de casos confirmados de var\u00edola dos macacos e tamb\u00e9m com o crescente n\u00famero de pa\u00edses com confirma\u00e7\u00f5es, em nova reuni\u00e3o do comit\u00ea de emerg\u00eancia para avalia\u00e7\u00e3o do surto, nesta quinta-feira, 21. Conforme o diretor-geral, Tedros Adhanom, j\u00e1 s\u00e3o mais de 14 mil notifica\u00e7\u00f5es recebidas vindas de 71 na\u00e7\u00f5es.<!--more--><\/p>\n<p>&#8220;Continuo preocupado com o n\u00famero de casos, em um n\u00famero crescente de pa\u00edses&#8221;, disse Adhanom, no discurso de abertura da reuni\u00e3o. Ele destacou que \u00e9 &#8220;agrad\u00e1vel&#8221; notar uma aparente tend\u00eancia de decl\u00ednio em alguns pa\u00edses, &#8220;mas outros ainda est\u00e3o vendo um aumento, e seis pa\u00edses relataram seus primeiros casos na semana passada.&#8221;<\/p>\n<p>O comit\u00ea se reuniu pela primeira vez no final de junho e decidiu que, naquele momento, o surto n\u00e3o configurava uma emerg\u00eancia de sa\u00fade p\u00fablica de import\u00e2ncia internacional (PHEIC, em ingl\u00eas). Uma PHEIC \u00e9 um &#8220;evento extraordin\u00e1rio&#8221; que apresenta risco atrav\u00e9s da propaga\u00e7\u00e3o internacional e requer &#8220;resposta internacional coordenada&#8221;. Desde 2007, a organiza\u00e7\u00e3o s\u00f3 soou esse alerta seis vezes. Atualmente, apenas a covid-19 e o poliov\u00edrus t\u00eam esse status.<\/p>\n<p>No dia 6 de julho, quando havia 6 mil notifica\u00e7\u00f5es de 58 pa\u00edses, o diretor-geral declarou que reuniria os especialistas novamente No an\u00fancio, Adhanom frisou que a testagem &#8220;continua sendo um desafio&#8221; e que era &#8220;altamente prov\u00e1vel&#8221; que um n\u00famero &#8220;significativo&#8221; de casos n\u00e3o estivessem sendo testados.<\/p>\n<p>Nesta quinta, Adhanom destacou que as considera\u00e7\u00f5es da reuni\u00e3o anterior haviam ajudado a &#8220;delinear a din\u00e2mica desse surto&#8221;. &#8220;\u00c0 medida que o surto se desenvolve, \u00e9 importante avaliar a efic\u00e1cia das interven\u00e7\u00f5es de sa\u00fade p\u00fablica em diferentes ambientes, para entender melhor o que funciona e o que n\u00e3o funciona.&#8221;<\/p>\n<p>Grande parte dos casos continua a ser relatada por homens que fazem sexo com homens (HSH), que inclu\u00ed gays e bissexuais, conforme Adhanom. Para ele, o padr\u00e3o ao mesmo tempo em que representa uma oportunidade para implementar interven\u00e7\u00f5es de sa\u00fade p\u00fablica direcionadas, \u00e9 tamb\u00e9m um &#8220;desafio&#8221;. &#8220;Porque em alguns pa\u00edses, as comunidades afetadas enfrentam discrimina\u00e7\u00e3o com risco de vida.&#8221; Ele tamb\u00e9m frisou que h\u00e1 risco de estigmatiza\u00e7\u00e3o da comunidade, o que tornar\u00e1 o surto ainda mais dif\u00edcil de controlar.<\/p>\n<p>&nbsp;<\/p>\n<p><strong>Surgimento dos casos<\/strong><\/p>\n<p>O primeiro caso europeu foi confirmado em 7 de maio em um indiv\u00edduo que retornou \u00e0 Inglaterra da Nig\u00e9ria, onde a var\u00edola dos macacos \u00e9 end\u00eamica. Desde ent\u00e3o, pa\u00edses da Europa, assim como Estados Unidos, Canad\u00e1 e Austr\u00e1lia, confirmaram casos.<\/p>\n<p>Identificada pela primeira vez em macacos, a doen\u00e7a viral geralmente se espalha por contato pr\u00f3ximo e ocorre principalmente na \u00c1frica Ocidental e Central. Raramente se espalhou para outros lugares, ent\u00e3o essa nova onda de casos fora do continente causa preocupa\u00e7\u00e3o. Existem duas cepas principais: a cepa do Congo, que \u00e9 mais grave, com at\u00e9 10% de mortalidade, e a cepa da \u00c1frica Ocidental, que tem uma taxa de mortalidade de cerca de 1%.<\/p>\n<p>O v\u00edrus pode ser transmitido por meio do contato com les\u00f5es na pele e got\u00edculas de uma pessoa contaminada, bem como atrav\u00e9s de objetos compartilhados, como roupas de cama e toalhas. O per\u00edodo de incuba\u00e7\u00e3o da var\u00edola dos macacos \u00e9 geralmente de seis a 13 dias, mas pode variar de cinco a 21 dias.<\/p>\n<p>&nbsp;<\/p>\n<p><strong>Sintomas<\/strong><\/p>\n<p>Os sintomas se assemelham, em menor grau, aos observados no passado em indiv\u00edduos com var\u00edola: febre, dor de cabe\u00e7a, dores musculares e nas costas durante os primeiros cinco dias. Erup\u00e7\u00f5es cut\u00e2neas (na face, palmas das m\u00e3os, solas dos p\u00e9s), les\u00f5es, p\u00fastulas e, ao final, crostas. Segundo a Organiza\u00e7\u00e3o Mundial de Sa\u00fade, os sintomas da doen\u00e7a duram de 14 a 21 dias.<\/p>\n<p>&nbsp;<\/p>\n<p><strong>Preven\u00e7\u00e3o<\/strong><\/p>\n<p>De acordo com o Instituto Butantan, entre as medidas de prote\u00e7\u00e3o, autoridades orientam que viajantes e residentes de pa\u00edses end\u00eamicos evitem o contato com animais doentes (vivos ou mortos) que possam abrigar o v\u00edrus da var\u00edola dos macacos (roedores, marsupiais e primatas) e devem se abster de comer ou manusear ca\u00e7a selvagem. Higienizar as m\u00e3os com \u00e1gua e sab\u00e3o ou \u00e1lcool gel s\u00e3o importantes ferramentas para evitar a exposi\u00e7\u00e3o ao v\u00edrus, al\u00e9m do contato com pessoas infectadas.<\/p>\n<p>&nbsp;<\/p>\n<p>Fonte: Estad\u00e3o Conte\u00fado<\/p>\n<p>Foto: Shutterstock<\/p>\n","protected":false},"excerpt":{"rendered":"<p>A Organiza\u00e7\u00e3o Mundial da Sa\u00fade (OMS) se mostrou preocupada com a quantidade de casos confirmados de var\u00edola dos macacos e tamb\u00e9m com o crescente n\u00famero de pa\u00edses com confirma\u00e7\u00f5es, em nova reuni\u00e3o do comit\u00ea de emerg\u00eancia para avalia\u00e7\u00e3o do surto, nesta quinta-feira, 21. Conforme o diretor-geral, Tedros Adhanom, j\u00e1 s\u00e3o mais de 14 mil notifica\u00e7\u00f5es [&hellip;]<\/p>\n","protected":false},"author":1,"featured_media":680163,"comment_status":"closed","ping_status":"closed","sticky":false,"template":"","format":"standard","meta":[],"categories":[21],"tags":[301,6197],"acf":[],"yoast_head":"<!-- This site is optimized with the Yoast SEO plugin v20.8 - https:\/\/yoast.com\/wordpress\/plugins\/seo\/ -->\n<title>N\u00daMERO DE CASOS DE VAR\u00cdOLA DOS MACACOS PREOCUPA A OMS - Bahia Economica<\/title>\n<meta name=\"description\" content=\"O maior portal de Economia da Bahia Sa\u00fade \/ Educa\u00e7\u00e3o Bahia Economica\" \/>\n<meta name=\"robots\" content=\"index, follow, max-snippet:-1, max-image-preview:large, max-video-preview:-1\" \/>\n<link rel=\"canonical\" href=\"https:\/\/bahiaeconomica.com.br\/wp\/2022\/07\/22\/numero-de-casos-de-variola-dos-macacos-preocupa-a-oms\/\" \/>\n<meta property=\"og:locale\" content=\"pt_BR\" \/>\n<meta property=\"og:type\" content=\"article\" \/>\n<meta property=\"og:title\" content=\"N\u00daMERO DE CASOS DE VAR\u00cdOLA DOS MACACOS PREOCUPA A OMS - Bahia Economica\" \/>\n<meta property=\"og:description\" content=\"O maior portal de Economia da Bahia Sa\u00fade \/ Educa\u00e7\u00e3o Bahia Economica\" \/>\n<meta property=\"og:url\" content=\"https:\/\/bahiaeconomica.com.br\/wp\/2022\/07\/22\/numero-de-casos-de-variola-dos-macacos-preocupa-a-oms\/\" \/>\n<meta property=\"og:site_name\" content=\"Bahia Economica\" \/>\n<meta property=\"article:publisher\" content=\"https:\/\/www.facebook.com\/bahiaeconomica\" \/>\n<meta property=\"article:published_time\" content=\"2022-07-22T15:42:45+00:00\" \/>\n<meta property=\"og:image\" content=\"https:\/\/bahiaeconomica.com.br\/wp\/wp-content\/uploads\/2022\/07\/csm_csm_variola_Shutterstock__9940c372c4.jpg\" \/>\n\t<meta property=\"og:image:width\" content=\"940\" \/>\n\t<meta property=\"og:image:height\" content=\"529\" \/>\n\t<meta property=\"og:image:type\" content=\"image\/jpeg\" \/>\n<meta name=\"author\" content=\"admin\" \/>\n<meta name=\"twitter:card\" content=\"summary_large_image\" \/>\n<meta name=\"twitter:label1\" content=\"Escrito por\" \/>\n\t<meta name=\"twitter:data1\" content=\"admin\" \/>\n\t<meta name=\"twitter:label2\" content=\"Est. tempo de leitura\" \/>\n\t<meta name=\"twitter:data2\" content=\"4 minutos\" \/>\n<script type=\"application\/ld+json\" class=\"yoast-schema-graph\">{\"@context\":\"https:\/\/schema.org\",\"@graph\":[{\"@type\":\"Article\",\"@id\":\"https:\/\/bahiaeconomica.com.br\/wp\/2022\/07\/22\/numero-de-casos-de-variola-dos-macacos-preocupa-a-oms\/#article\",\"isPartOf\":{\"@id\":\"https:\/\/bahiaeconomica.com.br\/wp\/2022\/07\/22\/numero-de-casos-de-variola-dos-macacos-preocupa-a-oms\/\"},\"author\":{\"name\":\"admin\",\"@id\":\"https:\/\/bahiaeconomica.com.br\/wp\/#\/schema\/person\/cb1ab5ba96ad3d9390805381c76284ec\"},\"headline\":\"N\u00daMERO DE CASOS DE VAR\u00cdOLA DOS MACACOS PREOCUPA A OMS\",\"datePublished\":\"2022-07-22T15:42:45+00:00\",\"dateModified\":\"2022-07-22T15:42:45+00:00\",\"mainEntityOfPage\":{\"@id\":\"https:\/\/bahiaeconomica.com.br\/wp\/2022\/07\/22\/numero-de-casos-de-variola-dos-macacos-preocupa-a-oms\/\"},\"wordCount\":768,\"publisher\":{\"@id\":\"https:\/\/bahiaeconomica.com.br\/wp\/#organization\"},\"keywords\":[\"OMS\",\"var\u00edola dos macacos\"],\"articleSection\":[\"Sa\u00fade \/ Educa\u00e7\u00e3o\"],\"inLanguage\":\"pt-BR\"},{\"@type\":\"WebPage\",\"@id\":\"https:\/\/bahiaeconomica.com.br\/wp\/2022\/07\/22\/numero-de-casos-de-variola-dos-macacos-preocupa-a-oms\/\",\"url\":\"https:\/\/bahiaeconomica.com.br\/wp\/2022\/07\/22\/numero-de-casos-de-variola-dos-macacos-preocupa-a-oms\/\",\"name\":\"N\u00daMERO DE CASOS DE VAR\u00cdOLA DOS MACACOS PREOCUPA A OMS - Bahia Economica\",\"isPartOf\":{\"@id\":\"https:\/\/bahiaeconomica.com.br\/wp\/#website\"},\"datePublished\":\"2022-07-22T15:42:45+00:00\",\"dateModified\":\"2022-07-22T15:42:45+00:00\",\"description\":\"O maior portal de Economia da Bahia Sa\u00fade \/ Educa\u00e7\u00e3o Bahia Economica\",\"breadcrumb\":{\"@id\":\"https:\/\/bahiaeconomica.com.br\/wp\/2022\/07\/22\/numero-de-casos-de-variola-dos-macacos-preocupa-a-oms\/#breadcrumb\"},\"inLanguage\":\"pt-BR\",\"potentialAction\":[{\"@type\":\"ReadAction\",\"target\":[\"https:\/\/bahiaeconomica.com.br\/wp\/2022\/07\/22\/numero-de-casos-de-variola-dos-macacos-preocupa-a-oms\/\"]}]},{\"@type\":\"BreadcrumbList\",\"@id\":\"https:\/\/bahiaeconomica.com.br\/wp\/2022\/07\/22\/numero-de-casos-de-variola-dos-macacos-preocupa-a-oms\/#breadcrumb\",\"itemListElement\":[{\"@type\":\"ListItem\",\"position\":1,\"name\":\"In\u00edcio\",\"item\":\"https:\/\/bahiaeconomica.com.br\/wp\/\"},{\"@type\":\"ListItem\",\"position\":2,\"name\":\"N\u00daMERO DE CASOS DE VAR\u00cdOLA DOS MACACOS PREOCUPA A OMS\"}]},{\"@type\":\"WebSite\",\"@id\":\"https:\/\/bahiaeconomica.com.br\/wp\/#website\",\"url\":\"https:\/\/bahiaeconomica.com.br\/wp\/\",\"name\":\"Bahia Economica\",\"description\":\"O maior portal de Economia da Bahia\",\"publisher\":{\"@id\":\"https:\/\/bahiaeconomica.com.br\/wp\/#organization\"},\"potentialAction\":[{\"@type\":\"SearchAction\",\"target\":{\"@type\":\"EntryPoint\",\"urlTemplate\":\"https:\/\/bahiaeconomica.com.br\/wp\/?s={search_term_string}\"},\"query-input\":\"required name=search_term_string\"}],\"inLanguage\":\"pt-BR\"},{\"@type\":\"Organization\",\"@id\":\"https:\/\/bahiaeconomica.com.br\/wp\/#organization\",\"name\":\"Bahia Econ\u00f4mica\",\"url\":\"https:\/\/bahiaeconomica.com.br\/wp\/\",\"logo\":{\"@type\":\"ImageObject\",\"inLanguage\":\"pt-BR\",\"@id\":\"https:\/\/bahiaeconomica.com.br\/wp\/#\/schema\/logo\/image\/\",\"url\":\"https:\/\/bahiaeconomica.com.br\/wp\/wp-content\/uploads\/2020\/12\/cropped-BE.png\",\"contentUrl\":\"https:\/\/bahiaeconomica.com.br\/wp\/wp-content\/uploads\/2020\/12\/cropped-BE.png\",\"width\":512,\"height\":512,\"caption\":\"Bahia Econ\u00f4mica\"},\"image\":{\"@id\":\"https:\/\/bahiaeconomica.com.br\/wp\/#\/schema\/logo\/image\/\"},\"sameAs\":[\"https:\/\/www.facebook.com\/bahiaeconomica\"]},{\"@type\":\"Person\",\"@id\":\"https:\/\/bahiaeconomica.com.br\/wp\/#\/schema\/person\/cb1ab5ba96ad3d9390805381c76284ec\",\"name\":\"admin\",\"url\":\"https:\/\/bahiaeconomica.com.br\/wp\/author\/admin\/\"}]}<\/script>\n<!-- \/ Yoast SEO plugin. -->","yoast_head_json":{"title":"N\u00daMERO DE CASOS DE VAR\u00cdOLA DOS MACACOS PREOCUPA A OMS - Bahia Economica","description":"O maior portal de Economia da Bahia Sa\u00fade \/ Educa\u00e7\u00e3o Bahia Economica","robots":{"index":"index","follow":"follow","max-snippet":"max-snippet:-1","max-image-preview":"max-image-preview:large","max-video-preview":"max-video-preview:-1"},"canonical":"https:\/\/bahiaeconomica.com.br\/wp\/2022\/07\/22\/numero-de-casos-de-variola-dos-macacos-preocupa-a-oms\/","og_locale":"pt_BR","og_type":"article","og_title":"N\u00daMERO DE CASOS DE VAR\u00cdOLA DOS MACACOS PREOCUPA A OMS - Bahia Economica","og_description":"O maior portal de Economia da Bahia Sa\u00fade \/ Educa\u00e7\u00e3o Bahia Economica","og_url":"https:\/\/bahiaeconomica.com.br\/wp\/2022\/07\/22\/numero-de-casos-de-variola-dos-macacos-preocupa-a-oms\/","og_site_name":"Bahia Economica","article_publisher":"https:\/\/www.facebook.com\/bahiaeconomica","article_published_time":"2022-07-22T15:42:45+00:00","og_image":[{"width":940,"height":529,"url":"https:\/\/bahiaeconomica.com.br\/wp\/wp-content\/uploads\/2022\/07\/csm_csm_variola_Shutterstock__9940c372c4.jpg","type":"image\/jpeg"}],"author":"admin","twitter_card":"summary_large_image","twitter_misc":{"Escrito por":"admin","Est. tempo de leitura":"4 minutos"},"schema":{"@context":"https:\/\/schema.org","@graph":[{"@type":"Article","@id":"https:\/\/bahiaeconomica.com.br\/wp\/2022\/07\/22\/numero-de-casos-de-variola-dos-macacos-preocupa-a-oms\/#article","isPartOf":{"@id":"https:\/\/bahiaeconomica.com.br\/wp\/2022\/07\/22\/numero-de-casos-de-variola-dos-macacos-preocupa-a-oms\/"},"author":{"name":"admin","@id":"https:\/\/bahiaeconomica.com.br\/wp\/#\/schema\/person\/cb1ab5ba96ad3d9390805381c76284ec"},"headline":"N\u00daMERO DE CASOS DE VAR\u00cdOLA DOS MACACOS PREOCUPA A OMS","datePublished":"2022-07-22T15:42:45+00:00","dateModified":"2022-07-22T15:42:45+00:00","mainEntityOfPage":{"@id":"https:\/\/bahiaeconomica.com.br\/wp\/2022\/07\/22\/numero-de-casos-de-variola-dos-macacos-preocupa-a-oms\/"},"wordCount":768,"publisher":{"@id":"https:\/\/bahiaeconomica.com.br\/wp\/#organization"},"keywords":["OMS","var\u00edola dos macacos"],"articleSection":["Sa\u00fade \/ Educa\u00e7\u00e3o"],"inLanguage":"pt-BR"},{"@type":"WebPage","@id":"https:\/\/bahiaeconomica.com.br\/wp\/2022\/07\/22\/numero-de-casos-de-variola-dos-macacos-preocupa-a-oms\/","url":"https:\/\/bahiaeconomica.com.br\/wp\/2022\/07\/22\/numero-de-casos-de-variola-dos-macacos-preocupa-a-oms\/","name":"N\u00daMERO DE CASOS DE VAR\u00cdOLA DOS MACACOS PREOCUPA A OMS - Bahia Economica","isPartOf":{"@id":"https:\/\/bahiaeconomica.com.br\/wp\/#website"},"datePublished":"2022-07-22T15:42:45+00:00","dateModified":"2022-07-22T15:42:45+00:00","description":"O maior portal de Economia da Bahia Sa\u00fade \/ Educa\u00e7\u00e3o Bahia Economica","breadcrumb":{"@id":"https:\/\/bahiaeconomica.com.br\/wp\/2022\/07\/22\/numero-de-casos-de-variola-dos-macacos-preocupa-a-oms\/#breadcrumb"},"inLanguage":"pt-BR","potentialAction":[{"@type":"ReadAction","target":["https:\/\/bahiaeconomica.com.br\/wp\/2022\/07\/22\/numero-de-casos-de-variola-dos-macacos-preocupa-a-oms\/"]}]},{"@type":"BreadcrumbList","@id":"https:\/\/bahiaeconomica.com.br\/wp\/2022\/07\/22\/numero-de-casos-de-variola-dos-macacos-preocupa-a-oms\/#breadcrumb","itemListElement":[{"@type":"ListItem","position":1,"name":"In\u00edcio","item":"https:\/\/bahiaeconomica.com.br\/wp\/"},{"@type":"ListItem","position":2,"name":"N\u00daMERO DE CASOS DE VAR\u00cdOLA DOS MACACOS PREOCUPA A OMS"}]},{"@type":"WebSite","@id":"https:\/\/bahiaeconomica.com.br\/wp\/#website","url":"https:\/\/bahiaeconomica.com.br\/wp\/","name":"Bahia Economica","description":"O maior portal de Economia da Bahia","publisher":{"@id":"https:\/\/bahiaeconomica.com.br\/wp\/#organization"},"potentialAction":[{"@type":"SearchAction","target":{"@type":"EntryPoint","urlTemplate":"https:\/\/bahiaeconomica.com.br\/wp\/?s={search_term_string}"},"query-input":"required name=search_term_string"}],"inLanguage":"pt-BR"},{"@type":"Organization","@id":"https:\/\/bahiaeconomica.com.br\/wp\/#organization","name":"Bahia Econ\u00f4mica","url":"https:\/\/bahiaeconomica.com.br\/wp\/","logo":{"@type":"ImageObject","inLanguage":"pt-BR","@id":"https:\/\/bahiaeconomica.com.br\/wp\/#\/schema\/logo\/image\/","url":"https:\/\/bahiaeconomica.com.br\/wp\/wp-content\/uploads\/2020\/12\/cropped-BE.png","contentUrl":"https:\/\/bahiaeconomica.com.br\/wp\/wp-content\/uploads\/2020\/12\/cropped-BE.png","width":512,"height":512,"caption":"Bahia Econ\u00f4mica"},"image":{"@id":"https:\/\/bahiaeconomica.com.br\/wp\/#\/schema\/logo\/image\/"},"sameAs":["https:\/\/www.facebook.com\/bahiaeconomica"]},{"@type":"Person","@id":"https:\/\/bahiaeconomica.com.br\/wp\/#\/schema\/person\/cb1ab5ba96ad3d9390805381c76284ec","name":"admin","url":"https:\/\/bahiaeconomica.com.br\/wp\/author\/admin\/"}]}},"views":4,"_links":{"self":[{"href":"https:\/\/bahiaeconomica.com.br\/wp\/wp-json\/wp\/v2\/posts\/680162"}],"collection":[{"href":"https:\/\/bahiaeconomica.com.br\/wp\/wp-json\/wp\/v2\/posts"}],"about":[{"href":"https:\/\/bahiaeconomica.com.br\/wp\/wp-json\/wp\/v2\/types\/post"}],"author":[{"embeddable":true,"href":"https:\/\/bahiaeconomica.com.br\/wp\/wp-json\/wp\/v2\/users\/1"}],"replies":[{"embeddable":true,"href":"https:\/\/bahiaeconomica.com.br\/wp\/wp-json\/wp\/v2\/comments?post=680162"}],"version-history":[{"count":1,"href":"https:\/\/bahiaeconomica.com.br\/wp\/wp-json\/wp\/v2\/posts\/680162\/revisions"}],"predecessor-version":[{"id":680164,"href":"https:\/\/bahiaeconomica.com.br\/wp\/wp-json\/wp\/v2\/posts\/680162\/revisions\/680164"}],"wp:featuredmedia":[{"embeddable":true,"href":"https:\/\/bahiaeconomica.com.br\/wp\/wp-json\/wp\/v2\/media\/680163"}],"wp:attachment":[{"href":"https:\/\/bahiaeconomica.com.br\/wp\/wp-json\/wp\/v2\/media?parent=680162"}],"wp:term":[{"taxonomy":"category","embeddable":true,"href":"https:\/\/bahiaeconomica.com.br\/wp\/wp-json\/wp\/v2\/categories?post=680162"},{"taxonomy":"post_tag","embeddable":true,"href":"https:\/\/bahiaeconomica.com.br\/wp\/wp-json\/wp\/v2\/tags?post=680162"}],"curies":[{"name":"wp","href":"https:\/\/api.w.org\/{rel}","templated":true}]}}