{"id":676997,"date":"2022-07-06T11:12:07","date_gmt":"2022-07-06T14:12:07","guid":{"rendered":"https:\/\/bahiaeconomica.com.br\/wp\/beta\/?p=676997"},"modified":"2022-07-06T11:12:07","modified_gmt":"2022-07-06T14:12:07","slug":"edgard-montemor-e-o-novo-diretor-de-futebol-do-vitoria","status":"publish","type":"post","link":"https:\/\/bahiaeconomica.com.br\/wp\/2022\/07\/06\/edgard-montemor-e-o-novo-diretor-de-futebol-do-vitoria\/","title":{"rendered":"EDGARD MONTEMOR \u00c9 O NOVO DIRETOR DE FUTEBOL DO VIT\u00d3RIA"},"content":{"rendered":"<p>Ap\u00f3s sa\u00edda de Rodrigo Pastana, Edgard Montemor se torna o novo diretor de futebol do Vit\u00f3ria. O profissional tem 42 anos e estava na Ferrovi\u00e1ria-SP at\u00e9 maio.<!--more--><\/p>\n<p>Paulista de S\u00e3o Bernardo do Campo, Edgard \u00e9 formado em Direito, com p\u00f3s-gradua\u00e7\u00e3o em Gest\u00e3o e Marketing Esportivo e especializa\u00e7\u00e3o em Organiza\u00e7\u00e3o Motivacional e Gest\u00e3o de Pessoas.<\/p>\n<p>Ele possui trabalhos de sucesso, como no ABC paulista, onde conseguiu conduzir o S\u00e3o Bernardo da terceira para a primeira divis\u00e3o do estadual e ajudar a montar o time do Santo Andr\u00e9 \u00e0s quartas de final do Paulist\u00e3o 2020. Tamb\u00e9m trabalhou no Botafogo-PB.<\/p>\n<p>No Vit\u00f3ria, a miss\u00e3o pode ser de curt\u00edssimo prazo, j\u00e1 que a primeira fase da S\u00e9rie C termina no dia 13 de agosto e, restando seis rodadas, o rubro-negro atualmente est\u00e1 fora do G8, a zona de classifica\u00e7\u00e3o \u00e0 segunda etapa.<\/p>\n<p>Se o Le\u00e3o terminar entre os oito mais bem colocados, a temporada se estende at\u00e9 pelo menos 25 de setembro, quando ser\u00e3o conhecidos os quatro times promovidos \u00e0 S\u00e9rie B. A final da S\u00e9rie C ser\u00e1 nos dias 1\u00ba e 8 de outubro.<\/p>\n<p>&nbsp;<\/p>\n<p>Fonte: Ge<\/p>\n<p>Foto: Tiago Pavini\/Divulga\u00e7\u00e3o\/Ferrovi\u00e1ria S\/A<\/p>\n","protected":false},"excerpt":{"rendered":"<p>Ap\u00f3s sa\u00edda de Rodrigo Pastana, Edgard Montemor se torna o novo diretor de futebol do Vit\u00f3ria. O profissional tem 42 anos e estava na Ferrovi\u00e1ria-SP at\u00e9 maio.<\/p>\n","protected":false},"author":1,"featured_media":676998,"comment_status":"closed","ping_status":"closed","sticky":false,"template":"","format":"standard","meta":[],"categories":[4486],"tags":[1136,1002],"acf":[],"yoast_head":"<!-- This site is optimized with the Yoast SEO plugin v20.8 - https:\/\/yoast.com\/wordpress\/plugins\/seo\/ -->\n<title>EDGARD MONTEMOR \u00c9 O NOVO DIRETOR DE FUTEBOL DO VIT\u00d3RIA - Bahia Economica<\/title>\n<meta name=\"description\" content=\"O maior portal de Economia da Bahia Esporte Bahia Economica\" \/>\n<meta name=\"robots\" content=\"index, follow, max-snippet:-1, max-image-preview:large, max-video-preview:-1\" \/>\n<link rel=\"canonical\" href=\"https:\/\/bahiaeconomica.com.br\/wp\/2022\/07\/06\/edgard-montemor-e-o-novo-diretor-de-futebol-do-vitoria\/\" \/>\n<meta property=\"og:locale\" content=\"pt_BR\" \/>\n<meta property=\"og:type\" content=\"article\" \/>\n<meta property=\"og:title\" content=\"EDGARD MONTEMOR \u00c9 O NOVO DIRETOR DE FUTEBOL DO VIT\u00d3RIA - Bahia Economica\" \/>\n<meta property=\"og:description\" content=\"O maior portal de Economia da Bahia Esporte Bahia Economica\" \/>\n<meta property=\"og:url\" content=\"https:\/\/bahiaeconomica.com.br\/wp\/2022\/07\/06\/edgard-montemor-e-o-novo-diretor-de-futebol-do-vitoria\/\" \/>\n<meta property=\"og:site_name\" content=\"Bahia Economica\" \/>\n<meta property=\"article:publisher\" content=\"https:\/\/www.facebook.com\/bahiaeconomica\" \/>\n<meta property=\"article:published_time\" content=\"2022-07-06T14:12:07+00:00\" \/>\n<meta property=\"og:image\" content=\"https:\/\/bahiaeconomica.com.br\/wp\/wp-content\/uploads\/2022\/07\/edgard-montemor-foto-tiago-pavini-ferroviaria-sa.webp\" \/>\n\t<meta property=\"og:image:width\" content=\"984\" \/>\n\t<meta property=\"og:image:height\" content=\"654\" \/>\n\t<meta property=\"og:image:type\" content=\"image\/webp\" \/>\n<meta name=\"author\" content=\"admin\" \/>\n<meta name=\"twitter:card\" content=\"summary_large_image\" \/>\n<meta name=\"twitter:label1\" content=\"Escrito por\" \/>\n\t<meta name=\"twitter:data1\" content=\"admin\" \/>\n\t<meta name=\"twitter:label2\" content=\"Est. tempo de leitura\" \/>\n\t<meta name=\"twitter:data2\" content=\"1 minuto\" \/>\n<script type=\"application\/ld+json\" class=\"yoast-schema-graph\">{\"@context\":\"https:\/\/schema.org\",\"@graph\":[{\"@type\":\"Article\",\"@id\":\"https:\/\/bahiaeconomica.com.br\/wp\/2022\/07\/06\/edgard-montemor-e-o-novo-diretor-de-futebol-do-vitoria\/#article\",\"isPartOf\":{\"@id\":\"https:\/\/bahiaeconomica.com.br\/wp\/2022\/07\/06\/edgard-montemor-e-o-novo-diretor-de-futebol-do-vitoria\/\"},\"author\":{\"name\":\"admin\",\"@id\":\"https:\/\/bahiaeconomica.com.br\/wp\/#\/schema\/person\/cb1ab5ba96ad3d9390805381c76284ec\"},\"headline\":\"EDGARD MONTEMOR \u00c9 O NOVO DIRETOR DE FUTEBOL DO VIT\u00d3RIA\",\"datePublished\":\"2022-07-06T14:12:07+00:00\",\"dateModified\":\"2022-07-06T14:12:07+00:00\",\"mainEntityOfPage\":{\"@id\":\"https:\/\/bahiaeconomica.com.br\/wp\/2022\/07\/06\/edgard-montemor-e-o-novo-diretor-de-futebol-do-vitoria\/\"},\"wordCount\":218,\"publisher\":{\"@id\":\"https:\/\/bahiaeconomica.com.br\/wp\/#organization\"},\"keywords\":[\"diretor\",\"vitoria\"],\"articleSection\":[\"Esporte\"],\"inLanguage\":\"pt-BR\"},{\"@type\":\"WebPage\",\"@id\":\"https:\/\/bahiaeconomica.com.br\/wp\/2022\/07\/06\/edgard-montemor-e-o-novo-diretor-de-futebol-do-vitoria\/\",\"url\":\"https:\/\/bahiaeconomica.com.br\/wp\/2022\/07\/06\/edgard-montemor-e-o-novo-diretor-de-futebol-do-vitoria\/\",\"name\":\"EDGARD MONTEMOR \u00c9 O NOVO DIRETOR DE FUTEBOL DO VIT\u00d3RIA - Bahia Economica\",\"isPartOf\":{\"@id\":\"https:\/\/bahiaeconomica.com.br\/wp\/#website\"},\"datePublished\":\"2022-07-06T14:12:07+00:00\",\"dateModified\":\"2022-07-06T14:12:07+00:00\",\"description\":\"O maior portal de Economia da Bahia Esporte Bahia Economica\",\"breadcrumb\":{\"@id\":\"https:\/\/bahiaeconomica.com.br\/wp\/2022\/07\/06\/edgard-montemor-e-o-novo-diretor-de-futebol-do-vitoria\/#breadcrumb\"},\"inLanguage\":\"pt-BR\",\"potentialAction\":[{\"@type\":\"ReadAction\",\"target\":[\"https:\/\/bahiaeconomica.com.br\/wp\/2022\/07\/06\/edgard-montemor-e-o-novo-diretor-de-futebol-do-vitoria\/\"]}]},{\"@type\":\"BreadcrumbList\",\"@id\":\"https:\/\/bahiaeconomica.com.br\/wp\/2022\/07\/06\/edgard-montemor-e-o-novo-diretor-de-futebol-do-vitoria\/#breadcrumb\",\"itemListElement\":[{\"@type\":\"ListItem\",\"position\":1,\"name\":\"In\u00edcio\",\"item\":\"https:\/\/bahiaeconomica.com.br\/wp\/\"},{\"@type\":\"ListItem\",\"position\":2,\"name\":\"EDGARD MONTEMOR \u00c9 O NOVO DIRETOR DE FUTEBOL DO VIT\u00d3RIA\"}]},{\"@type\":\"WebSite\",\"@id\":\"https:\/\/bahiaeconomica.com.br\/wp\/#website\",\"url\":\"https:\/\/bahiaeconomica.com.br\/wp\/\",\"name\":\"Bahia Economica\",\"description\":\"O maior portal de Economia da Bahia\",\"publisher\":{\"@id\":\"https:\/\/bahiaeconomica.com.br\/wp\/#organization\"},\"potentialAction\":[{\"@type\":\"SearchAction\",\"target\":{\"@type\":\"EntryPoint\",\"urlTemplate\":\"https:\/\/bahiaeconomica.com.br\/wp\/?s={search_term_string}\"},\"query-input\":\"required name=search_term_string\"}],\"inLanguage\":\"pt-BR\"},{\"@type\":\"Organization\",\"@id\":\"https:\/\/bahiaeconomica.com.br\/wp\/#organization\",\"name\":\"Bahia Econ\u00f4mica\",\"url\":\"https:\/\/bahiaeconomica.com.br\/wp\/\",\"logo\":{\"@type\":\"ImageObject\",\"inLanguage\":\"pt-BR\",\"@id\":\"https:\/\/bahiaeconomica.com.br\/wp\/#\/schema\/logo\/image\/\",\"url\":\"https:\/\/bahiaeconomica.com.br\/wp\/wp-content\/uploads\/2020\/12\/cropped-BE.png\",\"contentUrl\":\"https:\/\/bahiaeconomica.com.br\/wp\/wp-content\/uploads\/2020\/12\/cropped-BE.png\",\"width\":512,\"height\":512,\"caption\":\"Bahia Econ\u00f4mica\"},\"image\":{\"@id\":\"https:\/\/bahiaeconomica.com.br\/wp\/#\/schema\/logo\/image\/\"},\"sameAs\":[\"https:\/\/www.facebook.com\/bahiaeconomica\"]},{\"@type\":\"Person\",\"@id\":\"https:\/\/bahiaeconomica.com.br\/wp\/#\/schema\/person\/cb1ab5ba96ad3d9390805381c76284ec\",\"name\":\"admin\",\"url\":\"https:\/\/bahiaeconomica.com.br\/wp\/author\/admin\/\"}]}<\/script>\n<!-- \/ Yoast SEO plugin. -->","yoast_head_json":{"title":"EDGARD MONTEMOR \u00c9 O NOVO DIRETOR DE FUTEBOL DO VIT\u00d3RIA - Bahia Economica","description":"O maior portal de Economia da Bahia Esporte Bahia Economica","robots":{"index":"index","follow":"follow","max-snippet":"max-snippet:-1","max-image-preview":"max-image-preview:large","max-video-preview":"max-video-preview:-1"},"canonical":"https:\/\/bahiaeconomica.com.br\/wp\/2022\/07\/06\/edgard-montemor-e-o-novo-diretor-de-futebol-do-vitoria\/","og_locale":"pt_BR","og_type":"article","og_title":"EDGARD MONTEMOR \u00c9 O NOVO DIRETOR DE FUTEBOL DO VIT\u00d3RIA - Bahia Economica","og_description":"O maior portal de Economia da Bahia Esporte Bahia Economica","og_url":"https:\/\/bahiaeconomica.com.br\/wp\/2022\/07\/06\/edgard-montemor-e-o-novo-diretor-de-futebol-do-vitoria\/","og_site_name":"Bahia Economica","article_publisher":"https:\/\/www.facebook.com\/bahiaeconomica","article_published_time":"2022-07-06T14:12:07+00:00","og_image":[{"width":984,"height":654,"url":"https:\/\/bahiaeconomica.com.br\/wp\/wp-content\/uploads\/2022\/07\/edgard-montemor-foto-tiago-pavini-ferroviaria-sa.webp","type":"image\/webp"}],"author":"admin","twitter_card":"summary_large_image","twitter_misc":{"Escrito por":"admin","Est. tempo de leitura":"1 minuto"},"schema":{"@context":"https:\/\/schema.org","@graph":[{"@type":"Article","@id":"https:\/\/bahiaeconomica.com.br\/wp\/2022\/07\/06\/edgard-montemor-e-o-novo-diretor-de-futebol-do-vitoria\/#article","isPartOf":{"@id":"https:\/\/bahiaeconomica.com.br\/wp\/2022\/07\/06\/edgard-montemor-e-o-novo-diretor-de-futebol-do-vitoria\/"},"author":{"name":"admin","@id":"https:\/\/bahiaeconomica.com.br\/wp\/#\/schema\/person\/cb1ab5ba96ad3d9390805381c76284ec"},"headline":"EDGARD MONTEMOR \u00c9 O NOVO DIRETOR DE FUTEBOL DO VIT\u00d3RIA","datePublished":"2022-07-06T14:12:07+00:00","dateModified":"2022-07-06T14:12:07+00:00","mainEntityOfPage":{"@id":"https:\/\/bahiaeconomica.com.br\/wp\/2022\/07\/06\/edgard-montemor-e-o-novo-diretor-de-futebol-do-vitoria\/"},"wordCount":218,"publisher":{"@id":"https:\/\/bahiaeconomica.com.br\/wp\/#organization"},"keywords":["diretor","vitoria"],"articleSection":["Esporte"],"inLanguage":"pt-BR"},{"@type":"WebPage","@id":"https:\/\/bahiaeconomica.com.br\/wp\/2022\/07\/06\/edgard-montemor-e-o-novo-diretor-de-futebol-do-vitoria\/","url":"https:\/\/bahiaeconomica.com.br\/wp\/2022\/07\/06\/edgard-montemor-e-o-novo-diretor-de-futebol-do-vitoria\/","name":"EDGARD MONTEMOR \u00c9 O NOVO DIRETOR DE FUTEBOL DO VIT\u00d3RIA - Bahia Economica","isPartOf":{"@id":"https:\/\/bahiaeconomica.com.br\/wp\/#website"},"datePublished":"2022-07-06T14:12:07+00:00","dateModified":"2022-07-06T14:12:07+00:00","description":"O maior portal de Economia da Bahia Esporte Bahia Economica","breadcrumb":{"@id":"https:\/\/bahiaeconomica.com.br\/wp\/2022\/07\/06\/edgard-montemor-e-o-novo-diretor-de-futebol-do-vitoria\/#breadcrumb"},"inLanguage":"pt-BR","potentialAction":[{"@type":"ReadAction","target":["https:\/\/bahiaeconomica.com.br\/wp\/2022\/07\/06\/edgard-montemor-e-o-novo-diretor-de-futebol-do-vitoria\/"]}]},{"@type":"BreadcrumbList","@id":"https:\/\/bahiaeconomica.com.br\/wp\/2022\/07\/06\/edgard-montemor-e-o-novo-diretor-de-futebol-do-vitoria\/#breadcrumb","itemListElement":[{"@type":"ListItem","position":1,"name":"In\u00edcio","item":"https:\/\/bahiaeconomica.com.br\/wp\/"},{"@type":"ListItem","position":2,"name":"EDGARD MONTEMOR \u00c9 O NOVO DIRETOR DE FUTEBOL DO VIT\u00d3RIA"}]},{"@type":"WebSite","@id":"https:\/\/bahiaeconomica.com.br\/wp\/#website","url":"https:\/\/bahiaeconomica.com.br\/wp\/","name":"Bahia Economica","description":"O maior portal de Economia da Bahia","publisher":{"@id":"https:\/\/bahiaeconomica.com.br\/wp\/#organization"},"potentialAction":[{"@type":"SearchAction","target":{"@type":"EntryPoint","urlTemplate":"https:\/\/bahiaeconomica.com.br\/wp\/?s={search_term_string}"},"query-input":"required name=search_term_string"}],"inLanguage":"pt-BR"},{"@type":"Organization","@id":"https:\/\/bahiaeconomica.com.br\/wp\/#organization","name":"Bahia Econ\u00f4mica","url":"https:\/\/bahiaeconomica.com.br\/wp\/","logo":{"@type":"ImageObject","inLanguage":"pt-BR","@id":"https:\/\/bahiaeconomica.com.br\/wp\/#\/schema\/logo\/image\/","url":"https:\/\/bahiaeconomica.com.br\/wp\/wp-content\/uploads\/2020\/12\/cropped-BE.png","contentUrl":"https:\/\/bahiaeconomica.com.br\/wp\/wp-content\/uploads\/2020\/12\/cropped-BE.png","width":512,"height":512,"caption":"Bahia Econ\u00f4mica"},"image":{"@id":"https:\/\/bahiaeconomica.com.br\/wp\/#\/schema\/logo\/image\/"},"sameAs":["https:\/\/www.facebook.com\/bahiaeconomica"]},{"@type":"Person","@id":"https:\/\/bahiaeconomica.com.br\/wp\/#\/schema\/person\/cb1ab5ba96ad3d9390805381c76284ec","name":"admin","url":"https:\/\/bahiaeconomica.com.br\/wp\/author\/admin\/"}]}},"views":7,"_links":{"self":[{"href":"https:\/\/bahiaeconomica.com.br\/wp\/wp-json\/wp\/v2\/posts\/676997"}],"collection":[{"href":"https:\/\/bahiaeconomica.com.br\/wp\/wp-json\/wp\/v2\/posts"}],"about":[{"href":"https:\/\/bahiaeconomica.com.br\/wp\/wp-json\/wp\/v2\/types\/post"}],"author":[{"embeddable":true,"href":"https:\/\/bahiaeconomica.com.br\/wp\/wp-json\/wp\/v2\/users\/1"}],"replies":[{"embeddable":true,"href":"https:\/\/bahiaeconomica.com.br\/wp\/wp-json\/wp\/v2\/comments?post=676997"}],"version-history":[{"count":1,"href":"https:\/\/bahiaeconomica.com.br\/wp\/wp-json\/wp\/v2\/posts\/676997\/revisions"}],"predecessor-version":[{"id":676999,"href":"https:\/\/bahiaeconomica.com.br\/wp\/wp-json\/wp\/v2\/posts\/676997\/revisions\/676999"}],"wp:featuredmedia":[{"embeddable":true,"href":"https:\/\/bahiaeconomica.com.br\/wp\/wp-json\/wp\/v2\/media\/676998"}],"wp:attachment":[{"href":"https:\/\/bahiaeconomica.com.br\/wp\/wp-json\/wp\/v2\/media?parent=676997"}],"wp:term":[{"taxonomy":"category","embeddable":true,"href":"https:\/\/bahiaeconomica.com.br\/wp\/wp-json\/wp\/v2\/categories?post=676997"},{"taxonomy":"post_tag","embeddable":true,"href":"https:\/\/bahiaeconomica.com.br\/wp\/wp-json\/wp\/v2\/tags?post=676997"}],"curies":[{"name":"wp","href":"https:\/\/api.w.org\/{rel}","templated":true}]}}