{"id":676555,"date":"2022-07-04T14:23:00","date_gmt":"2022-07-04T17:23:00","guid":{"rendered":"https:\/\/bahiaeconomica.com.br\/wp\/beta\/?p=676555"},"modified":"2022-07-04T14:23:00","modified_gmt":"2022-07-04T17:23:00","slug":"roma-defende-trens-modernos-no-suburbio-para-atender-a-populacao-e-servir-ao-porto-de-salvador","status":"publish","type":"post","link":"https:\/\/bahiaeconomica.com.br\/wp\/2022\/07\/04\/roma-defende-trens-modernos-no-suburbio-para-atender-a-populacao-e-servir-ao-porto-de-salvador\/","title":{"rendered":"ROMA DEFENDE TRENS MODERNOS NO SUB\u00daRBIO PARA ATENDER \u00c0 POPULA\u00c7\u00c3O E SERVIR AO PORTO DE SALVADOR"},"content":{"rendered":"<p>O pr\u00e9-candidato a governador da Bahia, ex-ministro da Cidadania e deputado federal, Jo\u00e3o Roma (PL), defendeu a retomada do transportes por trens no Sub\u00farbio de Salvador <!--more-->e a interliga\u00e7\u00e3o do antigo sistema com o Porto. Roma avaliou que o governo estadual, que prop\u00f4s um sistema de VLT para o Sub\u00farbio, retirou os trens sem prever uma alternativa para a popula\u00e7\u00e3o local, que ficou desassistida pelo meio de transporte mais barato.<\/p>\n<p>\u201cO governo desativou um modal sem sequer ter projeto alternativo para colocar no local. \u00c9 preciso restabelecer o servi\u00e7o \u00e0 popula\u00e7\u00e3o, mas o governo arrancou parte dos trilhos\u201d, criticou Roma. O ex-ministro da Cidadania ressaltou que o sistema ferrovi\u00e1rio no Sub\u00farbio n\u00e3o deve somente servir como transporte aos moradores, mas interligar a rede ferrovi\u00e1ria ao porto da capital. \u201cO projeto do VLT estrangula o Porto de Salvador\u201d, disse Roma.<\/p>\n<p>Roma ainda ironizou ao dizer que, embora as obras do VLT do Sub\u00farbio n\u00e3o tenham avan\u00e7ado, a publicidade oficial foi realizada. \u201cA propaganda j\u00e1 fez, assim como fez propaganda da vacina Sputinik, que ficou na R\u00fassia\u201d, disse. O pr\u00e9-candidato a governador disse que uma alternativa para a regi\u00e3o deve atender \u00e0 popula\u00e7\u00e3o em primeiro lugar. O pr\u00e9-candidato tamb\u00e9m foi questionado sobre o projeto da ponte Salvador-Itaparica, cuja entrega foi prometida pelo PT ainda para o ano de 2013. \u201cUma ponte \u00e9 muito pouco para a Bahia, que precisa de muito mais para a sua infraestrutura\u201d, disse Roma, que se comprometeu a realizar investimentos de infraestrutura no mesmo ritmo com que vem sendo feito pelo Governo Jair Bolsonaro na Bahia, com o avan\u00e7o de obras como a da Ferrovia de Integra\u00e7\u00e3o Oeste Leste (Fiol), do Rodoanel de Feira de Santana, com 570 quil\u00f4metros de rodovias federais na Bahia, dentre outras obras de infraestrutura que somam R$ 9 bilh\u00f5es em investimentos.<\/p>\n<p>Foto: divulga\u00e7\u00e3o<\/p>\n","protected":false},"excerpt":{"rendered":"<p>O pr\u00e9-candidato a governador da Bahia, ex-ministro da Cidadania e deputado federal, Jo\u00e3o Roma (PL), defendeu a retomada do transportes por trens no Sub\u00farbio de Salvador<\/p>\n","protected":false},"author":1,"featured_media":671156,"comment_status":"closed","ping_status":"closed","sticky":false,"template":"","format":"standard","meta":[],"categories":[3],"tags":[],"acf":[],"yoast_head":"<!-- This site is optimized with the Yoast SEO plugin v20.8 - https:\/\/yoast.com\/wordpress\/plugins\/seo\/ -->\n<title>ROMA DEFENDE TRENS MODERNOS NO SUB\u00daRBIO PARA ATENDER \u00c0 POPULA\u00c7\u00c3O E SERVIR AO PORTO DE SALVADOR - Bahia Economica<\/title>\n<meta name=\"description\" content=\"O maior portal de Economia da Bahia ECONOMIA \/ POL\u00cdTICA Bahia Economica\" \/>\n<meta name=\"robots\" content=\"index, follow, max-snippet:-1, max-image-preview:large, max-video-preview:-1\" \/>\n<link rel=\"canonical\" href=\"https:\/\/bahiaeconomica.com.br\/wp\/2022\/07\/04\/roma-defende-trens-modernos-no-suburbio-para-atender-a-populacao-e-servir-ao-porto-de-salvador\/\" \/>\n<meta property=\"og:locale\" content=\"pt_BR\" \/>\n<meta property=\"og:type\" content=\"article\" \/>\n<meta property=\"og:title\" content=\"ROMA DEFENDE TRENS MODERNOS NO SUB\u00daRBIO PARA ATENDER \u00c0 POPULA\u00c7\u00c3O E SERVIR AO PORTO DE SALVADOR - Bahia Economica\" \/>\n<meta property=\"og:description\" content=\"O maior portal de Economia da Bahia ECONOMIA \/ POL\u00cdTICA Bahia Economica\" \/>\n<meta property=\"og:url\" content=\"https:\/\/bahiaeconomica.com.br\/wp\/2022\/07\/04\/roma-defende-trens-modernos-no-suburbio-para-atender-a-populacao-e-servir-ao-porto-de-salvador\/\" \/>\n<meta property=\"og:site_name\" content=\"Bahia Economica\" \/>\n<meta property=\"article:publisher\" content=\"https:\/\/www.facebook.com\/bahiaeconomica\" \/>\n<meta property=\"article:published_time\" content=\"2022-07-04T17:23:00+00:00\" \/>\n<meta property=\"og:image\" content=\"https:\/\/bahiaeconomica.com.br\/wp\/wp-content\/uploads\/2022\/06\/joao-roma.jpg\" \/>\n\t<meta property=\"og:image:width\" content=\"600\" \/>\n\t<meta property=\"og:image:height\" content=\"420\" \/>\n\t<meta property=\"og:image:type\" content=\"image\/jpeg\" \/>\n<meta name=\"author\" content=\"admin\" \/>\n<meta name=\"twitter:card\" content=\"summary_large_image\" \/>\n<meta name=\"twitter:label1\" content=\"Escrito por\" \/>\n\t<meta name=\"twitter:data1\" content=\"admin\" \/>\n\t<meta name=\"twitter:label2\" content=\"Est. tempo de leitura\" \/>\n\t<meta name=\"twitter:data2\" content=\"2 minutos\" \/>\n<script type=\"application\/ld+json\" class=\"yoast-schema-graph\">{\"@context\":\"https:\/\/schema.org\",\"@graph\":[{\"@type\":\"Article\",\"@id\":\"https:\/\/bahiaeconomica.com.br\/wp\/2022\/07\/04\/roma-defende-trens-modernos-no-suburbio-para-atender-a-populacao-e-servir-ao-porto-de-salvador\/#article\",\"isPartOf\":{\"@id\":\"https:\/\/bahiaeconomica.com.br\/wp\/2022\/07\/04\/roma-defende-trens-modernos-no-suburbio-para-atender-a-populacao-e-servir-ao-porto-de-salvador\/\"},\"author\":{\"name\":\"admin\",\"@id\":\"https:\/\/bahiaeconomica.com.br\/wp\/#\/schema\/person\/cb1ab5ba96ad3d9390805381c76284ec\"},\"headline\":\"ROMA DEFENDE TRENS MODERNOS NO SUB\u00daRBIO PARA ATENDER \u00c0 POPULA\u00c7\u00c3O E SERVIR AO PORTO DE SALVADOR\",\"datePublished\":\"2022-07-04T17:23:00+00:00\",\"dateModified\":\"2022-07-04T17:23:00+00:00\",\"mainEntityOfPage\":{\"@id\":\"https:\/\/bahiaeconomica.com.br\/wp\/2022\/07\/04\/roma-defende-trens-modernos-no-suburbio-para-atender-a-populacao-e-servir-ao-porto-de-salvador\/\"},\"wordCount\":337,\"publisher\":{\"@id\":\"https:\/\/bahiaeconomica.com.br\/wp\/#organization\"},\"articleSection\":[\"ECONOMIA \/ POL\u00cdTICA\"],\"inLanguage\":\"pt-BR\"},{\"@type\":\"WebPage\",\"@id\":\"https:\/\/bahiaeconomica.com.br\/wp\/2022\/07\/04\/roma-defende-trens-modernos-no-suburbio-para-atender-a-populacao-e-servir-ao-porto-de-salvador\/\",\"url\":\"https:\/\/bahiaeconomica.com.br\/wp\/2022\/07\/04\/roma-defende-trens-modernos-no-suburbio-para-atender-a-populacao-e-servir-ao-porto-de-salvador\/\",\"name\":\"ROMA DEFENDE TRENS MODERNOS NO SUB\u00daRBIO PARA ATENDER \u00c0 POPULA\u00c7\u00c3O E SERVIR AO PORTO DE SALVADOR - Bahia Economica\",\"isPartOf\":{\"@id\":\"https:\/\/bahiaeconomica.com.br\/wp\/#website\"},\"datePublished\":\"2022-07-04T17:23:00+00:00\",\"dateModified\":\"2022-07-04T17:23:00+00:00\",\"description\":\"O maior portal de Economia da Bahia ECONOMIA \/ POL\u00cdTICA Bahia Economica\",\"breadcrumb\":{\"@id\":\"https:\/\/bahiaeconomica.com.br\/wp\/2022\/07\/04\/roma-defende-trens-modernos-no-suburbio-para-atender-a-populacao-e-servir-ao-porto-de-salvador\/#breadcrumb\"},\"inLanguage\":\"pt-BR\",\"potentialAction\":[{\"@type\":\"ReadAction\",\"target\":[\"https:\/\/bahiaeconomica.com.br\/wp\/2022\/07\/04\/roma-defende-trens-modernos-no-suburbio-para-atender-a-populacao-e-servir-ao-porto-de-salvador\/\"]}]},{\"@type\":\"BreadcrumbList\",\"@id\":\"https:\/\/bahiaeconomica.com.br\/wp\/2022\/07\/04\/roma-defende-trens-modernos-no-suburbio-para-atender-a-populacao-e-servir-ao-porto-de-salvador\/#breadcrumb\",\"itemListElement\":[{\"@type\":\"ListItem\",\"position\":1,\"name\":\"In\u00edcio\",\"item\":\"https:\/\/bahiaeconomica.com.br\/wp\/\"},{\"@type\":\"ListItem\",\"position\":2,\"name\":\"ROMA DEFENDE TRENS MODERNOS NO SUB\u00daRBIO PARA ATENDER \u00c0 POPULA\u00c7\u00c3O E SERVIR AO PORTO DE SALVADOR\"}]},{\"@type\":\"WebSite\",\"@id\":\"https:\/\/bahiaeconomica.com.br\/wp\/#website\",\"url\":\"https:\/\/bahiaeconomica.com.br\/wp\/\",\"name\":\"Bahia Economica\",\"description\":\"O maior portal de Economia da Bahia\",\"publisher\":{\"@id\":\"https:\/\/bahiaeconomica.com.br\/wp\/#organization\"},\"potentialAction\":[{\"@type\":\"SearchAction\",\"target\":{\"@type\":\"EntryPoint\",\"urlTemplate\":\"https:\/\/bahiaeconomica.com.br\/wp\/?s={search_term_string}\"},\"query-input\":\"required name=search_term_string\"}],\"inLanguage\":\"pt-BR\"},{\"@type\":\"Organization\",\"@id\":\"https:\/\/bahiaeconomica.com.br\/wp\/#organization\",\"name\":\"Bahia Econ\u00f4mica\",\"url\":\"https:\/\/bahiaeconomica.com.br\/wp\/\",\"logo\":{\"@type\":\"ImageObject\",\"inLanguage\":\"pt-BR\",\"@id\":\"https:\/\/bahiaeconomica.com.br\/wp\/#\/schema\/logo\/image\/\",\"url\":\"https:\/\/bahiaeconomica.com.br\/wp\/wp-content\/uploads\/2020\/12\/cropped-BE.png\",\"contentUrl\":\"https:\/\/bahiaeconomica.com.br\/wp\/wp-content\/uploads\/2020\/12\/cropped-BE.png\",\"width\":512,\"height\":512,\"caption\":\"Bahia Econ\u00f4mica\"},\"image\":{\"@id\":\"https:\/\/bahiaeconomica.com.br\/wp\/#\/schema\/logo\/image\/\"},\"sameAs\":[\"https:\/\/www.facebook.com\/bahiaeconomica\"]},{\"@type\":\"Person\",\"@id\":\"https:\/\/bahiaeconomica.com.br\/wp\/#\/schema\/person\/cb1ab5ba96ad3d9390805381c76284ec\",\"name\":\"admin\",\"url\":\"https:\/\/bahiaeconomica.com.br\/wp\/author\/admin\/\"}]}<\/script>\n<!-- \/ Yoast SEO plugin. -->","yoast_head_json":{"title":"ROMA DEFENDE TRENS MODERNOS NO SUB\u00daRBIO PARA ATENDER \u00c0 POPULA\u00c7\u00c3O E SERVIR AO PORTO DE SALVADOR - Bahia Economica","description":"O maior portal de Economia da Bahia ECONOMIA \/ POL\u00cdTICA Bahia Economica","robots":{"index":"index","follow":"follow","max-snippet":"max-snippet:-1","max-image-preview":"max-image-preview:large","max-video-preview":"max-video-preview:-1"},"canonical":"https:\/\/bahiaeconomica.com.br\/wp\/2022\/07\/04\/roma-defende-trens-modernos-no-suburbio-para-atender-a-populacao-e-servir-ao-porto-de-salvador\/","og_locale":"pt_BR","og_type":"article","og_title":"ROMA DEFENDE TRENS MODERNOS NO SUB\u00daRBIO PARA ATENDER \u00c0 POPULA\u00c7\u00c3O E SERVIR AO PORTO DE SALVADOR - Bahia Economica","og_description":"O maior portal de Economia da Bahia ECONOMIA \/ POL\u00cdTICA Bahia Economica","og_url":"https:\/\/bahiaeconomica.com.br\/wp\/2022\/07\/04\/roma-defende-trens-modernos-no-suburbio-para-atender-a-populacao-e-servir-ao-porto-de-salvador\/","og_site_name":"Bahia Economica","article_publisher":"https:\/\/www.facebook.com\/bahiaeconomica","article_published_time":"2022-07-04T17:23:00+00:00","og_image":[{"width":600,"height":420,"url":"https:\/\/bahiaeconomica.com.br\/wp\/wp-content\/uploads\/2022\/06\/joao-roma.jpg","type":"image\/jpeg"}],"author":"admin","twitter_card":"summary_large_image","twitter_misc":{"Escrito por":"admin","Est. tempo de leitura":"2 minutos"},"schema":{"@context":"https:\/\/schema.org","@graph":[{"@type":"Article","@id":"https:\/\/bahiaeconomica.com.br\/wp\/2022\/07\/04\/roma-defende-trens-modernos-no-suburbio-para-atender-a-populacao-e-servir-ao-porto-de-salvador\/#article","isPartOf":{"@id":"https:\/\/bahiaeconomica.com.br\/wp\/2022\/07\/04\/roma-defende-trens-modernos-no-suburbio-para-atender-a-populacao-e-servir-ao-porto-de-salvador\/"},"author":{"name":"admin","@id":"https:\/\/bahiaeconomica.com.br\/wp\/#\/schema\/person\/cb1ab5ba96ad3d9390805381c76284ec"},"headline":"ROMA DEFENDE TRENS MODERNOS NO SUB\u00daRBIO PARA ATENDER \u00c0 POPULA\u00c7\u00c3O E SERVIR AO PORTO DE SALVADOR","datePublished":"2022-07-04T17:23:00+00:00","dateModified":"2022-07-04T17:23:00+00:00","mainEntityOfPage":{"@id":"https:\/\/bahiaeconomica.com.br\/wp\/2022\/07\/04\/roma-defende-trens-modernos-no-suburbio-para-atender-a-populacao-e-servir-ao-porto-de-salvador\/"},"wordCount":337,"publisher":{"@id":"https:\/\/bahiaeconomica.com.br\/wp\/#organization"},"articleSection":["ECONOMIA \/ POL\u00cdTICA"],"inLanguage":"pt-BR"},{"@type":"WebPage","@id":"https:\/\/bahiaeconomica.com.br\/wp\/2022\/07\/04\/roma-defende-trens-modernos-no-suburbio-para-atender-a-populacao-e-servir-ao-porto-de-salvador\/","url":"https:\/\/bahiaeconomica.com.br\/wp\/2022\/07\/04\/roma-defende-trens-modernos-no-suburbio-para-atender-a-populacao-e-servir-ao-porto-de-salvador\/","name":"ROMA DEFENDE TRENS MODERNOS NO SUB\u00daRBIO PARA ATENDER \u00c0 POPULA\u00c7\u00c3O E SERVIR AO PORTO DE SALVADOR - Bahia Economica","isPartOf":{"@id":"https:\/\/bahiaeconomica.com.br\/wp\/#website"},"datePublished":"2022-07-04T17:23:00+00:00","dateModified":"2022-07-04T17:23:00+00:00","description":"O maior portal de Economia da Bahia ECONOMIA \/ POL\u00cdTICA Bahia Economica","breadcrumb":{"@id":"https:\/\/bahiaeconomica.com.br\/wp\/2022\/07\/04\/roma-defende-trens-modernos-no-suburbio-para-atender-a-populacao-e-servir-ao-porto-de-salvador\/#breadcrumb"},"inLanguage":"pt-BR","potentialAction":[{"@type":"ReadAction","target":["https:\/\/bahiaeconomica.com.br\/wp\/2022\/07\/04\/roma-defende-trens-modernos-no-suburbio-para-atender-a-populacao-e-servir-ao-porto-de-salvador\/"]}]},{"@type":"BreadcrumbList","@id":"https:\/\/bahiaeconomica.com.br\/wp\/2022\/07\/04\/roma-defende-trens-modernos-no-suburbio-para-atender-a-populacao-e-servir-ao-porto-de-salvador\/#breadcrumb","itemListElement":[{"@type":"ListItem","position":1,"name":"In\u00edcio","item":"https:\/\/bahiaeconomica.com.br\/wp\/"},{"@type":"ListItem","position":2,"name":"ROMA DEFENDE TRENS MODERNOS NO SUB\u00daRBIO PARA ATENDER \u00c0 POPULA\u00c7\u00c3O E SERVIR AO PORTO DE SALVADOR"}]},{"@type":"WebSite","@id":"https:\/\/bahiaeconomica.com.br\/wp\/#website","url":"https:\/\/bahiaeconomica.com.br\/wp\/","name":"Bahia Economica","description":"O maior portal de Economia da Bahia","publisher":{"@id":"https:\/\/bahiaeconomica.com.br\/wp\/#organization"},"potentialAction":[{"@type":"SearchAction","target":{"@type":"EntryPoint","urlTemplate":"https:\/\/bahiaeconomica.com.br\/wp\/?s={search_term_string}"},"query-input":"required name=search_term_string"}],"inLanguage":"pt-BR"},{"@type":"Organization","@id":"https:\/\/bahiaeconomica.com.br\/wp\/#organization","name":"Bahia Econ\u00f4mica","url":"https:\/\/bahiaeconomica.com.br\/wp\/","logo":{"@type":"ImageObject","inLanguage":"pt-BR","@id":"https:\/\/bahiaeconomica.com.br\/wp\/#\/schema\/logo\/image\/","url":"https:\/\/bahiaeconomica.com.br\/wp\/wp-content\/uploads\/2020\/12\/cropped-BE.png","contentUrl":"https:\/\/bahiaeconomica.com.br\/wp\/wp-content\/uploads\/2020\/12\/cropped-BE.png","width":512,"height":512,"caption":"Bahia Econ\u00f4mica"},"image":{"@id":"https:\/\/bahiaeconomica.com.br\/wp\/#\/schema\/logo\/image\/"},"sameAs":["https:\/\/www.facebook.com\/bahiaeconomica"]},{"@type":"Person","@id":"https:\/\/bahiaeconomica.com.br\/wp\/#\/schema\/person\/cb1ab5ba96ad3d9390805381c76284ec","name":"admin","url":"https:\/\/bahiaeconomica.com.br\/wp\/author\/admin\/"}]}},"views":3,"_links":{"self":[{"href":"https:\/\/bahiaeconomica.com.br\/wp\/wp-json\/wp\/v2\/posts\/676555"}],"collection":[{"href":"https:\/\/bahiaeconomica.com.br\/wp\/wp-json\/wp\/v2\/posts"}],"about":[{"href":"https:\/\/bahiaeconomica.com.br\/wp\/wp-json\/wp\/v2\/types\/post"}],"author":[{"embeddable":true,"href":"https:\/\/bahiaeconomica.com.br\/wp\/wp-json\/wp\/v2\/users\/1"}],"replies":[{"embeddable":true,"href":"https:\/\/bahiaeconomica.com.br\/wp\/wp-json\/wp\/v2\/comments?post=676555"}],"version-history":[{"count":1,"href":"https:\/\/bahiaeconomica.com.br\/wp\/wp-json\/wp\/v2\/posts\/676555\/revisions"}],"predecessor-version":[{"id":676556,"href":"https:\/\/bahiaeconomica.com.br\/wp\/wp-json\/wp\/v2\/posts\/676555\/revisions\/676556"}],"wp:featuredmedia":[{"embeddable":true,"href":"https:\/\/bahiaeconomica.com.br\/wp\/wp-json\/wp\/v2\/media\/671156"}],"wp:attachment":[{"href":"https:\/\/bahiaeconomica.com.br\/wp\/wp-json\/wp\/v2\/media?parent=676555"}],"wp:term":[{"taxonomy":"category","embeddable":true,"href":"https:\/\/bahiaeconomica.com.br\/wp\/wp-json\/wp\/v2\/categories?post=676555"},{"taxonomy":"post_tag","embeddable":true,"href":"https:\/\/bahiaeconomica.com.br\/wp\/wp-json\/wp\/v2\/tags?post=676555"}],"curies":[{"name":"wp","href":"https:\/\/api.w.org\/{rel}","templated":true}]}}