{"id":675993,"date":"2022-06-30T09:17:56","date_gmt":"2022-06-30T12:17:56","guid":{"rendered":"https:\/\/bahiaeconomica.com.br\/wp\/beta\/?p=675993"},"modified":"2022-06-30T09:17:56","modified_gmt":"2022-06-30T12:17:56","slug":"ana-marcela-e-pentacampea-mundial-da-maratona-aquatica","status":"publish","type":"post","link":"https:\/\/bahiaeconomica.com.br\/wp\/2022\/06\/30\/ana-marcela-e-pentacampea-mundial-da-maratona-aquatica\/","title":{"rendered":"ANA MARCELA \u00c9 PENTACAMPE\u00c3 MUNDIAL DA MARATONA AQU\u00c1TICA"},"content":{"rendered":"<p>A nadadora Ana Marcela Cunha conquistou mais uma medalha de ouro no Mundial de Esportes Aqu\u00e1ticos, em Budapeste, dessa vez na prova de 25km.<!--more--> \u00c9 o quinto t\u00edtulo mundial dela na dist\u00e2ncia &#8211; venceu tamb\u00e9m em 2011, 2015, 2017 e 2019.<\/p>\n<p>A baiana completou o percurso em 5h24min15s, \u00e0 frente da alem\u00e3 Lea Boy, que foi a prata, e da holandesa Sharon van Rouwendaal, que terminou com o bronze.<\/p>\n<p>&nbsp;<\/p>\n<p>Fonte: BN<\/p>\n<p>Foto: Fina\/Divulga\u00e7\u00e3o<\/p>\n","protected":false},"excerpt":{"rendered":"<p>A nadadora Ana Marcela Cunha conquistou mais uma medalha de ouro no Mundial de Esportes Aqu\u00e1ticos, em Budapeste, dessa vez na prova de 25km.<\/p>\n","protected":false},"author":1,"featured_media":675994,"comment_status":"closed","ping_status":"closed","sticky":false,"template":"","format":"standard","meta":[],"categories":[4486],"tags":[6938],"acf":[],"yoast_head":"<!-- This site is optimized with the Yoast SEO plugin v20.8 - https:\/\/yoast.com\/wordpress\/plugins\/seo\/ -->\n<title>ANA MARCELA \u00c9 PENTACAMPE\u00c3 MUNDIAL DA MARATONA AQU\u00c1TICA - Bahia Economica<\/title>\n<meta name=\"description\" content=\"O maior portal de Economia da Bahia Esporte Bahia Economica\" \/>\n<meta name=\"robots\" content=\"index, follow, max-snippet:-1, max-image-preview:large, max-video-preview:-1\" \/>\n<link rel=\"canonical\" href=\"https:\/\/bahiaeconomica.com.br\/wp\/2022\/06\/30\/ana-marcela-e-pentacampea-mundial-da-maratona-aquatica\/\" \/>\n<meta property=\"og:locale\" content=\"pt_BR\" \/>\n<meta property=\"og:type\" content=\"article\" \/>\n<meta property=\"og:title\" content=\"ANA MARCELA \u00c9 PENTACAMPE\u00c3 MUNDIAL DA MARATONA AQU\u00c1TICA - Bahia Economica\" \/>\n<meta property=\"og:description\" content=\"O maior portal de Economia da Bahia Esporte Bahia Economica\" \/>\n<meta property=\"og:url\" content=\"https:\/\/bahiaeconomica.com.br\/wp\/2022\/06\/30\/ana-marcela-e-pentacampea-mundial-da-maratona-aquatica\/\" \/>\n<meta property=\"og:site_name\" content=\"Bahia Economica\" \/>\n<meta property=\"article:publisher\" content=\"https:\/\/www.facebook.com\/bahiaeconomica\" \/>\n<meta property=\"article:published_time\" content=\"2022-06-30T12:17:56+00:00\" \/>\n<meta property=\"og:image\" content=\"https:\/\/bahiaeconomica.com.br\/wp\/wp-content\/uploads\/2022\/06\/csm_AnaMarcela_Fina_dd80c5e8b7.jpg\" \/>\n\t<meta property=\"og:image:width\" content=\"940\" \/>\n\t<meta property=\"og:image:height\" content=\"627\" \/>\n\t<meta property=\"og:image:type\" content=\"image\/jpeg\" \/>\n<meta name=\"author\" content=\"admin\" \/>\n<meta name=\"twitter:card\" content=\"summary_large_image\" \/>\n<meta name=\"twitter:label1\" content=\"Escrito por\" \/>\n\t<meta name=\"twitter:data1\" content=\"admin\" \/>\n<script type=\"application\/ld+json\" class=\"yoast-schema-graph\">{\"@context\":\"https:\/\/schema.org\",\"@graph\":[{\"@type\":\"Article\",\"@id\":\"https:\/\/bahiaeconomica.com.br\/wp\/2022\/06\/30\/ana-marcela-e-pentacampea-mundial-da-maratona-aquatica\/#article\",\"isPartOf\":{\"@id\":\"https:\/\/bahiaeconomica.com.br\/wp\/2022\/06\/30\/ana-marcela-e-pentacampea-mundial-da-maratona-aquatica\/\"},\"author\":{\"name\":\"admin\",\"@id\":\"https:\/\/bahiaeconomica.com.br\/wp\/#\/schema\/person\/cb1ab5ba96ad3d9390805381c76284ec\"},\"headline\":\"ANA MARCELA \u00c9 PENTACAMPE\u00c3 MUNDIAL DA MARATONA AQU\u00c1TICA\",\"datePublished\":\"2022-06-30T12:17:56+00:00\",\"dateModified\":\"2022-06-30T12:17:56+00:00\",\"mainEntityOfPage\":{\"@id\":\"https:\/\/bahiaeconomica.com.br\/wp\/2022\/06\/30\/ana-marcela-e-pentacampea-mundial-da-maratona-aquatica\/\"},\"wordCount\":84,\"publisher\":{\"@id\":\"https:\/\/bahiaeconomica.com.br\/wp\/#organization\"},\"keywords\":[\"natacao\"],\"articleSection\":[\"Esporte\"],\"inLanguage\":\"pt-BR\"},{\"@type\":\"WebPage\",\"@id\":\"https:\/\/bahiaeconomica.com.br\/wp\/2022\/06\/30\/ana-marcela-e-pentacampea-mundial-da-maratona-aquatica\/\",\"url\":\"https:\/\/bahiaeconomica.com.br\/wp\/2022\/06\/30\/ana-marcela-e-pentacampea-mundial-da-maratona-aquatica\/\",\"name\":\"ANA MARCELA \u00c9 PENTACAMPE\u00c3 MUNDIAL DA MARATONA AQU\u00c1TICA - Bahia Economica\",\"isPartOf\":{\"@id\":\"https:\/\/bahiaeconomica.com.br\/wp\/#website\"},\"datePublished\":\"2022-06-30T12:17:56+00:00\",\"dateModified\":\"2022-06-30T12:17:56+00:00\",\"description\":\"O maior portal de Economia da Bahia Esporte Bahia Economica\",\"breadcrumb\":{\"@id\":\"https:\/\/bahiaeconomica.com.br\/wp\/2022\/06\/30\/ana-marcela-e-pentacampea-mundial-da-maratona-aquatica\/#breadcrumb\"},\"inLanguage\":\"pt-BR\",\"potentialAction\":[{\"@type\":\"ReadAction\",\"target\":[\"https:\/\/bahiaeconomica.com.br\/wp\/2022\/06\/30\/ana-marcela-e-pentacampea-mundial-da-maratona-aquatica\/\"]}]},{\"@type\":\"BreadcrumbList\",\"@id\":\"https:\/\/bahiaeconomica.com.br\/wp\/2022\/06\/30\/ana-marcela-e-pentacampea-mundial-da-maratona-aquatica\/#breadcrumb\",\"itemListElement\":[{\"@type\":\"ListItem\",\"position\":1,\"name\":\"In\u00edcio\",\"item\":\"https:\/\/bahiaeconomica.com.br\/wp\/\"},{\"@type\":\"ListItem\",\"position\":2,\"name\":\"ANA MARCELA \u00c9 PENTACAMPE\u00c3 MUNDIAL DA MARATONA AQU\u00c1TICA\"}]},{\"@type\":\"WebSite\",\"@id\":\"https:\/\/bahiaeconomica.com.br\/wp\/#website\",\"url\":\"https:\/\/bahiaeconomica.com.br\/wp\/\",\"name\":\"Bahia Economica\",\"description\":\"O maior portal de Economia da Bahia\",\"publisher\":{\"@id\":\"https:\/\/bahiaeconomica.com.br\/wp\/#organization\"},\"potentialAction\":[{\"@type\":\"SearchAction\",\"target\":{\"@type\":\"EntryPoint\",\"urlTemplate\":\"https:\/\/bahiaeconomica.com.br\/wp\/?s={search_term_string}\"},\"query-input\":\"required name=search_term_string\"}],\"inLanguage\":\"pt-BR\"},{\"@type\":\"Organization\",\"@id\":\"https:\/\/bahiaeconomica.com.br\/wp\/#organization\",\"name\":\"Bahia Econ\u00f4mica\",\"url\":\"https:\/\/bahiaeconomica.com.br\/wp\/\",\"logo\":{\"@type\":\"ImageObject\",\"inLanguage\":\"pt-BR\",\"@id\":\"https:\/\/bahiaeconomica.com.br\/wp\/#\/schema\/logo\/image\/\",\"url\":\"https:\/\/bahiaeconomica.com.br\/wp\/wp-content\/uploads\/2020\/12\/cropped-BE.png\",\"contentUrl\":\"https:\/\/bahiaeconomica.com.br\/wp\/wp-content\/uploads\/2020\/12\/cropped-BE.png\",\"width\":512,\"height\":512,\"caption\":\"Bahia Econ\u00f4mica\"},\"image\":{\"@id\":\"https:\/\/bahiaeconomica.com.br\/wp\/#\/schema\/logo\/image\/\"},\"sameAs\":[\"https:\/\/www.facebook.com\/bahiaeconomica\"]},{\"@type\":\"Person\",\"@id\":\"https:\/\/bahiaeconomica.com.br\/wp\/#\/schema\/person\/cb1ab5ba96ad3d9390805381c76284ec\",\"name\":\"admin\",\"url\":\"https:\/\/bahiaeconomica.com.br\/wp\/author\/admin\/\"}]}<\/script>\n<!-- \/ Yoast SEO plugin. -->","yoast_head_json":{"title":"ANA MARCELA \u00c9 PENTACAMPE\u00c3 MUNDIAL DA MARATONA AQU\u00c1TICA - Bahia Economica","description":"O maior portal de Economia da Bahia Esporte Bahia Economica","robots":{"index":"index","follow":"follow","max-snippet":"max-snippet:-1","max-image-preview":"max-image-preview:large","max-video-preview":"max-video-preview:-1"},"canonical":"https:\/\/bahiaeconomica.com.br\/wp\/2022\/06\/30\/ana-marcela-e-pentacampea-mundial-da-maratona-aquatica\/","og_locale":"pt_BR","og_type":"article","og_title":"ANA MARCELA \u00c9 PENTACAMPE\u00c3 MUNDIAL DA MARATONA AQU\u00c1TICA - Bahia Economica","og_description":"O maior portal de Economia da Bahia Esporte Bahia Economica","og_url":"https:\/\/bahiaeconomica.com.br\/wp\/2022\/06\/30\/ana-marcela-e-pentacampea-mundial-da-maratona-aquatica\/","og_site_name":"Bahia Economica","article_publisher":"https:\/\/www.facebook.com\/bahiaeconomica","article_published_time":"2022-06-30T12:17:56+00:00","og_image":[{"width":940,"height":627,"url":"https:\/\/bahiaeconomica.com.br\/wp\/wp-content\/uploads\/2022\/06\/csm_AnaMarcela_Fina_dd80c5e8b7.jpg","type":"image\/jpeg"}],"author":"admin","twitter_card":"summary_large_image","twitter_misc":{"Escrito por":"admin"},"schema":{"@context":"https:\/\/schema.org","@graph":[{"@type":"Article","@id":"https:\/\/bahiaeconomica.com.br\/wp\/2022\/06\/30\/ana-marcela-e-pentacampea-mundial-da-maratona-aquatica\/#article","isPartOf":{"@id":"https:\/\/bahiaeconomica.com.br\/wp\/2022\/06\/30\/ana-marcela-e-pentacampea-mundial-da-maratona-aquatica\/"},"author":{"name":"admin","@id":"https:\/\/bahiaeconomica.com.br\/wp\/#\/schema\/person\/cb1ab5ba96ad3d9390805381c76284ec"},"headline":"ANA MARCELA \u00c9 PENTACAMPE\u00c3 MUNDIAL DA MARATONA AQU\u00c1TICA","datePublished":"2022-06-30T12:17:56+00:00","dateModified":"2022-06-30T12:17:56+00:00","mainEntityOfPage":{"@id":"https:\/\/bahiaeconomica.com.br\/wp\/2022\/06\/30\/ana-marcela-e-pentacampea-mundial-da-maratona-aquatica\/"},"wordCount":84,"publisher":{"@id":"https:\/\/bahiaeconomica.com.br\/wp\/#organization"},"keywords":["natacao"],"articleSection":["Esporte"],"inLanguage":"pt-BR"},{"@type":"WebPage","@id":"https:\/\/bahiaeconomica.com.br\/wp\/2022\/06\/30\/ana-marcela-e-pentacampea-mundial-da-maratona-aquatica\/","url":"https:\/\/bahiaeconomica.com.br\/wp\/2022\/06\/30\/ana-marcela-e-pentacampea-mundial-da-maratona-aquatica\/","name":"ANA MARCELA \u00c9 PENTACAMPE\u00c3 MUNDIAL DA MARATONA AQU\u00c1TICA - Bahia Economica","isPartOf":{"@id":"https:\/\/bahiaeconomica.com.br\/wp\/#website"},"datePublished":"2022-06-30T12:17:56+00:00","dateModified":"2022-06-30T12:17:56+00:00","description":"O maior portal de Economia da Bahia Esporte Bahia Economica","breadcrumb":{"@id":"https:\/\/bahiaeconomica.com.br\/wp\/2022\/06\/30\/ana-marcela-e-pentacampea-mundial-da-maratona-aquatica\/#breadcrumb"},"inLanguage":"pt-BR","potentialAction":[{"@type":"ReadAction","target":["https:\/\/bahiaeconomica.com.br\/wp\/2022\/06\/30\/ana-marcela-e-pentacampea-mundial-da-maratona-aquatica\/"]}]},{"@type":"BreadcrumbList","@id":"https:\/\/bahiaeconomica.com.br\/wp\/2022\/06\/30\/ana-marcela-e-pentacampea-mundial-da-maratona-aquatica\/#breadcrumb","itemListElement":[{"@type":"ListItem","position":1,"name":"In\u00edcio","item":"https:\/\/bahiaeconomica.com.br\/wp\/"},{"@type":"ListItem","position":2,"name":"ANA MARCELA \u00c9 PENTACAMPE\u00c3 MUNDIAL DA MARATONA AQU\u00c1TICA"}]},{"@type":"WebSite","@id":"https:\/\/bahiaeconomica.com.br\/wp\/#website","url":"https:\/\/bahiaeconomica.com.br\/wp\/","name":"Bahia Economica","description":"O maior portal de Economia da Bahia","publisher":{"@id":"https:\/\/bahiaeconomica.com.br\/wp\/#organization"},"potentialAction":[{"@type":"SearchAction","target":{"@type":"EntryPoint","urlTemplate":"https:\/\/bahiaeconomica.com.br\/wp\/?s={search_term_string}"},"query-input":"required name=search_term_string"}],"inLanguage":"pt-BR"},{"@type":"Organization","@id":"https:\/\/bahiaeconomica.com.br\/wp\/#organization","name":"Bahia Econ\u00f4mica","url":"https:\/\/bahiaeconomica.com.br\/wp\/","logo":{"@type":"ImageObject","inLanguage":"pt-BR","@id":"https:\/\/bahiaeconomica.com.br\/wp\/#\/schema\/logo\/image\/","url":"https:\/\/bahiaeconomica.com.br\/wp\/wp-content\/uploads\/2020\/12\/cropped-BE.png","contentUrl":"https:\/\/bahiaeconomica.com.br\/wp\/wp-content\/uploads\/2020\/12\/cropped-BE.png","width":512,"height":512,"caption":"Bahia Econ\u00f4mica"},"image":{"@id":"https:\/\/bahiaeconomica.com.br\/wp\/#\/schema\/logo\/image\/"},"sameAs":["https:\/\/www.facebook.com\/bahiaeconomica"]},{"@type":"Person","@id":"https:\/\/bahiaeconomica.com.br\/wp\/#\/schema\/person\/cb1ab5ba96ad3d9390805381c76284ec","name":"admin","url":"https:\/\/bahiaeconomica.com.br\/wp\/author\/admin\/"}]}},"views":4,"_links":{"self":[{"href":"https:\/\/bahiaeconomica.com.br\/wp\/wp-json\/wp\/v2\/posts\/675993"}],"collection":[{"href":"https:\/\/bahiaeconomica.com.br\/wp\/wp-json\/wp\/v2\/posts"}],"about":[{"href":"https:\/\/bahiaeconomica.com.br\/wp\/wp-json\/wp\/v2\/types\/post"}],"author":[{"embeddable":true,"href":"https:\/\/bahiaeconomica.com.br\/wp\/wp-json\/wp\/v2\/users\/1"}],"replies":[{"embeddable":true,"href":"https:\/\/bahiaeconomica.com.br\/wp\/wp-json\/wp\/v2\/comments?post=675993"}],"version-history":[{"count":1,"href":"https:\/\/bahiaeconomica.com.br\/wp\/wp-json\/wp\/v2\/posts\/675993\/revisions"}],"predecessor-version":[{"id":675995,"href":"https:\/\/bahiaeconomica.com.br\/wp\/wp-json\/wp\/v2\/posts\/675993\/revisions\/675995"}],"wp:featuredmedia":[{"embeddable":true,"href":"https:\/\/bahiaeconomica.com.br\/wp\/wp-json\/wp\/v2\/media\/675994"}],"wp:attachment":[{"href":"https:\/\/bahiaeconomica.com.br\/wp\/wp-json\/wp\/v2\/media?parent=675993"}],"wp:term":[{"taxonomy":"category","embeddable":true,"href":"https:\/\/bahiaeconomica.com.br\/wp\/wp-json\/wp\/v2\/categories?post=675993"},{"taxonomy":"post_tag","embeddable":true,"href":"https:\/\/bahiaeconomica.com.br\/wp\/wp-json\/wp\/v2\/tags?post=675993"}],"curies":[{"name":"wp","href":"https:\/\/api.w.org\/{rel}","templated":true}]}}