{"id":675953,"date":"2022-06-30T07:36:17","date_gmt":"2022-06-30T10:36:17","guid":{"rendered":"https:\/\/bahiaeconomica.com.br\/wp\/beta\/?p=675953"},"modified":"2022-06-30T07:36:17","modified_gmt":"2022-06-30T10:36:17","slug":"roma-aposta-na-criacao-da-secretaria-do-semiarido","status":"publish","type":"post","link":"https:\/\/bahiaeconomica.com.br\/wp\/2022\/06\/30\/roma-aposta-na-criacao-da-secretaria-do-semiarido\/","title":{"rendered":"ROMA APOSTA NA CRIA\u00c7\u00c3O DA SECRETARIA DO SEMI\u00c1RIDO"},"content":{"rendered":"<p>O pr\u00e9-candidato a governador, ex-ministro da Cidadania e deputado federal, Jo\u00e3o Roma (PL), refor\u00e7ou a necessidade da cria\u00e7\u00e3o da Secretaria do Semi\u00e1rido para, dentre <!--more-->outros pontos, atender aos pequenos produtores rurais da Bahia, de forma que tenham condi\u00e7\u00f5es de empreender em seus neg\u00f3cios. Roma enfatizou que \u00e9 preciso deixar o jogo de empurra da atual gest\u00e3o para fazer chegar solu\u00e7\u00f5es para as demandas dos cidad\u00e3os que vivem no campo.<\/p>\n<p>Roma explicou que essa secretaria proporcionar\u00e1 mais proximidade e oportunidade para quem vive no campo. &#8220;Hoje n\u00f3s temos tecnologias dominadas, j\u00e1 dispon\u00edveis, mas o estado fica numa ladainha de dizer que tudo \u00e9 transversal. Ou seja, s\u00e3o v\u00e1rias pessoas, cada um puxando para seu lado e o nome disso \u00e9 um &#8216;jogo de empurra&#8217;: nunca chega a solu\u00e7\u00e3o pra melhorar a vida de quem produz&#8221;, disse Roma, durante entrevista \u00e0 R\u00e1dio L\u00edder, de Ruy Barbosa.<\/p>\n<p>O pr\u00e9-candidato do PL destacou os candidatos advers\u00e1rios advers\u00e1rios n\u00e3o t\u00eam compromisso com o setor produtivo, seja o rural ou o urbano. &#8220;De um lado, tem Jer\u00f4nimo Rodrigues, candidato do PT, que \u00e9 contra o setor produtivo e todos sabem disso. Do outro, tem ACM Neto, o candidato gen\u00e9rico do PT. A vis\u00e3o dos dois \u00e9 aumentar a cobran\u00e7a de impostos, ampliar o sacrif\u00edcio do povo baiano para, quando chegar a elei\u00e7\u00e3o, distribuir migalhas&#8221;, descreveu Roma.<\/p>\n<p>Roma reiterou que o par\u00e2metro das gest\u00f5es de Rui Costa, cujo pr\u00e9-candidato \u00e9 Jer\u00f4nimo, e ACM Neto, t\u00eam como par\u00e2metro a sanha de querer arrecadar sempre mais. &#8220;\u00c9 isso que o governador Rui Costa demonstra. \u00c9 o que ACM Neto demonstrou em Salvador aumentando os impostos, aumentando o IPTU. \u00c9 s\u00f3 perguntar a algu\u00e9m que mora em Salvador se a coisa n\u00e3o arrochou na capital ou n\u00e3o&#8221;, disse Roma.<\/p>\n","protected":false},"excerpt":{"rendered":"<p>O pr\u00e9-candidato a governador, ex-ministro da Cidadania e deputado federal, Jo\u00e3o Roma (PL), refor\u00e7ou a necessidade da cria\u00e7\u00e3o da Secretaria do Semi\u00e1rido para, dentre<\/p>\n","protected":false},"author":1,"featured_media":675954,"comment_status":"closed","ping_status":"closed","sticky":false,"template":"","format":"standard","meta":[],"categories":[14,3,5],"tags":[],"acf":[],"yoast_head":"<!-- This site is optimized with the Yoast SEO plugin v20.8 - https:\/\/yoast.com\/wordpress\/plugins\/seo\/ -->\n<title>ROMA APOSTA NA CRIA\u00c7\u00c3O DA SECRETARIA DO SEMI\u00c1RIDO - Bahia Economica<\/title>\n<meta name=\"description\" content=\"O maior portal de Economia da Bahia DESTAQUE DO DIA, ECONOMIA \/ POL\u00cdTICA, MUNIC\u00cdPIOS Bahia Economica\" \/>\n<meta name=\"robots\" content=\"index, follow, max-snippet:-1, max-image-preview:large, max-video-preview:-1\" \/>\n<link rel=\"canonical\" href=\"https:\/\/bahiaeconomica.com.br\/wp\/2022\/06\/30\/roma-aposta-na-criacao-da-secretaria-do-semiarido\/\" \/>\n<meta property=\"og:locale\" content=\"pt_BR\" \/>\n<meta property=\"og:type\" content=\"article\" \/>\n<meta property=\"og:title\" content=\"ROMA APOSTA NA CRIA\u00c7\u00c3O DA SECRETARIA DO SEMI\u00c1RIDO - Bahia Economica\" \/>\n<meta property=\"og:description\" content=\"O maior portal de Economia da Bahia DESTAQUE DO DIA, ECONOMIA \/ POL\u00cdTICA, MUNIC\u00cdPIOS Bahia Economica\" \/>\n<meta property=\"og:url\" content=\"https:\/\/bahiaeconomica.com.br\/wp\/2022\/06\/30\/roma-aposta-na-criacao-da-secretaria-do-semiarido\/\" \/>\n<meta property=\"og:site_name\" content=\"Bahia Economica\" \/>\n<meta property=\"article:publisher\" content=\"https:\/\/www.facebook.com\/bahiaeconomica\" \/>\n<meta property=\"article:published_time\" content=\"2022-06-30T10:36:17+00:00\" \/>\n<meta property=\"og:image\" content=\"https:\/\/bahiaeconomica.com.br\/wp\/wp-content\/uploads\/2022\/06\/WhatsApp-Image-2022-06-30-at-06.46.43.jpeg\" \/>\n\t<meta property=\"og:image:width\" content=\"1024\" \/>\n\t<meta property=\"og:image:height\" content=\"683\" \/>\n\t<meta property=\"og:image:type\" content=\"image\/jpeg\" \/>\n<meta name=\"author\" content=\"admin\" \/>\n<meta name=\"twitter:card\" content=\"summary_large_image\" \/>\n<meta name=\"twitter:label1\" content=\"Escrito por\" \/>\n\t<meta name=\"twitter:data1\" content=\"admin\" \/>\n\t<meta name=\"twitter:label2\" content=\"Est. tempo de leitura\" \/>\n\t<meta name=\"twitter:data2\" content=\"2 minutos\" \/>\n<script type=\"application\/ld+json\" class=\"yoast-schema-graph\">{\"@context\":\"https:\/\/schema.org\",\"@graph\":[{\"@type\":\"Article\",\"@id\":\"https:\/\/bahiaeconomica.com.br\/wp\/2022\/06\/30\/roma-aposta-na-criacao-da-secretaria-do-semiarido\/#article\",\"isPartOf\":{\"@id\":\"https:\/\/bahiaeconomica.com.br\/wp\/2022\/06\/30\/roma-aposta-na-criacao-da-secretaria-do-semiarido\/\"},\"author\":{\"name\":\"admin\",\"@id\":\"https:\/\/bahiaeconomica.com.br\/wp\/#\/schema\/person\/cb1ab5ba96ad3d9390805381c76284ec\"},\"headline\":\"ROMA APOSTA NA CRIA\u00c7\u00c3O DA SECRETARIA DO SEMI\u00c1RIDO\",\"datePublished\":\"2022-06-30T10:36:17+00:00\",\"dateModified\":\"2022-06-30T10:36:17+00:00\",\"mainEntityOfPage\":{\"@id\":\"https:\/\/bahiaeconomica.com.br\/wp\/2022\/06\/30\/roma-aposta-na-criacao-da-secretaria-do-semiarido\/\"},\"wordCount\":326,\"publisher\":{\"@id\":\"https:\/\/bahiaeconomica.com.br\/wp\/#organization\"},\"articleSection\":[\"DESTAQUE DO DIA\",\"ECONOMIA \/ POL\u00cdTICA\",\"MUNIC\u00cdPIOS\"],\"inLanguage\":\"pt-BR\"},{\"@type\":\"WebPage\",\"@id\":\"https:\/\/bahiaeconomica.com.br\/wp\/2022\/06\/30\/roma-aposta-na-criacao-da-secretaria-do-semiarido\/\",\"url\":\"https:\/\/bahiaeconomica.com.br\/wp\/2022\/06\/30\/roma-aposta-na-criacao-da-secretaria-do-semiarido\/\",\"name\":\"ROMA APOSTA NA CRIA\u00c7\u00c3O DA SECRETARIA DO SEMI\u00c1RIDO - Bahia Economica\",\"isPartOf\":{\"@id\":\"https:\/\/bahiaeconomica.com.br\/wp\/#website\"},\"datePublished\":\"2022-06-30T10:36:17+00:00\",\"dateModified\":\"2022-06-30T10:36:17+00:00\",\"description\":\"O maior portal de Economia da Bahia DESTAQUE DO DIA, ECONOMIA \/ POL\u00cdTICA, MUNIC\u00cdPIOS Bahia Economica\",\"breadcrumb\":{\"@id\":\"https:\/\/bahiaeconomica.com.br\/wp\/2022\/06\/30\/roma-aposta-na-criacao-da-secretaria-do-semiarido\/#breadcrumb\"},\"inLanguage\":\"pt-BR\",\"potentialAction\":[{\"@type\":\"ReadAction\",\"target\":[\"https:\/\/bahiaeconomica.com.br\/wp\/2022\/06\/30\/roma-aposta-na-criacao-da-secretaria-do-semiarido\/\"]}]},{\"@type\":\"BreadcrumbList\",\"@id\":\"https:\/\/bahiaeconomica.com.br\/wp\/2022\/06\/30\/roma-aposta-na-criacao-da-secretaria-do-semiarido\/#breadcrumb\",\"itemListElement\":[{\"@type\":\"ListItem\",\"position\":1,\"name\":\"In\u00edcio\",\"item\":\"https:\/\/bahiaeconomica.com.br\/wp\/\"},{\"@type\":\"ListItem\",\"position\":2,\"name\":\"ROMA APOSTA NA CRIA\u00c7\u00c3O DA SECRETARIA DO SEMI\u00c1RIDO\"}]},{\"@type\":\"WebSite\",\"@id\":\"https:\/\/bahiaeconomica.com.br\/wp\/#website\",\"url\":\"https:\/\/bahiaeconomica.com.br\/wp\/\",\"name\":\"Bahia Economica\",\"description\":\"O maior portal de Economia da Bahia\",\"publisher\":{\"@id\":\"https:\/\/bahiaeconomica.com.br\/wp\/#organization\"},\"potentialAction\":[{\"@type\":\"SearchAction\",\"target\":{\"@type\":\"EntryPoint\",\"urlTemplate\":\"https:\/\/bahiaeconomica.com.br\/wp\/?s={search_term_string}\"},\"query-input\":\"required name=search_term_string\"}],\"inLanguage\":\"pt-BR\"},{\"@type\":\"Organization\",\"@id\":\"https:\/\/bahiaeconomica.com.br\/wp\/#organization\",\"name\":\"Bahia Econ\u00f4mica\",\"url\":\"https:\/\/bahiaeconomica.com.br\/wp\/\",\"logo\":{\"@type\":\"ImageObject\",\"inLanguage\":\"pt-BR\",\"@id\":\"https:\/\/bahiaeconomica.com.br\/wp\/#\/schema\/logo\/image\/\",\"url\":\"https:\/\/bahiaeconomica.com.br\/wp\/wp-content\/uploads\/2020\/12\/cropped-BE.png\",\"contentUrl\":\"https:\/\/bahiaeconomica.com.br\/wp\/wp-content\/uploads\/2020\/12\/cropped-BE.png\",\"width\":512,\"height\":512,\"caption\":\"Bahia Econ\u00f4mica\"},\"image\":{\"@id\":\"https:\/\/bahiaeconomica.com.br\/wp\/#\/schema\/logo\/image\/\"},\"sameAs\":[\"https:\/\/www.facebook.com\/bahiaeconomica\"]},{\"@type\":\"Person\",\"@id\":\"https:\/\/bahiaeconomica.com.br\/wp\/#\/schema\/person\/cb1ab5ba96ad3d9390805381c76284ec\",\"name\":\"admin\",\"url\":\"https:\/\/bahiaeconomica.com.br\/wp\/author\/admin\/\"}]}<\/script>\n<!-- \/ Yoast SEO plugin. -->","yoast_head_json":{"title":"ROMA APOSTA NA CRIA\u00c7\u00c3O DA SECRETARIA DO SEMI\u00c1RIDO - Bahia Economica","description":"O maior portal de Economia da Bahia DESTAQUE DO DIA, ECONOMIA \/ POL\u00cdTICA, MUNIC\u00cdPIOS Bahia Economica","robots":{"index":"index","follow":"follow","max-snippet":"max-snippet:-1","max-image-preview":"max-image-preview:large","max-video-preview":"max-video-preview:-1"},"canonical":"https:\/\/bahiaeconomica.com.br\/wp\/2022\/06\/30\/roma-aposta-na-criacao-da-secretaria-do-semiarido\/","og_locale":"pt_BR","og_type":"article","og_title":"ROMA APOSTA NA CRIA\u00c7\u00c3O DA SECRETARIA DO SEMI\u00c1RIDO - Bahia Economica","og_description":"O maior portal de Economia da Bahia DESTAQUE DO DIA, ECONOMIA \/ POL\u00cdTICA, MUNIC\u00cdPIOS Bahia Economica","og_url":"https:\/\/bahiaeconomica.com.br\/wp\/2022\/06\/30\/roma-aposta-na-criacao-da-secretaria-do-semiarido\/","og_site_name":"Bahia Economica","article_publisher":"https:\/\/www.facebook.com\/bahiaeconomica","article_published_time":"2022-06-30T10:36:17+00:00","og_image":[{"width":1024,"height":683,"url":"https:\/\/bahiaeconomica.com.br\/wp\/wp-content\/uploads\/2022\/06\/WhatsApp-Image-2022-06-30-at-06.46.43.jpeg","type":"image\/jpeg"}],"author":"admin","twitter_card":"summary_large_image","twitter_misc":{"Escrito por":"admin","Est. tempo de leitura":"2 minutos"},"schema":{"@context":"https:\/\/schema.org","@graph":[{"@type":"Article","@id":"https:\/\/bahiaeconomica.com.br\/wp\/2022\/06\/30\/roma-aposta-na-criacao-da-secretaria-do-semiarido\/#article","isPartOf":{"@id":"https:\/\/bahiaeconomica.com.br\/wp\/2022\/06\/30\/roma-aposta-na-criacao-da-secretaria-do-semiarido\/"},"author":{"name":"admin","@id":"https:\/\/bahiaeconomica.com.br\/wp\/#\/schema\/person\/cb1ab5ba96ad3d9390805381c76284ec"},"headline":"ROMA APOSTA NA CRIA\u00c7\u00c3O DA SECRETARIA DO SEMI\u00c1RIDO","datePublished":"2022-06-30T10:36:17+00:00","dateModified":"2022-06-30T10:36:17+00:00","mainEntityOfPage":{"@id":"https:\/\/bahiaeconomica.com.br\/wp\/2022\/06\/30\/roma-aposta-na-criacao-da-secretaria-do-semiarido\/"},"wordCount":326,"publisher":{"@id":"https:\/\/bahiaeconomica.com.br\/wp\/#organization"},"articleSection":["DESTAQUE DO DIA","ECONOMIA \/ POL\u00cdTICA","MUNIC\u00cdPIOS"],"inLanguage":"pt-BR"},{"@type":"WebPage","@id":"https:\/\/bahiaeconomica.com.br\/wp\/2022\/06\/30\/roma-aposta-na-criacao-da-secretaria-do-semiarido\/","url":"https:\/\/bahiaeconomica.com.br\/wp\/2022\/06\/30\/roma-aposta-na-criacao-da-secretaria-do-semiarido\/","name":"ROMA APOSTA NA CRIA\u00c7\u00c3O DA SECRETARIA DO SEMI\u00c1RIDO - Bahia Economica","isPartOf":{"@id":"https:\/\/bahiaeconomica.com.br\/wp\/#website"},"datePublished":"2022-06-30T10:36:17+00:00","dateModified":"2022-06-30T10:36:17+00:00","description":"O maior portal de Economia da Bahia DESTAQUE DO DIA, ECONOMIA \/ POL\u00cdTICA, MUNIC\u00cdPIOS Bahia Economica","breadcrumb":{"@id":"https:\/\/bahiaeconomica.com.br\/wp\/2022\/06\/30\/roma-aposta-na-criacao-da-secretaria-do-semiarido\/#breadcrumb"},"inLanguage":"pt-BR","potentialAction":[{"@type":"ReadAction","target":["https:\/\/bahiaeconomica.com.br\/wp\/2022\/06\/30\/roma-aposta-na-criacao-da-secretaria-do-semiarido\/"]}]},{"@type":"BreadcrumbList","@id":"https:\/\/bahiaeconomica.com.br\/wp\/2022\/06\/30\/roma-aposta-na-criacao-da-secretaria-do-semiarido\/#breadcrumb","itemListElement":[{"@type":"ListItem","position":1,"name":"In\u00edcio","item":"https:\/\/bahiaeconomica.com.br\/wp\/"},{"@type":"ListItem","position":2,"name":"ROMA APOSTA NA CRIA\u00c7\u00c3O DA SECRETARIA DO SEMI\u00c1RIDO"}]},{"@type":"WebSite","@id":"https:\/\/bahiaeconomica.com.br\/wp\/#website","url":"https:\/\/bahiaeconomica.com.br\/wp\/","name":"Bahia Economica","description":"O maior portal de Economia da Bahia","publisher":{"@id":"https:\/\/bahiaeconomica.com.br\/wp\/#organization"},"potentialAction":[{"@type":"SearchAction","target":{"@type":"EntryPoint","urlTemplate":"https:\/\/bahiaeconomica.com.br\/wp\/?s={search_term_string}"},"query-input":"required name=search_term_string"}],"inLanguage":"pt-BR"},{"@type":"Organization","@id":"https:\/\/bahiaeconomica.com.br\/wp\/#organization","name":"Bahia Econ\u00f4mica","url":"https:\/\/bahiaeconomica.com.br\/wp\/","logo":{"@type":"ImageObject","inLanguage":"pt-BR","@id":"https:\/\/bahiaeconomica.com.br\/wp\/#\/schema\/logo\/image\/","url":"https:\/\/bahiaeconomica.com.br\/wp\/wp-content\/uploads\/2020\/12\/cropped-BE.png","contentUrl":"https:\/\/bahiaeconomica.com.br\/wp\/wp-content\/uploads\/2020\/12\/cropped-BE.png","width":512,"height":512,"caption":"Bahia Econ\u00f4mica"},"image":{"@id":"https:\/\/bahiaeconomica.com.br\/wp\/#\/schema\/logo\/image\/"},"sameAs":["https:\/\/www.facebook.com\/bahiaeconomica"]},{"@type":"Person","@id":"https:\/\/bahiaeconomica.com.br\/wp\/#\/schema\/person\/cb1ab5ba96ad3d9390805381c76284ec","name":"admin","url":"https:\/\/bahiaeconomica.com.br\/wp\/author\/admin\/"}]}},"views":3,"_links":{"self":[{"href":"https:\/\/bahiaeconomica.com.br\/wp\/wp-json\/wp\/v2\/posts\/675953"}],"collection":[{"href":"https:\/\/bahiaeconomica.com.br\/wp\/wp-json\/wp\/v2\/posts"}],"about":[{"href":"https:\/\/bahiaeconomica.com.br\/wp\/wp-json\/wp\/v2\/types\/post"}],"author":[{"embeddable":true,"href":"https:\/\/bahiaeconomica.com.br\/wp\/wp-json\/wp\/v2\/users\/1"}],"replies":[{"embeddable":true,"href":"https:\/\/bahiaeconomica.com.br\/wp\/wp-json\/wp\/v2\/comments?post=675953"}],"version-history":[{"count":1,"href":"https:\/\/bahiaeconomica.com.br\/wp\/wp-json\/wp\/v2\/posts\/675953\/revisions"}],"predecessor-version":[{"id":675955,"href":"https:\/\/bahiaeconomica.com.br\/wp\/wp-json\/wp\/v2\/posts\/675953\/revisions\/675955"}],"wp:featuredmedia":[{"embeddable":true,"href":"https:\/\/bahiaeconomica.com.br\/wp\/wp-json\/wp\/v2\/media\/675954"}],"wp:attachment":[{"href":"https:\/\/bahiaeconomica.com.br\/wp\/wp-json\/wp\/v2\/media?parent=675953"}],"wp:term":[{"taxonomy":"category","embeddable":true,"href":"https:\/\/bahiaeconomica.com.br\/wp\/wp-json\/wp\/v2\/categories?post=675953"},{"taxonomy":"post_tag","embeddable":true,"href":"https:\/\/bahiaeconomica.com.br\/wp\/wp-json\/wp\/v2\/tags?post=675953"}],"curies":[{"name":"wp","href":"https:\/\/api.w.org\/{rel}","templated":true}]}}