{"id":675330,"date":"2023-06-20T00:45:46","date_gmt":"2023-06-20T03:45:46","guid":{"rendered":"https:\/\/bahiaeconomica.com.br\/wp\/beta\/?p=675330"},"modified":"2023-06-20T16:43:11","modified_gmt":"2023-06-20T19:43:11","slug":"dia-de-sao-joao-por-armando-avena","status":"publish","type":"post","link":"https:\/\/bahiaeconomica.com.br\/wp\/2023\/06\/20\/dia-de-sao-joao-por-armando-avena\/","title":{"rendered":"\u00c9 DIA DE S\u00c3O JO\u00c3O &#8211;  POR ARMANDO AVENA"},"content":{"rendered":"<p>\u00c9 vinte e quatro de junho, dia de S\u00e3o Jo\u00e3o. Mas o que pode este cronista dizer sobre uma festa t\u00e3o linda? Dizer que ama o S\u00e3o Jo\u00e3o, que j\u00e1 pulou fogueira, comeu milho assado, soltou bomba, tomou quent\u00e3o e saiu de bra\u00e7o dado com a menina mais linda da cidade dan\u00e7ando quadrilha? Ora, mas quem no S\u00e3o Jo\u00e3o n\u00e3o fez igual? Meu lado intelectual se manifesta e diz que o\u00a0 melhor \u00e9 contar a origem da festa. Assim, \u00a0o leitor pode ficar sabendo que no dia 24 de junho acontece no hemisf\u00e9rio norte o solst\u00edcio de ver\u00e3o, o momento em que o sol sobe mais alto no c\u00e9u, para depois fazer o caminho de volta at\u00e9 atingir em 25 de dezembro, o solst\u00edcio de inverno. E, l\u00e1 no hemisf\u00e9rio norte, a noite do dia 25 de dezembro ser\u00e1 a mais longa do ano e a de 24 de junho ser\u00e1 a mais curta.\u00a0 Nesse dia, para celebrar o evento, \u00a0os povos antigos, adeptos do paganismo, faziam festas e rituais e acendiam fogueiras para espantar os maus esp\u00edritos e chamar a aten\u00e7\u00e3o dos deuses para seus pedidos.\u00a0 Por fim, o leitor vai saber que t\u00e3o forte estava arraigado no povo a tradi\u00e7\u00e3o dessas datas que o cristianismo baixou o v\u00e9u crist\u00e3o sobre elas e ent\u00e3o no solst\u00edcio de inverno passou a ser comemorado o Natal, o nascimento de Cristo, e no solst\u00edcio de ver\u00e3o o nascimento de Jo\u00e3o Batista.<\/p>\n<p>\u201cMas que coisa mais chata essa mania de querer explicar a origem de tudo, coisa de menino amarelo que passa o dia lendo\u201d, diz, irritado, meu lado festivo, \u00a0para ent\u00e3o perguntar: \u00a0\u201c Voc\u00ea acha que o leitor, que deve estar bebendo um licor de jenipapo, comendo canjica e dan\u00e7ando forr\u00f3, vai querer saber dessa chatice?\u201d<\/p>\n<p>Repondo que ele tem raz\u00e3o, que n\u00e3o vou cair nessa velha ladainha de origem do S\u00e3o Jo\u00e3o e que vou \u00e9 falar de Carlos Drummond de Andrade e de como ele p\u00f4s as cidades da Bahia na sua poesia. \u201cMas que diabo tem Drummond a ver com S\u00e3o Jo\u00e3o?\u201d, pergunta ele, mais irritado ainda, e j\u00e1 vestido com camisa listrada e chap\u00e9u de palha desfiado.<\/p>\n<p>Digo a ele que Drummond, fez uma homenagem a beleza e a sonoridade dos nomes das cidades baianas \u2013 \u00a0Boninal, Gentio do Ouro, Palmas do Monte Alto, Quijingue, Xiquexique, Andorinha \u2013 que, ora doces, ora en\u00e9rgicos, ordenavam que ele viesse \u00e0 Bahia. \u00a0\u201c Mas o que \u00e9 que isso tem a ver com o S\u00e3o Jo\u00e3o?\u201d , grita novamente indignado meu lado festeiro, que a essa altura j\u00e1 est\u00e1 soltando fogos e dan\u00e7ando forr\u00f3. Ent\u00e3o meu lado circunspecto responde, j\u00e1 vestido \u00e0 car\u00e1ter:<\/p>\n<p>\u201c\u00c9 que no S\u00e3o Jo\u00e3o, eu me sinto como Drummond, admirando os nomes das cidades da Bahia \u2013\u00a0 Mucuge\u0302, Amargosa, Len\u00e7\u00f3is, Cruz das Almas,\u00a0 Cachoeira, Senhor do Bonfim, Jequi\u00e9, Piritiba \u2013 que ora doces, ora en\u00e9rgicos ordenam que eu v\u00e1 at\u00e9 l\u00e1 dan\u00e7ar o forr\u00f3\u201d.\u00a0 Pois \u00e9 leitor, para g\u00e1udio do meu lado festeiro hoje, 24 de junho, eu estou em Len\u00e7\u00f3is comendo milho verde, bebendo licor e dan\u00e7ando forr\u00f3.<\/p>\n<p>Publicado no jornal A Tarde em 24\/06\/2022<\/p>\n","protected":false},"excerpt":{"rendered":"<p>\u00c9 vinte e quatro de junho, dia de S\u00e3o Jo\u00e3o. Mas o que pode este cronista dizer sobre uma festa t\u00e3o linda? Dizer que ama o S\u00e3o Jo\u00e3o, que j\u00e1 pulou fogueira, comeu milho assado, soltou bomba, tomou quent\u00e3o e saiu de bra\u00e7o dado com a menina mais linda da cidade dan\u00e7ando quadrilha? Ora, mas [&hellip;]<\/p>\n","protected":false},"author":1,"featured_media":467496,"comment_status":"closed","ping_status":"closed","sticky":false,"template":"","format":"standard","meta":[],"categories":[6],"tags":[773,711,1297,1298,210],"acf":[],"yoast_head":"<!-- This site is optimized with the Yoast SEO plugin v20.8 - https:\/\/yoast.com\/wordpress\/plugins\/seo\/ -->\n<title>\u00c9 DIA DE S\u00c3O JO\u00c3O - POR ARMANDO AVENA - Bahia Economica<\/title>\n<meta name=\"description\" content=\"O maior portal de Economia da Bahia ARTIGOS Bahia Economica\" \/>\n<meta name=\"robots\" content=\"index, follow, max-snippet:-1, max-image-preview:large, max-video-preview:-1\" \/>\n<link rel=\"canonical\" href=\"https:\/\/bahiaeconomica.com.br\/wp\/2023\/06\/20\/dia-de-sao-joao-por-armando-avena\/\" \/>\n<meta property=\"og:locale\" content=\"pt_BR\" \/>\n<meta property=\"og:type\" content=\"article\" \/>\n<meta property=\"og:title\" content=\"\u00c9 DIA DE S\u00c3O JO\u00c3O - POR ARMANDO AVENA - Bahia Economica\" \/>\n<meta property=\"og:description\" content=\"O maior portal de Economia da Bahia ARTIGOS Bahia Economica\" \/>\n<meta property=\"og:url\" content=\"https:\/\/bahiaeconomica.com.br\/wp\/2023\/06\/20\/dia-de-sao-joao-por-armando-avena\/\" \/>\n<meta property=\"og:site_name\" content=\"Bahia Economica\" \/>\n<meta property=\"article:publisher\" content=\"https:\/\/www.facebook.com\/bahiaeconomica\" \/>\n<meta property=\"article:published_time\" content=\"2023-06-20T03:45:46+00:00\" \/>\n<meta property=\"article:modified_time\" content=\"2023-06-20T19:43:11+00:00\" \/>\n<meta property=\"og:image\" content=\"https:\/\/bahiaeconomica.com.br\/wp\/wp-content\/uploads\/2020\/06\/csm_Sao_Joao_em_Amargosa_credito_marcos_peixoto_divulgacao__e033c4dc5c770500.jpg\" \/>\n\t<meta property=\"og:image:width\" content=\"500\" \/>\n\t<meta property=\"og:image:height\" content=\"300\" \/>\n\t<meta property=\"og:image:type\" content=\"image\/jpeg\" \/>\n<meta name=\"author\" content=\"admin\" \/>\n<meta name=\"twitter:card\" content=\"summary_large_image\" \/>\n<meta name=\"twitter:label1\" content=\"Escrito por\" \/>\n\t<meta name=\"twitter:data1\" content=\"admin\" \/>\n\t<meta name=\"twitter:label2\" content=\"Est. tempo de leitura\" \/>\n\t<meta name=\"twitter:data2\" content=\"3 minutos\" \/>\n<script type=\"application\/ld+json\" class=\"yoast-schema-graph\">{\"@context\":\"https:\/\/schema.org\",\"@graph\":[{\"@type\":\"Article\",\"@id\":\"https:\/\/bahiaeconomica.com.br\/wp\/2023\/06\/20\/dia-de-sao-joao-por-armando-avena\/#article\",\"isPartOf\":{\"@id\":\"https:\/\/bahiaeconomica.com.br\/wp\/2023\/06\/20\/dia-de-sao-joao-por-armando-avena\/\"},\"author\":{\"name\":\"admin\",\"@id\":\"https:\/\/bahiaeconomica.com.br\/wp\/#\/schema\/person\/cb1ab5ba96ad3d9390805381c76284ec\"},\"headline\":\"\u00c9 DIA DE S\u00c3O JO\u00c3O &#8211; POR ARMANDO AVENA\",\"datePublished\":\"2023-06-20T03:45:46+00:00\",\"dateModified\":\"2023-06-20T19:43:11+00:00\",\"mainEntityOfPage\":{\"@id\":\"https:\/\/bahiaeconomica.com.br\/wp\/2023\/06\/20\/dia-de-sao-joao-por-armando-avena\/\"},\"wordCount\":560,\"publisher\":{\"@id\":\"https:\/\/bahiaeconomica.com.br\/wp\/#organization\"},\"keywords\":[\"A TARDE\",\"Armando Avena\",\"artigo\",\"jornal\",\"S\u00e3o Jo\u00e3o\"],\"articleSection\":[\"ARTIGOS\"],\"inLanguage\":\"pt-BR\"},{\"@type\":\"WebPage\",\"@id\":\"https:\/\/bahiaeconomica.com.br\/wp\/2023\/06\/20\/dia-de-sao-joao-por-armando-avena\/\",\"url\":\"https:\/\/bahiaeconomica.com.br\/wp\/2023\/06\/20\/dia-de-sao-joao-por-armando-avena\/\",\"name\":\"\u00c9 DIA DE S\u00c3O JO\u00c3O - POR ARMANDO AVENA - Bahia Economica\",\"isPartOf\":{\"@id\":\"https:\/\/bahiaeconomica.com.br\/wp\/#website\"},\"datePublished\":\"2023-06-20T03:45:46+00:00\",\"dateModified\":\"2023-06-20T19:43:11+00:00\",\"description\":\"O maior portal de Economia da Bahia ARTIGOS Bahia Economica\",\"breadcrumb\":{\"@id\":\"https:\/\/bahiaeconomica.com.br\/wp\/2023\/06\/20\/dia-de-sao-joao-por-armando-avena\/#breadcrumb\"},\"inLanguage\":\"pt-BR\",\"potentialAction\":[{\"@type\":\"ReadAction\",\"target\":[\"https:\/\/bahiaeconomica.com.br\/wp\/2023\/06\/20\/dia-de-sao-joao-por-armando-avena\/\"]}]},{\"@type\":\"BreadcrumbList\",\"@id\":\"https:\/\/bahiaeconomica.com.br\/wp\/2023\/06\/20\/dia-de-sao-joao-por-armando-avena\/#breadcrumb\",\"itemListElement\":[{\"@type\":\"ListItem\",\"position\":1,\"name\":\"In\u00edcio\",\"item\":\"https:\/\/bahiaeconomica.com.br\/wp\/\"},{\"@type\":\"ListItem\",\"position\":2,\"name\":\"\u00c9 DIA DE S\u00c3O JO\u00c3O &#8211; POR ARMANDO AVENA\"}]},{\"@type\":\"WebSite\",\"@id\":\"https:\/\/bahiaeconomica.com.br\/wp\/#website\",\"url\":\"https:\/\/bahiaeconomica.com.br\/wp\/\",\"name\":\"Bahia Economica\",\"description\":\"O maior portal de Economia da Bahia\",\"publisher\":{\"@id\":\"https:\/\/bahiaeconomica.com.br\/wp\/#organization\"},\"potentialAction\":[{\"@type\":\"SearchAction\",\"target\":{\"@type\":\"EntryPoint\",\"urlTemplate\":\"https:\/\/bahiaeconomica.com.br\/wp\/?s={search_term_string}\"},\"query-input\":\"required name=search_term_string\"}],\"inLanguage\":\"pt-BR\"},{\"@type\":\"Organization\",\"@id\":\"https:\/\/bahiaeconomica.com.br\/wp\/#organization\",\"name\":\"Bahia Econ\u00f4mica\",\"url\":\"https:\/\/bahiaeconomica.com.br\/wp\/\",\"logo\":{\"@type\":\"ImageObject\",\"inLanguage\":\"pt-BR\",\"@id\":\"https:\/\/bahiaeconomica.com.br\/wp\/#\/schema\/logo\/image\/\",\"url\":\"https:\/\/bahiaeconomica.com.br\/wp\/wp-content\/uploads\/2020\/12\/cropped-BE.png\",\"contentUrl\":\"https:\/\/bahiaeconomica.com.br\/wp\/wp-content\/uploads\/2020\/12\/cropped-BE.png\",\"width\":512,\"height\":512,\"caption\":\"Bahia Econ\u00f4mica\"},\"image\":{\"@id\":\"https:\/\/bahiaeconomica.com.br\/wp\/#\/schema\/logo\/image\/\"},\"sameAs\":[\"https:\/\/www.facebook.com\/bahiaeconomica\"]},{\"@type\":\"Person\",\"@id\":\"https:\/\/bahiaeconomica.com.br\/wp\/#\/schema\/person\/cb1ab5ba96ad3d9390805381c76284ec\",\"name\":\"admin\",\"url\":\"https:\/\/bahiaeconomica.com.br\/wp\/author\/admin\/\"}]}<\/script>\n<!-- \/ Yoast SEO plugin. -->","yoast_head_json":{"title":"\u00c9 DIA DE S\u00c3O JO\u00c3O - POR ARMANDO AVENA - Bahia Economica","description":"O maior portal de Economia da Bahia ARTIGOS Bahia Economica","robots":{"index":"index","follow":"follow","max-snippet":"max-snippet:-1","max-image-preview":"max-image-preview:large","max-video-preview":"max-video-preview:-1"},"canonical":"https:\/\/bahiaeconomica.com.br\/wp\/2023\/06\/20\/dia-de-sao-joao-por-armando-avena\/","og_locale":"pt_BR","og_type":"article","og_title":"\u00c9 DIA DE S\u00c3O JO\u00c3O - POR ARMANDO AVENA - Bahia Economica","og_description":"O maior portal de Economia da Bahia ARTIGOS Bahia Economica","og_url":"https:\/\/bahiaeconomica.com.br\/wp\/2023\/06\/20\/dia-de-sao-joao-por-armando-avena\/","og_site_name":"Bahia Economica","article_publisher":"https:\/\/www.facebook.com\/bahiaeconomica","article_published_time":"2023-06-20T03:45:46+00:00","article_modified_time":"2023-06-20T19:43:11+00:00","og_image":[{"width":500,"height":300,"url":"https:\/\/bahiaeconomica.com.br\/wp\/wp-content\/uploads\/2020\/06\/csm_Sao_Joao_em_Amargosa_credito_marcos_peixoto_divulgacao__e033c4dc5c770500.jpg","type":"image\/jpeg"}],"author":"admin","twitter_card":"summary_large_image","twitter_misc":{"Escrito por":"admin","Est. tempo de leitura":"3 minutos"},"schema":{"@context":"https:\/\/schema.org","@graph":[{"@type":"Article","@id":"https:\/\/bahiaeconomica.com.br\/wp\/2023\/06\/20\/dia-de-sao-joao-por-armando-avena\/#article","isPartOf":{"@id":"https:\/\/bahiaeconomica.com.br\/wp\/2023\/06\/20\/dia-de-sao-joao-por-armando-avena\/"},"author":{"name":"admin","@id":"https:\/\/bahiaeconomica.com.br\/wp\/#\/schema\/person\/cb1ab5ba96ad3d9390805381c76284ec"},"headline":"\u00c9 DIA DE S\u00c3O JO\u00c3O &#8211; POR ARMANDO AVENA","datePublished":"2023-06-20T03:45:46+00:00","dateModified":"2023-06-20T19:43:11+00:00","mainEntityOfPage":{"@id":"https:\/\/bahiaeconomica.com.br\/wp\/2023\/06\/20\/dia-de-sao-joao-por-armando-avena\/"},"wordCount":560,"publisher":{"@id":"https:\/\/bahiaeconomica.com.br\/wp\/#organization"},"keywords":["A TARDE","Armando Avena","artigo","jornal","S\u00e3o Jo\u00e3o"],"articleSection":["ARTIGOS"],"inLanguage":"pt-BR"},{"@type":"WebPage","@id":"https:\/\/bahiaeconomica.com.br\/wp\/2023\/06\/20\/dia-de-sao-joao-por-armando-avena\/","url":"https:\/\/bahiaeconomica.com.br\/wp\/2023\/06\/20\/dia-de-sao-joao-por-armando-avena\/","name":"\u00c9 DIA DE S\u00c3O JO\u00c3O - POR ARMANDO AVENA - Bahia Economica","isPartOf":{"@id":"https:\/\/bahiaeconomica.com.br\/wp\/#website"},"datePublished":"2023-06-20T03:45:46+00:00","dateModified":"2023-06-20T19:43:11+00:00","description":"O maior portal de Economia da Bahia ARTIGOS Bahia Economica","breadcrumb":{"@id":"https:\/\/bahiaeconomica.com.br\/wp\/2023\/06\/20\/dia-de-sao-joao-por-armando-avena\/#breadcrumb"},"inLanguage":"pt-BR","potentialAction":[{"@type":"ReadAction","target":["https:\/\/bahiaeconomica.com.br\/wp\/2023\/06\/20\/dia-de-sao-joao-por-armando-avena\/"]}]},{"@type":"BreadcrumbList","@id":"https:\/\/bahiaeconomica.com.br\/wp\/2023\/06\/20\/dia-de-sao-joao-por-armando-avena\/#breadcrumb","itemListElement":[{"@type":"ListItem","position":1,"name":"In\u00edcio","item":"https:\/\/bahiaeconomica.com.br\/wp\/"},{"@type":"ListItem","position":2,"name":"\u00c9 DIA DE S\u00c3O JO\u00c3O &#8211; POR ARMANDO AVENA"}]},{"@type":"WebSite","@id":"https:\/\/bahiaeconomica.com.br\/wp\/#website","url":"https:\/\/bahiaeconomica.com.br\/wp\/","name":"Bahia Economica","description":"O maior portal de Economia da Bahia","publisher":{"@id":"https:\/\/bahiaeconomica.com.br\/wp\/#organization"},"potentialAction":[{"@type":"SearchAction","target":{"@type":"EntryPoint","urlTemplate":"https:\/\/bahiaeconomica.com.br\/wp\/?s={search_term_string}"},"query-input":"required name=search_term_string"}],"inLanguage":"pt-BR"},{"@type":"Organization","@id":"https:\/\/bahiaeconomica.com.br\/wp\/#organization","name":"Bahia Econ\u00f4mica","url":"https:\/\/bahiaeconomica.com.br\/wp\/","logo":{"@type":"ImageObject","inLanguage":"pt-BR","@id":"https:\/\/bahiaeconomica.com.br\/wp\/#\/schema\/logo\/image\/","url":"https:\/\/bahiaeconomica.com.br\/wp\/wp-content\/uploads\/2020\/12\/cropped-BE.png","contentUrl":"https:\/\/bahiaeconomica.com.br\/wp\/wp-content\/uploads\/2020\/12\/cropped-BE.png","width":512,"height":512,"caption":"Bahia Econ\u00f4mica"},"image":{"@id":"https:\/\/bahiaeconomica.com.br\/wp\/#\/schema\/logo\/image\/"},"sameAs":["https:\/\/www.facebook.com\/bahiaeconomica"]},{"@type":"Person","@id":"https:\/\/bahiaeconomica.com.br\/wp\/#\/schema\/person\/cb1ab5ba96ad3d9390805381c76284ec","name":"admin","url":"https:\/\/bahiaeconomica.com.br\/wp\/author\/admin\/"}]}},"views":15,"_links":{"self":[{"href":"https:\/\/bahiaeconomica.com.br\/wp\/wp-json\/wp\/v2\/posts\/675330"}],"collection":[{"href":"https:\/\/bahiaeconomica.com.br\/wp\/wp-json\/wp\/v2\/posts"}],"about":[{"href":"https:\/\/bahiaeconomica.com.br\/wp\/wp-json\/wp\/v2\/types\/post"}],"author":[{"embeddable":true,"href":"https:\/\/bahiaeconomica.com.br\/wp\/wp-json\/wp\/v2\/users\/1"}],"replies":[{"embeddable":true,"href":"https:\/\/bahiaeconomica.com.br\/wp\/wp-json\/wp\/v2\/comments?post=675330"}],"version-history":[{"count":2,"href":"https:\/\/bahiaeconomica.com.br\/wp\/wp-json\/wp\/v2\/posts\/675330\/revisions"}],"predecessor-version":[{"id":675334,"href":"https:\/\/bahiaeconomica.com.br\/wp\/wp-json\/wp\/v2\/posts\/675330\/revisions\/675334"}],"wp:featuredmedia":[{"embeddable":true,"href":"https:\/\/bahiaeconomica.com.br\/wp\/wp-json\/wp\/v2\/media\/467496"}],"wp:attachment":[{"href":"https:\/\/bahiaeconomica.com.br\/wp\/wp-json\/wp\/v2\/media?parent=675330"}],"wp:term":[{"taxonomy":"category","embeddable":true,"href":"https:\/\/bahiaeconomica.com.br\/wp\/wp-json\/wp\/v2\/categories?post=675330"},{"taxonomy":"post_tag","embeddable":true,"href":"https:\/\/bahiaeconomica.com.br\/wp\/wp-json\/wp\/v2\/tags?post=675330"}],"curies":[{"name":"wp","href":"https:\/\/api.w.org\/{rel}","templated":true}]}}