{"id":675143,"date":"2022-06-27T11:20:25","date_gmt":"2022-06-27T14:20:25","guid":{"rendered":"https:\/\/bahiaeconomica.com.br\/wp\/beta\/?p=675143"},"modified":"2022-06-27T11:20:25","modified_gmt":"2022-06-27T14:20:25","slug":"primeira-edicao-da-fan-fest-valorant-champions-tour-sera-na-arena-fonte-nova","status":"publish","type":"post","link":"https:\/\/bahiaeconomica.com.br\/wp\/2022\/06\/27\/primeira-edicao-da-fan-fest-valorant-champions-tour-sera-na-arena-fonte-nova\/","title":{"rendered":"PRIMEIRA EDI\u00c7\u00c3O DA FAN FEST VALORANT CHAMPIONS TOUR SER\u00c1 NA ARENA FONTE NOVA"},"content":{"rendered":"<p>O p\u00fablico gamer de Salvador j\u00e1 tem data marcada para assistir um dos eventos mais importantes do ano: A final Valorant Champions Tour (VCT), que acontecer\u00e1 no pr\u00f3ximo <!--more-->domingo (26), durante uma FanFest que acontecer\u00e1 na Arena Gamer, dentro da Arena Fonte Nova. O hor\u00e1rio de abertura do evento ser\u00e1 \u00e0s 12h, e a transmiss\u00e3o Oficial dos jogos est\u00e1 marcada para \u00e0s 13h.<\/p>\n<p>Durante o evento, toda a emo\u00e7\u00e3o das batalhas VCT ser\u00e1 acompanhada de perto pelos principais influenciadores do cen\u00e1rio de eSports nacional e convidados. A FanFest contar\u00e1 com uma programa\u00e7\u00e3o especial que inclui transmiss\u00e3o exclusiva da Final, \u00e1rea Free to Play e \u00e1rea de Stream com equipamentos profissionais, al\u00e9m de sorteio de brindes e outras atividades voltadas para o mundo dos jogos online.<\/p>\n<p>Considerado o maior torneio da modalidade, o Valorant Champions Tour \u00e9 organizado pela\u00a0 Riot Games. O evento \u00e9 gratuito e o primeiro lote de ingressos esgotou poucas horas ap\u00f3s a abertura. O segundo lote de ingressos est\u00e1 dispon\u00edvel pelo Sympla. Conforme as leis sanit\u00e1rias vigentes, \u00e9 obrigat\u00f3rio a apresenta\u00e7\u00e3o do documento com foto \/ comprovante de vacina\u00e7\u00e3o contendo 3 doses referente as vacinas de combate ao v\u00edrus COVID-19 para participar do evento.<\/p>\n<p>Lounge Gamer Arena Fonte Nova<\/p>\n<p>O Lounge Gamer \u00e9 uma \u00e1rea moderna e diferenciada, que re\u00fane o p\u00fablico dos esportes online dentro da Arena Fonte Nova. Equipado com esta\u00e7\u00f5es gamer profissionais, ambienta\u00e7\u00e3o e hamburgueria, o espa\u00e7o oferece a experi\u00eancia \u00fanica de curtir o mundo virtual sem tirar os olhos da bola rolando no campo em um espa\u00e7o de 1200 m\u00b2 com ambientes de Freeplay, ar condicionado, cadeiras gamer e a\u00e7\u00f5es como minicampeonatos virtuais. Localizado no Setor Norte, com vista privilegiada para o gramado, o espa\u00e7o funciona em dias de jogos, al\u00e9m das datas de eventos especiais e campeonatos.<\/p>\n","protected":false},"excerpt":{"rendered":"<p>O p\u00fablico gamer de Salvador j\u00e1 tem data marcada para assistir um dos eventos mais importantes do ano: A final Valorant Champions Tour (VCT), que acontecer\u00e1 no pr\u00f3ximo<\/p>\n","protected":false},"author":1,"featured_media":675146,"comment_status":"closed","ping_status":"closed","sticky":false,"template":"","format":"standard","meta":[],"categories":[3],"tags":[],"acf":[],"yoast_head":"<!-- This site is optimized with the Yoast SEO plugin v20.8 - https:\/\/yoast.com\/wordpress\/plugins\/seo\/ -->\n<title>PRIMEIRA EDI\u00c7\u00c3O DA FAN FEST VALORANT CHAMPIONS TOUR SER\u00c1 NA ARENA FONTE NOVA - Bahia Economica<\/title>\n<meta name=\"description\" content=\"O maior portal de Economia da Bahia ECONOMIA \/ POL\u00cdTICA Bahia Economica\" \/>\n<meta name=\"robots\" content=\"index, follow, max-snippet:-1, max-image-preview:large, max-video-preview:-1\" \/>\n<link rel=\"canonical\" href=\"https:\/\/bahiaeconomica.com.br\/wp\/2022\/06\/27\/primeira-edicao-da-fan-fest-valorant-champions-tour-sera-na-arena-fonte-nova\/\" \/>\n<meta property=\"og:locale\" content=\"pt_BR\" \/>\n<meta property=\"og:type\" content=\"article\" \/>\n<meta property=\"og:title\" content=\"PRIMEIRA EDI\u00c7\u00c3O DA FAN FEST VALORANT CHAMPIONS TOUR SER\u00c1 NA ARENA FONTE NOVA - Bahia Economica\" \/>\n<meta property=\"og:description\" content=\"O maior portal de Economia da Bahia ECONOMIA \/ POL\u00cdTICA Bahia Economica\" \/>\n<meta property=\"og:url\" content=\"https:\/\/bahiaeconomica.com.br\/wp\/2022\/06\/27\/primeira-edicao-da-fan-fest-valorant-champions-tour-sera-na-arena-fonte-nova\/\" \/>\n<meta property=\"og:site_name\" content=\"Bahia Economica\" \/>\n<meta property=\"article:publisher\" content=\"https:\/\/www.facebook.com\/bahiaeconomica\" \/>\n<meta property=\"article:published_time\" content=\"2022-06-27T14:20:25+00:00\" \/>\n<meta property=\"og:image\" content=\"https:\/\/bahiaeconomica.com.br\/wp\/wp-content\/uploads\/2022\/06\/WhatsApp-Image-2022-06-24-at-17.47.36-1.jpeg\" \/>\n\t<meta property=\"og:image:width\" content=\"1077\" \/>\n\t<meta property=\"og:image:height\" content=\"534\" \/>\n\t<meta property=\"og:image:type\" content=\"image\/jpeg\" \/>\n<meta name=\"author\" content=\"admin\" \/>\n<meta name=\"twitter:card\" content=\"summary_large_image\" \/>\n<meta name=\"twitter:label1\" content=\"Escrito por\" \/>\n\t<meta name=\"twitter:data1\" content=\"admin\" \/>\n\t<meta name=\"twitter:label2\" content=\"Est. tempo de leitura\" \/>\n\t<meta name=\"twitter:data2\" content=\"2 minutos\" \/>\n<script type=\"application\/ld+json\" class=\"yoast-schema-graph\">{\"@context\":\"https:\/\/schema.org\",\"@graph\":[{\"@type\":\"Article\",\"@id\":\"https:\/\/bahiaeconomica.com.br\/wp\/2022\/06\/27\/primeira-edicao-da-fan-fest-valorant-champions-tour-sera-na-arena-fonte-nova\/#article\",\"isPartOf\":{\"@id\":\"https:\/\/bahiaeconomica.com.br\/wp\/2022\/06\/27\/primeira-edicao-da-fan-fest-valorant-champions-tour-sera-na-arena-fonte-nova\/\"},\"author\":{\"name\":\"admin\",\"@id\":\"https:\/\/bahiaeconomica.com.br\/wp\/#\/schema\/person\/cb1ab5ba96ad3d9390805381c76284ec\"},\"headline\":\"PRIMEIRA EDI\u00c7\u00c3O DA FAN FEST VALORANT CHAMPIONS TOUR SER\u00c1 NA ARENA FONTE NOVA\",\"datePublished\":\"2022-06-27T14:20:25+00:00\",\"dateModified\":\"2022-06-27T14:20:25+00:00\",\"mainEntityOfPage\":{\"@id\":\"https:\/\/bahiaeconomica.com.br\/wp\/2022\/06\/27\/primeira-edicao-da-fan-fest-valorant-champions-tour-sera-na-arena-fonte-nova\/\"},\"wordCount\":327,\"publisher\":{\"@id\":\"https:\/\/bahiaeconomica.com.br\/wp\/#organization\"},\"articleSection\":[\"ECONOMIA \/ POL\u00cdTICA\"],\"inLanguage\":\"pt-BR\"},{\"@type\":\"WebPage\",\"@id\":\"https:\/\/bahiaeconomica.com.br\/wp\/2022\/06\/27\/primeira-edicao-da-fan-fest-valorant-champions-tour-sera-na-arena-fonte-nova\/\",\"url\":\"https:\/\/bahiaeconomica.com.br\/wp\/2022\/06\/27\/primeira-edicao-da-fan-fest-valorant-champions-tour-sera-na-arena-fonte-nova\/\",\"name\":\"PRIMEIRA EDI\u00c7\u00c3O DA FAN FEST VALORANT CHAMPIONS TOUR SER\u00c1 NA ARENA FONTE NOVA - Bahia Economica\",\"isPartOf\":{\"@id\":\"https:\/\/bahiaeconomica.com.br\/wp\/#website\"},\"datePublished\":\"2022-06-27T14:20:25+00:00\",\"dateModified\":\"2022-06-27T14:20:25+00:00\",\"description\":\"O maior portal de Economia da Bahia ECONOMIA \/ POL\u00cdTICA Bahia Economica\",\"breadcrumb\":{\"@id\":\"https:\/\/bahiaeconomica.com.br\/wp\/2022\/06\/27\/primeira-edicao-da-fan-fest-valorant-champions-tour-sera-na-arena-fonte-nova\/#breadcrumb\"},\"inLanguage\":\"pt-BR\",\"potentialAction\":[{\"@type\":\"ReadAction\",\"target\":[\"https:\/\/bahiaeconomica.com.br\/wp\/2022\/06\/27\/primeira-edicao-da-fan-fest-valorant-champions-tour-sera-na-arena-fonte-nova\/\"]}]},{\"@type\":\"BreadcrumbList\",\"@id\":\"https:\/\/bahiaeconomica.com.br\/wp\/2022\/06\/27\/primeira-edicao-da-fan-fest-valorant-champions-tour-sera-na-arena-fonte-nova\/#breadcrumb\",\"itemListElement\":[{\"@type\":\"ListItem\",\"position\":1,\"name\":\"In\u00edcio\",\"item\":\"https:\/\/bahiaeconomica.com.br\/wp\/\"},{\"@type\":\"ListItem\",\"position\":2,\"name\":\"PRIMEIRA EDI\u00c7\u00c3O DA FAN FEST VALORANT CHAMPIONS TOUR SER\u00c1 NA ARENA FONTE NOVA\"}]},{\"@type\":\"WebSite\",\"@id\":\"https:\/\/bahiaeconomica.com.br\/wp\/#website\",\"url\":\"https:\/\/bahiaeconomica.com.br\/wp\/\",\"name\":\"Bahia Economica\",\"description\":\"O maior portal de Economia da Bahia\",\"publisher\":{\"@id\":\"https:\/\/bahiaeconomica.com.br\/wp\/#organization\"},\"potentialAction\":[{\"@type\":\"SearchAction\",\"target\":{\"@type\":\"EntryPoint\",\"urlTemplate\":\"https:\/\/bahiaeconomica.com.br\/wp\/?s={search_term_string}\"},\"query-input\":\"required name=search_term_string\"}],\"inLanguage\":\"pt-BR\"},{\"@type\":\"Organization\",\"@id\":\"https:\/\/bahiaeconomica.com.br\/wp\/#organization\",\"name\":\"Bahia Econ\u00f4mica\",\"url\":\"https:\/\/bahiaeconomica.com.br\/wp\/\",\"logo\":{\"@type\":\"ImageObject\",\"inLanguage\":\"pt-BR\",\"@id\":\"https:\/\/bahiaeconomica.com.br\/wp\/#\/schema\/logo\/image\/\",\"url\":\"https:\/\/bahiaeconomica.com.br\/wp\/wp-content\/uploads\/2020\/12\/cropped-BE.png\",\"contentUrl\":\"https:\/\/bahiaeconomica.com.br\/wp\/wp-content\/uploads\/2020\/12\/cropped-BE.png\",\"width\":512,\"height\":512,\"caption\":\"Bahia Econ\u00f4mica\"},\"image\":{\"@id\":\"https:\/\/bahiaeconomica.com.br\/wp\/#\/schema\/logo\/image\/\"},\"sameAs\":[\"https:\/\/www.facebook.com\/bahiaeconomica\"]},{\"@type\":\"Person\",\"@id\":\"https:\/\/bahiaeconomica.com.br\/wp\/#\/schema\/person\/cb1ab5ba96ad3d9390805381c76284ec\",\"name\":\"admin\",\"url\":\"https:\/\/bahiaeconomica.com.br\/wp\/author\/admin\/\"}]}<\/script>\n<!-- \/ Yoast SEO plugin. -->","yoast_head_json":{"title":"PRIMEIRA EDI\u00c7\u00c3O DA FAN FEST VALORANT CHAMPIONS TOUR SER\u00c1 NA ARENA FONTE NOVA - Bahia Economica","description":"O maior portal de Economia da Bahia ECONOMIA \/ POL\u00cdTICA Bahia Economica","robots":{"index":"index","follow":"follow","max-snippet":"max-snippet:-1","max-image-preview":"max-image-preview:large","max-video-preview":"max-video-preview:-1"},"canonical":"https:\/\/bahiaeconomica.com.br\/wp\/2022\/06\/27\/primeira-edicao-da-fan-fest-valorant-champions-tour-sera-na-arena-fonte-nova\/","og_locale":"pt_BR","og_type":"article","og_title":"PRIMEIRA EDI\u00c7\u00c3O DA FAN FEST VALORANT CHAMPIONS TOUR SER\u00c1 NA ARENA FONTE NOVA - Bahia Economica","og_description":"O maior portal de Economia da Bahia ECONOMIA \/ POL\u00cdTICA Bahia Economica","og_url":"https:\/\/bahiaeconomica.com.br\/wp\/2022\/06\/27\/primeira-edicao-da-fan-fest-valorant-champions-tour-sera-na-arena-fonte-nova\/","og_site_name":"Bahia Economica","article_publisher":"https:\/\/www.facebook.com\/bahiaeconomica","article_published_time":"2022-06-27T14:20:25+00:00","og_image":[{"width":1077,"height":534,"url":"https:\/\/bahiaeconomica.com.br\/wp\/wp-content\/uploads\/2022\/06\/WhatsApp-Image-2022-06-24-at-17.47.36-1.jpeg","type":"image\/jpeg"}],"author":"admin","twitter_card":"summary_large_image","twitter_misc":{"Escrito por":"admin","Est. tempo de leitura":"2 minutos"},"schema":{"@context":"https:\/\/schema.org","@graph":[{"@type":"Article","@id":"https:\/\/bahiaeconomica.com.br\/wp\/2022\/06\/27\/primeira-edicao-da-fan-fest-valorant-champions-tour-sera-na-arena-fonte-nova\/#article","isPartOf":{"@id":"https:\/\/bahiaeconomica.com.br\/wp\/2022\/06\/27\/primeira-edicao-da-fan-fest-valorant-champions-tour-sera-na-arena-fonte-nova\/"},"author":{"name":"admin","@id":"https:\/\/bahiaeconomica.com.br\/wp\/#\/schema\/person\/cb1ab5ba96ad3d9390805381c76284ec"},"headline":"PRIMEIRA EDI\u00c7\u00c3O DA FAN FEST VALORANT CHAMPIONS TOUR SER\u00c1 NA ARENA FONTE NOVA","datePublished":"2022-06-27T14:20:25+00:00","dateModified":"2022-06-27T14:20:25+00:00","mainEntityOfPage":{"@id":"https:\/\/bahiaeconomica.com.br\/wp\/2022\/06\/27\/primeira-edicao-da-fan-fest-valorant-champions-tour-sera-na-arena-fonte-nova\/"},"wordCount":327,"publisher":{"@id":"https:\/\/bahiaeconomica.com.br\/wp\/#organization"},"articleSection":["ECONOMIA \/ POL\u00cdTICA"],"inLanguage":"pt-BR"},{"@type":"WebPage","@id":"https:\/\/bahiaeconomica.com.br\/wp\/2022\/06\/27\/primeira-edicao-da-fan-fest-valorant-champions-tour-sera-na-arena-fonte-nova\/","url":"https:\/\/bahiaeconomica.com.br\/wp\/2022\/06\/27\/primeira-edicao-da-fan-fest-valorant-champions-tour-sera-na-arena-fonte-nova\/","name":"PRIMEIRA EDI\u00c7\u00c3O DA FAN FEST VALORANT CHAMPIONS TOUR SER\u00c1 NA ARENA FONTE NOVA - Bahia Economica","isPartOf":{"@id":"https:\/\/bahiaeconomica.com.br\/wp\/#website"},"datePublished":"2022-06-27T14:20:25+00:00","dateModified":"2022-06-27T14:20:25+00:00","description":"O maior portal de Economia da Bahia ECONOMIA \/ POL\u00cdTICA Bahia Economica","breadcrumb":{"@id":"https:\/\/bahiaeconomica.com.br\/wp\/2022\/06\/27\/primeira-edicao-da-fan-fest-valorant-champions-tour-sera-na-arena-fonte-nova\/#breadcrumb"},"inLanguage":"pt-BR","potentialAction":[{"@type":"ReadAction","target":["https:\/\/bahiaeconomica.com.br\/wp\/2022\/06\/27\/primeira-edicao-da-fan-fest-valorant-champions-tour-sera-na-arena-fonte-nova\/"]}]},{"@type":"BreadcrumbList","@id":"https:\/\/bahiaeconomica.com.br\/wp\/2022\/06\/27\/primeira-edicao-da-fan-fest-valorant-champions-tour-sera-na-arena-fonte-nova\/#breadcrumb","itemListElement":[{"@type":"ListItem","position":1,"name":"In\u00edcio","item":"https:\/\/bahiaeconomica.com.br\/wp\/"},{"@type":"ListItem","position":2,"name":"PRIMEIRA EDI\u00c7\u00c3O DA FAN FEST VALORANT CHAMPIONS TOUR SER\u00c1 NA ARENA FONTE NOVA"}]},{"@type":"WebSite","@id":"https:\/\/bahiaeconomica.com.br\/wp\/#website","url":"https:\/\/bahiaeconomica.com.br\/wp\/","name":"Bahia Economica","description":"O maior portal de Economia da Bahia","publisher":{"@id":"https:\/\/bahiaeconomica.com.br\/wp\/#organization"},"potentialAction":[{"@type":"SearchAction","target":{"@type":"EntryPoint","urlTemplate":"https:\/\/bahiaeconomica.com.br\/wp\/?s={search_term_string}"},"query-input":"required name=search_term_string"}],"inLanguage":"pt-BR"},{"@type":"Organization","@id":"https:\/\/bahiaeconomica.com.br\/wp\/#organization","name":"Bahia Econ\u00f4mica","url":"https:\/\/bahiaeconomica.com.br\/wp\/","logo":{"@type":"ImageObject","inLanguage":"pt-BR","@id":"https:\/\/bahiaeconomica.com.br\/wp\/#\/schema\/logo\/image\/","url":"https:\/\/bahiaeconomica.com.br\/wp\/wp-content\/uploads\/2020\/12\/cropped-BE.png","contentUrl":"https:\/\/bahiaeconomica.com.br\/wp\/wp-content\/uploads\/2020\/12\/cropped-BE.png","width":512,"height":512,"caption":"Bahia Econ\u00f4mica"},"image":{"@id":"https:\/\/bahiaeconomica.com.br\/wp\/#\/schema\/logo\/image\/"},"sameAs":["https:\/\/www.facebook.com\/bahiaeconomica"]},{"@type":"Person","@id":"https:\/\/bahiaeconomica.com.br\/wp\/#\/schema\/person\/cb1ab5ba96ad3d9390805381c76284ec","name":"admin","url":"https:\/\/bahiaeconomica.com.br\/wp\/author\/admin\/"}]}},"views":7,"_links":{"self":[{"href":"https:\/\/bahiaeconomica.com.br\/wp\/wp-json\/wp\/v2\/posts\/675143"}],"collection":[{"href":"https:\/\/bahiaeconomica.com.br\/wp\/wp-json\/wp\/v2\/posts"}],"about":[{"href":"https:\/\/bahiaeconomica.com.br\/wp\/wp-json\/wp\/v2\/types\/post"}],"author":[{"embeddable":true,"href":"https:\/\/bahiaeconomica.com.br\/wp\/wp-json\/wp\/v2\/users\/1"}],"replies":[{"embeddable":true,"href":"https:\/\/bahiaeconomica.com.br\/wp\/wp-json\/wp\/v2\/comments?post=675143"}],"version-history":[{"count":1,"href":"https:\/\/bahiaeconomica.com.br\/wp\/wp-json\/wp\/v2\/posts\/675143\/revisions"}],"predecessor-version":[{"id":675147,"href":"https:\/\/bahiaeconomica.com.br\/wp\/wp-json\/wp\/v2\/posts\/675143\/revisions\/675147"}],"wp:featuredmedia":[{"embeddable":true,"href":"https:\/\/bahiaeconomica.com.br\/wp\/wp-json\/wp\/v2\/media\/675146"}],"wp:attachment":[{"href":"https:\/\/bahiaeconomica.com.br\/wp\/wp-json\/wp\/v2\/media?parent=675143"}],"wp:term":[{"taxonomy":"category","embeddable":true,"href":"https:\/\/bahiaeconomica.com.br\/wp\/wp-json\/wp\/v2\/categories?post=675143"},{"taxonomy":"post_tag","embeddable":true,"href":"https:\/\/bahiaeconomica.com.br\/wp\/wp-json\/wp\/v2\/tags?post=675143"}],"curies":[{"name":"wp","href":"https:\/\/api.w.org\/{rel}","templated":true}]}}