{"id":674091,"date":"2022-06-20T08:53:38","date_gmt":"2022-06-20T11:53:38","guid":{"rendered":"https:\/\/bahiaeconomica.com.br\/wp\/beta\/?p=674091"},"modified":"2022-06-20T08:53:38","modified_gmt":"2022-06-20T11:53:38","slug":"ministerio-da-saude-confirma-8o-caso-de-variola-dos-macacos-no-pais","status":"publish","type":"post","link":"https:\/\/bahiaeconomica.com.br\/wp\/2022\/06\/20\/ministerio-da-saude-confirma-8o-caso-de-variola-dos-macacos-no-pais\/","title":{"rendered":"MINIST\u00c9RIO DA SA\u00daDE CONFIRMA 8\u00ba CASO DE VAR\u00cdOLA DOS MACACOS NO PA\u00cdS"},"content":{"rendered":"<p>O Minist\u00e9rio da Sa\u00fade foi notificado sobre o oitavo caso registrado no Brasil do v\u00edrus monkeypox, conhecido como var\u00edola dos macacos.<!--more--> O paciente \u00e9 um homem de 25 anos, morador de Maric\u00e1, na regi\u00e3o metropolitana do Rio de Janeiro. Ele n\u00e3o viajou para o exterior, mas teve contato com estrangeiros.<\/p>\n<p>O caso foi confirmado pelo Laborat\u00f3rio de Enterovirus do Instituto Oswaldo Cruz, no Rio, que utilizou o m\u00e9todo de Isolamento Viral para fazer o diagn\u00f3stico.<\/p>\n<p>De acordo com informa\u00e7\u00f5es do Minist\u00e9rio da Sa\u00fade, o paciente est\u00e1 com quadro cl\u00ednico est\u00e1vel, sem complica\u00e7\u00f5es e \u00e9 monitorado pelo Instituto Nacional de Infectologia e pelas secretarias de Sa\u00fade do estado e do munic\u00edpio.<\/p>\n<p>\u201cTodas as medidas de conten\u00e7\u00e3o e controle foram adotadas imediatamente ap\u00f3s a comunica\u00e7\u00e3o de que se tratava de um caso suspeito de monkeypox, com o isolamento do paciente e rastreamento dos seus contatos\u201d, informou o Minist\u00e9rio da Sa\u00fade, que notificou a Organiza\u00e7\u00e3o Mundial de Sa\u00fade (OMS) sobre o caso.<\/p>\n<p>&nbsp;<\/p>\n<p>Casos investigados<\/p>\n<p>Dois oito casos confirmados no pa\u00eds at\u00e9 o momento, quatro foram em S\u00e3o Paulo, dois no Rio Grande do Sul e dois no Rio de Janeiro. H\u00e1, ainda, seis casos em investiga\u00e7\u00e3o.<\/p>\n<p>O s\u00e9timo caso foi confirmado na sexta-feira (17), no Rio de Grande do Sul. As cinco pessoas que tiveram contato com o homem diagnosticado com var\u00edola dos macacos no Rio de Janeiro n\u00e3o apresentaram sintomas at\u00e9 o s\u00e1bado.<\/p>\n<p>No s\u00e1bado (18), a OMS informou que deixaria de tratar de forma diferenciada os casos em pa\u00edses onde a doen\u00e7a \u00e9 considerada end\u00eamica, ou seja, com circula\u00e7\u00e3o o ano inteiro, e os demais pa\u00edses.<\/p>\n<p>A var\u00edola dos macacos era considerada end\u00eamica em pa\u00edses da \u00c1frica Central e da \u00c1frica Ocidental, mas nos \u00faltimos meses houve relatos da doen\u00e7a em diversos outros pa\u00edses n\u00e3o end\u00eamicos, especialmente na Europa, que j\u00e1 responde por 84% dos casos notificados, segundo a OMS.<\/p>\n<p>Entre os dias 1\u00ba de janeiro e 15 de junho deste ano, a OMS foi notificada sobre 2.103 casos confirmados da var\u00edola do macaco, em 42 pa\u00edses, assim como um caso prov\u00e1vel e uma morte.<\/p>\n<p>&nbsp;<\/p>\n<p>Por Akemi Nitahara \u2013 Rep\u00f3rter da Ag\u00eancia Brasil &#8211; Rio de Janeiro<\/p>\n<p>Foto: Dado Ruvic\/REUTERS<\/p>\n","protected":false},"excerpt":{"rendered":"<p>O Minist\u00e9rio da Sa\u00fade foi notificado sobre o oitavo caso registrado no Brasil do v\u00edrus monkeypox, conhecido como var\u00edola dos macacos.<\/p>\n","protected":false},"author":1,"featured_media":674092,"comment_status":"closed","ping_status":"closed","sticky":false,"template":"","format":"standard","meta":[],"categories":[3],"tags":[59,6197],"acf":[],"yoast_head":"<!-- This site is optimized with the Yoast SEO plugin v20.8 - https:\/\/yoast.com\/wordpress\/plugins\/seo\/ -->\n<title>MINIST\u00c9RIO DA SA\u00daDE CONFIRMA 8\u00ba CASO DE VAR\u00cdOLA DOS MACACOS NO PA\u00cdS - Bahia Economica<\/title>\n<meta name=\"description\" content=\"O maior portal de Economia da Bahia ECONOMIA \/ POL\u00cdTICA Bahia Economica\" \/>\n<meta name=\"robots\" content=\"index, follow, max-snippet:-1, max-image-preview:large, max-video-preview:-1\" \/>\n<link rel=\"canonical\" href=\"https:\/\/bahiaeconomica.com.br\/wp\/2022\/06\/20\/ministerio-da-saude-confirma-8o-caso-de-variola-dos-macacos-no-pais\/\" \/>\n<meta property=\"og:locale\" content=\"pt_BR\" \/>\n<meta property=\"og:type\" content=\"article\" \/>\n<meta property=\"og:title\" content=\"MINIST\u00c9RIO DA SA\u00daDE CONFIRMA 8\u00ba CASO DE VAR\u00cdOLA DOS MACACOS NO PA\u00cdS - Bahia Economica\" \/>\n<meta property=\"og:description\" content=\"O maior portal de Economia da Bahia ECONOMIA \/ POL\u00cdTICA Bahia Economica\" \/>\n<meta property=\"og:url\" content=\"https:\/\/bahiaeconomica.com.br\/wp\/2022\/06\/20\/ministerio-da-saude-confirma-8o-caso-de-variola-dos-macacos-no-pais\/\" \/>\n<meta property=\"og:site_name\" content=\"Bahia Economica\" \/>\n<meta property=\"article:publisher\" content=\"https:\/\/www.facebook.com\/bahiaeconomica\" \/>\n<meta property=\"article:published_time\" content=\"2022-06-20T11:53:38+00:00\" \/>\n<meta property=\"og:image\" content=\"https:\/\/bahiaeconomica.com.br\/wp\/wp-content\/uploads\/2022\/06\/bizate7g7bnuhbxywx3jpcawfi.jpg\" \/>\n\t<meta property=\"og:image:width\" content=\"1170\" \/>\n\t<meta property=\"og:image:height\" content=\"700\" \/>\n\t<meta property=\"og:image:type\" content=\"image\/jpeg\" \/>\n<meta name=\"author\" content=\"admin\" \/>\n<meta name=\"twitter:card\" content=\"summary_large_image\" \/>\n<meta name=\"twitter:label1\" content=\"Escrito por\" \/>\n\t<meta name=\"twitter:data1\" content=\"admin\" \/>\n\t<meta name=\"twitter:label2\" content=\"Est. tempo de leitura\" \/>\n\t<meta name=\"twitter:data2\" content=\"2 minutos\" \/>\n<script type=\"application\/ld+json\" class=\"yoast-schema-graph\">{\"@context\":\"https:\/\/schema.org\",\"@graph\":[{\"@type\":\"Article\",\"@id\":\"https:\/\/bahiaeconomica.com.br\/wp\/2022\/06\/20\/ministerio-da-saude-confirma-8o-caso-de-variola-dos-macacos-no-pais\/#article\",\"isPartOf\":{\"@id\":\"https:\/\/bahiaeconomica.com.br\/wp\/2022\/06\/20\/ministerio-da-saude-confirma-8o-caso-de-variola-dos-macacos-no-pais\/\"},\"author\":{\"name\":\"admin\",\"@id\":\"https:\/\/bahiaeconomica.com.br\/wp\/#\/schema\/person\/cb1ab5ba96ad3d9390805381c76284ec\"},\"headline\":\"MINIST\u00c9RIO DA SA\u00daDE CONFIRMA 8\u00ba CASO DE VAR\u00cdOLA DOS MACACOS NO PA\u00cdS\",\"datePublished\":\"2022-06-20T11:53:38+00:00\",\"dateModified\":\"2022-06-20T11:53:38+00:00\",\"mainEntityOfPage\":{\"@id\":\"https:\/\/bahiaeconomica.com.br\/wp\/2022\/06\/20\/ministerio-da-saude-confirma-8o-caso-de-variola-dos-macacos-no-pais\/\"},\"wordCount\":414,\"publisher\":{\"@id\":\"https:\/\/bahiaeconomica.com.br\/wp\/#organization\"},\"keywords\":[\"Minist\u00e9rio da Sa\u00fade\",\"var\u00edola dos macacos\"],\"articleSection\":[\"ECONOMIA \/ POL\u00cdTICA\"],\"inLanguage\":\"pt-BR\"},{\"@type\":\"WebPage\",\"@id\":\"https:\/\/bahiaeconomica.com.br\/wp\/2022\/06\/20\/ministerio-da-saude-confirma-8o-caso-de-variola-dos-macacos-no-pais\/\",\"url\":\"https:\/\/bahiaeconomica.com.br\/wp\/2022\/06\/20\/ministerio-da-saude-confirma-8o-caso-de-variola-dos-macacos-no-pais\/\",\"name\":\"MINIST\u00c9RIO DA SA\u00daDE CONFIRMA 8\u00ba CASO DE VAR\u00cdOLA DOS MACACOS NO PA\u00cdS - Bahia Economica\",\"isPartOf\":{\"@id\":\"https:\/\/bahiaeconomica.com.br\/wp\/#website\"},\"datePublished\":\"2022-06-20T11:53:38+00:00\",\"dateModified\":\"2022-06-20T11:53:38+00:00\",\"description\":\"O maior portal de Economia da Bahia ECONOMIA \/ POL\u00cdTICA Bahia Economica\",\"breadcrumb\":{\"@id\":\"https:\/\/bahiaeconomica.com.br\/wp\/2022\/06\/20\/ministerio-da-saude-confirma-8o-caso-de-variola-dos-macacos-no-pais\/#breadcrumb\"},\"inLanguage\":\"pt-BR\",\"potentialAction\":[{\"@type\":\"ReadAction\",\"target\":[\"https:\/\/bahiaeconomica.com.br\/wp\/2022\/06\/20\/ministerio-da-saude-confirma-8o-caso-de-variola-dos-macacos-no-pais\/\"]}]},{\"@type\":\"BreadcrumbList\",\"@id\":\"https:\/\/bahiaeconomica.com.br\/wp\/2022\/06\/20\/ministerio-da-saude-confirma-8o-caso-de-variola-dos-macacos-no-pais\/#breadcrumb\",\"itemListElement\":[{\"@type\":\"ListItem\",\"position\":1,\"name\":\"In\u00edcio\",\"item\":\"https:\/\/bahiaeconomica.com.br\/wp\/\"},{\"@type\":\"ListItem\",\"position\":2,\"name\":\"MINIST\u00c9RIO DA SA\u00daDE CONFIRMA 8\u00ba CASO DE VAR\u00cdOLA DOS MACACOS NO PA\u00cdS\"}]},{\"@type\":\"WebSite\",\"@id\":\"https:\/\/bahiaeconomica.com.br\/wp\/#website\",\"url\":\"https:\/\/bahiaeconomica.com.br\/wp\/\",\"name\":\"Bahia Economica\",\"description\":\"O maior portal de Economia da Bahia\",\"publisher\":{\"@id\":\"https:\/\/bahiaeconomica.com.br\/wp\/#organization\"},\"potentialAction\":[{\"@type\":\"SearchAction\",\"target\":{\"@type\":\"EntryPoint\",\"urlTemplate\":\"https:\/\/bahiaeconomica.com.br\/wp\/?s={search_term_string}\"},\"query-input\":\"required name=search_term_string\"}],\"inLanguage\":\"pt-BR\"},{\"@type\":\"Organization\",\"@id\":\"https:\/\/bahiaeconomica.com.br\/wp\/#organization\",\"name\":\"Bahia Econ\u00f4mica\",\"url\":\"https:\/\/bahiaeconomica.com.br\/wp\/\",\"logo\":{\"@type\":\"ImageObject\",\"inLanguage\":\"pt-BR\",\"@id\":\"https:\/\/bahiaeconomica.com.br\/wp\/#\/schema\/logo\/image\/\",\"url\":\"https:\/\/bahiaeconomica.com.br\/wp\/wp-content\/uploads\/2020\/12\/cropped-BE.png\",\"contentUrl\":\"https:\/\/bahiaeconomica.com.br\/wp\/wp-content\/uploads\/2020\/12\/cropped-BE.png\",\"width\":512,\"height\":512,\"caption\":\"Bahia Econ\u00f4mica\"},\"image\":{\"@id\":\"https:\/\/bahiaeconomica.com.br\/wp\/#\/schema\/logo\/image\/\"},\"sameAs\":[\"https:\/\/www.facebook.com\/bahiaeconomica\"]},{\"@type\":\"Person\",\"@id\":\"https:\/\/bahiaeconomica.com.br\/wp\/#\/schema\/person\/cb1ab5ba96ad3d9390805381c76284ec\",\"name\":\"admin\",\"url\":\"https:\/\/bahiaeconomica.com.br\/wp\/author\/admin\/\"}]}<\/script>\n<!-- \/ Yoast SEO plugin. -->","yoast_head_json":{"title":"MINIST\u00c9RIO DA SA\u00daDE CONFIRMA 8\u00ba CASO DE VAR\u00cdOLA DOS MACACOS NO PA\u00cdS - Bahia Economica","description":"O maior portal de Economia da Bahia ECONOMIA \/ POL\u00cdTICA Bahia Economica","robots":{"index":"index","follow":"follow","max-snippet":"max-snippet:-1","max-image-preview":"max-image-preview:large","max-video-preview":"max-video-preview:-1"},"canonical":"https:\/\/bahiaeconomica.com.br\/wp\/2022\/06\/20\/ministerio-da-saude-confirma-8o-caso-de-variola-dos-macacos-no-pais\/","og_locale":"pt_BR","og_type":"article","og_title":"MINIST\u00c9RIO DA SA\u00daDE CONFIRMA 8\u00ba CASO DE VAR\u00cdOLA DOS MACACOS NO PA\u00cdS - Bahia Economica","og_description":"O maior portal de Economia da Bahia ECONOMIA \/ POL\u00cdTICA Bahia Economica","og_url":"https:\/\/bahiaeconomica.com.br\/wp\/2022\/06\/20\/ministerio-da-saude-confirma-8o-caso-de-variola-dos-macacos-no-pais\/","og_site_name":"Bahia Economica","article_publisher":"https:\/\/www.facebook.com\/bahiaeconomica","article_published_time":"2022-06-20T11:53:38+00:00","og_image":[{"width":1170,"height":700,"url":"https:\/\/bahiaeconomica.com.br\/wp\/wp-content\/uploads\/2022\/06\/bizate7g7bnuhbxywx3jpcawfi.jpg","type":"image\/jpeg"}],"author":"admin","twitter_card":"summary_large_image","twitter_misc":{"Escrito por":"admin","Est. tempo de leitura":"2 minutos"},"schema":{"@context":"https:\/\/schema.org","@graph":[{"@type":"Article","@id":"https:\/\/bahiaeconomica.com.br\/wp\/2022\/06\/20\/ministerio-da-saude-confirma-8o-caso-de-variola-dos-macacos-no-pais\/#article","isPartOf":{"@id":"https:\/\/bahiaeconomica.com.br\/wp\/2022\/06\/20\/ministerio-da-saude-confirma-8o-caso-de-variola-dos-macacos-no-pais\/"},"author":{"name":"admin","@id":"https:\/\/bahiaeconomica.com.br\/wp\/#\/schema\/person\/cb1ab5ba96ad3d9390805381c76284ec"},"headline":"MINIST\u00c9RIO DA SA\u00daDE CONFIRMA 8\u00ba CASO DE VAR\u00cdOLA DOS MACACOS NO PA\u00cdS","datePublished":"2022-06-20T11:53:38+00:00","dateModified":"2022-06-20T11:53:38+00:00","mainEntityOfPage":{"@id":"https:\/\/bahiaeconomica.com.br\/wp\/2022\/06\/20\/ministerio-da-saude-confirma-8o-caso-de-variola-dos-macacos-no-pais\/"},"wordCount":414,"publisher":{"@id":"https:\/\/bahiaeconomica.com.br\/wp\/#organization"},"keywords":["Minist\u00e9rio da Sa\u00fade","var\u00edola dos macacos"],"articleSection":["ECONOMIA \/ POL\u00cdTICA"],"inLanguage":"pt-BR"},{"@type":"WebPage","@id":"https:\/\/bahiaeconomica.com.br\/wp\/2022\/06\/20\/ministerio-da-saude-confirma-8o-caso-de-variola-dos-macacos-no-pais\/","url":"https:\/\/bahiaeconomica.com.br\/wp\/2022\/06\/20\/ministerio-da-saude-confirma-8o-caso-de-variola-dos-macacos-no-pais\/","name":"MINIST\u00c9RIO DA SA\u00daDE CONFIRMA 8\u00ba CASO DE VAR\u00cdOLA DOS MACACOS NO PA\u00cdS - Bahia Economica","isPartOf":{"@id":"https:\/\/bahiaeconomica.com.br\/wp\/#website"},"datePublished":"2022-06-20T11:53:38+00:00","dateModified":"2022-06-20T11:53:38+00:00","description":"O maior portal de Economia da Bahia ECONOMIA \/ POL\u00cdTICA Bahia Economica","breadcrumb":{"@id":"https:\/\/bahiaeconomica.com.br\/wp\/2022\/06\/20\/ministerio-da-saude-confirma-8o-caso-de-variola-dos-macacos-no-pais\/#breadcrumb"},"inLanguage":"pt-BR","potentialAction":[{"@type":"ReadAction","target":["https:\/\/bahiaeconomica.com.br\/wp\/2022\/06\/20\/ministerio-da-saude-confirma-8o-caso-de-variola-dos-macacos-no-pais\/"]}]},{"@type":"BreadcrumbList","@id":"https:\/\/bahiaeconomica.com.br\/wp\/2022\/06\/20\/ministerio-da-saude-confirma-8o-caso-de-variola-dos-macacos-no-pais\/#breadcrumb","itemListElement":[{"@type":"ListItem","position":1,"name":"In\u00edcio","item":"https:\/\/bahiaeconomica.com.br\/wp\/"},{"@type":"ListItem","position":2,"name":"MINIST\u00c9RIO DA SA\u00daDE CONFIRMA 8\u00ba CASO DE VAR\u00cdOLA DOS MACACOS NO PA\u00cdS"}]},{"@type":"WebSite","@id":"https:\/\/bahiaeconomica.com.br\/wp\/#website","url":"https:\/\/bahiaeconomica.com.br\/wp\/","name":"Bahia Economica","description":"O maior portal de Economia da Bahia","publisher":{"@id":"https:\/\/bahiaeconomica.com.br\/wp\/#organization"},"potentialAction":[{"@type":"SearchAction","target":{"@type":"EntryPoint","urlTemplate":"https:\/\/bahiaeconomica.com.br\/wp\/?s={search_term_string}"},"query-input":"required name=search_term_string"}],"inLanguage":"pt-BR"},{"@type":"Organization","@id":"https:\/\/bahiaeconomica.com.br\/wp\/#organization","name":"Bahia Econ\u00f4mica","url":"https:\/\/bahiaeconomica.com.br\/wp\/","logo":{"@type":"ImageObject","inLanguage":"pt-BR","@id":"https:\/\/bahiaeconomica.com.br\/wp\/#\/schema\/logo\/image\/","url":"https:\/\/bahiaeconomica.com.br\/wp\/wp-content\/uploads\/2020\/12\/cropped-BE.png","contentUrl":"https:\/\/bahiaeconomica.com.br\/wp\/wp-content\/uploads\/2020\/12\/cropped-BE.png","width":512,"height":512,"caption":"Bahia Econ\u00f4mica"},"image":{"@id":"https:\/\/bahiaeconomica.com.br\/wp\/#\/schema\/logo\/image\/"},"sameAs":["https:\/\/www.facebook.com\/bahiaeconomica"]},{"@type":"Person","@id":"https:\/\/bahiaeconomica.com.br\/wp\/#\/schema\/person\/cb1ab5ba96ad3d9390805381c76284ec","name":"admin","url":"https:\/\/bahiaeconomica.com.br\/wp\/author\/admin\/"}]}},"views":5,"_links":{"self":[{"href":"https:\/\/bahiaeconomica.com.br\/wp\/wp-json\/wp\/v2\/posts\/674091"}],"collection":[{"href":"https:\/\/bahiaeconomica.com.br\/wp\/wp-json\/wp\/v2\/posts"}],"about":[{"href":"https:\/\/bahiaeconomica.com.br\/wp\/wp-json\/wp\/v2\/types\/post"}],"author":[{"embeddable":true,"href":"https:\/\/bahiaeconomica.com.br\/wp\/wp-json\/wp\/v2\/users\/1"}],"replies":[{"embeddable":true,"href":"https:\/\/bahiaeconomica.com.br\/wp\/wp-json\/wp\/v2\/comments?post=674091"}],"version-history":[{"count":1,"href":"https:\/\/bahiaeconomica.com.br\/wp\/wp-json\/wp\/v2\/posts\/674091\/revisions"}],"predecessor-version":[{"id":674093,"href":"https:\/\/bahiaeconomica.com.br\/wp\/wp-json\/wp\/v2\/posts\/674091\/revisions\/674093"}],"wp:featuredmedia":[{"embeddable":true,"href":"https:\/\/bahiaeconomica.com.br\/wp\/wp-json\/wp\/v2\/media\/674092"}],"wp:attachment":[{"href":"https:\/\/bahiaeconomica.com.br\/wp\/wp-json\/wp\/v2\/media?parent=674091"}],"wp:term":[{"taxonomy":"category","embeddable":true,"href":"https:\/\/bahiaeconomica.com.br\/wp\/wp-json\/wp\/v2\/categories?post=674091"},{"taxonomy":"post_tag","embeddable":true,"href":"https:\/\/bahiaeconomica.com.br\/wp\/wp-json\/wp\/v2\/tags?post=674091"}],"curies":[{"name":"wp","href":"https:\/\/api.w.org\/{rel}","templated":true}]}}