{"id":673376,"date":"2022-06-14T16:44:22","date_gmt":"2022-06-14T19:44:22","guid":{"rendered":"https:\/\/bahiaeconomica.com.br\/wp\/beta\/?p=673376"},"modified":"2022-06-14T16:44:22","modified_gmt":"2022-06-14T19:44:22","slug":"mp-pede-cancelamento-do-sao-joao-em-wenceslau-guimaraes","status":"publish","type":"post","link":"https:\/\/bahiaeconomica.com.br\/wp\/2022\/06\/14\/mp-pede-cancelamento-do-sao-joao-em-wenceslau-guimaraes\/","title":{"rendered":"MP PEDE CANCELAMENTO DO S\u00c3O JO\u00c3O\u2019 EM WENCESLAU GUIMAR\u00c3ES"},"content":{"rendered":"<p>O Minist\u00e9rio P\u00fablico estadual ajuizou a\u00e7\u00e3o civil p\u00fablica contra o Munic\u00edpio de Wenceslau Guimar\u00e3es e seis empresas hoje, dia 14, solicitando \u00e0 Justi\u00e7a que determine, imediatamente<!--more-->, o cancelamento do \u2018S\u00e3o Jo\u00e3o do Sessent\u00e3o\u2019. O Munic\u00edpio encontra-se em estado de emerg\u00eancia e tem previs\u00e3o de gastar mais de R$ 1,2 milh\u00e3o com a festa, que est\u00e1 programada para ocorrer a partir da pr\u00f3xima quinta-feira, dia 16, at\u00e9 o domingo, dia 19, na sede; nos dias 23 e 24 de junho, no povoado Coc\u00e3o; e nos dias 1\u00b0 e 2 de julho, no povoado Nova Esperan\u00e7a.<\/p>\n<p>Na a\u00e7\u00e3o, a promotora de Justi\u00e7a Rita de C\u00e1ssia Pires Bezerra Cavalcanti destaca que \u201cn\u00e3o se mostra poss\u00edvel que o mesmo munic\u00edpio que informou necessitar de ajuda e recursos para salvaguardar a sua popula\u00e7\u00e3o de cat\u00e1strofe natural e que vivenciou um estado de calamidade televisionado para o Brasil inteiro anuncie, em poucos meses, a contrata\u00e7\u00e3o de artistas com cach\u00eas que, somados, se apresentam incompat\u00edveis com as dimens\u00f5es, arrecada\u00e7\u00f5es, necessidades de primeira monta e sa\u00fade financeira\u201d. De acordo com Rita Cavalcanti, a quantia prevista para a festa \u00e9 superior ao que o Munic\u00edpio recebeu do Governo Federal para a\u00e7\u00f5es emergenciais. Al\u00e9m disso, em apenas oito dias, Wenceslau Guimar\u00e3es gastaria quantia superior a 32% do que destinou no ano inteiro de 2021 \u00e0 sa\u00fade, resume a promotora de Justi\u00e7a.<\/p>\n<p>Rita Cavalcanti informa ainda que o valor anunciado para a realiza\u00e7\u00e3o da festa supera os gastos em sa\u00fade do primeiro quadrimestre de 2022. Para ela, h\u00e1 uma desproporcionalidade entre as a\u00e7\u00f5es priorit\u00e1rias e o evento festivo, sobretudo em face de estado de emerg\u00eancia, \u201co que pode acarretar risco ao atendimento das necessidades prim\u00e1rias da grande parte da popula\u00e7\u00e3o\u201d. Al\u00e9m disso, apesar de o Munic\u00edpio destinar em Lei Or\u00e7ament\u00e1ria Anual a quantia de R$ 137.364,00 para a cultura, informou ao MP que as verbas para o \u2018S\u00e3o Jo\u00e3o do Sessent\u00e3o\u2019 eram exclusivamente municipais sem informar a fonte de custeio. A situa\u00e7\u00e3o foi abordada pela promotora de Justi\u00e7a em reuni\u00e3o com o Munic\u00edpio e em recomenda\u00e7\u00e3o que orientou o cancelamento do S\u00e3o Jo\u00e3o antes do ajuizamento da a\u00e7\u00e3o, mas, segundo ela, o Munic\u00edpio manifestou o seu desejo de manter a festa programada e a indisposi\u00e7\u00e3o para acordos extrajudiciais.<\/p>\n<p>O MP acionou tamb\u00e9m as empresas Top GC Produ\u00e7\u00f5es Eirelli Ltda, Figueiredo Leite Koco ME, P3 Entretenimento Ltda, V Almeida de Oliveira Goes ME, Washington Alves de Souza ME e Alge Produ\u00e7\u00e3o Musical Ltda. Na a\u00e7\u00e3o, foi solicitado ainda \u00e0 Justi\u00e7a que determine ao Munic\u00edpio que n\u00e3o autorize e nem viabilize a realiza\u00e7\u00e3o de shows art\u00edsticos durante a data reservada para o \u2018S\u00e3o Jo\u00e3o do Sessent\u00e3o\u2019; e que n\u00e3o ultime os contratos em prepara\u00e7\u00e3o, realize quaisquer repasses de valores \u00e0s empresas, suspendendo-se eventuais licita\u00e7\u00f5es inconclusas. Al\u00e9m disso, o Minist\u00e9rio P\u00fablico pediu que a Justi\u00e7a determine a imediata suspens\u00e3o dos demais contratos em prepara\u00e7\u00e3o e licita\u00e7\u00f5es n\u00e3o conclu\u00eddas e cujos extratos de contratos n\u00e3o foram sequer localizados nos Di\u00e1rios do Munic\u00edpio; a busca e apreens\u00e3o dos aparelhos de sonoriza\u00e7\u00e3o; e a suspens\u00e3o do fornecimento de energia el\u00e9trica para todo e qualquer local em que possam ser realizados os shows, expedindo-se ordem \u00e0 Companhia de Eletricidade do Estado da Bahia (Coelba).<\/p>\n","protected":false},"excerpt":{"rendered":"<p>O Minist\u00e9rio P\u00fablico estadual ajuizou a\u00e7\u00e3o civil p\u00fablica contra o Munic\u00edpio de Wenceslau Guimar\u00e3es e seis empresas hoje, dia 14, solicitando \u00e0 Justi\u00e7a que determine, imediatamente<\/p>\n","protected":false},"author":1,"featured_media":673378,"comment_status":"closed","ping_status":"closed","sticky":false,"template":"","format":"standard","meta":[],"categories":[5],"tags":[],"acf":[],"yoast_head":"<!-- This site is optimized with the Yoast SEO plugin v20.8 - https:\/\/yoast.com\/wordpress\/plugins\/seo\/ -->\n<title>MP PEDE CANCELAMENTO DO S\u00c3O JO\u00c3O\u2019 EM WENCESLAU GUIMAR\u00c3ES - Bahia Economica<\/title>\n<meta name=\"description\" content=\"O maior portal de Economia da Bahia MUNIC\u00cdPIOS Bahia Economica\" \/>\n<meta name=\"robots\" content=\"index, follow, max-snippet:-1, max-image-preview:large, max-video-preview:-1\" \/>\n<link rel=\"canonical\" href=\"https:\/\/bahiaeconomica.com.br\/wp\/2022\/06\/14\/mp-pede-cancelamento-do-sao-joao-em-wenceslau-guimaraes\/\" \/>\n<meta property=\"og:locale\" content=\"pt_BR\" \/>\n<meta property=\"og:type\" content=\"article\" \/>\n<meta property=\"og:title\" content=\"MP PEDE CANCELAMENTO DO S\u00c3O JO\u00c3O\u2019 EM WENCESLAU GUIMAR\u00c3ES - Bahia Economica\" \/>\n<meta property=\"og:description\" content=\"O maior portal de Economia da Bahia MUNIC\u00cdPIOS Bahia Economica\" \/>\n<meta property=\"og:url\" content=\"https:\/\/bahiaeconomica.com.br\/wp\/2022\/06\/14\/mp-pede-cancelamento-do-sao-joao-em-wenceslau-guimaraes\/\" \/>\n<meta property=\"og:site_name\" content=\"Bahia Economica\" \/>\n<meta property=\"article:publisher\" content=\"https:\/\/www.facebook.com\/bahiaeconomica\" \/>\n<meta property=\"article:published_time\" content=\"2022-06-14T19:44:22+00:00\" \/>\n<meta property=\"og:image\" content=\"https:\/\/bahiaeconomica.com.br\/wp\/wp-content\/uploads\/2022\/06\/Wenceslau-Guimaraes-Drone.jpg\" \/>\n\t<meta property=\"og:image:width\" content=\"360\" \/>\n\t<meta property=\"og:image:height\" content=\"220\" \/>\n\t<meta property=\"og:image:type\" content=\"image\/jpeg\" \/>\n<meta name=\"author\" content=\"admin\" \/>\n<meta name=\"twitter:card\" content=\"summary_large_image\" \/>\n<meta name=\"twitter:label1\" content=\"Escrito por\" \/>\n\t<meta name=\"twitter:data1\" content=\"admin\" \/>\n\t<meta name=\"twitter:label2\" content=\"Est. tempo de leitura\" \/>\n\t<meta name=\"twitter:data2\" content=\"3 minutos\" \/>\n<script type=\"application\/ld+json\" class=\"yoast-schema-graph\">{\"@context\":\"https:\/\/schema.org\",\"@graph\":[{\"@type\":\"Article\",\"@id\":\"https:\/\/bahiaeconomica.com.br\/wp\/2022\/06\/14\/mp-pede-cancelamento-do-sao-joao-em-wenceslau-guimaraes\/#article\",\"isPartOf\":{\"@id\":\"https:\/\/bahiaeconomica.com.br\/wp\/2022\/06\/14\/mp-pede-cancelamento-do-sao-joao-em-wenceslau-guimaraes\/\"},\"author\":{\"name\":\"admin\",\"@id\":\"https:\/\/bahiaeconomica.com.br\/wp\/#\/schema\/person\/cb1ab5ba96ad3d9390805381c76284ec\"},\"headline\":\"MP PEDE CANCELAMENTO DO S\u00c3O JO\u00c3O\u2019 EM WENCESLAU GUIMAR\u00c3ES\",\"datePublished\":\"2022-06-14T19:44:22+00:00\",\"dateModified\":\"2022-06-14T19:44:22+00:00\",\"mainEntityOfPage\":{\"@id\":\"https:\/\/bahiaeconomica.com.br\/wp\/2022\/06\/14\/mp-pede-cancelamento-do-sao-joao-em-wenceslau-guimaraes\/\"},\"wordCount\":613,\"publisher\":{\"@id\":\"https:\/\/bahiaeconomica.com.br\/wp\/#organization\"},\"articleSection\":[\"MUNIC\u00cdPIOS\"],\"inLanguage\":\"pt-BR\"},{\"@type\":\"WebPage\",\"@id\":\"https:\/\/bahiaeconomica.com.br\/wp\/2022\/06\/14\/mp-pede-cancelamento-do-sao-joao-em-wenceslau-guimaraes\/\",\"url\":\"https:\/\/bahiaeconomica.com.br\/wp\/2022\/06\/14\/mp-pede-cancelamento-do-sao-joao-em-wenceslau-guimaraes\/\",\"name\":\"MP PEDE CANCELAMENTO DO S\u00c3O JO\u00c3O\u2019 EM WENCESLAU GUIMAR\u00c3ES - Bahia Economica\",\"isPartOf\":{\"@id\":\"https:\/\/bahiaeconomica.com.br\/wp\/#website\"},\"datePublished\":\"2022-06-14T19:44:22+00:00\",\"dateModified\":\"2022-06-14T19:44:22+00:00\",\"description\":\"O maior portal de Economia da Bahia MUNIC\u00cdPIOS Bahia Economica\",\"breadcrumb\":{\"@id\":\"https:\/\/bahiaeconomica.com.br\/wp\/2022\/06\/14\/mp-pede-cancelamento-do-sao-joao-em-wenceslau-guimaraes\/#breadcrumb\"},\"inLanguage\":\"pt-BR\",\"potentialAction\":[{\"@type\":\"ReadAction\",\"target\":[\"https:\/\/bahiaeconomica.com.br\/wp\/2022\/06\/14\/mp-pede-cancelamento-do-sao-joao-em-wenceslau-guimaraes\/\"]}]},{\"@type\":\"BreadcrumbList\",\"@id\":\"https:\/\/bahiaeconomica.com.br\/wp\/2022\/06\/14\/mp-pede-cancelamento-do-sao-joao-em-wenceslau-guimaraes\/#breadcrumb\",\"itemListElement\":[{\"@type\":\"ListItem\",\"position\":1,\"name\":\"In\u00edcio\",\"item\":\"https:\/\/bahiaeconomica.com.br\/wp\/\"},{\"@type\":\"ListItem\",\"position\":2,\"name\":\"MP PEDE CANCELAMENTO DO S\u00c3O JO\u00c3O\u2019 EM WENCESLAU GUIMAR\u00c3ES\"}]},{\"@type\":\"WebSite\",\"@id\":\"https:\/\/bahiaeconomica.com.br\/wp\/#website\",\"url\":\"https:\/\/bahiaeconomica.com.br\/wp\/\",\"name\":\"Bahia Economica\",\"description\":\"O maior portal de Economia da Bahia\",\"publisher\":{\"@id\":\"https:\/\/bahiaeconomica.com.br\/wp\/#organization\"},\"potentialAction\":[{\"@type\":\"SearchAction\",\"target\":{\"@type\":\"EntryPoint\",\"urlTemplate\":\"https:\/\/bahiaeconomica.com.br\/wp\/?s={search_term_string}\"},\"query-input\":\"required name=search_term_string\"}],\"inLanguage\":\"pt-BR\"},{\"@type\":\"Organization\",\"@id\":\"https:\/\/bahiaeconomica.com.br\/wp\/#organization\",\"name\":\"Bahia Econ\u00f4mica\",\"url\":\"https:\/\/bahiaeconomica.com.br\/wp\/\",\"logo\":{\"@type\":\"ImageObject\",\"inLanguage\":\"pt-BR\",\"@id\":\"https:\/\/bahiaeconomica.com.br\/wp\/#\/schema\/logo\/image\/\",\"url\":\"https:\/\/bahiaeconomica.com.br\/wp\/wp-content\/uploads\/2020\/12\/cropped-BE.png\",\"contentUrl\":\"https:\/\/bahiaeconomica.com.br\/wp\/wp-content\/uploads\/2020\/12\/cropped-BE.png\",\"width\":512,\"height\":512,\"caption\":\"Bahia Econ\u00f4mica\"},\"image\":{\"@id\":\"https:\/\/bahiaeconomica.com.br\/wp\/#\/schema\/logo\/image\/\"},\"sameAs\":[\"https:\/\/www.facebook.com\/bahiaeconomica\"]},{\"@type\":\"Person\",\"@id\":\"https:\/\/bahiaeconomica.com.br\/wp\/#\/schema\/person\/cb1ab5ba96ad3d9390805381c76284ec\",\"name\":\"admin\",\"url\":\"https:\/\/bahiaeconomica.com.br\/wp\/author\/admin\/\"}]}<\/script>\n<!-- \/ Yoast SEO plugin. -->","yoast_head_json":{"title":"MP PEDE CANCELAMENTO DO S\u00c3O JO\u00c3O\u2019 EM WENCESLAU GUIMAR\u00c3ES - Bahia Economica","description":"O maior portal de Economia da Bahia MUNIC\u00cdPIOS Bahia Economica","robots":{"index":"index","follow":"follow","max-snippet":"max-snippet:-1","max-image-preview":"max-image-preview:large","max-video-preview":"max-video-preview:-1"},"canonical":"https:\/\/bahiaeconomica.com.br\/wp\/2022\/06\/14\/mp-pede-cancelamento-do-sao-joao-em-wenceslau-guimaraes\/","og_locale":"pt_BR","og_type":"article","og_title":"MP PEDE CANCELAMENTO DO S\u00c3O JO\u00c3O\u2019 EM WENCESLAU GUIMAR\u00c3ES - Bahia Economica","og_description":"O maior portal de Economia da Bahia MUNIC\u00cdPIOS Bahia Economica","og_url":"https:\/\/bahiaeconomica.com.br\/wp\/2022\/06\/14\/mp-pede-cancelamento-do-sao-joao-em-wenceslau-guimaraes\/","og_site_name":"Bahia Economica","article_publisher":"https:\/\/www.facebook.com\/bahiaeconomica","article_published_time":"2022-06-14T19:44:22+00:00","og_image":[{"width":360,"height":220,"url":"https:\/\/bahiaeconomica.com.br\/wp\/wp-content\/uploads\/2022\/06\/Wenceslau-Guimaraes-Drone.jpg","type":"image\/jpeg"}],"author":"admin","twitter_card":"summary_large_image","twitter_misc":{"Escrito por":"admin","Est. tempo de leitura":"3 minutos"},"schema":{"@context":"https:\/\/schema.org","@graph":[{"@type":"Article","@id":"https:\/\/bahiaeconomica.com.br\/wp\/2022\/06\/14\/mp-pede-cancelamento-do-sao-joao-em-wenceslau-guimaraes\/#article","isPartOf":{"@id":"https:\/\/bahiaeconomica.com.br\/wp\/2022\/06\/14\/mp-pede-cancelamento-do-sao-joao-em-wenceslau-guimaraes\/"},"author":{"name":"admin","@id":"https:\/\/bahiaeconomica.com.br\/wp\/#\/schema\/person\/cb1ab5ba96ad3d9390805381c76284ec"},"headline":"MP PEDE CANCELAMENTO DO S\u00c3O JO\u00c3O\u2019 EM WENCESLAU GUIMAR\u00c3ES","datePublished":"2022-06-14T19:44:22+00:00","dateModified":"2022-06-14T19:44:22+00:00","mainEntityOfPage":{"@id":"https:\/\/bahiaeconomica.com.br\/wp\/2022\/06\/14\/mp-pede-cancelamento-do-sao-joao-em-wenceslau-guimaraes\/"},"wordCount":613,"publisher":{"@id":"https:\/\/bahiaeconomica.com.br\/wp\/#organization"},"articleSection":["MUNIC\u00cdPIOS"],"inLanguage":"pt-BR"},{"@type":"WebPage","@id":"https:\/\/bahiaeconomica.com.br\/wp\/2022\/06\/14\/mp-pede-cancelamento-do-sao-joao-em-wenceslau-guimaraes\/","url":"https:\/\/bahiaeconomica.com.br\/wp\/2022\/06\/14\/mp-pede-cancelamento-do-sao-joao-em-wenceslau-guimaraes\/","name":"MP PEDE CANCELAMENTO DO S\u00c3O JO\u00c3O\u2019 EM WENCESLAU GUIMAR\u00c3ES - Bahia Economica","isPartOf":{"@id":"https:\/\/bahiaeconomica.com.br\/wp\/#website"},"datePublished":"2022-06-14T19:44:22+00:00","dateModified":"2022-06-14T19:44:22+00:00","description":"O maior portal de Economia da Bahia MUNIC\u00cdPIOS Bahia Economica","breadcrumb":{"@id":"https:\/\/bahiaeconomica.com.br\/wp\/2022\/06\/14\/mp-pede-cancelamento-do-sao-joao-em-wenceslau-guimaraes\/#breadcrumb"},"inLanguage":"pt-BR","potentialAction":[{"@type":"ReadAction","target":["https:\/\/bahiaeconomica.com.br\/wp\/2022\/06\/14\/mp-pede-cancelamento-do-sao-joao-em-wenceslau-guimaraes\/"]}]},{"@type":"BreadcrumbList","@id":"https:\/\/bahiaeconomica.com.br\/wp\/2022\/06\/14\/mp-pede-cancelamento-do-sao-joao-em-wenceslau-guimaraes\/#breadcrumb","itemListElement":[{"@type":"ListItem","position":1,"name":"In\u00edcio","item":"https:\/\/bahiaeconomica.com.br\/wp\/"},{"@type":"ListItem","position":2,"name":"MP PEDE CANCELAMENTO DO S\u00c3O JO\u00c3O\u2019 EM WENCESLAU GUIMAR\u00c3ES"}]},{"@type":"WebSite","@id":"https:\/\/bahiaeconomica.com.br\/wp\/#website","url":"https:\/\/bahiaeconomica.com.br\/wp\/","name":"Bahia Economica","description":"O maior portal de Economia da Bahia","publisher":{"@id":"https:\/\/bahiaeconomica.com.br\/wp\/#organization"},"potentialAction":[{"@type":"SearchAction","target":{"@type":"EntryPoint","urlTemplate":"https:\/\/bahiaeconomica.com.br\/wp\/?s={search_term_string}"},"query-input":"required name=search_term_string"}],"inLanguage":"pt-BR"},{"@type":"Organization","@id":"https:\/\/bahiaeconomica.com.br\/wp\/#organization","name":"Bahia Econ\u00f4mica","url":"https:\/\/bahiaeconomica.com.br\/wp\/","logo":{"@type":"ImageObject","inLanguage":"pt-BR","@id":"https:\/\/bahiaeconomica.com.br\/wp\/#\/schema\/logo\/image\/","url":"https:\/\/bahiaeconomica.com.br\/wp\/wp-content\/uploads\/2020\/12\/cropped-BE.png","contentUrl":"https:\/\/bahiaeconomica.com.br\/wp\/wp-content\/uploads\/2020\/12\/cropped-BE.png","width":512,"height":512,"caption":"Bahia Econ\u00f4mica"},"image":{"@id":"https:\/\/bahiaeconomica.com.br\/wp\/#\/schema\/logo\/image\/"},"sameAs":["https:\/\/www.facebook.com\/bahiaeconomica"]},{"@type":"Person","@id":"https:\/\/bahiaeconomica.com.br\/wp\/#\/schema\/person\/cb1ab5ba96ad3d9390805381c76284ec","name":"admin","url":"https:\/\/bahiaeconomica.com.br\/wp\/author\/admin\/"}]}},"views":24,"_links":{"self":[{"href":"https:\/\/bahiaeconomica.com.br\/wp\/wp-json\/wp\/v2\/posts\/673376"}],"collection":[{"href":"https:\/\/bahiaeconomica.com.br\/wp\/wp-json\/wp\/v2\/posts"}],"about":[{"href":"https:\/\/bahiaeconomica.com.br\/wp\/wp-json\/wp\/v2\/types\/post"}],"author":[{"embeddable":true,"href":"https:\/\/bahiaeconomica.com.br\/wp\/wp-json\/wp\/v2\/users\/1"}],"replies":[{"embeddable":true,"href":"https:\/\/bahiaeconomica.com.br\/wp\/wp-json\/wp\/v2\/comments?post=673376"}],"version-history":[{"count":1,"href":"https:\/\/bahiaeconomica.com.br\/wp\/wp-json\/wp\/v2\/posts\/673376\/revisions"}],"predecessor-version":[{"id":673379,"href":"https:\/\/bahiaeconomica.com.br\/wp\/wp-json\/wp\/v2\/posts\/673376\/revisions\/673379"}],"wp:featuredmedia":[{"embeddable":true,"href":"https:\/\/bahiaeconomica.com.br\/wp\/wp-json\/wp\/v2\/media\/673378"}],"wp:attachment":[{"href":"https:\/\/bahiaeconomica.com.br\/wp\/wp-json\/wp\/v2\/media?parent=673376"}],"wp:term":[{"taxonomy":"category","embeddable":true,"href":"https:\/\/bahiaeconomica.com.br\/wp\/wp-json\/wp\/v2\/categories?post=673376"},{"taxonomy":"post_tag","embeddable":true,"href":"https:\/\/bahiaeconomica.com.br\/wp\/wp-json\/wp\/v2\/tags?post=673376"}],"curies":[{"name":"wp","href":"https:\/\/api.w.org\/{rel}","templated":true}]}}