{"id":673353,"date":"2022-06-14T16:07:06","date_gmt":"2022-06-14T19:07:06","guid":{"rendered":"https:\/\/bahiaeconomica.com.br\/wp\/beta\/?p=673353"},"modified":"2022-06-14T16:07:06","modified_gmt":"2022-06-14T19:07:06","slug":"filho-de-compadre-washington-sobre-falta-de-apoio-financeiro","status":"publish","type":"post","link":"https:\/\/bahiaeconomica.com.br\/wp\/2022\/06\/14\/filho-de-compadre-washington-sobre-falta-de-apoio-financeiro\/","title":{"rendered":"FILHO DE COMPADRE WASHINGTON SOBRE FALTA DE APOIO FINANCEIRO"},"content":{"rendered":"<p style=\"text-align: justify;\"><span data-contrast=\"none\">Luiz, filho do cantor compadre Washington, revelou em entrevista ao Domingo Espetacular que a \u00faltima visita do seu pai foi h\u00e1 oito anos.\u00a0<\/span><span data-contrast=\"none\">\u201cAs portas e a casa sempre estiveram abertas e ele escolheu se manter distante\u201d.<\/span><span data-ccp-props=\"{&quot;201341983&quot;:0,&quot;335559739&quot;:160,&quot;335559740&quot;:259}\">\u00a0<\/span><\/p>\n<p style=\"text-align: justify;\"><span data-contrast=\"none\">Ele explicou que a sua m\u00e3e enfrentou dificuldades e precisou trabalhar mais para assumir o papel de pai e de m\u00e3e. \u201cEla fazia hora extra no trabalho, abdicava do tempo dela comigo pra trabalhar mais ainda e conseguir me dar mais conforto. O que era pra ser uma coisa dividida entre ela e meu pai ficava s\u00f3 pra ela\u201d.<\/span><span data-ccp-props=\"{&quot;201341983&quot;:0,&quot;335559739&quot;:160,&quot;335559740&quot;:259}\">\u00a0<\/span><\/p>\n<p style=\"text-align: justify;\"><span data-contrast=\"none\">Luiz tamb\u00e9m afirmou que n\u00e3o entende o motivo do seu pai n\u00e3o ter arcado com as obriga\u00e7\u00f5es, e que tamb\u00e9m n\u00e3o sabe dizer se ele paga o benef\u00edcio para o seu outro irm\u00e3o.<\/span><span data-ccp-props=\"{&quot;201341983&quot;:0,&quot;335559739&quot;:160,&quot;335559740&quot;:259}\">\u00a0<\/span><\/p>\n<p style=\"text-align: justify;\"><span data-contrast=\"none\">\u201cN\u00e3o entendo o porqu\u00ea desse tipo de conduta, tendo em vista que \u00e9 desgastante para os dois lados e ele sempre teve plena condi\u00e7\u00e3o para arcar com essa obriga\u00e7\u00e3o de pagar os alimentos. N\u00e3o sei dizer se ele atrasa a pens\u00e3o do meu irm\u00e3o ca\u00e7ula\u201d.<\/span><span data-ccp-props=\"{&quot;201341983&quot;:0,&quot;335559739&quot;:160,&quot;335559740&quot;:259}\">\u00a0<\/span><\/p>\n<p>foto: Rede Tv<\/p>\n","protected":false},"excerpt":{"rendered":"<p>Luiz, filho do cantor compadre Washington, revelou em entrevista ao Domingo Espetacular que a \u00faltima visita do seu pai foi h\u00e1 oito anos.\u00a0\u201cAs portas e a casa sempre estiveram abertas e ele escolheu se manter distante\u201d.\u00a0 Ele explicou que a sua m\u00e3e enfrentou dificuldades e precisou trabalhar mais para assumir o papel de pai e [&hellip;]<\/p>\n","protected":false},"author":1,"featured_media":673358,"comment_status":"closed","ping_status":"closed","sticky":false,"template":"","format":"standard","meta":[],"categories":[4],"tags":[],"acf":[],"yoast_head":"<!-- This site is optimized with the Yoast SEO plugin v20.8 - https:\/\/yoast.com\/wordpress\/plugins\/seo\/ -->\n<title>FILHO DE COMPADRE WASHINGTON SOBRE FALTA DE APOIO FINANCEIRO - Bahia Economica<\/title>\n<meta name=\"description\" content=\"O maior portal de Economia da Bahia ENTRETENIMENTO Bahia Economica\" \/>\n<meta name=\"robots\" content=\"index, follow, max-snippet:-1, max-image-preview:large, max-video-preview:-1\" \/>\n<link rel=\"canonical\" href=\"https:\/\/bahiaeconomica.com.br\/wp\/2022\/06\/14\/filho-de-compadre-washington-sobre-falta-de-apoio-financeiro\/\" \/>\n<meta property=\"og:locale\" content=\"pt_BR\" \/>\n<meta property=\"og:type\" content=\"article\" \/>\n<meta property=\"og:title\" content=\"FILHO DE COMPADRE WASHINGTON SOBRE FALTA DE APOIO FINANCEIRO - Bahia Economica\" \/>\n<meta property=\"og:description\" content=\"O maior portal de Economia da Bahia ENTRETENIMENTO Bahia Economica\" \/>\n<meta property=\"og:url\" content=\"https:\/\/bahiaeconomica.com.br\/wp\/2022\/06\/14\/filho-de-compadre-washington-sobre-falta-de-apoio-financeiro\/\" \/>\n<meta property=\"og:site_name\" content=\"Bahia Economica\" \/>\n<meta property=\"article:publisher\" content=\"https:\/\/www.facebook.com\/bahiaeconomica\" \/>\n<meta property=\"article:published_time\" content=\"2022-06-14T19:07:06+00:00\" \/>\n<meta property=\"og:image\" content=\"https:\/\/bahiaeconomica.com.br\/wp\/wp-content\/uploads\/2022\/06\/compadre-washington-programaa-sensacional-rede-tv.jpg\" \/>\n\t<meta property=\"og:image:width\" content=\"600\" \/>\n\t<meta property=\"og:image:height\" content=\"420\" \/>\n\t<meta property=\"og:image:type\" content=\"image\/jpeg\" \/>\n<meta name=\"author\" content=\"admin\" \/>\n<meta name=\"twitter:card\" content=\"summary_large_image\" \/>\n<meta name=\"twitter:label1\" content=\"Escrito por\" \/>\n\t<meta name=\"twitter:data1\" content=\"admin\" \/>\n\t<meta name=\"twitter:label2\" content=\"Est. tempo de leitura\" \/>\n\t<meta name=\"twitter:data2\" content=\"1 minuto\" \/>\n<script type=\"application\/ld+json\" class=\"yoast-schema-graph\">{\"@context\":\"https:\/\/schema.org\",\"@graph\":[{\"@type\":\"Article\",\"@id\":\"https:\/\/bahiaeconomica.com.br\/wp\/2022\/06\/14\/filho-de-compadre-washington-sobre-falta-de-apoio-financeiro\/#article\",\"isPartOf\":{\"@id\":\"https:\/\/bahiaeconomica.com.br\/wp\/2022\/06\/14\/filho-de-compadre-washington-sobre-falta-de-apoio-financeiro\/\"},\"author\":{\"name\":\"admin\",\"@id\":\"https:\/\/bahiaeconomica.com.br\/wp\/#\/schema\/person\/cb1ab5ba96ad3d9390805381c76284ec\"},\"headline\":\"FILHO DE COMPADRE WASHINGTON SOBRE FALTA DE APOIO FINANCEIRO\",\"datePublished\":\"2022-06-14T19:07:06+00:00\",\"dateModified\":\"2022-06-14T19:07:06+00:00\",\"mainEntityOfPage\":{\"@id\":\"https:\/\/bahiaeconomica.com.br\/wp\/2022\/06\/14\/filho-de-compadre-washington-sobre-falta-de-apoio-financeiro\/\"},\"wordCount\":202,\"publisher\":{\"@id\":\"https:\/\/bahiaeconomica.com.br\/wp\/#organization\"},\"articleSection\":[\"ENTRETENIMENTO\"],\"inLanguage\":\"pt-BR\"},{\"@type\":\"WebPage\",\"@id\":\"https:\/\/bahiaeconomica.com.br\/wp\/2022\/06\/14\/filho-de-compadre-washington-sobre-falta-de-apoio-financeiro\/\",\"url\":\"https:\/\/bahiaeconomica.com.br\/wp\/2022\/06\/14\/filho-de-compadre-washington-sobre-falta-de-apoio-financeiro\/\",\"name\":\"FILHO DE COMPADRE WASHINGTON SOBRE FALTA DE APOIO FINANCEIRO - Bahia Economica\",\"isPartOf\":{\"@id\":\"https:\/\/bahiaeconomica.com.br\/wp\/#website\"},\"datePublished\":\"2022-06-14T19:07:06+00:00\",\"dateModified\":\"2022-06-14T19:07:06+00:00\",\"description\":\"O maior portal de Economia da Bahia ENTRETENIMENTO Bahia Economica\",\"breadcrumb\":{\"@id\":\"https:\/\/bahiaeconomica.com.br\/wp\/2022\/06\/14\/filho-de-compadre-washington-sobre-falta-de-apoio-financeiro\/#breadcrumb\"},\"inLanguage\":\"pt-BR\",\"potentialAction\":[{\"@type\":\"ReadAction\",\"target\":[\"https:\/\/bahiaeconomica.com.br\/wp\/2022\/06\/14\/filho-de-compadre-washington-sobre-falta-de-apoio-financeiro\/\"]}]},{\"@type\":\"BreadcrumbList\",\"@id\":\"https:\/\/bahiaeconomica.com.br\/wp\/2022\/06\/14\/filho-de-compadre-washington-sobre-falta-de-apoio-financeiro\/#breadcrumb\",\"itemListElement\":[{\"@type\":\"ListItem\",\"position\":1,\"name\":\"In\u00edcio\",\"item\":\"https:\/\/bahiaeconomica.com.br\/wp\/\"},{\"@type\":\"ListItem\",\"position\":2,\"name\":\"FILHO DE COMPADRE WASHINGTON SOBRE FALTA DE APOIO FINANCEIRO\"}]},{\"@type\":\"WebSite\",\"@id\":\"https:\/\/bahiaeconomica.com.br\/wp\/#website\",\"url\":\"https:\/\/bahiaeconomica.com.br\/wp\/\",\"name\":\"Bahia Economica\",\"description\":\"O maior portal de Economia da Bahia\",\"publisher\":{\"@id\":\"https:\/\/bahiaeconomica.com.br\/wp\/#organization\"},\"potentialAction\":[{\"@type\":\"SearchAction\",\"target\":{\"@type\":\"EntryPoint\",\"urlTemplate\":\"https:\/\/bahiaeconomica.com.br\/wp\/?s={search_term_string}\"},\"query-input\":\"required name=search_term_string\"}],\"inLanguage\":\"pt-BR\"},{\"@type\":\"Organization\",\"@id\":\"https:\/\/bahiaeconomica.com.br\/wp\/#organization\",\"name\":\"Bahia Econ\u00f4mica\",\"url\":\"https:\/\/bahiaeconomica.com.br\/wp\/\",\"logo\":{\"@type\":\"ImageObject\",\"inLanguage\":\"pt-BR\",\"@id\":\"https:\/\/bahiaeconomica.com.br\/wp\/#\/schema\/logo\/image\/\",\"url\":\"https:\/\/bahiaeconomica.com.br\/wp\/wp-content\/uploads\/2020\/12\/cropped-BE.png\",\"contentUrl\":\"https:\/\/bahiaeconomica.com.br\/wp\/wp-content\/uploads\/2020\/12\/cropped-BE.png\",\"width\":512,\"height\":512,\"caption\":\"Bahia Econ\u00f4mica\"},\"image\":{\"@id\":\"https:\/\/bahiaeconomica.com.br\/wp\/#\/schema\/logo\/image\/\"},\"sameAs\":[\"https:\/\/www.facebook.com\/bahiaeconomica\"]},{\"@type\":\"Person\",\"@id\":\"https:\/\/bahiaeconomica.com.br\/wp\/#\/schema\/person\/cb1ab5ba96ad3d9390805381c76284ec\",\"name\":\"admin\",\"url\":\"https:\/\/bahiaeconomica.com.br\/wp\/author\/admin\/\"}]}<\/script>\n<!-- \/ Yoast SEO plugin. -->","yoast_head_json":{"title":"FILHO DE COMPADRE WASHINGTON SOBRE FALTA DE APOIO FINANCEIRO - Bahia Economica","description":"O maior portal de Economia da Bahia ENTRETENIMENTO Bahia Economica","robots":{"index":"index","follow":"follow","max-snippet":"max-snippet:-1","max-image-preview":"max-image-preview:large","max-video-preview":"max-video-preview:-1"},"canonical":"https:\/\/bahiaeconomica.com.br\/wp\/2022\/06\/14\/filho-de-compadre-washington-sobre-falta-de-apoio-financeiro\/","og_locale":"pt_BR","og_type":"article","og_title":"FILHO DE COMPADRE WASHINGTON SOBRE FALTA DE APOIO FINANCEIRO - Bahia Economica","og_description":"O maior portal de Economia da Bahia ENTRETENIMENTO Bahia Economica","og_url":"https:\/\/bahiaeconomica.com.br\/wp\/2022\/06\/14\/filho-de-compadre-washington-sobre-falta-de-apoio-financeiro\/","og_site_name":"Bahia Economica","article_publisher":"https:\/\/www.facebook.com\/bahiaeconomica","article_published_time":"2022-06-14T19:07:06+00:00","og_image":[{"width":600,"height":420,"url":"https:\/\/bahiaeconomica.com.br\/wp\/wp-content\/uploads\/2022\/06\/compadre-washington-programaa-sensacional-rede-tv.jpg","type":"image\/jpeg"}],"author":"admin","twitter_card":"summary_large_image","twitter_misc":{"Escrito por":"admin","Est. tempo de leitura":"1 minuto"},"schema":{"@context":"https:\/\/schema.org","@graph":[{"@type":"Article","@id":"https:\/\/bahiaeconomica.com.br\/wp\/2022\/06\/14\/filho-de-compadre-washington-sobre-falta-de-apoio-financeiro\/#article","isPartOf":{"@id":"https:\/\/bahiaeconomica.com.br\/wp\/2022\/06\/14\/filho-de-compadre-washington-sobre-falta-de-apoio-financeiro\/"},"author":{"name":"admin","@id":"https:\/\/bahiaeconomica.com.br\/wp\/#\/schema\/person\/cb1ab5ba96ad3d9390805381c76284ec"},"headline":"FILHO DE COMPADRE WASHINGTON SOBRE FALTA DE APOIO FINANCEIRO","datePublished":"2022-06-14T19:07:06+00:00","dateModified":"2022-06-14T19:07:06+00:00","mainEntityOfPage":{"@id":"https:\/\/bahiaeconomica.com.br\/wp\/2022\/06\/14\/filho-de-compadre-washington-sobre-falta-de-apoio-financeiro\/"},"wordCount":202,"publisher":{"@id":"https:\/\/bahiaeconomica.com.br\/wp\/#organization"},"articleSection":["ENTRETENIMENTO"],"inLanguage":"pt-BR"},{"@type":"WebPage","@id":"https:\/\/bahiaeconomica.com.br\/wp\/2022\/06\/14\/filho-de-compadre-washington-sobre-falta-de-apoio-financeiro\/","url":"https:\/\/bahiaeconomica.com.br\/wp\/2022\/06\/14\/filho-de-compadre-washington-sobre-falta-de-apoio-financeiro\/","name":"FILHO DE COMPADRE WASHINGTON SOBRE FALTA DE APOIO FINANCEIRO - Bahia Economica","isPartOf":{"@id":"https:\/\/bahiaeconomica.com.br\/wp\/#website"},"datePublished":"2022-06-14T19:07:06+00:00","dateModified":"2022-06-14T19:07:06+00:00","description":"O maior portal de Economia da Bahia ENTRETENIMENTO Bahia Economica","breadcrumb":{"@id":"https:\/\/bahiaeconomica.com.br\/wp\/2022\/06\/14\/filho-de-compadre-washington-sobre-falta-de-apoio-financeiro\/#breadcrumb"},"inLanguage":"pt-BR","potentialAction":[{"@type":"ReadAction","target":["https:\/\/bahiaeconomica.com.br\/wp\/2022\/06\/14\/filho-de-compadre-washington-sobre-falta-de-apoio-financeiro\/"]}]},{"@type":"BreadcrumbList","@id":"https:\/\/bahiaeconomica.com.br\/wp\/2022\/06\/14\/filho-de-compadre-washington-sobre-falta-de-apoio-financeiro\/#breadcrumb","itemListElement":[{"@type":"ListItem","position":1,"name":"In\u00edcio","item":"https:\/\/bahiaeconomica.com.br\/wp\/"},{"@type":"ListItem","position":2,"name":"FILHO DE COMPADRE WASHINGTON SOBRE FALTA DE APOIO FINANCEIRO"}]},{"@type":"WebSite","@id":"https:\/\/bahiaeconomica.com.br\/wp\/#website","url":"https:\/\/bahiaeconomica.com.br\/wp\/","name":"Bahia Economica","description":"O maior portal de Economia da Bahia","publisher":{"@id":"https:\/\/bahiaeconomica.com.br\/wp\/#organization"},"potentialAction":[{"@type":"SearchAction","target":{"@type":"EntryPoint","urlTemplate":"https:\/\/bahiaeconomica.com.br\/wp\/?s={search_term_string}"},"query-input":"required name=search_term_string"}],"inLanguage":"pt-BR"},{"@type":"Organization","@id":"https:\/\/bahiaeconomica.com.br\/wp\/#organization","name":"Bahia Econ\u00f4mica","url":"https:\/\/bahiaeconomica.com.br\/wp\/","logo":{"@type":"ImageObject","inLanguage":"pt-BR","@id":"https:\/\/bahiaeconomica.com.br\/wp\/#\/schema\/logo\/image\/","url":"https:\/\/bahiaeconomica.com.br\/wp\/wp-content\/uploads\/2020\/12\/cropped-BE.png","contentUrl":"https:\/\/bahiaeconomica.com.br\/wp\/wp-content\/uploads\/2020\/12\/cropped-BE.png","width":512,"height":512,"caption":"Bahia Econ\u00f4mica"},"image":{"@id":"https:\/\/bahiaeconomica.com.br\/wp\/#\/schema\/logo\/image\/"},"sameAs":["https:\/\/www.facebook.com\/bahiaeconomica"]},{"@type":"Person","@id":"https:\/\/bahiaeconomica.com.br\/wp\/#\/schema\/person\/cb1ab5ba96ad3d9390805381c76284ec","name":"admin","url":"https:\/\/bahiaeconomica.com.br\/wp\/author\/admin\/"}]}},"views":11,"_links":{"self":[{"href":"https:\/\/bahiaeconomica.com.br\/wp\/wp-json\/wp\/v2\/posts\/673353"}],"collection":[{"href":"https:\/\/bahiaeconomica.com.br\/wp\/wp-json\/wp\/v2\/posts"}],"about":[{"href":"https:\/\/bahiaeconomica.com.br\/wp\/wp-json\/wp\/v2\/types\/post"}],"author":[{"embeddable":true,"href":"https:\/\/bahiaeconomica.com.br\/wp\/wp-json\/wp\/v2\/users\/1"}],"replies":[{"embeddable":true,"href":"https:\/\/bahiaeconomica.com.br\/wp\/wp-json\/wp\/v2\/comments?post=673353"}],"version-history":[{"count":1,"href":"https:\/\/bahiaeconomica.com.br\/wp\/wp-json\/wp\/v2\/posts\/673353\/revisions"}],"predecessor-version":[{"id":673359,"href":"https:\/\/bahiaeconomica.com.br\/wp\/wp-json\/wp\/v2\/posts\/673353\/revisions\/673359"}],"wp:featuredmedia":[{"embeddable":true,"href":"https:\/\/bahiaeconomica.com.br\/wp\/wp-json\/wp\/v2\/media\/673358"}],"wp:attachment":[{"href":"https:\/\/bahiaeconomica.com.br\/wp\/wp-json\/wp\/v2\/media?parent=673353"}],"wp:term":[{"taxonomy":"category","embeddable":true,"href":"https:\/\/bahiaeconomica.com.br\/wp\/wp-json\/wp\/v2\/categories?post=673353"},{"taxonomy":"post_tag","embeddable":true,"href":"https:\/\/bahiaeconomica.com.br\/wp\/wp-json\/wp\/v2\/tags?post=673353"}],"curies":[{"name":"wp","href":"https:\/\/api.w.org\/{rel}","templated":true}]}}