{"id":672124,"date":"2022-06-08T11:13:31","date_gmt":"2022-06-08T14:13:31","guid":{"rendered":"https:\/\/bahiaeconomica.com.br\/wp\/beta\/?p=672124"},"modified":"2022-06-08T11:13:31","modified_gmt":"2022-06-08T14:13:31","slug":"upb-se-preocupa-com-impacto-de-parcelamento-da-previdencia-entre-prefeituras","status":"publish","type":"post","link":"https:\/\/bahiaeconomica.com.br\/wp\/2022\/06\/08\/upb-se-preocupa-com-impacto-de-parcelamento-da-previdencia-entre-prefeituras\/","title":{"rendered":"UPB SE PREOCUPA COM IMPACTO DE PARCELAMENTO DA PREVID\u00caNCIA ENTRE PREFEITURAS"},"content":{"rendered":"<p>A Uni\u00e3o dos Munic\u00edpios da Bahia (UPB) discutiu nesta ter\u00e7a-feira (7) os impactos do parcelamento previdenci\u00e1rio especial nas prefeituras. O encontro fez parte de mais uma <!--more-->edi\u00e7\u00e3o do UPB Debate. Mais de 200 pessoas participaram do evento. Segundo a entidade, os gestores est\u00e3o preocupados com o rumo das discuss\u00f5es sobre o tema. A Emenda Constitucional (EC) 113\/2021, de 8 de dezembro do ano passado, estabeleceu o parcelamento dos d\u00e9bitos previdenci\u00e1rios em at\u00e9 240 parcelas mensais (20 anos).<\/p>\n<p>Em nota, a UPB diz que ao aderirem ao parcelamento excepcional, os gestores se surpreenderam com um valor de parcela \u201cincompat\u00edvel com a capacidade de pagamento\u201d das prefeituras. As administra\u00e7\u00f5es tamb\u00e9m debatem a redu\u00e7\u00e3o da al\u00edquota do INSS. De autoria do deputado baiano Cac\u00e1 Le\u00e3o (PP), a PEC prev\u00ea a redu\u00e7\u00e3o da al\u00edquota patronal do INSS (atualmente de 22,5%) pela metade, com reten\u00e7\u00e3o na fonte.<\/p>\n<p>\u201cT\u00ednhamos um problema que era a redu\u00e7\u00e3o da al\u00edquota do INSS e agora temos outro, que \u00e9 o parcelamento previdenci\u00e1rio. T\u00eam munic\u00edpios com a parcela de R$400 mil por m\u00eas. Os munic\u00edpios da Bahia n\u00e3o conseguir\u00e3o pagar o parcelamento especial. Sobre a redu\u00e7\u00e3o da al\u00edquota, lutamos e estamos conseguindo avan\u00e7ar com a pauta que nasceu na Bahia. Agora, cabe a gente mobilizar os nossos parlamentares para que ela v\u00e1 para a comiss\u00e3o especial o mais r\u00e1pido poss\u00edvel e siga para o plen\u00e1rio\u201d, declarou o presidente da UPB e prefeito de Jequi\u00e9, no Sudoeste, Z\u00e9 Coc\u00e1 (PP).<\/p>\n<p>O dilema preocupta tamb\u00e9m o vice-presidente da entidade municipalista baiana e prefeito de Belo Monte, no Sudoeste, Jos\u00e9 Henrique Tigre, o Quinho (PSD). \u201cA situa\u00e7\u00e3o que estamos passando \u00e9 frustrante e angustiante, porque n\u00f3s prefeitos n\u00e3o temos condi\u00e7\u00f5es de honrar nossos compromissos. Temos que encontrar um denominador comum, mesmo que seja via institui\u00e7\u00e3o. Os prefeitos est\u00e3o dispostos a regularizar suas situa\u00e7\u00f5es com a Receita Federal, pagar uma al\u00edquota patronal justa e sanar a d\u00edvidas de gest\u00f5es anteriores. Estamos dispostos a criar uma via de m\u00e3o dupla com a Receita Federal\u201d, afirmou Quinho.<\/p>\n<p>Foto: divulga\u00e7\u00e3o<\/p>\n","protected":false},"excerpt":{"rendered":"<p>A Uni\u00e3o dos Munic\u00edpios da Bahia (UPB) discutiu nesta ter\u00e7a-feira (7) os impactos do parcelamento previdenci\u00e1rio especial nas prefeituras. O encontro fez parte de mais uma<\/p>\n","protected":false},"author":1,"featured_media":543318,"comment_status":"closed","ping_status":"closed","sticky":false,"template":"","format":"standard","meta":[],"categories":[3],"tags":[85,52,3693,1086,100],"acf":[],"yoast_head":"<!-- This site is optimized with the Yoast SEO plugin v20.8 - https:\/\/yoast.com\/wordpress\/plugins\/seo\/ -->\n<title>UPB SE PREOCUPA COM IMPACTO DE PARCELAMENTO DA PREVID\u00caNCIA ENTRE PREFEITURAS - Bahia Economica<\/title>\n<meta name=\"description\" content=\"O maior portal de Economia da Bahia ECONOMIA \/ POL\u00cdTICA Bahia Economica\" \/>\n<meta name=\"robots\" content=\"index, follow, max-snippet:-1, max-image-preview:large, max-video-preview:-1\" \/>\n<link rel=\"canonical\" href=\"https:\/\/bahiaeconomica.com.br\/wp\/2022\/06\/08\/upb-se-preocupa-com-impacto-de-parcelamento-da-previdencia-entre-prefeituras\/\" \/>\n<meta property=\"og:locale\" content=\"pt_BR\" \/>\n<meta property=\"og:type\" content=\"article\" \/>\n<meta property=\"og:title\" content=\"UPB SE PREOCUPA COM IMPACTO DE PARCELAMENTO DA PREVID\u00caNCIA ENTRE PREFEITURAS - Bahia Economica\" \/>\n<meta property=\"og:description\" content=\"O maior portal de Economia da Bahia ECONOMIA \/ POL\u00cdTICA Bahia Economica\" \/>\n<meta property=\"og:url\" content=\"https:\/\/bahiaeconomica.com.br\/wp\/2022\/06\/08\/upb-se-preocupa-com-impacto-de-parcelamento-da-previdencia-entre-prefeituras\/\" \/>\n<meta property=\"og:site_name\" content=\"Bahia Economica\" \/>\n<meta property=\"article:publisher\" content=\"https:\/\/www.facebook.com\/bahiaeconomica\" \/>\n<meta property=\"article:published_time\" content=\"2022-06-08T14:13:31+00:00\" \/>\n<meta property=\"og:image\" content=\"https:\/\/bahiaeconomica.com.br\/wp\/wp-content\/uploads\/2021\/03\/UPBJEQUIECOCA770500.jpg\" \/>\n\t<meta property=\"og:image:width\" content=\"500\" \/>\n\t<meta property=\"og:image:height\" content=\"307\" \/>\n\t<meta property=\"og:image:type\" content=\"image\/jpeg\" \/>\n<meta name=\"author\" content=\"admin\" \/>\n<meta name=\"twitter:card\" content=\"summary_large_image\" \/>\n<meta name=\"twitter:label1\" content=\"Escrito por\" \/>\n\t<meta name=\"twitter:data1\" content=\"admin\" \/>\n\t<meta name=\"twitter:label2\" content=\"Est. tempo de leitura\" \/>\n\t<meta name=\"twitter:data2\" content=\"2 minutos\" \/>\n<script type=\"application\/ld+json\" class=\"yoast-schema-graph\">{\"@context\":\"https:\/\/schema.org\",\"@graph\":[{\"@type\":\"Article\",\"@id\":\"https:\/\/bahiaeconomica.com.br\/wp\/2022\/06\/08\/upb-se-preocupa-com-impacto-de-parcelamento-da-previdencia-entre-prefeituras\/#article\",\"isPartOf\":{\"@id\":\"https:\/\/bahiaeconomica.com.br\/wp\/2022\/06\/08\/upb-se-preocupa-com-impacto-de-parcelamento-da-previdencia-entre-prefeituras\/\"},\"author\":{\"name\":\"admin\",\"@id\":\"https:\/\/bahiaeconomica.com.br\/wp\/#\/schema\/person\/cb1ab5ba96ad3d9390805381c76284ec\"},\"headline\":\"UPB SE PREOCUPA COM IMPACTO DE PARCELAMENTO DA PREVID\u00caNCIA ENTRE PREFEITURAS\",\"datePublished\":\"2022-06-08T14:13:31+00:00\",\"dateModified\":\"2022-06-08T14:13:31+00:00\",\"mainEntityOfPage\":{\"@id\":\"https:\/\/bahiaeconomica.com.br\/wp\/2022\/06\/08\/upb-se-preocupa-com-impacto-de-parcelamento-da-previdencia-entre-prefeituras\/\"},\"wordCount\":383,\"publisher\":{\"@id\":\"https:\/\/bahiaeconomica.com.br\/wp\/#organization\"},\"keywords\":[\"Bahia\",\"Brasil\",\"Coc\u00e1\",\"novidade\",\"Pol\u00edtica\"],\"articleSection\":[\"ECONOMIA \/ POL\u00cdTICA\"],\"inLanguage\":\"pt-BR\"},{\"@type\":\"WebPage\",\"@id\":\"https:\/\/bahiaeconomica.com.br\/wp\/2022\/06\/08\/upb-se-preocupa-com-impacto-de-parcelamento-da-previdencia-entre-prefeituras\/\",\"url\":\"https:\/\/bahiaeconomica.com.br\/wp\/2022\/06\/08\/upb-se-preocupa-com-impacto-de-parcelamento-da-previdencia-entre-prefeituras\/\",\"name\":\"UPB SE PREOCUPA COM IMPACTO DE PARCELAMENTO DA PREVID\u00caNCIA ENTRE PREFEITURAS - Bahia Economica\",\"isPartOf\":{\"@id\":\"https:\/\/bahiaeconomica.com.br\/wp\/#website\"},\"datePublished\":\"2022-06-08T14:13:31+00:00\",\"dateModified\":\"2022-06-08T14:13:31+00:00\",\"description\":\"O maior portal de Economia da Bahia ECONOMIA \/ POL\u00cdTICA Bahia Economica\",\"breadcrumb\":{\"@id\":\"https:\/\/bahiaeconomica.com.br\/wp\/2022\/06\/08\/upb-se-preocupa-com-impacto-de-parcelamento-da-previdencia-entre-prefeituras\/#breadcrumb\"},\"inLanguage\":\"pt-BR\",\"potentialAction\":[{\"@type\":\"ReadAction\",\"target\":[\"https:\/\/bahiaeconomica.com.br\/wp\/2022\/06\/08\/upb-se-preocupa-com-impacto-de-parcelamento-da-previdencia-entre-prefeituras\/\"]}]},{\"@type\":\"BreadcrumbList\",\"@id\":\"https:\/\/bahiaeconomica.com.br\/wp\/2022\/06\/08\/upb-se-preocupa-com-impacto-de-parcelamento-da-previdencia-entre-prefeituras\/#breadcrumb\",\"itemListElement\":[{\"@type\":\"ListItem\",\"position\":1,\"name\":\"In\u00edcio\",\"item\":\"https:\/\/bahiaeconomica.com.br\/wp\/\"},{\"@type\":\"ListItem\",\"position\":2,\"name\":\"UPB SE PREOCUPA COM IMPACTO DE PARCELAMENTO DA PREVID\u00caNCIA ENTRE PREFEITURAS\"}]},{\"@type\":\"WebSite\",\"@id\":\"https:\/\/bahiaeconomica.com.br\/wp\/#website\",\"url\":\"https:\/\/bahiaeconomica.com.br\/wp\/\",\"name\":\"Bahia Economica\",\"description\":\"O maior portal de Economia da Bahia\",\"publisher\":{\"@id\":\"https:\/\/bahiaeconomica.com.br\/wp\/#organization\"},\"potentialAction\":[{\"@type\":\"SearchAction\",\"target\":{\"@type\":\"EntryPoint\",\"urlTemplate\":\"https:\/\/bahiaeconomica.com.br\/wp\/?s={search_term_string}\"},\"query-input\":\"required name=search_term_string\"}],\"inLanguage\":\"pt-BR\"},{\"@type\":\"Organization\",\"@id\":\"https:\/\/bahiaeconomica.com.br\/wp\/#organization\",\"name\":\"Bahia Econ\u00f4mica\",\"url\":\"https:\/\/bahiaeconomica.com.br\/wp\/\",\"logo\":{\"@type\":\"ImageObject\",\"inLanguage\":\"pt-BR\",\"@id\":\"https:\/\/bahiaeconomica.com.br\/wp\/#\/schema\/logo\/image\/\",\"url\":\"https:\/\/bahiaeconomica.com.br\/wp\/wp-content\/uploads\/2020\/12\/cropped-BE.png\",\"contentUrl\":\"https:\/\/bahiaeconomica.com.br\/wp\/wp-content\/uploads\/2020\/12\/cropped-BE.png\",\"width\":512,\"height\":512,\"caption\":\"Bahia Econ\u00f4mica\"},\"image\":{\"@id\":\"https:\/\/bahiaeconomica.com.br\/wp\/#\/schema\/logo\/image\/\"},\"sameAs\":[\"https:\/\/www.facebook.com\/bahiaeconomica\"]},{\"@type\":\"Person\",\"@id\":\"https:\/\/bahiaeconomica.com.br\/wp\/#\/schema\/person\/cb1ab5ba96ad3d9390805381c76284ec\",\"name\":\"admin\",\"url\":\"https:\/\/bahiaeconomica.com.br\/wp\/author\/admin\/\"}]}<\/script>\n<!-- \/ Yoast SEO plugin. -->","yoast_head_json":{"title":"UPB SE PREOCUPA COM IMPACTO DE PARCELAMENTO DA PREVID\u00caNCIA ENTRE PREFEITURAS - Bahia Economica","description":"O maior portal de Economia da Bahia ECONOMIA \/ POL\u00cdTICA Bahia Economica","robots":{"index":"index","follow":"follow","max-snippet":"max-snippet:-1","max-image-preview":"max-image-preview:large","max-video-preview":"max-video-preview:-1"},"canonical":"https:\/\/bahiaeconomica.com.br\/wp\/2022\/06\/08\/upb-se-preocupa-com-impacto-de-parcelamento-da-previdencia-entre-prefeituras\/","og_locale":"pt_BR","og_type":"article","og_title":"UPB SE PREOCUPA COM IMPACTO DE PARCELAMENTO DA PREVID\u00caNCIA ENTRE PREFEITURAS - Bahia Economica","og_description":"O maior portal de Economia da Bahia ECONOMIA \/ POL\u00cdTICA Bahia Economica","og_url":"https:\/\/bahiaeconomica.com.br\/wp\/2022\/06\/08\/upb-se-preocupa-com-impacto-de-parcelamento-da-previdencia-entre-prefeituras\/","og_site_name":"Bahia Economica","article_publisher":"https:\/\/www.facebook.com\/bahiaeconomica","article_published_time":"2022-06-08T14:13:31+00:00","og_image":[{"width":500,"height":307,"url":"https:\/\/bahiaeconomica.com.br\/wp\/wp-content\/uploads\/2021\/03\/UPBJEQUIECOCA770500.jpg","type":"image\/jpeg"}],"author":"admin","twitter_card":"summary_large_image","twitter_misc":{"Escrito por":"admin","Est. tempo de leitura":"2 minutos"},"schema":{"@context":"https:\/\/schema.org","@graph":[{"@type":"Article","@id":"https:\/\/bahiaeconomica.com.br\/wp\/2022\/06\/08\/upb-se-preocupa-com-impacto-de-parcelamento-da-previdencia-entre-prefeituras\/#article","isPartOf":{"@id":"https:\/\/bahiaeconomica.com.br\/wp\/2022\/06\/08\/upb-se-preocupa-com-impacto-de-parcelamento-da-previdencia-entre-prefeituras\/"},"author":{"name":"admin","@id":"https:\/\/bahiaeconomica.com.br\/wp\/#\/schema\/person\/cb1ab5ba96ad3d9390805381c76284ec"},"headline":"UPB SE PREOCUPA COM IMPACTO DE PARCELAMENTO DA PREVID\u00caNCIA ENTRE PREFEITURAS","datePublished":"2022-06-08T14:13:31+00:00","dateModified":"2022-06-08T14:13:31+00:00","mainEntityOfPage":{"@id":"https:\/\/bahiaeconomica.com.br\/wp\/2022\/06\/08\/upb-se-preocupa-com-impacto-de-parcelamento-da-previdencia-entre-prefeituras\/"},"wordCount":383,"publisher":{"@id":"https:\/\/bahiaeconomica.com.br\/wp\/#organization"},"keywords":["Bahia","Brasil","Coc\u00e1","novidade","Pol\u00edtica"],"articleSection":["ECONOMIA \/ POL\u00cdTICA"],"inLanguage":"pt-BR"},{"@type":"WebPage","@id":"https:\/\/bahiaeconomica.com.br\/wp\/2022\/06\/08\/upb-se-preocupa-com-impacto-de-parcelamento-da-previdencia-entre-prefeituras\/","url":"https:\/\/bahiaeconomica.com.br\/wp\/2022\/06\/08\/upb-se-preocupa-com-impacto-de-parcelamento-da-previdencia-entre-prefeituras\/","name":"UPB SE PREOCUPA COM IMPACTO DE PARCELAMENTO DA PREVID\u00caNCIA ENTRE PREFEITURAS - Bahia Economica","isPartOf":{"@id":"https:\/\/bahiaeconomica.com.br\/wp\/#website"},"datePublished":"2022-06-08T14:13:31+00:00","dateModified":"2022-06-08T14:13:31+00:00","description":"O maior portal de Economia da Bahia ECONOMIA \/ POL\u00cdTICA Bahia Economica","breadcrumb":{"@id":"https:\/\/bahiaeconomica.com.br\/wp\/2022\/06\/08\/upb-se-preocupa-com-impacto-de-parcelamento-da-previdencia-entre-prefeituras\/#breadcrumb"},"inLanguage":"pt-BR","potentialAction":[{"@type":"ReadAction","target":["https:\/\/bahiaeconomica.com.br\/wp\/2022\/06\/08\/upb-se-preocupa-com-impacto-de-parcelamento-da-previdencia-entre-prefeituras\/"]}]},{"@type":"BreadcrumbList","@id":"https:\/\/bahiaeconomica.com.br\/wp\/2022\/06\/08\/upb-se-preocupa-com-impacto-de-parcelamento-da-previdencia-entre-prefeituras\/#breadcrumb","itemListElement":[{"@type":"ListItem","position":1,"name":"In\u00edcio","item":"https:\/\/bahiaeconomica.com.br\/wp\/"},{"@type":"ListItem","position":2,"name":"UPB SE PREOCUPA COM IMPACTO DE PARCELAMENTO DA PREVID\u00caNCIA ENTRE PREFEITURAS"}]},{"@type":"WebSite","@id":"https:\/\/bahiaeconomica.com.br\/wp\/#website","url":"https:\/\/bahiaeconomica.com.br\/wp\/","name":"Bahia Economica","description":"O maior portal de Economia da Bahia","publisher":{"@id":"https:\/\/bahiaeconomica.com.br\/wp\/#organization"},"potentialAction":[{"@type":"SearchAction","target":{"@type":"EntryPoint","urlTemplate":"https:\/\/bahiaeconomica.com.br\/wp\/?s={search_term_string}"},"query-input":"required name=search_term_string"}],"inLanguage":"pt-BR"},{"@type":"Organization","@id":"https:\/\/bahiaeconomica.com.br\/wp\/#organization","name":"Bahia Econ\u00f4mica","url":"https:\/\/bahiaeconomica.com.br\/wp\/","logo":{"@type":"ImageObject","inLanguage":"pt-BR","@id":"https:\/\/bahiaeconomica.com.br\/wp\/#\/schema\/logo\/image\/","url":"https:\/\/bahiaeconomica.com.br\/wp\/wp-content\/uploads\/2020\/12\/cropped-BE.png","contentUrl":"https:\/\/bahiaeconomica.com.br\/wp\/wp-content\/uploads\/2020\/12\/cropped-BE.png","width":512,"height":512,"caption":"Bahia Econ\u00f4mica"},"image":{"@id":"https:\/\/bahiaeconomica.com.br\/wp\/#\/schema\/logo\/image\/"},"sameAs":["https:\/\/www.facebook.com\/bahiaeconomica"]},{"@type":"Person","@id":"https:\/\/bahiaeconomica.com.br\/wp\/#\/schema\/person\/cb1ab5ba96ad3d9390805381c76284ec","name":"admin","url":"https:\/\/bahiaeconomica.com.br\/wp\/author\/admin\/"}]}},"views":3,"_links":{"self":[{"href":"https:\/\/bahiaeconomica.com.br\/wp\/wp-json\/wp\/v2\/posts\/672124"}],"collection":[{"href":"https:\/\/bahiaeconomica.com.br\/wp\/wp-json\/wp\/v2\/posts"}],"about":[{"href":"https:\/\/bahiaeconomica.com.br\/wp\/wp-json\/wp\/v2\/types\/post"}],"author":[{"embeddable":true,"href":"https:\/\/bahiaeconomica.com.br\/wp\/wp-json\/wp\/v2\/users\/1"}],"replies":[{"embeddable":true,"href":"https:\/\/bahiaeconomica.com.br\/wp\/wp-json\/wp\/v2\/comments?post=672124"}],"version-history":[{"count":1,"href":"https:\/\/bahiaeconomica.com.br\/wp\/wp-json\/wp\/v2\/posts\/672124\/revisions"}],"predecessor-version":[{"id":672125,"href":"https:\/\/bahiaeconomica.com.br\/wp\/wp-json\/wp\/v2\/posts\/672124\/revisions\/672125"}],"wp:featuredmedia":[{"embeddable":true,"href":"https:\/\/bahiaeconomica.com.br\/wp\/wp-json\/wp\/v2\/media\/543318"}],"wp:attachment":[{"href":"https:\/\/bahiaeconomica.com.br\/wp\/wp-json\/wp\/v2\/media?parent=672124"}],"wp:term":[{"taxonomy":"category","embeddable":true,"href":"https:\/\/bahiaeconomica.com.br\/wp\/wp-json\/wp\/v2\/categories?post=672124"},{"taxonomy":"post_tag","embeddable":true,"href":"https:\/\/bahiaeconomica.com.br\/wp\/wp-json\/wp\/v2\/tags?post=672124"}],"curies":[{"name":"wp","href":"https:\/\/api.w.org\/{rel}","templated":true}]}}