{"id":670649,"date":"2022-06-01T09:20:24","date_gmt":"2022-06-01T12:20:24","guid":{"rendered":"https:\/\/bahiaeconomica.com.br\/wp\/beta\/?p=670649"},"modified":"2022-06-01T09:20:24","modified_gmt":"2022-06-01T12:20:24","slug":"feira-camara-vai-abrir-cpi-da-comunicacao-social","status":"publish","type":"post","link":"https:\/\/bahiaeconomica.com.br\/wp\/2022\/06\/01\/feira-camara-vai-abrir-cpi-da-comunicacao-social\/","title":{"rendered":"FEIRA: C\u00c2MARA VAI ABRIR CPI DA COMUNICA\u00c7\u00c3O SOCIAL"},"content":{"rendered":"<p>A C\u00e2mara de Feira de Santana ir\u00e1 instaurar uma Comiss\u00e3o Parlamentar de Inqu\u00e9rito (CPI) para investigar gastos de R$ 12 milh\u00f5es da prefeitura do munic\u00edpio com campanhas publicit\u00e1rias. O vereador Paul\u00e3o do Caldeir\u00e3o (PSC) foi incumbido de recolher assinaturas dos demais vereadores para dar entrada ao processo na quarta-feira, 1\u00ba.<!--more--><\/p>\n<p>A solicita\u00e7\u00e3o da CPI ocorreu durante pronunciamento do presidente da Casa Legislativa, vereador Fernando Torres (PSD), em sess\u00e3o especial realizada nesta ter\u00e7a, 31. Conforme o \u00f3rg\u00e3o, as verbas utilizadas para comunica\u00e7\u00e3o social s\u00e3o provenientes de recursos destinados \u00e0 pastas do Munic\u00edpio.<\/p>\n<p>Nesta ter\u00e7a, foram ouvidos os secret\u00e1rios Edson Borges, de Comunica\u00e7\u00e3o, e Anaci Paim, de Educa\u00e7\u00e3o. Na ocasi\u00e3o, a secret\u00e1ria foi questionada por Fernando sobre o porqu\u00ea de os sal\u00e1rios dos professores serem pagos atualmente de forma parcelada, j\u00e1 que h\u00e1 dinheiro na conta da prefeitura por conta dos precat\u00f3rios do Fundo de Manuten\u00e7\u00e3o e Desenvolvimento do Ensino Fundamental e de Valoriza\u00e7\u00e3o do Magist\u00e9rio (Fundef).<\/p>\n<p>Segundo informa\u00e7\u00f5es da C\u00e2mara, a pergunta n\u00e3o foi respondida, no entanto, Anaci disse que o recurso do Fundo s\u00f3 pode ser aplicado em 70%, no m\u00ednimo, para pagar os profissionais.<\/p>\n<p>\u201cN\u00e3o se tira um centavo do Fundef para pagar outras despesas. O custeio \u00e9 outro recurso destinado e conta, inclusive, com a complementa\u00e7\u00e3o do munic\u00edpio. Isso \u00e9 ilegal e n\u00e3o ocorre\u201d, afirmou ela.<\/p>\n<p>Ela tamb\u00e9m disse que atualmente h\u00e1 recursos na prefeitura referentes ao Fundef aprovados em dezembro de 2020, sendo 70% destes para o pessoal da educa\u00e7\u00e3o e 30% para investimentos no ensino. \u201cJ\u00e1 fizemos a aplica\u00e7\u00e3o de mais de 80% do valor. Outra coisa: a licita\u00e7\u00e3o para sinaliza\u00e7\u00e3o de escolas com placas, que tem uma denomina\u00e7\u00e3o de custeio, n\u00e3o compromete valores destinados ao pagamento de pessoal. Pessoal \u00e9 uma fonte; custeio \u00e9 outra\u201d, apontou.<\/p>\n<p>Para demais respostas, a secret\u00e1ria informou que foi convocada atrav\u00e9s de outro requerimento para marcar presen\u00e7a em uma nova sess\u00e3o a ser realizada na C\u00e2mara, na pr\u00f3xima quinta-feira, 2, a partir das 10h30.<\/p>\n","protected":false},"excerpt":{"rendered":"<p>A C\u00e2mara de Feira de Santana ir\u00e1 instaurar uma Comiss\u00e3o Parlamentar de Inqu\u00e9rito (CPI) para investigar gastos de R$ 12 milh\u00f5es da prefeitura do munic\u00edpio com campanhas publicit\u00e1rias. O vereador Paul\u00e3o do Caldeir\u00e3o (PSC) foi incumbido de recolher assinaturas dos demais vereadores para dar entrada ao processo na quarta-feira, 1\u00ba.<\/p>\n","protected":false},"author":1,"featured_media":670650,"comment_status":"closed","ping_status":"closed","sticky":false,"template":"","format":"standard","meta":[],"categories":[5],"tags":[1061,1048,425],"acf":[],"yoast_head":"<!-- This site is optimized with the Yoast SEO plugin v20.8 - https:\/\/yoast.com\/wordpress\/plugins\/seo\/ -->\n<title>FEIRA: C\u00c2MARA VAI ABRIR CPI DA COMUNICA\u00c7\u00c3O SOCIAL - Bahia Economica<\/title>\n<meta name=\"description\" content=\"O maior portal de Economia da Bahia MUNIC\u00cdPIOS Bahia Economica\" \/>\n<meta name=\"robots\" content=\"index, follow, max-snippet:-1, max-image-preview:large, max-video-preview:-1\" \/>\n<link rel=\"canonical\" href=\"https:\/\/bahiaeconomica.com.br\/wp\/2022\/06\/01\/feira-camara-vai-abrir-cpi-da-comunicacao-social\/\" \/>\n<meta property=\"og:locale\" content=\"pt_BR\" \/>\n<meta property=\"og:type\" content=\"article\" \/>\n<meta property=\"og:title\" content=\"FEIRA: C\u00c2MARA VAI ABRIR CPI DA COMUNICA\u00c7\u00c3O SOCIAL - Bahia Economica\" \/>\n<meta property=\"og:description\" content=\"O maior portal de Economia da Bahia MUNIC\u00cdPIOS Bahia Economica\" \/>\n<meta property=\"og:url\" content=\"https:\/\/bahiaeconomica.com.br\/wp\/2022\/06\/01\/feira-camara-vai-abrir-cpi-da-comunicacao-social\/\" \/>\n<meta property=\"og:site_name\" content=\"Bahia Economica\" \/>\n<meta property=\"article:publisher\" content=\"https:\/\/www.facebook.com\/bahiaeconomica\" \/>\n<meta property=\"article:published_time\" content=\"2022-06-01T12:20:24+00:00\" \/>\n<meta property=\"og:image\" content=\"https:\/\/bahiaeconomica.com.br\/wp\/wp-content\/uploads\/2022\/06\/asaaas.png\" \/>\n\t<meta property=\"og:image:width\" content=\"973\" \/>\n\t<meta property=\"og:image:height\" content=\"662\" \/>\n\t<meta property=\"og:image:type\" content=\"image\/png\" \/>\n<meta name=\"author\" content=\"admin\" \/>\n<meta name=\"twitter:card\" content=\"summary_large_image\" \/>\n<meta name=\"twitter:label1\" content=\"Escrito por\" \/>\n\t<meta name=\"twitter:data1\" content=\"admin\" \/>\n\t<meta name=\"twitter:label2\" content=\"Est. tempo de leitura\" \/>\n\t<meta name=\"twitter:data2\" content=\"2 minutos\" \/>\n<script type=\"application\/ld+json\" class=\"yoast-schema-graph\">{\"@context\":\"https:\/\/schema.org\",\"@graph\":[{\"@type\":\"Article\",\"@id\":\"https:\/\/bahiaeconomica.com.br\/wp\/2022\/06\/01\/feira-camara-vai-abrir-cpi-da-comunicacao-social\/#article\",\"isPartOf\":{\"@id\":\"https:\/\/bahiaeconomica.com.br\/wp\/2022\/06\/01\/feira-camara-vai-abrir-cpi-da-comunicacao-social\/\"},\"author\":{\"name\":\"admin\",\"@id\":\"https:\/\/bahiaeconomica.com.br\/wp\/#\/schema\/person\/cb1ab5ba96ad3d9390805381c76284ec\"},\"headline\":\"FEIRA: C\u00c2MARA VAI ABRIR CPI DA COMUNICA\u00c7\u00c3O SOCIAL\",\"datePublished\":\"2022-06-01T12:20:24+00:00\",\"dateModified\":\"2022-06-01T12:20:24+00:00\",\"mainEntityOfPage\":{\"@id\":\"https:\/\/bahiaeconomica.com.br\/wp\/2022\/06\/01\/feira-camara-vai-abrir-cpi-da-comunicacao-social\/\"},\"wordCount\":367,\"publisher\":{\"@id\":\"https:\/\/bahiaeconomica.com.br\/wp\/#organization\"},\"keywords\":[\"C\u00e2mara\",\"cpi\",\"Feira de Santana\"],\"articleSection\":[\"MUNIC\u00cdPIOS\"],\"inLanguage\":\"pt-BR\"},{\"@type\":\"WebPage\",\"@id\":\"https:\/\/bahiaeconomica.com.br\/wp\/2022\/06\/01\/feira-camara-vai-abrir-cpi-da-comunicacao-social\/\",\"url\":\"https:\/\/bahiaeconomica.com.br\/wp\/2022\/06\/01\/feira-camara-vai-abrir-cpi-da-comunicacao-social\/\",\"name\":\"FEIRA: C\u00c2MARA VAI ABRIR CPI DA COMUNICA\u00c7\u00c3O SOCIAL - Bahia Economica\",\"isPartOf\":{\"@id\":\"https:\/\/bahiaeconomica.com.br\/wp\/#website\"},\"datePublished\":\"2022-06-01T12:20:24+00:00\",\"dateModified\":\"2022-06-01T12:20:24+00:00\",\"description\":\"O maior portal de Economia da Bahia MUNIC\u00cdPIOS Bahia Economica\",\"breadcrumb\":{\"@id\":\"https:\/\/bahiaeconomica.com.br\/wp\/2022\/06\/01\/feira-camara-vai-abrir-cpi-da-comunicacao-social\/#breadcrumb\"},\"inLanguage\":\"pt-BR\",\"potentialAction\":[{\"@type\":\"ReadAction\",\"target\":[\"https:\/\/bahiaeconomica.com.br\/wp\/2022\/06\/01\/feira-camara-vai-abrir-cpi-da-comunicacao-social\/\"]}]},{\"@type\":\"BreadcrumbList\",\"@id\":\"https:\/\/bahiaeconomica.com.br\/wp\/2022\/06\/01\/feira-camara-vai-abrir-cpi-da-comunicacao-social\/#breadcrumb\",\"itemListElement\":[{\"@type\":\"ListItem\",\"position\":1,\"name\":\"In\u00edcio\",\"item\":\"https:\/\/bahiaeconomica.com.br\/wp\/\"},{\"@type\":\"ListItem\",\"position\":2,\"name\":\"FEIRA: C\u00c2MARA VAI ABRIR CPI DA COMUNICA\u00c7\u00c3O SOCIAL\"}]},{\"@type\":\"WebSite\",\"@id\":\"https:\/\/bahiaeconomica.com.br\/wp\/#website\",\"url\":\"https:\/\/bahiaeconomica.com.br\/wp\/\",\"name\":\"Bahia Economica\",\"description\":\"O maior portal de Economia da Bahia\",\"publisher\":{\"@id\":\"https:\/\/bahiaeconomica.com.br\/wp\/#organization\"},\"potentialAction\":[{\"@type\":\"SearchAction\",\"target\":{\"@type\":\"EntryPoint\",\"urlTemplate\":\"https:\/\/bahiaeconomica.com.br\/wp\/?s={search_term_string}\"},\"query-input\":\"required name=search_term_string\"}],\"inLanguage\":\"pt-BR\"},{\"@type\":\"Organization\",\"@id\":\"https:\/\/bahiaeconomica.com.br\/wp\/#organization\",\"name\":\"Bahia Econ\u00f4mica\",\"url\":\"https:\/\/bahiaeconomica.com.br\/wp\/\",\"logo\":{\"@type\":\"ImageObject\",\"inLanguage\":\"pt-BR\",\"@id\":\"https:\/\/bahiaeconomica.com.br\/wp\/#\/schema\/logo\/image\/\",\"url\":\"https:\/\/bahiaeconomica.com.br\/wp\/wp-content\/uploads\/2020\/12\/cropped-BE.png\",\"contentUrl\":\"https:\/\/bahiaeconomica.com.br\/wp\/wp-content\/uploads\/2020\/12\/cropped-BE.png\",\"width\":512,\"height\":512,\"caption\":\"Bahia Econ\u00f4mica\"},\"image\":{\"@id\":\"https:\/\/bahiaeconomica.com.br\/wp\/#\/schema\/logo\/image\/\"},\"sameAs\":[\"https:\/\/www.facebook.com\/bahiaeconomica\"]},{\"@type\":\"Person\",\"@id\":\"https:\/\/bahiaeconomica.com.br\/wp\/#\/schema\/person\/cb1ab5ba96ad3d9390805381c76284ec\",\"name\":\"admin\",\"url\":\"https:\/\/bahiaeconomica.com.br\/wp\/author\/admin\/\"}]}<\/script>\n<!-- \/ Yoast SEO plugin. -->","yoast_head_json":{"title":"FEIRA: C\u00c2MARA VAI ABRIR CPI DA COMUNICA\u00c7\u00c3O SOCIAL - Bahia Economica","description":"O maior portal de Economia da Bahia MUNIC\u00cdPIOS Bahia Economica","robots":{"index":"index","follow":"follow","max-snippet":"max-snippet:-1","max-image-preview":"max-image-preview:large","max-video-preview":"max-video-preview:-1"},"canonical":"https:\/\/bahiaeconomica.com.br\/wp\/2022\/06\/01\/feira-camara-vai-abrir-cpi-da-comunicacao-social\/","og_locale":"pt_BR","og_type":"article","og_title":"FEIRA: C\u00c2MARA VAI ABRIR CPI DA COMUNICA\u00c7\u00c3O SOCIAL - Bahia Economica","og_description":"O maior portal de Economia da Bahia MUNIC\u00cdPIOS Bahia Economica","og_url":"https:\/\/bahiaeconomica.com.br\/wp\/2022\/06\/01\/feira-camara-vai-abrir-cpi-da-comunicacao-social\/","og_site_name":"Bahia Economica","article_publisher":"https:\/\/www.facebook.com\/bahiaeconomica","article_published_time":"2022-06-01T12:20:24+00:00","og_image":[{"width":973,"height":662,"url":"https:\/\/bahiaeconomica.com.br\/wp\/wp-content\/uploads\/2022\/06\/asaaas.png","type":"image\/png"}],"author":"admin","twitter_card":"summary_large_image","twitter_misc":{"Escrito por":"admin","Est. tempo de leitura":"2 minutos"},"schema":{"@context":"https:\/\/schema.org","@graph":[{"@type":"Article","@id":"https:\/\/bahiaeconomica.com.br\/wp\/2022\/06\/01\/feira-camara-vai-abrir-cpi-da-comunicacao-social\/#article","isPartOf":{"@id":"https:\/\/bahiaeconomica.com.br\/wp\/2022\/06\/01\/feira-camara-vai-abrir-cpi-da-comunicacao-social\/"},"author":{"name":"admin","@id":"https:\/\/bahiaeconomica.com.br\/wp\/#\/schema\/person\/cb1ab5ba96ad3d9390805381c76284ec"},"headline":"FEIRA: C\u00c2MARA VAI ABRIR CPI DA COMUNICA\u00c7\u00c3O SOCIAL","datePublished":"2022-06-01T12:20:24+00:00","dateModified":"2022-06-01T12:20:24+00:00","mainEntityOfPage":{"@id":"https:\/\/bahiaeconomica.com.br\/wp\/2022\/06\/01\/feira-camara-vai-abrir-cpi-da-comunicacao-social\/"},"wordCount":367,"publisher":{"@id":"https:\/\/bahiaeconomica.com.br\/wp\/#organization"},"keywords":["C\u00e2mara","cpi","Feira de Santana"],"articleSection":["MUNIC\u00cdPIOS"],"inLanguage":"pt-BR"},{"@type":"WebPage","@id":"https:\/\/bahiaeconomica.com.br\/wp\/2022\/06\/01\/feira-camara-vai-abrir-cpi-da-comunicacao-social\/","url":"https:\/\/bahiaeconomica.com.br\/wp\/2022\/06\/01\/feira-camara-vai-abrir-cpi-da-comunicacao-social\/","name":"FEIRA: C\u00c2MARA VAI ABRIR CPI DA COMUNICA\u00c7\u00c3O SOCIAL - Bahia Economica","isPartOf":{"@id":"https:\/\/bahiaeconomica.com.br\/wp\/#website"},"datePublished":"2022-06-01T12:20:24+00:00","dateModified":"2022-06-01T12:20:24+00:00","description":"O maior portal de Economia da Bahia MUNIC\u00cdPIOS Bahia Economica","breadcrumb":{"@id":"https:\/\/bahiaeconomica.com.br\/wp\/2022\/06\/01\/feira-camara-vai-abrir-cpi-da-comunicacao-social\/#breadcrumb"},"inLanguage":"pt-BR","potentialAction":[{"@type":"ReadAction","target":["https:\/\/bahiaeconomica.com.br\/wp\/2022\/06\/01\/feira-camara-vai-abrir-cpi-da-comunicacao-social\/"]}]},{"@type":"BreadcrumbList","@id":"https:\/\/bahiaeconomica.com.br\/wp\/2022\/06\/01\/feira-camara-vai-abrir-cpi-da-comunicacao-social\/#breadcrumb","itemListElement":[{"@type":"ListItem","position":1,"name":"In\u00edcio","item":"https:\/\/bahiaeconomica.com.br\/wp\/"},{"@type":"ListItem","position":2,"name":"FEIRA: C\u00c2MARA VAI ABRIR CPI DA COMUNICA\u00c7\u00c3O SOCIAL"}]},{"@type":"WebSite","@id":"https:\/\/bahiaeconomica.com.br\/wp\/#website","url":"https:\/\/bahiaeconomica.com.br\/wp\/","name":"Bahia Economica","description":"O maior portal de Economia da Bahia","publisher":{"@id":"https:\/\/bahiaeconomica.com.br\/wp\/#organization"},"potentialAction":[{"@type":"SearchAction","target":{"@type":"EntryPoint","urlTemplate":"https:\/\/bahiaeconomica.com.br\/wp\/?s={search_term_string}"},"query-input":"required name=search_term_string"}],"inLanguage":"pt-BR"},{"@type":"Organization","@id":"https:\/\/bahiaeconomica.com.br\/wp\/#organization","name":"Bahia Econ\u00f4mica","url":"https:\/\/bahiaeconomica.com.br\/wp\/","logo":{"@type":"ImageObject","inLanguage":"pt-BR","@id":"https:\/\/bahiaeconomica.com.br\/wp\/#\/schema\/logo\/image\/","url":"https:\/\/bahiaeconomica.com.br\/wp\/wp-content\/uploads\/2020\/12\/cropped-BE.png","contentUrl":"https:\/\/bahiaeconomica.com.br\/wp\/wp-content\/uploads\/2020\/12\/cropped-BE.png","width":512,"height":512,"caption":"Bahia Econ\u00f4mica"},"image":{"@id":"https:\/\/bahiaeconomica.com.br\/wp\/#\/schema\/logo\/image\/"},"sameAs":["https:\/\/www.facebook.com\/bahiaeconomica"]},{"@type":"Person","@id":"https:\/\/bahiaeconomica.com.br\/wp\/#\/schema\/person\/cb1ab5ba96ad3d9390805381c76284ec","name":"admin","url":"https:\/\/bahiaeconomica.com.br\/wp\/author\/admin\/"}]}},"views":3,"_links":{"self":[{"href":"https:\/\/bahiaeconomica.com.br\/wp\/wp-json\/wp\/v2\/posts\/670649"}],"collection":[{"href":"https:\/\/bahiaeconomica.com.br\/wp\/wp-json\/wp\/v2\/posts"}],"about":[{"href":"https:\/\/bahiaeconomica.com.br\/wp\/wp-json\/wp\/v2\/types\/post"}],"author":[{"embeddable":true,"href":"https:\/\/bahiaeconomica.com.br\/wp\/wp-json\/wp\/v2\/users\/1"}],"replies":[{"embeddable":true,"href":"https:\/\/bahiaeconomica.com.br\/wp\/wp-json\/wp\/v2\/comments?post=670649"}],"version-history":[{"count":1,"href":"https:\/\/bahiaeconomica.com.br\/wp\/wp-json\/wp\/v2\/posts\/670649\/revisions"}],"predecessor-version":[{"id":670651,"href":"https:\/\/bahiaeconomica.com.br\/wp\/wp-json\/wp\/v2\/posts\/670649\/revisions\/670651"}],"wp:featuredmedia":[{"embeddable":true,"href":"https:\/\/bahiaeconomica.com.br\/wp\/wp-json\/wp\/v2\/media\/670650"}],"wp:attachment":[{"href":"https:\/\/bahiaeconomica.com.br\/wp\/wp-json\/wp\/v2\/media?parent=670649"}],"wp:term":[{"taxonomy":"category","embeddable":true,"href":"https:\/\/bahiaeconomica.com.br\/wp\/wp-json\/wp\/v2\/categories?post=670649"},{"taxonomy":"post_tag","embeddable":true,"href":"https:\/\/bahiaeconomica.com.br\/wp\/wp-json\/wp\/v2\/tags?post=670649"}],"curies":[{"name":"wp","href":"https:\/\/api.w.org\/{rel}","templated":true}]}}